{"id":1249,"date":"2024-11-29T16:57:21","date_gmt":"2024-11-29T15:57:21","guid":{"rendered":"https:\/\/wp.kristdemokraterna.se\/gavleborg\/?p=1249"},"modified":"2024-11-29T16:57:21","modified_gmt":"2024-11-29T15:57:21","slug":"kristdemokraterna-prioriterar-trygg-och-saker-vard","status":"publish","type":"post","link":"https:\/\/wp.kristdemokraterna.se\/gavleborg\/kristdemokraterna-prioriterar-trygg-och-saker-vard\/","title":{"rendered":"Kristdemokraterna prioriterar trygg och s\u00e4ker v\u00e5rd"},"content":{"rendered":"<p>Kristdemokraterna anser att h\u00e4lso- och sjukv\u00e5rdens huvuduppgift \u00e4r att bota, lindra och tr\u00f6sta och att alla ska kunna k\u00e4nna trygghet och tillit till att v\u00e5rden kan m\u00f6ta behoven \u2013 var du \u00e4n bor. F\u00f6rebyggande arbete, v\u00e5rd p\u00e5 patientens villkor, kvalitet och patients\u00e4kerhet \u00e4r prioriterade omr\u00e5den f\u00f6r oss kristdemokrater. Kristdemokraterna i G\u00e4vleborg prioriterar i budget f\u00f6r 2025 omr\u00e5det \u201dtrygg och s\u00e4ker v\u00e5rd\u201d, tillsammans med v\u00e5ra samarbetspartier (SD, M, SVG). Det \u00e4r av st\u00f6rsta vikt att vi kan erbjuda en god v\u00e5rd f\u00f6r l\u00e4nets inv\u00e5nare.<\/p>\n<p>&nbsp;<\/p>\n<p>Vi kristdemokrater tycker att det \u00e4r absolut n\u00f6dv\u00e4ndigt att investera och rusta f\u00f6r framtiden. D\u00e4rf\u00f6r \u00e4r vi glada \u00f6ver att kunna presentera f\u00f6rb\u00e4ttringar f\u00f6r v\u00e5ra inv\u00e5nare i G\u00e4vleborg. N\u00e5gra av de satsningar vi g\u00f6r under n\u00e4sta \u00e5r kommer att g\u00e4lla h\u00e4lso- och sjukv\u00e5rden, till exempel:<\/p>\n<ul>\n<li>En kartl\u00e4ggning ska g\u00f6ras \u00f6ver kvinno- och f\u00f6rlossningssjukv\u00e5rden i syfte att st\u00e4rka den.<\/li>\n<li>Fortsatt satsning p\u00e5 klimakterieh\u00e4lsa.<\/li>\n<li>Mobila team inom psykiatrin ska inf\u00f6ras i hela l\u00e4net.<\/li>\n<li>Barn- och ungdomspsykiatrin ska minska tiden till behandling och diagnos.<\/li>\n<li>Prim\u00e4rv\u00e5rden g\u00f6rs om till ett bolag f\u00f6r att garantera trygg och s\u00e4ker v\u00e5rd.<\/li>\n<li>Antalet uteblivna bes\u00f6k i v\u00e5rden ska minska d\u00e5 de leder till \u00f6kade v\u00e5rdk\u00f6er och on\u00f6digt lidande. En handlingsplan ska g\u00f6ras f\u00f6r att f\u00f6rb\u00e4ttra-f\u00f6renkla kallelser och avbokningar.<\/li>\n<li>Rutiner f\u00f6r klimatv\u00e5rd ska \u00e4ndras f\u00f6r att erbjuda patienter med behov b\u00e4ttre rehabilitering.<\/li>\n<li>Fler ska f\u00e5 avsluta sitt liv p\u00e5 ett v\u00e4rdigt och tryggt s\u00e4tt. Patienter ska d\u00e4rf\u00f6r ges information om olika m\u00f6jligheter och en f\u00f6rstudie ska g\u00f6ras om hospice i G\u00e4vleborg.<\/li>\n<li>Dialog med l\u00e4nets kommuner ska inledas f\u00f6r en gemensam l\u00f6sning av mellanv\u00e5rdsplatser.<\/li>\n<li>SMS-livr\u00e4ddare ska s\u00e4ttas ig\u00e5ng i G\u00e4vleborg. Syftet \u00e4r att r\u00e4dda fler liv.<\/li>\n<\/ul>\n<p>Vi kristdemokrater arbetar f\u00f6r att v\u00e5rden ska s\u00e4tta m\u00e4nniskan i centrum, genom att utg\u00e5 fr\u00e5n dennes specifika behov. Vi prioriterar trygg och s\u00e4ker v\u00e5rd f\u00f6r G\u00e4vleborg.<\/p>\n<p>&nbsp;<\/p>\n<p>Jennie Forsblom (KD), Regionr\u00e5d<\/p>\n<p>Peter \u00c5kerstr\u00f6m (KD), ledamot Regionfullm\u00e4ktige<\/p>\n<p>Rosmari Holmgren (KD), ledamot Regionfullm\u00e4ktige<\/p>\n<p>Bertil Eriksson (KD), ledamot Regionfullm\u00e4ktige<\/p>\n<p>Andreas Sandsg\u00e5rd (KD), ledamot Regionfullm\u00e4ktige<\/p>\n","protected":false},"excerpt":{"rendered":"<p>Kristdemokraterna anser att h\u00e4lso- och sjukv\u00e5rdens huvuduppgift \u00e4r att bota, lindra och tr\u00f6sta och att alla ska kunna k\u00e4nna trygghet och tillit till att v\u00e5rden kan m\u00f6ta behoven \u2013 var du \u00e4n bor. F\u00f6rebyggande arbete, v\u00e5rd p\u00e5 patientens villkor, kvalitet och patients\u00e4kerhet \u00e4r prioriterade omr\u00e5den f\u00f6r oss kristdemokrater. Kristdemokraterna i G\u00e4vleborg prioriterar i budget f\u00f6r <a class=\"read-more-link\" href=\"https:\/\/wp.kristdemokraterna.se\/gavleborg\/kristdemokraterna-prioriterar-trygg-och-saker-vard\/\">L\u00e4s mer<\/a><\/p>\n","protected":false},"author":976,"featured_media":0,"comment_status":"closed","ping_status":"closed","sticky":false,"template":"","format":"standard","meta":{"_acf_changed":false,"footnotes":""},"categories":[30,21,31,25],"tags":[],"class_list":["post-1249","post","type-post","status-publish","format-standard","hentry","category-alla-nyheter","category-debattartiklar","category-inlagg","category-nyheter"],"acf":[],"yoast_head":"<!-- This site is optimized with the Yoast SEO plugin v27.5 - https:\/\/yoast.com\/product\/yoast-seo-wordpress\/ -->\n<title>Kristdemokraterna prioriterar trygg och s\u00e4ker v\u00e5rd - Kristdemokraterna G\u00e4vleborg<\/title>\n<meta name=\"robots\" content=\"index, follow, max-snippet:-1, max-image-preview:large, max-video-preview:-1\" \/>\n<link rel=\"canonical\" href=\"https:\/\/wp.kristdemokraterna.se\/gavleborg\/kristdemokraterna-prioriterar-trygg-och-saker-vard\/\" \/>\n<meta property=\"og:locale\" content=\"sv_SE\" \/>\n<meta property=\"og:type\" content=\"article\" \/>\n<meta property=\"og:title\" content=\"Kristdemokraterna prioriterar trygg och s\u00e4ker v\u00e5rd - Kristdemokraterna G\u00e4vleborg\" \/>\n<meta property=\"og:description\" content=\"Kristdemokraterna anser att h\u00e4lso- och sjukv\u00e5rdens huvuduppgift \u00e4r att bota, lindra och tr\u00f6sta och att alla ska kunna k\u00e4nna trygghet och tillit till att v\u00e5rden kan m\u00f6ta behoven \u2013 var du \u00e4n bor. F\u00f6rebyggande arbete, v\u00e5rd p\u00e5 patientens villkor, kvalitet och patients\u00e4kerhet \u00e4r prioriterade omr\u00e5den f\u00f6r oss kristdemokrater. Kristdemokraterna i G\u00e4vleborg prioriterar i budget f\u00f6r L\u00e4s mer\" \/>\n<meta property=\"og:url\" content=\"https:\/\/wp.kristdemokraterna.se\/gavleborg\/kristdemokraterna-prioriterar-trygg-och-saker-vard\/\" \/>\n<meta property=\"og:site_name\" content=\"Kristdemokraterna G\u00e4vleborg\" \/>\n<meta property=\"article:published_time\" content=\"2024-11-29T15:57:21+00:00\" \/>\n<meta name=\"author\" content=\"annelieostling\" \/>\n<meta name=\"twitter:card\" content=\"summary_large_image\" \/>\n<meta name=\"twitter:label1\" content=\"Skriven av\" \/>\n\t<meta name=\"twitter:data1\" content=\"annelieostling\" \/>\n\t<meta name=\"twitter:label2\" content=\"Ber\u00e4knad l\u00e4stid\" \/>\n\t<meta name=\"twitter:data2\" content=\"2 minuter\" \/>\n<script type=\"application\/ld+json\" class=\"yoast-schema-graph\">{\"@context\":\"https:\\\/\\\/schema.org\",\"@graph\":[{\"@type\":\"Article\",\"@id\":\"https:\\\/\\\/wp.kristdemokraterna.se\\\/gavleborg\\\/kristdemokraterna-prioriterar-trygg-och-saker-vard\\\/#article\",\"isPartOf\":{\"@id\":\"https:\\\/\\\/wp.kristdemokraterna.se\\\/gavleborg\\\/kristdemokraterna-prioriterar-trygg-och-saker-vard\\\/\"},\"author\":{\"name\":\"annelieostling\",\"@id\":\"https:\\\/\\\/wp.kristdemokraterna.se\\\/gavleborg\\\/#\\\/schema\\\/person\\\/bc74b1c510a5c9e1fa45a63a3709916d\"},\"headline\":\"Kristdemokraterna prioriterar trygg och s\u00e4ker v\u00e5rd\",\"datePublished\":\"2024-11-29T15:57:21+00:00\",\"mainEntityOfPage\":{\"@id\":\"https:\\\/\\\/wp.kristdemokraterna.se\\\/gavleborg\\\/kristdemokraterna-prioriterar-trygg-och-saker-vard\\\/\"},\"wordCount\":427,\"articleSection\":[\"Alla nyheter\",\"Debattartiklar\",\"Inl\u00e4gg\",\"Nyheter\"],\"inLanguage\":\"sv-SE\"},{\"@type\":\"WebPage\",\"@id\":\"https:\\\/\\\/wp.kristdemokraterna.se\\\/gavleborg\\\/kristdemokraterna-prioriterar-trygg-och-saker-vard\\\/\",\"url\":\"https:\\\/\\\/wp.kristdemokraterna.se\\\/gavleborg\\\/kristdemokraterna-prioriterar-trygg-och-saker-vard\\\/\",\"name\":\"Kristdemokraterna prioriterar trygg och s\u00e4ker v\u00e5rd - Kristdemokraterna G\u00e4vleborg\",\"isPartOf\":{\"@id\":\"https:\\\/\\\/wp.kristdemokraterna.se\\\/gavleborg\\\/#website\"},\"datePublished\":\"2024-11-29T15:57:21+00:00\",\"author\":{\"@id\":\"https:\\\/\\\/wp.kristdemokraterna.se\\\/gavleborg\\\/#\\\/schema\\\/person\\\/bc74b1c510a5c9e1fa45a63a3709916d\"},\"breadcrumb\":{\"@id\":\"https:\\\/\\\/wp.kristdemokraterna.se\\\/gavleborg\\\/kristdemokraterna-prioriterar-trygg-och-saker-vard\\\/#breadcrumb\"},\"inLanguage\":\"sv-SE\",\"potentialAction\":[{\"@type\":\"ReadAction\",\"target\":[\"https:\\\/\\\/wp.kristdemokraterna.se\\\/gavleborg\\\/kristdemokraterna-prioriterar-trygg-och-saker-vard\\\/\"]}]},{\"@type\":\"BreadcrumbList\",\"@id\":\"https:\\\/\\\/wp.kristdemokraterna.se\\\/gavleborg\\\/kristdemokraterna-prioriterar-trygg-och-saker-vard\\\/#breadcrumb\",\"itemListElement\":[{\"@type\":\"ListItem\",\"position\":1,\"name\":\"Hem\",\"item\":\"https:\\\/\\\/wp.kristdemokraterna.se\\\/gavleborg\\\/\"},{\"@type\":\"ListItem\",\"position\":2,\"name\":\"Kristdemokraterna prioriterar trygg och s\u00e4ker v\u00e5rd\"}]},{\"@type\":\"WebSite\",\"@id\":\"https:\\\/\\\/wp.kristdemokraterna.se\\\/gavleborg\\\/#website\",\"url\":\"https:\\\/\\\/wp.kristdemokraterna.se\\\/gavleborg\\\/\",\"name\":\"Kristdemokraterna G\u00e4vleborg\",\"description\":\"Ett tryggare G\u00e4vleborg\",\"inLanguage\":\"sv-SE\"},{\"@type\":\"Person\",\"@id\":\"https:\\\/\\\/wp.kristdemokraterna.se\\\/gavleborg\\\/#\\\/schema\\\/person\\\/bc74b1c510a5c9e1fa45a63a3709916d\",\"name\":\"annelieostling\",\"image\":{\"@type\":\"ImageObject\",\"inLanguage\":\"sv-SE\",\"@id\":\"https:\\\/\\\/secure.gravatar.com\\\/avatar\\\/99d5411ba55eda83f73dc1ab2453d7b92fbc36831c5d818512b42de21186be1d?s=96&d=mm&r=g\",\"url\":\"https:\\\/\\\/secure.gravatar.com\\\/avatar\\\/99d5411ba55eda83f73dc1ab2453d7b92fbc36831c5d818512b42de21186be1d?s=96&d=mm&r=g\",\"contentUrl\":\"https:\\\/\\\/secure.gravatar.com\\\/avatar\\\/99d5411ba55eda83f73dc1ab2453d7b92fbc36831c5d818512b42de21186be1d?s=96&d=mm&r=g\",\"caption\":\"annelieostling\"},\"url\":\"https:\\\/\\\/wp.kristdemokraterna.se\\\/gavleborg\\\/author\\\/annelieostling\\\/\"}]}<\/script>\n<!-- \/ Yoast SEO plugin. -->","yoast_head_json":{"title":"Kristdemokraterna prioriterar trygg och s\u00e4ker v\u00e5rd - Kristdemokraterna G\u00e4vleborg","robots":{"index":"index","follow":"follow","max-snippet":"max-snippet:-1","max-image-preview":"max-image-preview:large","max-video-preview":"max-video-preview:-1"},"canonical":"https:\/\/wp.kristdemokraterna.se\/gavleborg\/kristdemokraterna-prioriterar-trygg-och-saker-vard\/","og_locale":"sv_SE","og_type":"article","og_title":"Kristdemokraterna prioriterar trygg och s\u00e4ker v\u00e5rd - Kristdemokraterna G\u00e4vleborg","og_description":"Kristdemokraterna anser att h\u00e4lso- och sjukv\u00e5rdens huvuduppgift \u00e4r att bota, lindra och tr\u00f6sta och att alla ska kunna k\u00e4nna trygghet och tillit till att v\u00e5rden kan m\u00f6ta behoven \u2013 var du \u00e4n bor. F\u00f6rebyggande arbete, v\u00e5rd p\u00e5 patientens villkor, kvalitet och patients\u00e4kerhet \u00e4r prioriterade omr\u00e5den f\u00f6r oss kristdemokrater. Kristdemokraterna i G\u00e4vleborg prioriterar i budget f\u00f6r L\u00e4s mer","og_url":"https:\/\/wp.kristdemokraterna.se\/gavleborg\/kristdemokraterna-prioriterar-trygg-och-saker-vard\/","og_site_name":"Kristdemokraterna G\u00e4vleborg","article_published_time":"2024-11-29T15:57:21+00:00","author":"annelieostling","twitter_card":"summary_large_image","twitter_misc":{"Skriven av":"annelieostling","Ber\u00e4knad l\u00e4stid":"2 minuter"},"schema":{"@context":"https:\/\/schema.org","@graph":[{"@type":"Article","@id":"https:\/\/wp.kristdemokraterna.se\/gavleborg\/kristdemokraterna-prioriterar-trygg-och-saker-vard\/#article","isPartOf":{"@id":"https:\/\/wp.kristdemokraterna.se\/gavleborg\/kristdemokraterna-prioriterar-trygg-och-saker-vard\/"},"author":{"name":"annelieostling","@id":"https:\/\/wp.kristdemokraterna.se\/gavleborg\/#\/schema\/person\/bc74b1c510a5c9e1fa45a63a3709916d"},"headline":"Kristdemokraterna prioriterar trygg och s\u00e4ker v\u00e5rd","datePublished":"2024-11-29T15:57:21+00:00","mainEntityOfPage":{"@id":"https:\/\/wp.kristdemokraterna.se\/gavleborg\/kristdemokraterna-prioriterar-trygg-och-saker-vard\/"},"wordCount":427,"articleSection":["Alla nyheter","Debattartiklar","Inl\u00e4gg","Nyheter"],"inLanguage":"sv-SE"},{"@type":"WebPage","@id":"https:\/\/wp.kristdemokraterna.se\/gavleborg\/kristdemokraterna-prioriterar-trygg-och-saker-vard\/","url":"https:\/\/wp.kristdemokraterna.se\/gavleborg\/kristdemokraterna-prioriterar-trygg-och-saker-vard\/","name":"Kristdemokraterna prioriterar trygg och s\u00e4ker v\u00e5rd - Kristdemokraterna G\u00e4vleborg","isPartOf":{"@id":"https:\/\/wp.kristdemokraterna.se\/gavleborg\/#website"},"datePublished":"2024-11-29T15:57:21+00:00","author":{"@id":"https:\/\/wp.kristdemokraterna.se\/gavleborg\/#\/schema\/person\/bc74b1c510a5c9e1fa45a63a3709916d"},"breadcrumb":{"@id":"https:\/\/wp.kristdemokraterna.se\/gavleborg\/kristdemokraterna-prioriterar-trygg-och-saker-vard\/#breadcrumb"},"inLanguage":"sv-SE","potentialAction":[{"@type":"ReadAction","target":["https:\/\/wp.kristdemokraterna.se\/gavleborg\/kristdemokraterna-prioriterar-trygg-och-saker-vard\/"]}]},{"@type":"BreadcrumbList","@id":"https:\/\/wp.kristdemokraterna.se\/gavleborg\/kristdemokraterna-prioriterar-trygg-och-saker-vard\/#breadcrumb","itemListElement":[{"@type":"ListItem","position":1,"name":"Hem","item":"https:\/\/wp.kristdemokraterna.se\/gavleborg\/"},{"@type":"ListItem","position":2,"name":"Kristdemokraterna prioriterar trygg och s\u00e4ker v\u00e5rd"}]},{"@type":"WebSite","@id":"https:\/\/wp.kristdemokraterna.se\/gavleborg\/#website","url":"https:\/\/wp.kristdemokraterna.se\/gavleborg\/","name":"Kristdemokraterna G\u00e4vleborg","description":"Ett tryggare G\u00e4vleborg","inLanguage":"sv-SE"},{"@type":"Person","@id":"https:\/\/wp.kristdemokraterna.se\/gavleborg\/#\/schema\/person\/bc74b1c510a5c9e1fa45a63a3709916d","name":"annelieostling","image":{"@type":"ImageObject","inLanguage":"sv-SE","@id":"https:\/\/secure.gravatar.com\/avatar\/99d5411ba55eda83f73dc1ab2453d7b92fbc36831c5d818512b42de21186be1d?s=96&d=mm&r=g","url":"https:\/\/secure.gravatar.com\/avatar\/99d5411ba55eda83f73dc1ab2453d7b92fbc36831c5d818512b42de21186be1d?s=96&d=mm&r=g","contentUrl":"https:\/\/secure.gravatar.com\/avatar\/99d5411ba55eda83f73dc1ab2453d7b92fbc36831c5d818512b42de21186be1d?s=96&d=mm&r=g","caption":"annelieostling"},"url":"https:\/\/wp.kristdemokraterna.se\/gavleborg\/author\/annelieostling\/"}]}},"_links":{"self":[{"href":"https:\/\/wp.kristdemokraterna.se\/gavleborg\/wp-json\/wp\/v2\/posts\/1249","targetHints":{"allow":["GET"]}}],"collection":[{"href":"https:\/\/wp.kristdemokraterna.se\/gavleborg\/wp-json\/wp\/v2\/posts"}],"about":[{"href":"https:\/\/wp.kristdemokraterna.se\/gavleborg\/wp-json\/wp\/v2\/types\/post"}],"author":[{"embeddable":true,"href":"https:\/\/wp.kristdemokraterna.se\/gavleborg\/wp-json\/wp\/v2\/users\/976"}],"replies":[{"embeddable":true,"href":"https:\/\/wp.kristdemokraterna.se\/gavleborg\/wp-json\/wp\/v2\/comments?post=1249"}],"version-history":[{"count":1,"href":"https:\/\/wp.kristdemokraterna.se\/gavleborg\/wp-json\/wp\/v2\/posts\/1249\/revisions"}],"predecessor-version":[{"id":1250,"href":"https:\/\/wp.kristdemokraterna.se\/gavleborg\/wp-json\/wp\/v2\/posts\/1249\/revisions\/1250"}],"wp:attachment":[{"href":"https:\/\/wp.kristdemokraterna.se\/gavleborg\/wp-json\/wp\/v2\/media?parent=1249"}],"wp:term":[{"taxonomy":"category","embeddable":true,"href":"https:\/\/wp.kristdemokraterna.se\/gavleborg\/wp-json\/wp\/v2\/categories?post=1249"},{"taxonomy":"post_tag","embeddable":true,"href":"https:\/\/wp.kristdemokraterna.se\/gavleborg\/wp-json\/wp\/v2\/tags?post=1249"}],"curies":[{"name":"wp","href":"https:\/\/api.w.org\/{rel}","templated":true}]}}