{"id":1253,"date":"2024-12-18T15:51:44","date_gmt":"2024-12-18T14:51:44","guid":{"rendered":"https:\/\/wp.kristdemokraterna.se\/gavleborg\/?p=1253"},"modified":"2024-12-18T15:51:50","modified_gmt":"2024-12-18T14:51:50","slug":"for-en-varmare-samhallsgemenskap","status":"publish","type":"post","link":"https:\/\/wp.kristdemokraterna.se\/gavleborg\/for-en-varmare-samhallsgemenskap\/","title":{"rendered":"F\u00f6r en varmare samh\u00e4llsgemenskap"},"content":{"rendered":"<p>Vi kristdemokrater vill bygga ett samh\u00e4lle som h\u00e5ller ihop, ett lite varmare samh\u00e4lle\u00a0d\u00e4r vi bryr oss om varandra och visar medm\u00e4nsklighet. V\u00e5r politik bygger p\u00e5 v\u00e4rderingar som kommer fr\u00e5n kristendom och judendom, och vi s\u00e4tter m\u00e4nniskov\u00e4rdet och familjen h\u00f6gt. Den som \u00e4r gammal ska f\u00e5 hj\u00e4lp och den som \u00e4r sjuk ska f\u00e5 v\u00e5rd \u2013 ett samh\u00e4lle med trygghet och gemenskap.<\/p>\n<p>F\u00f6r att bygga ett samh\u00e4lle som h\u00e5ller ihop, beh\u00f6ver vi rusta med r\u00e4tt v\u00e4rderingar och r\u00e4tt investeringar. P\u00e5 riksniv\u00e5 satsar vi bland annat p\u00e5 att bryta den ofrivilliga ensamheten som har tagit ett starkt grepp om v\u00e5rt land. Kyrkor och andra ideella ges m\u00f6jlighet att ordna fler aktiviteter och m\u00f6tesplatser, och kommunerna f\u00e5r pengar till h\u00e4lsosamtal f\u00f6r \u00e4ldre. En annan satsning \u00e4r fritidskort till alla barn \u2013 f\u00f6r att ge unga en meningsfull och aktiv fritid, som bidrar till b\u00e4ttre h\u00e4lsa och v\u00e4lm\u00e5ende. F\u00f6r att g\u00f6ra livspusslet enklare f\u00f6r sm\u00e5barnsfamiljer ges f\u00f6r\u00e4ldrar m\u00f6jlighet att \u00f6verl\u00e5ta f\u00f6r\u00e4ldradagar till en n\u00e4ra anh\u00f6rig. Kristdemokraterna ser de sm\u00e5 gemenskaperna som viktiga; till exempel familjen, livskamraten, v\u00e4nner, grannar, f\u00f6retag, kyrkor och f\u00f6reningar. H\u00e4r skapas starka samh\u00e4llen.<\/p>\n<p>I v\u00e5rt arbete i Region G\u00e4vleborg satsar vi tillsammans med v\u00e5ra samarbetspartier (SD, M, SVG) p\u00e5 \u00f6kad trygghet, som p\u00e5verkar h\u00e4lsan positivt. Inom barnsjukv\u00e5rden startar vi ett f\u00f6rs\u00f6k med sjukhushund och idrottsr\u00f6relsen uppm\u00e4rksammas genom att vi inr\u00e4ttar idrottspris under 2025. V\u00e5rt fokus p\u00e5 psykiatrin forts\u00e4tter ocks\u00e5, med beslut om mobila team och ett arbete f\u00f6r att ge barn och unga snabbare behandling och diagnos.<\/p>\n<p>Kristdemokraterna v\u00e4rnar om alla m\u00e4nniskors liv, frihet och v\u00e4rdighet. Alla r\u00e4knas och omfattas av samh\u00e4llsgemenskapen. Vi kristdemokrater vill g\u00f6ra skillnad, f\u00f6r m\u00e4nniskor i v\u00e5r n\u00e4rhet, f\u00f6r inv\u00e5nare i G\u00e4vleborg, f\u00f6r v\u00e5rt hem Sverige och f\u00f6r v\u00e4rlden. Med hopp om en varmare samh\u00e4llsgemenskap, Kristdemokraterna Region G\u00e4vleborg \u00f6nskar er en God jul och ett gott nytt \u00e5r!<\/p>\n","protected":false},"excerpt":{"rendered":"<p>Vi kristdemokrater vill bygga ett samh\u00e4lle som h\u00e5ller ihop, ett lite varmare samh\u00e4lle\u00a0d\u00e4r vi bryr oss om varandra och visar medm\u00e4nsklighet. V\u00e5r politik bygger p\u00e5 v\u00e4rderingar som kommer fr\u00e5n kristendom och judendom, och vi s\u00e4tter m\u00e4nniskov\u00e4rdet och familjen h\u00f6gt. Den som \u00e4r gammal ska f\u00e5 hj\u00e4lp och den som \u00e4r sjuk ska f\u00e5 v\u00e5rd \u2013 <a class=\"read-more-link\" href=\"https:\/\/wp.kristdemokraterna.se\/gavleborg\/for-en-varmare-samhallsgemenskap\/\">L\u00e4s mer<\/a><\/p>\n","protected":false},"author":976,"featured_media":0,"comment_status":"closed","ping_status":"closed","sticky":false,"template":"","format":"standard","meta":{"_acf_changed":false,"footnotes":""},"categories":[30,21,31,25],"tags":[],"class_list":["post-1253","post","type-post","status-publish","format-standard","hentry","category-alla-nyheter","category-debattartiklar","category-inlagg","category-nyheter"],"acf":[],"yoast_head":"<!-- This site is optimized with the Yoast SEO plugin v27.5 - https:\/\/yoast.com\/product\/yoast-seo-wordpress\/ -->\n<title>F\u00f6r en varmare samh\u00e4llsgemenskap - Kristdemokraterna G\u00e4vleborg<\/title>\n<meta name=\"robots\" content=\"index, follow, max-snippet:-1, max-image-preview:large, max-video-preview:-1\" \/>\n<link rel=\"canonical\" href=\"https:\/\/wp.kristdemokraterna.se\/gavleborg\/for-en-varmare-samhallsgemenskap\/\" \/>\n<meta property=\"og:locale\" content=\"sv_SE\" \/>\n<meta property=\"og:type\" content=\"article\" \/>\n<meta property=\"og:title\" content=\"F\u00f6r en varmare samh\u00e4llsgemenskap - Kristdemokraterna G\u00e4vleborg\" \/>\n<meta property=\"og:description\" content=\"Vi kristdemokrater vill bygga ett samh\u00e4lle som h\u00e5ller ihop, ett lite varmare samh\u00e4lle\u00a0d\u00e4r vi bryr oss om varandra och visar medm\u00e4nsklighet. V\u00e5r politik bygger p\u00e5 v\u00e4rderingar som kommer fr\u00e5n kristendom och judendom, och vi s\u00e4tter m\u00e4nniskov\u00e4rdet och familjen h\u00f6gt. Den som \u00e4r gammal ska f\u00e5 hj\u00e4lp och den som \u00e4r sjuk ska f\u00e5 v\u00e5rd \u2013 L\u00e4s mer\" \/>\n<meta property=\"og:url\" content=\"https:\/\/wp.kristdemokraterna.se\/gavleborg\/for-en-varmare-samhallsgemenskap\/\" \/>\n<meta property=\"og:site_name\" content=\"Kristdemokraterna G\u00e4vleborg\" \/>\n<meta property=\"article:published_time\" content=\"2024-12-18T14:51:44+00:00\" \/>\n<meta property=\"article:modified_time\" content=\"2024-12-18T14:51:50+00:00\" \/>\n<meta name=\"author\" content=\"annelieostling\" \/>\n<meta name=\"twitter:card\" content=\"summary_large_image\" \/>\n<meta name=\"twitter:label1\" content=\"Skriven av\" \/>\n\t<meta name=\"twitter:data1\" content=\"annelieostling\" \/>\n\t<meta name=\"twitter:label2\" content=\"Ber\u00e4knad l\u00e4stid\" \/>\n\t<meta name=\"twitter:data2\" content=\"2 minuter\" \/>\n<script type=\"application\/ld+json\" class=\"yoast-schema-graph\">{\"@context\":\"https:\\\/\\\/schema.org\",\"@graph\":[{\"@type\":\"Article\",\"@id\":\"https:\\\/\\\/wp.kristdemokraterna.se\\\/gavleborg\\\/for-en-varmare-samhallsgemenskap\\\/#article\",\"isPartOf\":{\"@id\":\"https:\\\/\\\/wp.kristdemokraterna.se\\\/gavleborg\\\/for-en-varmare-samhallsgemenskap\\\/\"},\"author\":{\"name\":\"annelieostling\",\"@id\":\"https:\\\/\\\/wp.kristdemokraterna.se\\\/gavleborg\\\/#\\\/schema\\\/person\\\/bc74b1c510a5c9e1fa45a63a3709916d\"},\"headline\":\"F\u00f6r en varmare samh\u00e4llsgemenskap\",\"datePublished\":\"2024-12-18T14:51:44+00:00\",\"dateModified\":\"2024-12-18T14:51:50+00:00\",\"mainEntityOfPage\":{\"@id\":\"https:\\\/\\\/wp.kristdemokraterna.se\\\/gavleborg\\\/for-en-varmare-samhallsgemenskap\\\/\"},\"wordCount\":388,\"articleSection\":[\"Alla nyheter\",\"Debattartiklar\",\"Inl\u00e4gg\",\"Nyheter\"],\"inLanguage\":\"sv-SE\"},{\"@type\":\"WebPage\",\"@id\":\"https:\\\/\\\/wp.kristdemokraterna.se\\\/gavleborg\\\/for-en-varmare-samhallsgemenskap\\\/\",\"url\":\"https:\\\/\\\/wp.kristdemokraterna.se\\\/gavleborg\\\/for-en-varmare-samhallsgemenskap\\\/\",\"name\":\"F\u00f6r en varmare samh\u00e4llsgemenskap - Kristdemokraterna G\u00e4vleborg\",\"isPartOf\":{\"@id\":\"https:\\\/\\\/wp.kristdemokraterna.se\\\/gavleborg\\\/#website\"},\"datePublished\":\"2024-12-18T14:51:44+00:00\",\"dateModified\":\"2024-12-18T14:51:50+00:00\",\"author\":{\"@id\":\"https:\\\/\\\/wp.kristdemokraterna.se\\\/gavleborg\\\/#\\\/schema\\\/person\\\/bc74b1c510a5c9e1fa45a63a3709916d\"},\"breadcrumb\":{\"@id\":\"https:\\\/\\\/wp.kristdemokraterna.se\\\/gavleborg\\\/for-en-varmare-samhallsgemenskap\\\/#breadcrumb\"},\"inLanguage\":\"sv-SE\",\"potentialAction\":[{\"@type\":\"ReadAction\",\"target\":[\"https:\\\/\\\/wp.kristdemokraterna.se\\\/gavleborg\\\/for-en-varmare-samhallsgemenskap\\\/\"]}]},{\"@type\":\"BreadcrumbList\",\"@id\":\"https:\\\/\\\/wp.kristdemokraterna.se\\\/gavleborg\\\/for-en-varmare-samhallsgemenskap\\\/#breadcrumb\",\"itemListElement\":[{\"@type\":\"ListItem\",\"position\":1,\"name\":\"Hem\",\"item\":\"https:\\\/\\\/wp.kristdemokraterna.se\\\/gavleborg\\\/\"},{\"@type\":\"ListItem\",\"position\":2,\"name\":\"F\u00f6r en varmare samh\u00e4llsgemenskap\"}]},{\"@type\":\"WebSite\",\"@id\":\"https:\\\/\\\/wp.kristdemokraterna.se\\\/gavleborg\\\/#website\",\"url\":\"https:\\\/\\\/wp.kristdemokraterna.se\\\/gavleborg\\\/\",\"name\":\"Kristdemokraterna G\u00e4vleborg\",\"description\":\"Ett tryggare G\u00e4vleborg\",\"inLanguage\":\"sv-SE\"},{\"@type\":\"Person\",\"@id\":\"https:\\\/\\\/wp.kristdemokraterna.se\\\/gavleborg\\\/#\\\/schema\\\/person\\\/bc74b1c510a5c9e1fa45a63a3709916d\",\"name\":\"annelieostling\",\"image\":{\"@type\":\"ImageObject\",\"inLanguage\":\"sv-SE\",\"@id\":\"https:\\\/\\\/secure.gravatar.com\\\/avatar\\\/99d5411ba55eda83f73dc1ab2453d7b92fbc36831c5d818512b42de21186be1d?s=96&d=mm&r=g\",\"url\":\"https:\\\/\\\/secure.gravatar.com\\\/avatar\\\/99d5411ba55eda83f73dc1ab2453d7b92fbc36831c5d818512b42de21186be1d?s=96&d=mm&r=g\",\"contentUrl\":\"https:\\\/\\\/secure.gravatar.com\\\/avatar\\\/99d5411ba55eda83f73dc1ab2453d7b92fbc36831c5d818512b42de21186be1d?s=96&d=mm&r=g\",\"caption\":\"annelieostling\"},\"url\":\"https:\\\/\\\/wp.kristdemokraterna.se\\\/gavleborg\\\/author\\\/annelieostling\\\/\"}]}<\/script>\n<!-- \/ Yoast SEO plugin. -->","yoast_head_json":{"title":"F\u00f6r en varmare samh\u00e4llsgemenskap - Kristdemokraterna G\u00e4vleborg","robots":{"index":"index","follow":"follow","max-snippet":"max-snippet:-1","max-image-preview":"max-image-preview:large","max-video-preview":"max-video-preview:-1"},"canonical":"https:\/\/wp.kristdemokraterna.se\/gavleborg\/for-en-varmare-samhallsgemenskap\/","og_locale":"sv_SE","og_type":"article","og_title":"F\u00f6r en varmare samh\u00e4llsgemenskap - Kristdemokraterna G\u00e4vleborg","og_description":"Vi kristdemokrater vill bygga ett samh\u00e4lle som h\u00e5ller ihop, ett lite varmare samh\u00e4lle\u00a0d\u00e4r vi bryr oss om varandra och visar medm\u00e4nsklighet. V\u00e5r politik bygger p\u00e5 v\u00e4rderingar som kommer fr\u00e5n kristendom och judendom, och vi s\u00e4tter m\u00e4nniskov\u00e4rdet och familjen h\u00f6gt. Den som \u00e4r gammal ska f\u00e5 hj\u00e4lp och den som \u00e4r sjuk ska f\u00e5 v\u00e5rd \u2013 L\u00e4s mer","og_url":"https:\/\/wp.kristdemokraterna.se\/gavleborg\/for-en-varmare-samhallsgemenskap\/","og_site_name":"Kristdemokraterna G\u00e4vleborg","article_published_time":"2024-12-18T14:51:44+00:00","article_modified_time":"2024-12-18T14:51:50+00:00","author":"annelieostling","twitter_card":"summary_large_image","twitter_misc":{"Skriven av":"annelieostling","Ber\u00e4knad l\u00e4stid":"2 minuter"},"schema":{"@context":"https:\/\/schema.org","@graph":[{"@type":"Article","@id":"https:\/\/wp.kristdemokraterna.se\/gavleborg\/for-en-varmare-samhallsgemenskap\/#article","isPartOf":{"@id":"https:\/\/wp.kristdemokraterna.se\/gavleborg\/for-en-varmare-samhallsgemenskap\/"},"author":{"name":"annelieostling","@id":"https:\/\/wp.kristdemokraterna.se\/gavleborg\/#\/schema\/person\/bc74b1c510a5c9e1fa45a63a3709916d"},"headline":"F\u00f6r en varmare samh\u00e4llsgemenskap","datePublished":"2024-12-18T14:51:44+00:00","dateModified":"2024-12-18T14:51:50+00:00","mainEntityOfPage":{"@id":"https:\/\/wp.kristdemokraterna.se\/gavleborg\/for-en-varmare-samhallsgemenskap\/"},"wordCount":388,"articleSection":["Alla nyheter","Debattartiklar","Inl\u00e4gg","Nyheter"],"inLanguage":"sv-SE"},{"@type":"WebPage","@id":"https:\/\/wp.kristdemokraterna.se\/gavleborg\/for-en-varmare-samhallsgemenskap\/","url":"https:\/\/wp.kristdemokraterna.se\/gavleborg\/for-en-varmare-samhallsgemenskap\/","name":"F\u00f6r en varmare samh\u00e4llsgemenskap - Kristdemokraterna G\u00e4vleborg","isPartOf":{"@id":"https:\/\/wp.kristdemokraterna.se\/gavleborg\/#website"},"datePublished":"2024-12-18T14:51:44+00:00","dateModified":"2024-12-18T14:51:50+00:00","author":{"@id":"https:\/\/wp.kristdemokraterna.se\/gavleborg\/#\/schema\/person\/bc74b1c510a5c9e1fa45a63a3709916d"},"breadcrumb":{"@id":"https:\/\/wp.kristdemokraterna.se\/gavleborg\/for-en-varmare-samhallsgemenskap\/#breadcrumb"},"inLanguage":"sv-SE","potentialAction":[{"@type":"ReadAction","target":["https:\/\/wp.kristdemokraterna.se\/gavleborg\/for-en-varmare-samhallsgemenskap\/"]}]},{"@type":"BreadcrumbList","@id":"https:\/\/wp.kristdemokraterna.se\/gavleborg\/for-en-varmare-samhallsgemenskap\/#breadcrumb","itemListElement":[{"@type":"ListItem","position":1,"name":"Hem","item":"https:\/\/wp.kristdemokraterna.se\/gavleborg\/"},{"@type":"ListItem","position":2,"name":"F\u00f6r en varmare samh\u00e4llsgemenskap"}]},{"@type":"WebSite","@id":"https:\/\/wp.kristdemokraterna.se\/gavleborg\/#website","url":"https:\/\/wp.kristdemokraterna.se\/gavleborg\/","name":"Kristdemokraterna G\u00e4vleborg","description":"Ett tryggare G\u00e4vleborg","inLanguage":"sv-SE"},{"@type":"Person","@id":"https:\/\/wp.kristdemokraterna.se\/gavleborg\/#\/schema\/person\/bc74b1c510a5c9e1fa45a63a3709916d","name":"annelieostling","image":{"@type":"ImageObject","inLanguage":"sv-SE","@id":"https:\/\/secure.gravatar.com\/avatar\/99d5411ba55eda83f73dc1ab2453d7b92fbc36831c5d818512b42de21186be1d?s=96&d=mm&r=g","url":"https:\/\/secure.gravatar.com\/avatar\/99d5411ba55eda83f73dc1ab2453d7b92fbc36831c5d818512b42de21186be1d?s=96&d=mm&r=g","contentUrl":"https:\/\/secure.gravatar.com\/avatar\/99d5411ba55eda83f73dc1ab2453d7b92fbc36831c5d818512b42de21186be1d?s=96&d=mm&r=g","caption":"annelieostling"},"url":"https:\/\/wp.kristdemokraterna.se\/gavleborg\/author\/annelieostling\/"}]}},"_links":{"self":[{"href":"https:\/\/wp.kristdemokraterna.se\/gavleborg\/wp-json\/wp\/v2\/posts\/1253","targetHints":{"allow":["GET"]}}],"collection":[{"href":"https:\/\/wp.kristdemokraterna.se\/gavleborg\/wp-json\/wp\/v2\/posts"}],"about":[{"href":"https:\/\/wp.kristdemokraterna.se\/gavleborg\/wp-json\/wp\/v2\/types\/post"}],"author":[{"embeddable":true,"href":"https:\/\/wp.kristdemokraterna.se\/gavleborg\/wp-json\/wp\/v2\/users\/976"}],"replies":[{"embeddable":true,"href":"https:\/\/wp.kristdemokraterna.se\/gavleborg\/wp-json\/wp\/v2\/comments?post=1253"}],"version-history":[{"count":2,"href":"https:\/\/wp.kristdemokraterna.se\/gavleborg\/wp-json\/wp\/v2\/posts\/1253\/revisions"}],"predecessor-version":[{"id":1263,"href":"https:\/\/wp.kristdemokraterna.se\/gavleborg\/wp-json\/wp\/v2\/posts\/1253\/revisions\/1263"}],"wp:attachment":[{"href":"https:\/\/wp.kristdemokraterna.se\/gavleborg\/wp-json\/wp\/v2\/media?parent=1253"}],"wp:term":[{"taxonomy":"category","embeddable":true,"href":"https:\/\/wp.kristdemokraterna.se\/gavleborg\/wp-json\/wp\/v2\/categories?post=1253"},{"taxonomy":"post_tag","embeddable":true,"href":"https:\/\/wp.kristdemokraterna.se\/gavleborg\/wp-json\/wp\/v2\/tags?post=1253"}],"curies":[{"name":"wp","href":"https:\/\/api.w.org\/{rel}","templated":true}]}}