{"id":1257,"date":"2024-12-18T15:43:27","date_gmt":"2024-12-18T14:43:27","guid":{"rendered":"https:\/\/wp.kristdemokraterna.se\/gavleborg\/?p=1257"},"modified":"2024-12-18T15:43:27","modified_gmt":"2024-12-18T14:43:27","slug":"en-trygg-julhandel","status":"publish","type":"post","link":"https:\/\/wp.kristdemokraterna.se\/gavleborg\/en-trygg-julhandel\/","title":{"rendered":"En trygg julhandel"},"content":{"rendered":"<p>Julhandeln har tagit fart p\u00e5 riktigt och m\u00e5nga ger sig ut b\u00e5de i butiker och p\u00e5 internet f\u00f6r att k\u00f6pa julklappar. D\u00e5 \u00e4r det extra viktigt att du som kund har m\u00f6jlighet att \u00e5ngra dig om du inte skulle vara n\u00f6jd med ditt k\u00f6p \u2013 utan att beh\u00f6va bollas runt i telefonk\u00f6er under julledigheten.<\/p>\n<p>I en granskning fr\u00e5n Konsumentverket vittnar m\u00e5nga kunder om att de haft problem n\u00e4r de kontaktat f\u00f6retag. Det kan handla om kr\u00e5ngliga kontaktv\u00e4gar, f\u00f6retag som inte svarar inom rimlig tid, eller att det man kommit \u00f6verens om med kundtj\u00e4nsten sedan inte genomf\u00f6rs. M\u00e5nga vittnar ocks\u00e5 om fall d\u00e4r kundtj\u00e4nsten gl\u00f6mt att anteckna och f\u00f6lja upp vad som sagts \u00f6ver telefon, s\u00e5 att kunden f\u00e5r b\u00f6rja om fr\u00e5n b\u00f6rjan med sitt \u00e4rende.<\/p>\n<p>I vissa fall har det \u00e4ven st\u00e4llts krav p\u00e5 hur man s\u00e4ger upp tj\u00e4nsten \u2013 vilket g\u00f6r det alldeles f\u00f6r kr\u00e5ngligt. I praktiken ska det inte spela n\u00e5gon roll om man s\u00e4ger upp sitt avtal genom SMS, telefonsamtal eller mejl. Kunden ska sj\u00e4lv f\u00e5 v\u00e4lja genom vilken kanal man kommunicerar en upps\u00e4gning. Samtidigt har det gjorts en konsumentunders\u00f6kning d\u00e4r majoriteten av de som svarat uppger att de beh\u00f6vt g\u00f6ra en utgift till f\u00f6ljd av sitt problem med den vara eller tj\u00e4nst som de k\u00f6pt. S\u00e5 h\u00e4r ska det inte g\u00e5 till.<\/p>\n<p>D\u00e4rf\u00f6r beslutade nyligen Kristdemokraterna och regeringen att ge Konsumentverket i uppdrag att komma med f\u00f6rslag p\u00e5 hur det ska bli l\u00e4ttare att avsluta abonnemang och prenumerationer. M\u00e5let \u00e4r att det ska vara lika l\u00e4tt att s\u00e4ga upp som att ing\u00e5 ett avtal, och med tanke p\u00e5 de klagom\u00e5l som inkommit finns goda sk\u00e4l att tro att det inte \u00e4r s\u00e5 idag. Men det h\u00e4r bidrar \u00e4ven till en \u00f6kad tydlighet som st\u00e4rker b\u00e5de konsumenterna och f\u00f6retagen.<\/p>\n<p>Du ska inte beh\u00f6vs spendera ledigheten p\u00e5 att kr\u00e5ngla med kundtj\u00e4nster och nu arbetar vi f\u00f6r att ta bort flera hinder. Samtidigt har regeringen satsat p\u00e5 f\u00f6rb\u00e4ttrade m\u00f6jligheter f\u00f6r konsumenter att f\u00e5 sina tvister pr\u00f6vade, utvecklad kommunal konsumentv\u00e4gledning, och \u00e5tg\u00e4rder f\u00f6r att f\u00e5 bukt med telefonbedr\u00e4gerierna. Det st\u00e4rker tryggheten f\u00f6r alla som julhandlar, s\u00e4rskilt p\u00e5 internet och \u00f6ver telefon.<\/p>\n<p>Erik Slottner (KD), Civilminister med ansvar f\u00f6r konsumentfr\u00e5gor<\/p>\n<p>Lili Andr\u00e9 (KD), Riksdagsledamot G\u00e4vleborg<\/p>\n<p>Jan Myl\u00e9us (KD), Kommunalr\u00e5d KD G\u00e4vle<\/p>\n<p>Kicki Westerberg (KD), Ordf\u00f6rande KD Hofors<\/p>\n<p>Jeanette Fors\u00e9n (KD), Oppositionsr\u00e5d Sandviken<\/p>\n<p>R\u00e5sie Sigvardsson-Berbres (KD), Kommunpolitiker Bolln\u00e4s<\/p>\n<p>Peter \u00c5kerstr\u00f6m (KD), Oppositionsr\u00e5d Hudiksvall<\/p>\n<p>Andreas Kissner (KD), Ordf\u00f6rande KD Ovan\u00e5ker<\/p>\n","protected":false},"excerpt":{"rendered":"<p>Julhandeln har tagit fart p\u00e5 riktigt och m\u00e5nga ger sig ut b\u00e5de i butiker och p\u00e5 internet f\u00f6r att k\u00f6pa julklappar. D\u00e5 \u00e4r det extra viktigt att du som kund har m\u00f6jlighet att \u00e5ngra dig om du inte skulle vara n\u00f6jd med ditt k\u00f6p \u2013 utan att beh\u00f6va bollas runt i telefonk\u00f6er under julledigheten. I <a class=\"read-more-link\" href=\"https:\/\/wp.kristdemokraterna.se\/gavleborg\/en-trygg-julhandel\/\">L\u00e4s mer<\/a><\/p>\n","protected":false},"author":976,"featured_media":0,"comment_status":"closed","ping_status":"closed","sticky":false,"template":"","format":"standard","meta":{"_acf_changed":false,"footnotes":""},"categories":[30,21,31,25],"tags":[],"class_list":["post-1257","post","type-post","status-publish","format-standard","hentry","category-alla-nyheter","category-debattartiklar","category-inlagg","category-nyheter"],"acf":[],"yoast_head":"<!-- This site is optimized with the Yoast SEO plugin v27.5 - https:\/\/yoast.com\/product\/yoast-seo-wordpress\/ -->\n<title>En trygg julhandel - Kristdemokraterna G\u00e4vleborg<\/title>\n<meta name=\"robots\" content=\"index, follow, max-snippet:-1, max-image-preview:large, max-video-preview:-1\" \/>\n<link rel=\"canonical\" href=\"https:\/\/wp.kristdemokraterna.se\/gavleborg\/en-trygg-julhandel\/\" \/>\n<meta property=\"og:locale\" content=\"sv_SE\" \/>\n<meta property=\"og:type\" content=\"article\" \/>\n<meta property=\"og:title\" content=\"En trygg julhandel - Kristdemokraterna G\u00e4vleborg\" \/>\n<meta property=\"og:description\" content=\"Julhandeln har tagit fart p\u00e5 riktigt och m\u00e5nga ger sig ut b\u00e5de i butiker och p\u00e5 internet f\u00f6r att k\u00f6pa julklappar. D\u00e5 \u00e4r det extra viktigt att du som kund har m\u00f6jlighet att \u00e5ngra dig om du inte skulle vara n\u00f6jd med ditt k\u00f6p \u2013 utan att beh\u00f6va bollas runt i telefonk\u00f6er under julledigheten. I L\u00e4s mer\" \/>\n<meta property=\"og:url\" content=\"https:\/\/wp.kristdemokraterna.se\/gavleborg\/en-trygg-julhandel\/\" \/>\n<meta property=\"og:site_name\" content=\"Kristdemokraterna G\u00e4vleborg\" \/>\n<meta property=\"article:published_time\" content=\"2024-12-18T14:43:27+00:00\" \/>\n<meta name=\"author\" content=\"annelieostling\" \/>\n<meta name=\"twitter:card\" content=\"summary_large_image\" \/>\n<meta name=\"twitter:label1\" content=\"Skriven av\" \/>\n\t<meta name=\"twitter:data1\" content=\"annelieostling\" \/>\n\t<meta name=\"twitter:label2\" content=\"Ber\u00e4knad l\u00e4stid\" \/>\n\t<meta name=\"twitter:data2\" content=\"2 minuter\" \/>\n<script type=\"application\/ld+json\" class=\"yoast-schema-graph\">{\"@context\":\"https:\\\/\\\/schema.org\",\"@graph\":[{\"@type\":\"Article\",\"@id\":\"https:\\\/\\\/wp.kristdemokraterna.se\\\/gavleborg\\\/en-trygg-julhandel\\\/#article\",\"isPartOf\":{\"@id\":\"https:\\\/\\\/wp.kristdemokraterna.se\\\/gavleborg\\\/en-trygg-julhandel\\\/\"},\"author\":{\"name\":\"annelieostling\",\"@id\":\"https:\\\/\\\/wp.kristdemokraterna.se\\\/gavleborg\\\/#\\\/schema\\\/person\\\/bc74b1c510a5c9e1fa45a63a3709916d\"},\"headline\":\"En trygg julhandel\",\"datePublished\":\"2024-12-18T14:43:27+00:00\",\"mainEntityOfPage\":{\"@id\":\"https:\\\/\\\/wp.kristdemokraterna.se\\\/gavleborg\\\/en-trygg-julhandel\\\/\"},\"wordCount\":488,\"articleSection\":[\"Alla nyheter\",\"Debattartiklar\",\"Inl\u00e4gg\",\"Nyheter\"],\"inLanguage\":\"sv-SE\"},{\"@type\":\"WebPage\",\"@id\":\"https:\\\/\\\/wp.kristdemokraterna.se\\\/gavleborg\\\/en-trygg-julhandel\\\/\",\"url\":\"https:\\\/\\\/wp.kristdemokraterna.se\\\/gavleborg\\\/en-trygg-julhandel\\\/\",\"name\":\"En trygg julhandel - Kristdemokraterna G\u00e4vleborg\",\"isPartOf\":{\"@id\":\"https:\\\/\\\/wp.kristdemokraterna.se\\\/gavleborg\\\/#website\"},\"datePublished\":\"2024-12-18T14:43:27+00:00\",\"author\":{\"@id\":\"https:\\\/\\\/wp.kristdemokraterna.se\\\/gavleborg\\\/#\\\/schema\\\/person\\\/bc74b1c510a5c9e1fa45a63a3709916d\"},\"breadcrumb\":{\"@id\":\"https:\\\/\\\/wp.kristdemokraterna.se\\\/gavleborg\\\/en-trygg-julhandel\\\/#breadcrumb\"},\"inLanguage\":\"sv-SE\",\"potentialAction\":[{\"@type\":\"ReadAction\",\"target\":[\"https:\\\/\\\/wp.kristdemokraterna.se\\\/gavleborg\\\/en-trygg-julhandel\\\/\"]}]},{\"@type\":\"BreadcrumbList\",\"@id\":\"https:\\\/\\\/wp.kristdemokraterna.se\\\/gavleborg\\\/en-trygg-julhandel\\\/#breadcrumb\",\"itemListElement\":[{\"@type\":\"ListItem\",\"position\":1,\"name\":\"Hem\",\"item\":\"https:\\\/\\\/wp.kristdemokraterna.se\\\/gavleborg\\\/\"},{\"@type\":\"ListItem\",\"position\":2,\"name\":\"En trygg julhandel\"}]},{\"@type\":\"WebSite\",\"@id\":\"https:\\\/\\\/wp.kristdemokraterna.se\\\/gavleborg\\\/#website\",\"url\":\"https:\\\/\\\/wp.kristdemokraterna.se\\\/gavleborg\\\/\",\"name\":\"Kristdemokraterna G\u00e4vleborg\",\"description\":\"Ett tryggare G\u00e4vleborg\",\"inLanguage\":\"sv-SE\"},{\"@type\":\"Person\",\"@id\":\"https:\\\/\\\/wp.kristdemokraterna.se\\\/gavleborg\\\/#\\\/schema\\\/person\\\/bc74b1c510a5c9e1fa45a63a3709916d\",\"name\":\"annelieostling\",\"image\":{\"@type\":\"ImageObject\",\"inLanguage\":\"sv-SE\",\"@id\":\"https:\\\/\\\/secure.gravatar.com\\\/avatar\\\/99d5411ba55eda83f73dc1ab2453d7b92fbc36831c5d818512b42de21186be1d?s=96&d=mm&r=g\",\"url\":\"https:\\\/\\\/secure.gravatar.com\\\/avatar\\\/99d5411ba55eda83f73dc1ab2453d7b92fbc36831c5d818512b42de21186be1d?s=96&d=mm&r=g\",\"contentUrl\":\"https:\\\/\\\/secure.gravatar.com\\\/avatar\\\/99d5411ba55eda83f73dc1ab2453d7b92fbc36831c5d818512b42de21186be1d?s=96&d=mm&r=g\",\"caption\":\"annelieostling\"},\"url\":\"https:\\\/\\\/wp.kristdemokraterna.se\\\/gavleborg\\\/author\\\/annelieostling\\\/\"}]}<\/script>\n<!-- \/ Yoast SEO plugin. -->","yoast_head_json":{"title":"En trygg julhandel - Kristdemokraterna G\u00e4vleborg","robots":{"index":"index","follow":"follow","max-snippet":"max-snippet:-1","max-image-preview":"max-image-preview:large","max-video-preview":"max-video-preview:-1"},"canonical":"https:\/\/wp.kristdemokraterna.se\/gavleborg\/en-trygg-julhandel\/","og_locale":"sv_SE","og_type":"article","og_title":"En trygg julhandel - Kristdemokraterna G\u00e4vleborg","og_description":"Julhandeln har tagit fart p\u00e5 riktigt och m\u00e5nga ger sig ut b\u00e5de i butiker och p\u00e5 internet f\u00f6r att k\u00f6pa julklappar. D\u00e5 \u00e4r det extra viktigt att du som kund har m\u00f6jlighet att \u00e5ngra dig om du inte skulle vara n\u00f6jd med ditt k\u00f6p \u2013 utan att beh\u00f6va bollas runt i telefonk\u00f6er under julledigheten. I L\u00e4s mer","og_url":"https:\/\/wp.kristdemokraterna.se\/gavleborg\/en-trygg-julhandel\/","og_site_name":"Kristdemokraterna G\u00e4vleborg","article_published_time":"2024-12-18T14:43:27+00:00","author":"annelieostling","twitter_card":"summary_large_image","twitter_misc":{"Skriven av":"annelieostling","Ber\u00e4knad l\u00e4stid":"2 minuter"},"schema":{"@context":"https:\/\/schema.org","@graph":[{"@type":"Article","@id":"https:\/\/wp.kristdemokraterna.se\/gavleborg\/en-trygg-julhandel\/#article","isPartOf":{"@id":"https:\/\/wp.kristdemokraterna.se\/gavleborg\/en-trygg-julhandel\/"},"author":{"name":"annelieostling","@id":"https:\/\/wp.kristdemokraterna.se\/gavleborg\/#\/schema\/person\/bc74b1c510a5c9e1fa45a63a3709916d"},"headline":"En trygg julhandel","datePublished":"2024-12-18T14:43:27+00:00","mainEntityOfPage":{"@id":"https:\/\/wp.kristdemokraterna.se\/gavleborg\/en-trygg-julhandel\/"},"wordCount":488,"articleSection":["Alla nyheter","Debattartiklar","Inl\u00e4gg","Nyheter"],"inLanguage":"sv-SE"},{"@type":"WebPage","@id":"https:\/\/wp.kristdemokraterna.se\/gavleborg\/en-trygg-julhandel\/","url":"https:\/\/wp.kristdemokraterna.se\/gavleborg\/en-trygg-julhandel\/","name":"En trygg julhandel - Kristdemokraterna G\u00e4vleborg","isPartOf":{"@id":"https:\/\/wp.kristdemokraterna.se\/gavleborg\/#website"},"datePublished":"2024-12-18T14:43:27+00:00","author":{"@id":"https:\/\/wp.kristdemokraterna.se\/gavleborg\/#\/schema\/person\/bc74b1c510a5c9e1fa45a63a3709916d"},"breadcrumb":{"@id":"https:\/\/wp.kristdemokraterna.se\/gavleborg\/en-trygg-julhandel\/#breadcrumb"},"inLanguage":"sv-SE","potentialAction":[{"@type":"ReadAction","target":["https:\/\/wp.kristdemokraterna.se\/gavleborg\/en-trygg-julhandel\/"]}]},{"@type":"BreadcrumbList","@id":"https:\/\/wp.kristdemokraterna.se\/gavleborg\/en-trygg-julhandel\/#breadcrumb","itemListElement":[{"@type":"ListItem","position":1,"name":"Hem","item":"https:\/\/wp.kristdemokraterna.se\/gavleborg\/"},{"@type":"ListItem","position":2,"name":"En trygg julhandel"}]},{"@type":"WebSite","@id":"https:\/\/wp.kristdemokraterna.se\/gavleborg\/#website","url":"https:\/\/wp.kristdemokraterna.se\/gavleborg\/","name":"Kristdemokraterna G\u00e4vleborg","description":"Ett tryggare G\u00e4vleborg","inLanguage":"sv-SE"},{"@type":"Person","@id":"https:\/\/wp.kristdemokraterna.se\/gavleborg\/#\/schema\/person\/bc74b1c510a5c9e1fa45a63a3709916d","name":"annelieostling","image":{"@type":"ImageObject","inLanguage":"sv-SE","@id":"https:\/\/secure.gravatar.com\/avatar\/99d5411ba55eda83f73dc1ab2453d7b92fbc36831c5d818512b42de21186be1d?s=96&d=mm&r=g","url":"https:\/\/secure.gravatar.com\/avatar\/99d5411ba55eda83f73dc1ab2453d7b92fbc36831c5d818512b42de21186be1d?s=96&d=mm&r=g","contentUrl":"https:\/\/secure.gravatar.com\/avatar\/99d5411ba55eda83f73dc1ab2453d7b92fbc36831c5d818512b42de21186be1d?s=96&d=mm&r=g","caption":"annelieostling"},"url":"https:\/\/wp.kristdemokraterna.se\/gavleborg\/author\/annelieostling\/"}]}},"_links":{"self":[{"href":"https:\/\/wp.kristdemokraterna.se\/gavleborg\/wp-json\/wp\/v2\/posts\/1257","targetHints":{"allow":["GET"]}}],"collection":[{"href":"https:\/\/wp.kristdemokraterna.se\/gavleborg\/wp-json\/wp\/v2\/posts"}],"about":[{"href":"https:\/\/wp.kristdemokraterna.se\/gavleborg\/wp-json\/wp\/v2\/types\/post"}],"author":[{"embeddable":true,"href":"https:\/\/wp.kristdemokraterna.se\/gavleborg\/wp-json\/wp\/v2\/users\/976"}],"replies":[{"embeddable":true,"href":"https:\/\/wp.kristdemokraterna.se\/gavleborg\/wp-json\/wp\/v2\/comments?post=1257"}],"version-history":[{"count":1,"href":"https:\/\/wp.kristdemokraterna.se\/gavleborg\/wp-json\/wp\/v2\/posts\/1257\/revisions"}],"predecessor-version":[{"id":1260,"href":"https:\/\/wp.kristdemokraterna.se\/gavleborg\/wp-json\/wp\/v2\/posts\/1257\/revisions\/1260"}],"wp:attachment":[{"href":"https:\/\/wp.kristdemokraterna.se\/gavleborg\/wp-json\/wp\/v2\/media?parent=1257"}],"wp:term":[{"taxonomy":"category","embeddable":true,"href":"https:\/\/wp.kristdemokraterna.se\/gavleborg\/wp-json\/wp\/v2\/categories?post=1257"},{"taxonomy":"post_tag","embeddable":true,"href":"https:\/\/wp.kristdemokraterna.se\/gavleborg\/wp-json\/wp\/v2\/tags?post=1257"}],"curies":[{"name":"wp","href":"https:\/\/api.w.org\/{rel}","templated":true}]}}