{"id":1313,"date":"2025-05-15T14:31:04","date_gmt":"2025-05-15T12:31:04","guid":{"rendered":"https:\/\/wp.kristdemokraterna.se\/gavleborg\/?p=1313"},"modified":"2025-05-15T14:31:18","modified_gmt":"2025-05-15T12:31:18","slug":"psykisk-halsa-kraver-mer-an-ord-det-kraver-handling","status":"publish","type":"post","link":"https:\/\/wp.kristdemokraterna.se\/gavleborg\/psykisk-halsa-kraver-mer-an-ord-det-kraver-handling\/","title":{"rendered":"Psykisk h\u00e4lsa kr\u00e4ver mer \u00e4n ord \u2013 det kr\u00e4ver handling"},"content":{"rendered":"<p>Psykisk oh\u00e4lsa \u00e4r v\u00e5r tids kanske st\u00f6rsta h\u00e4lsoutmaning. H\u00e4lften av alla sjukskrivningar beror p\u00e5 psykisk oh\u00e4lsa och allt fler svenskar har tappat hoppet. S\u00e4rskilt unga k\u00e4nner sig vilsna, nedst\u00e4mda och utan framtidstro. Allt fler upplever \u00e4ven psykiska besv\u00e4r som \u00e5ngest, stress och s\u00f6mnsv\u00e5righeter. Fler diagnostiseras med psykiatriska symptom och f\u00e5r antidepressiva l\u00e4kemedel.<\/p>\n<p>Denna utveckling \u00e4r djupt oroande och m\u00e5ste tas p\u00e5 allvar. F\u00f6r oss kristdemokrater \u00e4r det ett kall att agera. Sverige \u00e4r v\u00e5rt hem, och ingen ska beh\u00f6va k\u00e4nna sig \u00f6vergiven i sitt eget hem. Vi beh\u00f6ver ett varmare samh\u00e4lle med \u00f6kad gemenskap, d\u00e4r varje m\u00e4nniska r\u00e4knas. D\u00e4rf\u00f6r ser vi regeringens ut\u00f6kade satsning p\u00e5 550 miljoner kronor f\u00f6r att st\u00e4rka psykiatrin som livsviktig. F\u00f6r G\u00e4vleborg inneb\u00e4r detta 13 miljoner extra i statsbidrag. Det handlar om att patienter ska ges hj\u00e4lp i tid, bland annat genom att:<\/p>\n<ul>\n<li>underl\u00e4tta \u00f6verg\u00e5ngen fr\u00e5n barn- till vuxenpsykiatri<\/li>\n<li>korta k\u00f6erna till BUP<\/li>\n<li>ge en b\u00e4ttre v\u00e5rd vid \u00e4tst\u00f6rningar<\/li>\n<li>erbjuda fler sj\u00e4lvvald inl\u00e4ggning<\/li>\n<\/ul>\n<p>I Region G\u00e4vleborg har vi tagit flera steg f\u00f6r att f\u00f6rb\u00e4ttra den psykiatriska v\u00e5rden. Ett exempel \u00e4r de mobila teamen f\u00f6r vuxenpsykiatrin, vilka har mottagits positivt av b\u00e5de patienter och anh\u00f6riga. Dessa syftar till att minska akuta bes\u00f6k, inl\u00e4ggningar och \u00e5terinl\u00e4ggningar samt \u00f6kar tryggheten f\u00f6r patienten vid v\u00e5rdens \u00f6verg\u00e5ngar.<\/p>\n<p>Politik handlar inte om pengar, det handlar om att se hela m\u00e4nniskan. Familjens roll, tillh\u00f6righet och existentiell trygghet f\u00e5r aldrig underskattas. Vi kristdemokrater tror p\u00e5 framtiden \u2013 men vi vet att framtidstro f\u00f6ds i ett samh\u00e4lle d\u00e4r m\u00e4nniskor f\u00e5r v\u00e4xa i trygghet. D\u00e4r sjukv\u00e5rden m\u00f6ter m\u00e4nniskor med respekt och d\u00e4r ingen l\u00e4mnas ensam med sin sm\u00e4rta. F\u00f6r att Sverige ska bli starkt igen m\u00e5ste vi bygga fr\u00e5n grunden \u2013 genom gemenskap, v\u00e4rme och ansvar. Bara d\u00e5 kan vi s\u00e4ga: Sverige \u2013 v\u00e5rt hem.<\/p>\n<p>Lili Andr\u00e9 (KD), Riksdagsledamot<\/p>\n<p>Jennie Forsblom (KD), Regionr\u00e5d<\/p>\n","protected":false},"excerpt":{"rendered":"<p>Psykisk oh\u00e4lsa \u00e4r v\u00e5r tids kanske st\u00f6rsta h\u00e4lsoutmaning. H\u00e4lften av alla sjukskrivningar beror p\u00e5 psykisk oh\u00e4lsa och allt fler svenskar har tappat hoppet. S\u00e4rskilt unga k\u00e4nner sig vilsna, nedst\u00e4mda och utan framtidstro. Allt fler upplever \u00e4ven psykiska besv\u00e4r som \u00e5ngest, stress och s\u00f6mnsv\u00e5righeter. Fler diagnostiseras med psykiatriska symptom och f\u00e5r antidepressiva l\u00e4kemedel. Denna utveckling \u00e4r <a class=\"read-more-link\" href=\"https:\/\/wp.kristdemokraterna.se\/gavleborg\/psykisk-halsa-kraver-mer-an-ord-det-kraver-handling\/\">L\u00e4s mer<\/a><\/p>\n","protected":false},"author":976,"featured_media":0,"comment_status":"closed","ping_status":"closed","sticky":false,"template":"","format":"standard","meta":{"_acf_changed":false,"footnotes":""},"categories":[30,21,31,25],"tags":[],"class_list":["post-1313","post","type-post","status-publish","format-standard","hentry","category-alla-nyheter","category-debattartiklar","category-inlagg","category-nyheter"],"acf":[],"yoast_head":"<!-- This site is optimized with the Yoast SEO plugin v27.4 - https:\/\/yoast.com\/product\/yoast-seo-wordpress\/ -->\n<title>Psykisk h\u00e4lsa kr\u00e4ver mer \u00e4n ord \u2013 det kr\u00e4ver handling - Kristdemokraterna G\u00e4vleborg<\/title>\n<meta name=\"robots\" content=\"index, follow, max-snippet:-1, max-image-preview:large, max-video-preview:-1\" \/>\n<link rel=\"canonical\" href=\"https:\/\/wp.kristdemokraterna.se\/gavleborg\/psykisk-halsa-kraver-mer-an-ord-det-kraver-handling\/\" \/>\n<meta property=\"og:locale\" content=\"sv_SE\" \/>\n<meta property=\"og:type\" content=\"article\" \/>\n<meta property=\"og:title\" content=\"Psykisk h\u00e4lsa kr\u00e4ver mer \u00e4n ord \u2013 det kr\u00e4ver handling - Kristdemokraterna G\u00e4vleborg\" \/>\n<meta property=\"og:description\" content=\"Psykisk oh\u00e4lsa \u00e4r v\u00e5r tids kanske st\u00f6rsta h\u00e4lsoutmaning. H\u00e4lften av alla sjukskrivningar beror p\u00e5 psykisk oh\u00e4lsa och allt fler svenskar har tappat hoppet. S\u00e4rskilt unga k\u00e4nner sig vilsna, nedst\u00e4mda och utan framtidstro. Allt fler upplever \u00e4ven psykiska besv\u00e4r som \u00e5ngest, stress och s\u00f6mnsv\u00e5righeter. Fler diagnostiseras med psykiatriska symptom och f\u00e5r antidepressiva l\u00e4kemedel. Denna utveckling \u00e4r L\u00e4s mer\" \/>\n<meta property=\"og:url\" content=\"https:\/\/wp.kristdemokraterna.se\/gavleborg\/psykisk-halsa-kraver-mer-an-ord-det-kraver-handling\/\" \/>\n<meta property=\"og:site_name\" content=\"Kristdemokraterna G\u00e4vleborg\" \/>\n<meta property=\"article:published_time\" content=\"2025-05-15T12:31:04+00:00\" \/>\n<meta property=\"article:modified_time\" content=\"2025-05-15T12:31:18+00:00\" \/>\n<meta name=\"author\" content=\"annelieostling\" \/>\n<meta name=\"twitter:card\" content=\"summary_large_image\" \/>\n<meta name=\"twitter:label1\" content=\"Skriven av\" \/>\n\t<meta name=\"twitter:data1\" content=\"annelieostling\" \/>\n\t<meta name=\"twitter:label2\" content=\"Ber\u00e4knad l\u00e4stid\" \/>\n\t<meta name=\"twitter:data2\" content=\"2 minuter\" \/>\n<script type=\"application\/ld+json\" class=\"yoast-schema-graph\">{\"@context\":\"https:\\\/\\\/schema.org\",\"@graph\":[{\"@type\":\"Article\",\"@id\":\"https:\\\/\\\/wp.kristdemokraterna.se\\\/gavleborg\\\/psykisk-halsa-kraver-mer-an-ord-det-kraver-handling\\\/#article\",\"isPartOf\":{\"@id\":\"https:\\\/\\\/wp.kristdemokraterna.se\\\/gavleborg\\\/psykisk-halsa-kraver-mer-an-ord-det-kraver-handling\\\/\"},\"author\":{\"name\":\"annelieostling\",\"@id\":\"https:\\\/\\\/wp.kristdemokraterna.se\\\/gavleborg\\\/#\\\/schema\\\/person\\\/bc74b1c510a5c9e1fa45a63a3709916d\"},\"headline\":\"Psykisk h\u00e4lsa kr\u00e4ver mer \u00e4n ord \u2013 det kr\u00e4ver handling\",\"datePublished\":\"2025-05-15T12:31:04+00:00\",\"dateModified\":\"2025-05-15T12:31:18+00:00\",\"mainEntityOfPage\":{\"@id\":\"https:\\\/\\\/wp.kristdemokraterna.se\\\/gavleborg\\\/psykisk-halsa-kraver-mer-an-ord-det-kraver-handling\\\/\"},\"wordCount\":383,\"articleSection\":[\"Alla nyheter\",\"Debattartiklar\",\"Inl\u00e4gg\",\"Nyheter\"],\"inLanguage\":\"sv-SE\"},{\"@type\":\"WebPage\",\"@id\":\"https:\\\/\\\/wp.kristdemokraterna.se\\\/gavleborg\\\/psykisk-halsa-kraver-mer-an-ord-det-kraver-handling\\\/\",\"url\":\"https:\\\/\\\/wp.kristdemokraterna.se\\\/gavleborg\\\/psykisk-halsa-kraver-mer-an-ord-det-kraver-handling\\\/\",\"name\":\"Psykisk h\u00e4lsa kr\u00e4ver mer \u00e4n ord \u2013 det kr\u00e4ver handling - Kristdemokraterna G\u00e4vleborg\",\"isPartOf\":{\"@id\":\"https:\\\/\\\/wp.kristdemokraterna.se\\\/gavleborg\\\/#website\"},\"datePublished\":\"2025-05-15T12:31:04+00:00\",\"dateModified\":\"2025-05-15T12:31:18+00:00\",\"author\":{\"@id\":\"https:\\\/\\\/wp.kristdemokraterna.se\\\/gavleborg\\\/#\\\/schema\\\/person\\\/bc74b1c510a5c9e1fa45a63a3709916d\"},\"breadcrumb\":{\"@id\":\"https:\\\/\\\/wp.kristdemokraterna.se\\\/gavleborg\\\/psykisk-halsa-kraver-mer-an-ord-det-kraver-handling\\\/#breadcrumb\"},\"inLanguage\":\"sv-SE\",\"potentialAction\":[{\"@type\":\"ReadAction\",\"target\":[\"https:\\\/\\\/wp.kristdemokraterna.se\\\/gavleborg\\\/psykisk-halsa-kraver-mer-an-ord-det-kraver-handling\\\/\"]}]},{\"@type\":\"BreadcrumbList\",\"@id\":\"https:\\\/\\\/wp.kristdemokraterna.se\\\/gavleborg\\\/psykisk-halsa-kraver-mer-an-ord-det-kraver-handling\\\/#breadcrumb\",\"itemListElement\":[{\"@type\":\"ListItem\",\"position\":1,\"name\":\"Hem\",\"item\":\"https:\\\/\\\/wp.kristdemokraterna.se\\\/gavleborg\\\/\"},{\"@type\":\"ListItem\",\"position\":2,\"name\":\"Psykisk h\u00e4lsa kr\u00e4ver mer \u00e4n ord \u2013 det kr\u00e4ver handling\"}]},{\"@type\":\"WebSite\",\"@id\":\"https:\\\/\\\/wp.kristdemokraterna.se\\\/gavleborg\\\/#website\",\"url\":\"https:\\\/\\\/wp.kristdemokraterna.se\\\/gavleborg\\\/\",\"name\":\"Kristdemokraterna G\u00e4vleborg\",\"description\":\"Ett tryggare G\u00e4vleborg\",\"inLanguage\":\"sv-SE\"},{\"@type\":\"Person\",\"@id\":\"https:\\\/\\\/wp.kristdemokraterna.se\\\/gavleborg\\\/#\\\/schema\\\/person\\\/bc74b1c510a5c9e1fa45a63a3709916d\",\"name\":\"annelieostling\",\"image\":{\"@type\":\"ImageObject\",\"inLanguage\":\"sv-SE\",\"@id\":\"https:\\\/\\\/secure.gravatar.com\\\/avatar\\\/99d5411ba55eda83f73dc1ab2453d7b92fbc36831c5d818512b42de21186be1d?s=96&d=mm&r=g\",\"url\":\"https:\\\/\\\/secure.gravatar.com\\\/avatar\\\/99d5411ba55eda83f73dc1ab2453d7b92fbc36831c5d818512b42de21186be1d?s=96&d=mm&r=g\",\"contentUrl\":\"https:\\\/\\\/secure.gravatar.com\\\/avatar\\\/99d5411ba55eda83f73dc1ab2453d7b92fbc36831c5d818512b42de21186be1d?s=96&d=mm&r=g\",\"caption\":\"annelieostling\"},\"url\":\"https:\\\/\\\/wp.kristdemokraterna.se\\\/gavleborg\\\/author\\\/annelieostling\\\/\"}]}<\/script>\n<!-- \/ Yoast SEO plugin. -->","yoast_head_json":{"title":"Psykisk h\u00e4lsa kr\u00e4ver mer \u00e4n ord \u2013 det kr\u00e4ver handling - Kristdemokraterna G\u00e4vleborg","robots":{"index":"index","follow":"follow","max-snippet":"max-snippet:-1","max-image-preview":"max-image-preview:large","max-video-preview":"max-video-preview:-1"},"canonical":"https:\/\/wp.kristdemokraterna.se\/gavleborg\/psykisk-halsa-kraver-mer-an-ord-det-kraver-handling\/","og_locale":"sv_SE","og_type":"article","og_title":"Psykisk h\u00e4lsa kr\u00e4ver mer \u00e4n ord \u2013 det kr\u00e4ver handling - Kristdemokraterna G\u00e4vleborg","og_description":"Psykisk oh\u00e4lsa \u00e4r v\u00e5r tids kanske st\u00f6rsta h\u00e4lsoutmaning. H\u00e4lften av alla sjukskrivningar beror p\u00e5 psykisk oh\u00e4lsa och allt fler svenskar har tappat hoppet. S\u00e4rskilt unga k\u00e4nner sig vilsna, nedst\u00e4mda och utan framtidstro. Allt fler upplever \u00e4ven psykiska besv\u00e4r som \u00e5ngest, stress och s\u00f6mnsv\u00e5righeter. Fler diagnostiseras med psykiatriska symptom och f\u00e5r antidepressiva l\u00e4kemedel. Denna utveckling \u00e4r L\u00e4s mer","og_url":"https:\/\/wp.kristdemokraterna.se\/gavleborg\/psykisk-halsa-kraver-mer-an-ord-det-kraver-handling\/","og_site_name":"Kristdemokraterna G\u00e4vleborg","article_published_time":"2025-05-15T12:31:04+00:00","article_modified_time":"2025-05-15T12:31:18+00:00","author":"annelieostling","twitter_card":"summary_large_image","twitter_misc":{"Skriven av":"annelieostling","Ber\u00e4knad l\u00e4stid":"2 minuter"},"schema":{"@context":"https:\/\/schema.org","@graph":[{"@type":"Article","@id":"https:\/\/wp.kristdemokraterna.se\/gavleborg\/psykisk-halsa-kraver-mer-an-ord-det-kraver-handling\/#article","isPartOf":{"@id":"https:\/\/wp.kristdemokraterna.se\/gavleborg\/psykisk-halsa-kraver-mer-an-ord-det-kraver-handling\/"},"author":{"name":"annelieostling","@id":"https:\/\/wp.kristdemokraterna.se\/gavleborg\/#\/schema\/person\/bc74b1c510a5c9e1fa45a63a3709916d"},"headline":"Psykisk h\u00e4lsa kr\u00e4ver mer \u00e4n ord \u2013 det kr\u00e4ver handling","datePublished":"2025-05-15T12:31:04+00:00","dateModified":"2025-05-15T12:31:18+00:00","mainEntityOfPage":{"@id":"https:\/\/wp.kristdemokraterna.se\/gavleborg\/psykisk-halsa-kraver-mer-an-ord-det-kraver-handling\/"},"wordCount":383,"articleSection":["Alla nyheter","Debattartiklar","Inl\u00e4gg","Nyheter"],"inLanguage":"sv-SE"},{"@type":"WebPage","@id":"https:\/\/wp.kristdemokraterna.se\/gavleborg\/psykisk-halsa-kraver-mer-an-ord-det-kraver-handling\/","url":"https:\/\/wp.kristdemokraterna.se\/gavleborg\/psykisk-halsa-kraver-mer-an-ord-det-kraver-handling\/","name":"Psykisk h\u00e4lsa kr\u00e4ver mer \u00e4n ord \u2013 det kr\u00e4ver handling - Kristdemokraterna G\u00e4vleborg","isPartOf":{"@id":"https:\/\/wp.kristdemokraterna.se\/gavleborg\/#website"},"datePublished":"2025-05-15T12:31:04+00:00","dateModified":"2025-05-15T12:31:18+00:00","author":{"@id":"https:\/\/wp.kristdemokraterna.se\/gavleborg\/#\/schema\/person\/bc74b1c510a5c9e1fa45a63a3709916d"},"breadcrumb":{"@id":"https:\/\/wp.kristdemokraterna.se\/gavleborg\/psykisk-halsa-kraver-mer-an-ord-det-kraver-handling\/#breadcrumb"},"inLanguage":"sv-SE","potentialAction":[{"@type":"ReadAction","target":["https:\/\/wp.kristdemokraterna.se\/gavleborg\/psykisk-halsa-kraver-mer-an-ord-det-kraver-handling\/"]}]},{"@type":"BreadcrumbList","@id":"https:\/\/wp.kristdemokraterna.se\/gavleborg\/psykisk-halsa-kraver-mer-an-ord-det-kraver-handling\/#breadcrumb","itemListElement":[{"@type":"ListItem","position":1,"name":"Hem","item":"https:\/\/wp.kristdemokraterna.se\/gavleborg\/"},{"@type":"ListItem","position":2,"name":"Psykisk h\u00e4lsa kr\u00e4ver mer \u00e4n ord \u2013 det kr\u00e4ver handling"}]},{"@type":"WebSite","@id":"https:\/\/wp.kristdemokraterna.se\/gavleborg\/#website","url":"https:\/\/wp.kristdemokraterna.se\/gavleborg\/","name":"Kristdemokraterna G\u00e4vleborg","description":"Ett tryggare G\u00e4vleborg","inLanguage":"sv-SE"},{"@type":"Person","@id":"https:\/\/wp.kristdemokraterna.se\/gavleborg\/#\/schema\/person\/bc74b1c510a5c9e1fa45a63a3709916d","name":"annelieostling","image":{"@type":"ImageObject","inLanguage":"sv-SE","@id":"https:\/\/secure.gravatar.com\/avatar\/99d5411ba55eda83f73dc1ab2453d7b92fbc36831c5d818512b42de21186be1d?s=96&d=mm&r=g","url":"https:\/\/secure.gravatar.com\/avatar\/99d5411ba55eda83f73dc1ab2453d7b92fbc36831c5d818512b42de21186be1d?s=96&d=mm&r=g","contentUrl":"https:\/\/secure.gravatar.com\/avatar\/99d5411ba55eda83f73dc1ab2453d7b92fbc36831c5d818512b42de21186be1d?s=96&d=mm&r=g","caption":"annelieostling"},"url":"https:\/\/wp.kristdemokraterna.se\/gavleborg\/author\/annelieostling\/"}]}},"_links":{"self":[{"href":"https:\/\/wp.kristdemokraterna.se\/gavleborg\/wp-json\/wp\/v2\/posts\/1313","targetHints":{"allow":["GET"]}}],"collection":[{"href":"https:\/\/wp.kristdemokraterna.se\/gavleborg\/wp-json\/wp\/v2\/posts"}],"about":[{"href":"https:\/\/wp.kristdemokraterna.se\/gavleborg\/wp-json\/wp\/v2\/types\/post"}],"author":[{"embeddable":true,"href":"https:\/\/wp.kristdemokraterna.se\/gavleborg\/wp-json\/wp\/v2\/users\/976"}],"replies":[{"embeddable":true,"href":"https:\/\/wp.kristdemokraterna.se\/gavleborg\/wp-json\/wp\/v2\/comments?post=1313"}],"version-history":[{"count":1,"href":"https:\/\/wp.kristdemokraterna.se\/gavleborg\/wp-json\/wp\/v2\/posts\/1313\/revisions"}],"predecessor-version":[{"id":1314,"href":"https:\/\/wp.kristdemokraterna.se\/gavleborg\/wp-json\/wp\/v2\/posts\/1313\/revisions\/1314"}],"wp:attachment":[{"href":"https:\/\/wp.kristdemokraterna.se\/gavleborg\/wp-json\/wp\/v2\/media?parent=1313"}],"wp:term":[{"taxonomy":"category","embeddable":true,"href":"https:\/\/wp.kristdemokraterna.se\/gavleborg\/wp-json\/wp\/v2\/categories?post=1313"},{"taxonomy":"post_tag","embeddable":true,"href":"https:\/\/wp.kristdemokraterna.se\/gavleborg\/wp-json\/wp\/v2\/tags?post=1313"}],"curies":[{"name":"wp","href":"https:\/\/api.w.org\/{rel}","templated":true}]}}