{"id":1319,"date":"2025-06-05T10:07:45","date_gmt":"2025-06-05T08:07:45","guid":{"rendered":"https:\/\/wp.kristdemokraterna.se\/gavleborg\/?p=1319"},"modified":"2025-06-05T10:07:45","modified_gmt":"2025-06-05T08:07:45","slug":"gavleborg-vart-hem","status":"publish","type":"post","link":"https:\/\/wp.kristdemokraterna.se\/gavleborg\/gavleborg-vart-hem\/","title":{"rendered":"G\u00e4vleborg \u2013 v\u00e5rt hem"},"content":{"rendered":"<p style=\"margin: 0cm;margin-bottom: .0001pt\">G\u00e4vleborg \u00e4r mer \u00e4n en plats \u2013 det \u00e4r v\u00e5rt hem. Och ett hem tar man hand om. D\u00e4rf\u00f6r har vi i den politiska ledningen f\u00f6r Region G\u00e4vleborg arbetat fram en budget som tar ansvar f\u00f6r b\u00e5de dagens utmaningar och framtidens behov.<\/p>\n<p style=\"margin: 0cm;margin-bottom: .0001pt\">\n<p style=\"margin: 0cm;margin-bottom: .0001pt\">Trots anstr\u00e4ngda ekonomiska ramar v\u00e4ljer vi att satsa p\u00e5 det som g\u00f6r verklig skillnad i m\u00e4nniskors liv. Psykisk h\u00e4lsa \u00e4r en av v\u00e5ra viktigaste prioriteringar. Bakom varje sjukskrivning och hemmasittare finns en m\u00e4nniska som k\u00e4mpar. Ambitionen \u00e4r att minska v\u00e4ntetiderna inom barn- och ungdomspsykiatrin samt skapa smidigare \u00f6verg\u00e5ngar till vuxenpsykiatrin. Vi ser \u00e4ven \u00f6ver m\u00f6jligheten att inf\u00f6ra en regional haverikommission vid suicid \u2013 f\u00f6r att dra l\u00e4rdom och f\u00f6rst\u00e4rka det skyddsn\u00e4t som ska b\u00e4ra n\u00e4r livet gungar.<\/p>\n<p style=\"margin: 0cm;margin-bottom: .0001pt\">\n<p style=\"margin: 0cm;margin-bottom: .0001pt\">Samtidigt forts\u00e4tter arbetet med att f\u00f6ra v\u00e5rden n\u00e4rmare \u2013 genom mobila team inom b\u00e5de psykiatri och annan h\u00e4lso- och sjukv\u00e5rd. Kvinnors h\u00e4lsa f\u00f6rblir i fokus, d\u00e4r v\u00e5ra klimakteriesatsningar nu byggs vidare. Insatserna mot v\u00e5ld i n\u00e4ra relationer ska ocks\u00e5 intensifieras, i n\u00e4ra samverkan med kommuner och civilsamh\u00e4lle.<\/p>\n<p style=\"margin: 0cm;margin-bottom: .0001pt\">\n<p style=\"margin: 0cm;margin-bottom: .0001pt\">F\u00f6r att v\u00e5r v\u00e4lf\u00e4rd ska fungera m\u00e5ste v\u00e5ra medarbetare trivas och orka. Nya initiativ f\u00f6r att f\u00f6rb\u00e4ttra arbetsmilj\u00f6n ses nu \u00f6ver. Ett exempel \u00e4r att m\u00f6jligheten att inf\u00f6ra arbetsskor f\u00f6r v\u00e5rdpersonal unders\u00f6ks \u2013 f\u00f6r att minska belastningsskador. D\u00e4rtill vill vi f\u00f6rb\u00e4ttra villkoren f\u00f6r anst\u00e4llda inom dygnet runt-verksamhet och f\u00f6rst\u00e4rka introduktionsprogrammen f\u00f6r nyanst\u00e4llda. Tryggare arbetsmilj\u00f6 och minskad andel hyrpersonal \u00e4r ocks\u00e5 fortsatt prioriterat.<\/p>\n<p style=\"margin: 0cm;margin-bottom: .0001pt\">\n<p style=\"margin: 0cm;margin-bottom: .0001pt\">Budgeten f\u00f6r Region G\u00e4vleborg \u00e4r mer \u00e4n siffror \u2013 den \u00e4r ett uttryck f\u00f6r v\u00e5r gemensamma vilja att skapa ett b\u00e4ttre samh\u00e4lle.<\/p>\n<p style=\"margin: 0cm;margin-bottom: .0001pt\">\n<strong>G\u00e4vleborg \u2013 v\u00e5rt hem. Ett hem d\u00e4r varje m\u00e4nniska r\u00e4knas.<\/strong><\/p>\n<p style=\"margin: 0cm;margin-bottom: .0001pt\"><strong>\u00a0<\/strong><\/p>\n<p style=\"margin: 0cm;margin-bottom: .0001pt\">F\u00f6r Kristdemokraterna i Region G\u00e4vleborg,<br \/>\n<strong>Jennie Forsblom (KD), Regionr\u00e5d<\/strong><\/p>\n","protected":false},"excerpt":{"rendered":"<p>G\u00e4vleborg \u00e4r mer \u00e4n en plats \u2013 det \u00e4r v\u00e5rt hem. Och ett hem tar man hand om. D\u00e4rf\u00f6r har vi i den politiska ledningen f\u00f6r Region G\u00e4vleborg arbetat fram en budget som tar ansvar f\u00f6r b\u00e5de dagens utmaningar och framtidens behov. Trots anstr\u00e4ngda ekonomiska ramar v\u00e4ljer vi att satsa p\u00e5 det som g\u00f6r verklig <a class=\"read-more-link\" href=\"https:\/\/wp.kristdemokraterna.se\/gavleborg\/gavleborg-vart-hem\/\">L\u00e4s mer<\/a><\/p>\n","protected":false},"author":976,"featured_media":0,"comment_status":"closed","ping_status":"closed","sticky":false,"template":"","format":"standard","meta":{"_acf_changed":false,"footnotes":""},"categories":[30,21,31,25],"tags":[],"class_list":["post-1319","post","type-post","status-publish","format-standard","hentry","category-alla-nyheter","category-debattartiklar","category-inlagg","category-nyheter"],"acf":[],"yoast_head":"<!-- This site is optimized with the Yoast SEO plugin v27.4 - https:\/\/yoast.com\/product\/yoast-seo-wordpress\/ -->\n<title>G\u00e4vleborg \u2013 v\u00e5rt hem - Kristdemokraterna G\u00e4vleborg<\/title>\n<meta name=\"robots\" content=\"index, follow, max-snippet:-1, max-image-preview:large, max-video-preview:-1\" \/>\n<link rel=\"canonical\" href=\"https:\/\/wp.kristdemokraterna.se\/gavleborg\/gavleborg-vart-hem\/\" \/>\n<meta property=\"og:locale\" content=\"sv_SE\" \/>\n<meta property=\"og:type\" content=\"article\" \/>\n<meta property=\"og:title\" content=\"G\u00e4vleborg \u2013 v\u00e5rt hem - Kristdemokraterna G\u00e4vleborg\" \/>\n<meta property=\"og:description\" content=\"G\u00e4vleborg \u00e4r mer \u00e4n en plats \u2013 det \u00e4r v\u00e5rt hem. Och ett hem tar man hand om. D\u00e4rf\u00f6r har vi i den politiska ledningen f\u00f6r Region G\u00e4vleborg arbetat fram en budget som tar ansvar f\u00f6r b\u00e5de dagens utmaningar och framtidens behov. Trots anstr\u00e4ngda ekonomiska ramar v\u00e4ljer vi att satsa p\u00e5 det som g\u00f6r verklig L\u00e4s mer\" \/>\n<meta property=\"og:url\" content=\"https:\/\/wp.kristdemokraterna.se\/gavleborg\/gavleborg-vart-hem\/\" \/>\n<meta property=\"og:site_name\" content=\"Kristdemokraterna G\u00e4vleborg\" \/>\n<meta property=\"article:published_time\" content=\"2025-06-05T08:07:45+00:00\" \/>\n<meta name=\"author\" content=\"annelieostling\" \/>\n<meta name=\"twitter:card\" content=\"summary_large_image\" \/>\n<meta name=\"twitter:label1\" content=\"Skriven av\" \/>\n\t<meta name=\"twitter:data1\" content=\"annelieostling\" \/>\n\t<meta name=\"twitter:label2\" content=\"Ber\u00e4knad l\u00e4stid\" \/>\n\t<meta name=\"twitter:data2\" content=\"2 minuter\" \/>\n<script type=\"application\/ld+json\" class=\"yoast-schema-graph\">{\"@context\":\"https:\\\/\\\/schema.org\",\"@graph\":[{\"@type\":\"Article\",\"@id\":\"https:\\\/\\\/wp.kristdemokraterna.se\\\/gavleborg\\\/gavleborg-vart-hem\\\/#article\",\"isPartOf\":{\"@id\":\"https:\\\/\\\/wp.kristdemokraterna.se\\\/gavleborg\\\/gavleborg-vart-hem\\\/\"},\"author\":{\"name\":\"annelieostling\",\"@id\":\"https:\\\/\\\/wp.kristdemokraterna.se\\\/gavleborg\\\/#\\\/schema\\\/person\\\/bc74b1c510a5c9e1fa45a63a3709916d\"},\"headline\":\"G\u00e4vleborg \u2013 v\u00e5rt hem\",\"datePublished\":\"2025-06-05T08:07:45+00:00\",\"mainEntityOfPage\":{\"@id\":\"https:\\\/\\\/wp.kristdemokraterna.se\\\/gavleborg\\\/gavleborg-vart-hem\\\/\"},\"wordCount\":349,\"articleSection\":[\"Alla nyheter\",\"Debattartiklar\",\"Inl\u00e4gg\",\"Nyheter\"],\"inLanguage\":\"sv-SE\"},{\"@type\":\"WebPage\",\"@id\":\"https:\\\/\\\/wp.kristdemokraterna.se\\\/gavleborg\\\/gavleborg-vart-hem\\\/\",\"url\":\"https:\\\/\\\/wp.kristdemokraterna.se\\\/gavleborg\\\/gavleborg-vart-hem\\\/\",\"name\":\"G\u00e4vleborg \u2013 v\u00e5rt hem - Kristdemokraterna G\u00e4vleborg\",\"isPartOf\":{\"@id\":\"https:\\\/\\\/wp.kristdemokraterna.se\\\/gavleborg\\\/#website\"},\"datePublished\":\"2025-06-05T08:07:45+00:00\",\"author\":{\"@id\":\"https:\\\/\\\/wp.kristdemokraterna.se\\\/gavleborg\\\/#\\\/schema\\\/person\\\/bc74b1c510a5c9e1fa45a63a3709916d\"},\"breadcrumb\":{\"@id\":\"https:\\\/\\\/wp.kristdemokraterna.se\\\/gavleborg\\\/gavleborg-vart-hem\\\/#breadcrumb\"},\"inLanguage\":\"sv-SE\",\"potentialAction\":[{\"@type\":\"ReadAction\",\"target\":[\"https:\\\/\\\/wp.kristdemokraterna.se\\\/gavleborg\\\/gavleborg-vart-hem\\\/\"]}]},{\"@type\":\"BreadcrumbList\",\"@id\":\"https:\\\/\\\/wp.kristdemokraterna.se\\\/gavleborg\\\/gavleborg-vart-hem\\\/#breadcrumb\",\"itemListElement\":[{\"@type\":\"ListItem\",\"position\":1,\"name\":\"Hem\",\"item\":\"https:\\\/\\\/wp.kristdemokraterna.se\\\/gavleborg\\\/\"},{\"@type\":\"ListItem\",\"position\":2,\"name\":\"G\u00e4vleborg \u2013 v\u00e5rt hem\"}]},{\"@type\":\"WebSite\",\"@id\":\"https:\\\/\\\/wp.kristdemokraterna.se\\\/gavleborg\\\/#website\",\"url\":\"https:\\\/\\\/wp.kristdemokraterna.se\\\/gavleborg\\\/\",\"name\":\"Kristdemokraterna G\u00e4vleborg\",\"description\":\"Ett tryggare G\u00e4vleborg\",\"inLanguage\":\"sv-SE\"},{\"@type\":\"Person\",\"@id\":\"https:\\\/\\\/wp.kristdemokraterna.se\\\/gavleborg\\\/#\\\/schema\\\/person\\\/bc74b1c510a5c9e1fa45a63a3709916d\",\"name\":\"annelieostling\",\"image\":{\"@type\":\"ImageObject\",\"inLanguage\":\"sv-SE\",\"@id\":\"https:\\\/\\\/secure.gravatar.com\\\/avatar\\\/99d5411ba55eda83f73dc1ab2453d7b92fbc36831c5d818512b42de21186be1d?s=96&d=mm&r=g\",\"url\":\"https:\\\/\\\/secure.gravatar.com\\\/avatar\\\/99d5411ba55eda83f73dc1ab2453d7b92fbc36831c5d818512b42de21186be1d?s=96&d=mm&r=g\",\"contentUrl\":\"https:\\\/\\\/secure.gravatar.com\\\/avatar\\\/99d5411ba55eda83f73dc1ab2453d7b92fbc36831c5d818512b42de21186be1d?s=96&d=mm&r=g\",\"caption\":\"annelieostling\"},\"url\":\"https:\\\/\\\/wp.kristdemokraterna.se\\\/gavleborg\\\/author\\\/annelieostling\\\/\"}]}<\/script>\n<!-- \/ Yoast SEO plugin. -->","yoast_head_json":{"title":"G\u00e4vleborg \u2013 v\u00e5rt hem - Kristdemokraterna G\u00e4vleborg","robots":{"index":"index","follow":"follow","max-snippet":"max-snippet:-1","max-image-preview":"max-image-preview:large","max-video-preview":"max-video-preview:-1"},"canonical":"https:\/\/wp.kristdemokraterna.se\/gavleborg\/gavleborg-vart-hem\/","og_locale":"sv_SE","og_type":"article","og_title":"G\u00e4vleborg \u2013 v\u00e5rt hem - Kristdemokraterna G\u00e4vleborg","og_description":"G\u00e4vleborg \u00e4r mer \u00e4n en plats \u2013 det \u00e4r v\u00e5rt hem. Och ett hem tar man hand om. D\u00e4rf\u00f6r har vi i den politiska ledningen f\u00f6r Region G\u00e4vleborg arbetat fram en budget som tar ansvar f\u00f6r b\u00e5de dagens utmaningar och framtidens behov. Trots anstr\u00e4ngda ekonomiska ramar v\u00e4ljer vi att satsa p\u00e5 det som g\u00f6r verklig L\u00e4s mer","og_url":"https:\/\/wp.kristdemokraterna.se\/gavleborg\/gavleborg-vart-hem\/","og_site_name":"Kristdemokraterna G\u00e4vleborg","article_published_time":"2025-06-05T08:07:45+00:00","author":"annelieostling","twitter_card":"summary_large_image","twitter_misc":{"Skriven av":"annelieostling","Ber\u00e4knad l\u00e4stid":"2 minuter"},"schema":{"@context":"https:\/\/schema.org","@graph":[{"@type":"Article","@id":"https:\/\/wp.kristdemokraterna.se\/gavleborg\/gavleborg-vart-hem\/#article","isPartOf":{"@id":"https:\/\/wp.kristdemokraterna.se\/gavleborg\/gavleborg-vart-hem\/"},"author":{"name":"annelieostling","@id":"https:\/\/wp.kristdemokraterna.se\/gavleborg\/#\/schema\/person\/bc74b1c510a5c9e1fa45a63a3709916d"},"headline":"G\u00e4vleborg \u2013 v\u00e5rt hem","datePublished":"2025-06-05T08:07:45+00:00","mainEntityOfPage":{"@id":"https:\/\/wp.kristdemokraterna.se\/gavleborg\/gavleborg-vart-hem\/"},"wordCount":349,"articleSection":["Alla nyheter","Debattartiklar","Inl\u00e4gg","Nyheter"],"inLanguage":"sv-SE"},{"@type":"WebPage","@id":"https:\/\/wp.kristdemokraterna.se\/gavleborg\/gavleborg-vart-hem\/","url":"https:\/\/wp.kristdemokraterna.se\/gavleborg\/gavleborg-vart-hem\/","name":"G\u00e4vleborg \u2013 v\u00e5rt hem - Kristdemokraterna G\u00e4vleborg","isPartOf":{"@id":"https:\/\/wp.kristdemokraterna.se\/gavleborg\/#website"},"datePublished":"2025-06-05T08:07:45+00:00","author":{"@id":"https:\/\/wp.kristdemokraterna.se\/gavleborg\/#\/schema\/person\/bc74b1c510a5c9e1fa45a63a3709916d"},"breadcrumb":{"@id":"https:\/\/wp.kristdemokraterna.se\/gavleborg\/gavleborg-vart-hem\/#breadcrumb"},"inLanguage":"sv-SE","potentialAction":[{"@type":"ReadAction","target":["https:\/\/wp.kristdemokraterna.se\/gavleborg\/gavleborg-vart-hem\/"]}]},{"@type":"BreadcrumbList","@id":"https:\/\/wp.kristdemokraterna.se\/gavleborg\/gavleborg-vart-hem\/#breadcrumb","itemListElement":[{"@type":"ListItem","position":1,"name":"Hem","item":"https:\/\/wp.kristdemokraterna.se\/gavleborg\/"},{"@type":"ListItem","position":2,"name":"G\u00e4vleborg \u2013 v\u00e5rt hem"}]},{"@type":"WebSite","@id":"https:\/\/wp.kristdemokraterna.se\/gavleborg\/#website","url":"https:\/\/wp.kristdemokraterna.se\/gavleborg\/","name":"Kristdemokraterna G\u00e4vleborg","description":"Ett tryggare G\u00e4vleborg","inLanguage":"sv-SE"},{"@type":"Person","@id":"https:\/\/wp.kristdemokraterna.se\/gavleborg\/#\/schema\/person\/bc74b1c510a5c9e1fa45a63a3709916d","name":"annelieostling","image":{"@type":"ImageObject","inLanguage":"sv-SE","@id":"https:\/\/secure.gravatar.com\/avatar\/99d5411ba55eda83f73dc1ab2453d7b92fbc36831c5d818512b42de21186be1d?s=96&d=mm&r=g","url":"https:\/\/secure.gravatar.com\/avatar\/99d5411ba55eda83f73dc1ab2453d7b92fbc36831c5d818512b42de21186be1d?s=96&d=mm&r=g","contentUrl":"https:\/\/secure.gravatar.com\/avatar\/99d5411ba55eda83f73dc1ab2453d7b92fbc36831c5d818512b42de21186be1d?s=96&d=mm&r=g","caption":"annelieostling"},"url":"https:\/\/wp.kristdemokraterna.se\/gavleborg\/author\/annelieostling\/"}]}},"_links":{"self":[{"href":"https:\/\/wp.kristdemokraterna.se\/gavleborg\/wp-json\/wp\/v2\/posts\/1319","targetHints":{"allow":["GET"]}}],"collection":[{"href":"https:\/\/wp.kristdemokraterna.se\/gavleborg\/wp-json\/wp\/v2\/posts"}],"about":[{"href":"https:\/\/wp.kristdemokraterna.se\/gavleborg\/wp-json\/wp\/v2\/types\/post"}],"author":[{"embeddable":true,"href":"https:\/\/wp.kristdemokraterna.se\/gavleborg\/wp-json\/wp\/v2\/users\/976"}],"replies":[{"embeddable":true,"href":"https:\/\/wp.kristdemokraterna.se\/gavleborg\/wp-json\/wp\/v2\/comments?post=1319"}],"version-history":[{"count":1,"href":"https:\/\/wp.kristdemokraterna.se\/gavleborg\/wp-json\/wp\/v2\/posts\/1319\/revisions"}],"predecessor-version":[{"id":1323,"href":"https:\/\/wp.kristdemokraterna.se\/gavleborg\/wp-json\/wp\/v2\/posts\/1319\/revisions\/1323"}],"wp:attachment":[{"href":"https:\/\/wp.kristdemokraterna.se\/gavleborg\/wp-json\/wp\/v2\/media?parent=1319"}],"wp:term":[{"taxonomy":"category","embeddable":true,"href":"https:\/\/wp.kristdemokraterna.se\/gavleborg\/wp-json\/wp\/v2\/categories?post=1319"},{"taxonomy":"post_tag","embeddable":true,"href":"https:\/\/wp.kristdemokraterna.se\/gavleborg\/wp-json\/wp\/v2\/tags?post=1319"}],"curies":[{"name":"wp","href":"https:\/\/api.w.org\/{rel}","templated":true}]}}