{"id":1330,"date":"2025-06-18T14:27:50","date_gmt":"2025-06-18T12:27:50","guid":{"rendered":"https:\/\/wp.kristdemokraterna.se\/gavleborg\/?p=1330"},"modified":"2025-06-18T14:28:02","modified_gmt":"2025-06-18T12:28:02","slug":"vardens-framtid-kan-inte-lamnas-i-21-olika-hander-2","status":"publish","type":"post","link":"https:\/\/wp.kristdemokraterna.se\/gavleborg\/vardens-framtid-kan-inte-lamnas-i-21-olika-hander-2\/","title":{"rendered":"V\u00e5rdens framtid kan inte l\u00e4mnas i 21 olika h\u00e4nder"},"content":{"rendered":"<p>Kristdemokraterna\u00a0gick till val p\u00e5 att genomf\u00f6ra \u00e5rhundradets v\u00e5rdreform, f\u00f6r en mer effektiv och j\u00e4mlik v\u00e5rd i hela landet. M\u00e5ndag den 2 juni redovisas den parlamentariska utredningen d\u00e4r samtliga partier i Sveriges riksdag har tagit st\u00e4llning till fr\u00e5gan om staten ska ta st\u00f6rre ansvar f\u00f6r sjukv\u00e5rden \u00e4n idag.<\/p>\n<p>Att l\u00e4mna v\u00e5rdens framtid i h\u00e4nderna p\u00e5 21 olika regioner \u00e4r som att f\u00f6rv\u00e4nta sig att en trasig motor ska reparera sig sj\u00e4lv. Fr\u00e5n SKR:s statistik g\u00e5r att utl\u00e4sa att andelen patienter som i mars 2025 v\u00e4ntat olagligt l\u00e4nge p\u00e5 en \u00e5tg\u00e4rd eller operation var 8 procent i Region J\u00f6nk\u00f6ping. Motsvarande andel i Region \u00d6sterg\u00f6tland var hela 52 procent.<\/p>\n<p>I en granskning i <a href=\"https:\/\/www.dn.se\/sverige\/155-000-kvinnor-fick-inget-hpv-test-valdes-bort-av-regionerna\/\">Dagens Nyheter<\/a> framkommer det att flera regioner valt bort 155\u202f000 kvinnor, f\u00f6dda mellan 1947 och 1952, fr\u00e5n HPV-testning f\u00f6r livmoderhalscancer \u2013 med motiveringen att det inte ans\u00e5gs kostnadseffektivt. Detta trots att testet \u00e4r avg\u00f6rande f\u00f6r att uppt\u00e4cka cancer i tid. Minst 117 kvinnor utvecklade livmoderhalscancer efter att de nekats test. Denna typ av skillnader \u00e4r inte acceptabla och visar tydligt att tillg\u00e5ngen till v\u00e5rd inte \u00e4r j\u00e4mlik i dagens system.<\/p>\n<p>Kristdemokraterna s\u00e4tter patienterna och v\u00e5rdpersonalen f\u00f6re systemet. Vi beh\u00f6ver en modern och nationellt samordnad styrning av v\u00e5rden. Det kr\u00e4vs ett helhetsgrepp om fr\u00e5gor som r\u00f6r sjukv\u00e5rdens kapacitet, kompetensf\u00f6rs\u00f6rjning och patienters tillg\u00e5ng till v\u00e5rd i tid.<\/p>\n<p>Vi vet att svenska folket vill att staten tar \u00f6ver styrningen f\u00f6r v\u00e5rden och KD \u00e4r det parti som tydligast har tagit st\u00e4llning f\u00f6r en s\u00e5dan reform och det var p\u00e5 v\u00e5rt initiativ som utredningen tillsattes. M\u00e5ndag den 2 juni f\u00e5r vi svart p\u00e5 vitt p\u00e5 hur m\u00e5nga av \u00f6vriga partier som har modet och viljan att p\u00e5 allvar komma till r\u00e4tta med v\u00e5rdens grundl\u00e4ggande problem.<\/p>\n<p>Lili Andr\u00e9 (KD), Riksdagsledamot<\/p>\n<p>Jennie Forsblom (KD), Regionr\u00e5d<\/p>\n<p>&nbsp;<\/p>\n","protected":false},"excerpt":{"rendered":"<p>Kristdemokraterna\u00a0gick till val p\u00e5 att genomf\u00f6ra \u00e5rhundradets v\u00e5rdreform, f\u00f6r en mer effektiv och j\u00e4mlik v\u00e5rd i hela landet. M\u00e5ndag den 2 juni redovisas den parlamentariska utredningen d\u00e4r samtliga partier i Sveriges riksdag har tagit st\u00e4llning till fr\u00e5gan om staten ska ta st\u00f6rre ansvar f\u00f6r sjukv\u00e5rden \u00e4n idag. Att l\u00e4mna v\u00e5rdens framtid i h\u00e4nderna p\u00e5 21 <a class=\"read-more-link\" href=\"https:\/\/wp.kristdemokraterna.se\/gavleborg\/vardens-framtid-kan-inte-lamnas-i-21-olika-hander-2\/\">L\u00e4s mer<\/a><\/p>\n","protected":false},"author":976,"featured_media":0,"comment_status":"closed","ping_status":"closed","sticky":false,"template":"","format":"standard","meta":{"_acf_changed":false,"footnotes":""},"categories":[30,21,31,25],"tags":[],"class_list":["post-1330","post","type-post","status-publish","format-standard","hentry","category-alla-nyheter","category-debattartiklar","category-inlagg","category-nyheter"],"acf":[],"yoast_head":"<!-- This site is optimized with the Yoast SEO plugin v27.4 - https:\/\/yoast.com\/product\/yoast-seo-wordpress\/ -->\n<title>V\u00e5rdens framtid kan inte l\u00e4mnas i 21 olika h\u00e4nder - Kristdemokraterna G\u00e4vleborg<\/title>\n<meta name=\"robots\" content=\"index, follow, max-snippet:-1, max-image-preview:large, max-video-preview:-1\" \/>\n<link rel=\"canonical\" href=\"https:\/\/wp.kristdemokraterna.se\/gavleborg\/vardens-framtid-kan-inte-lamnas-i-21-olika-hander-2\/\" \/>\n<meta property=\"og:locale\" content=\"sv_SE\" \/>\n<meta property=\"og:type\" content=\"article\" \/>\n<meta property=\"og:title\" content=\"V\u00e5rdens framtid kan inte l\u00e4mnas i 21 olika h\u00e4nder - Kristdemokraterna G\u00e4vleborg\" \/>\n<meta property=\"og:description\" content=\"Kristdemokraterna\u00a0gick till val p\u00e5 att genomf\u00f6ra \u00e5rhundradets v\u00e5rdreform, f\u00f6r en mer effektiv och j\u00e4mlik v\u00e5rd i hela landet. M\u00e5ndag den 2 juni redovisas den parlamentariska utredningen d\u00e4r samtliga partier i Sveriges riksdag har tagit st\u00e4llning till fr\u00e5gan om staten ska ta st\u00f6rre ansvar f\u00f6r sjukv\u00e5rden \u00e4n idag. Att l\u00e4mna v\u00e5rdens framtid i h\u00e4nderna p\u00e5 21 L\u00e4s mer\" \/>\n<meta property=\"og:url\" content=\"https:\/\/wp.kristdemokraterna.se\/gavleborg\/vardens-framtid-kan-inte-lamnas-i-21-olika-hander-2\/\" \/>\n<meta property=\"og:site_name\" content=\"Kristdemokraterna G\u00e4vleborg\" \/>\n<meta property=\"article:published_time\" content=\"2025-06-18T12:27:50+00:00\" \/>\n<meta property=\"article:modified_time\" content=\"2025-06-18T12:28:02+00:00\" \/>\n<meta name=\"author\" content=\"annelieostling\" \/>\n<meta name=\"twitter:card\" content=\"summary_large_image\" \/>\n<meta name=\"twitter:label1\" content=\"Skriven av\" \/>\n\t<meta name=\"twitter:data1\" content=\"annelieostling\" \/>\n\t<meta name=\"twitter:label2\" content=\"Ber\u00e4knad l\u00e4stid\" \/>\n\t<meta name=\"twitter:data2\" content=\"2 minuter\" \/>\n<script type=\"application\/ld+json\" class=\"yoast-schema-graph\">{\"@context\":\"https:\\\/\\\/schema.org\",\"@graph\":[{\"@type\":\"Article\",\"@id\":\"https:\\\/\\\/wp.kristdemokraterna.se\\\/gavleborg\\\/vardens-framtid-kan-inte-lamnas-i-21-olika-hander-2\\\/#article\",\"isPartOf\":{\"@id\":\"https:\\\/\\\/wp.kristdemokraterna.se\\\/gavleborg\\\/vardens-framtid-kan-inte-lamnas-i-21-olika-hander-2\\\/\"},\"author\":{\"name\":\"annelieostling\",\"@id\":\"https:\\\/\\\/wp.kristdemokraterna.se\\\/gavleborg\\\/#\\\/schema\\\/person\\\/bc74b1c510a5c9e1fa45a63a3709916d\"},\"headline\":\"V\u00e5rdens framtid kan inte l\u00e4mnas i 21 olika h\u00e4nder\",\"datePublished\":\"2025-06-18T12:27:50+00:00\",\"dateModified\":\"2025-06-18T12:28:02+00:00\",\"mainEntityOfPage\":{\"@id\":\"https:\\\/\\\/wp.kristdemokraterna.se\\\/gavleborg\\\/vardens-framtid-kan-inte-lamnas-i-21-olika-hander-2\\\/\"},\"wordCount\":355,\"articleSection\":[\"Alla nyheter\",\"Debattartiklar\",\"Inl\u00e4gg\",\"Nyheter\"],\"inLanguage\":\"sv-SE\"},{\"@type\":\"WebPage\",\"@id\":\"https:\\\/\\\/wp.kristdemokraterna.se\\\/gavleborg\\\/vardens-framtid-kan-inte-lamnas-i-21-olika-hander-2\\\/\",\"url\":\"https:\\\/\\\/wp.kristdemokraterna.se\\\/gavleborg\\\/vardens-framtid-kan-inte-lamnas-i-21-olika-hander-2\\\/\",\"name\":\"V\u00e5rdens framtid kan inte l\u00e4mnas i 21 olika h\u00e4nder - Kristdemokraterna G\u00e4vleborg\",\"isPartOf\":{\"@id\":\"https:\\\/\\\/wp.kristdemokraterna.se\\\/gavleborg\\\/#website\"},\"datePublished\":\"2025-06-18T12:27:50+00:00\",\"dateModified\":\"2025-06-18T12:28:02+00:00\",\"author\":{\"@id\":\"https:\\\/\\\/wp.kristdemokraterna.se\\\/gavleborg\\\/#\\\/schema\\\/person\\\/bc74b1c510a5c9e1fa45a63a3709916d\"},\"breadcrumb\":{\"@id\":\"https:\\\/\\\/wp.kristdemokraterna.se\\\/gavleborg\\\/vardens-framtid-kan-inte-lamnas-i-21-olika-hander-2\\\/#breadcrumb\"},\"inLanguage\":\"sv-SE\",\"potentialAction\":[{\"@type\":\"ReadAction\",\"target\":[\"https:\\\/\\\/wp.kristdemokraterna.se\\\/gavleborg\\\/vardens-framtid-kan-inte-lamnas-i-21-olika-hander-2\\\/\"]}]},{\"@type\":\"BreadcrumbList\",\"@id\":\"https:\\\/\\\/wp.kristdemokraterna.se\\\/gavleborg\\\/vardens-framtid-kan-inte-lamnas-i-21-olika-hander-2\\\/#breadcrumb\",\"itemListElement\":[{\"@type\":\"ListItem\",\"position\":1,\"name\":\"Hem\",\"item\":\"https:\\\/\\\/wp.kristdemokraterna.se\\\/gavleborg\\\/\"},{\"@type\":\"ListItem\",\"position\":2,\"name\":\"V\u00e5rdens framtid kan inte l\u00e4mnas i 21 olika h\u00e4nder\"}]},{\"@type\":\"WebSite\",\"@id\":\"https:\\\/\\\/wp.kristdemokraterna.se\\\/gavleborg\\\/#website\",\"url\":\"https:\\\/\\\/wp.kristdemokraterna.se\\\/gavleborg\\\/\",\"name\":\"Kristdemokraterna G\u00e4vleborg\",\"description\":\"Ett tryggare G\u00e4vleborg\",\"inLanguage\":\"sv-SE\"},{\"@type\":\"Person\",\"@id\":\"https:\\\/\\\/wp.kristdemokraterna.se\\\/gavleborg\\\/#\\\/schema\\\/person\\\/bc74b1c510a5c9e1fa45a63a3709916d\",\"name\":\"annelieostling\",\"image\":{\"@type\":\"ImageObject\",\"inLanguage\":\"sv-SE\",\"@id\":\"https:\\\/\\\/secure.gravatar.com\\\/avatar\\\/99d5411ba55eda83f73dc1ab2453d7b92fbc36831c5d818512b42de21186be1d?s=96&d=mm&r=g\",\"url\":\"https:\\\/\\\/secure.gravatar.com\\\/avatar\\\/99d5411ba55eda83f73dc1ab2453d7b92fbc36831c5d818512b42de21186be1d?s=96&d=mm&r=g\",\"contentUrl\":\"https:\\\/\\\/secure.gravatar.com\\\/avatar\\\/99d5411ba55eda83f73dc1ab2453d7b92fbc36831c5d818512b42de21186be1d?s=96&d=mm&r=g\",\"caption\":\"annelieostling\"},\"url\":\"https:\\\/\\\/wp.kristdemokraterna.se\\\/gavleborg\\\/author\\\/annelieostling\\\/\"}]}<\/script>\n<!-- \/ Yoast SEO plugin. -->","yoast_head_json":{"title":"V\u00e5rdens framtid kan inte l\u00e4mnas i 21 olika h\u00e4nder - Kristdemokraterna G\u00e4vleborg","robots":{"index":"index","follow":"follow","max-snippet":"max-snippet:-1","max-image-preview":"max-image-preview:large","max-video-preview":"max-video-preview:-1"},"canonical":"https:\/\/wp.kristdemokraterna.se\/gavleborg\/vardens-framtid-kan-inte-lamnas-i-21-olika-hander-2\/","og_locale":"sv_SE","og_type":"article","og_title":"V\u00e5rdens framtid kan inte l\u00e4mnas i 21 olika h\u00e4nder - Kristdemokraterna G\u00e4vleborg","og_description":"Kristdemokraterna\u00a0gick till val p\u00e5 att genomf\u00f6ra \u00e5rhundradets v\u00e5rdreform, f\u00f6r en mer effektiv och j\u00e4mlik v\u00e5rd i hela landet. M\u00e5ndag den 2 juni redovisas den parlamentariska utredningen d\u00e4r samtliga partier i Sveriges riksdag har tagit st\u00e4llning till fr\u00e5gan om staten ska ta st\u00f6rre ansvar f\u00f6r sjukv\u00e5rden \u00e4n idag. Att l\u00e4mna v\u00e5rdens framtid i h\u00e4nderna p\u00e5 21 L\u00e4s mer","og_url":"https:\/\/wp.kristdemokraterna.se\/gavleborg\/vardens-framtid-kan-inte-lamnas-i-21-olika-hander-2\/","og_site_name":"Kristdemokraterna G\u00e4vleborg","article_published_time":"2025-06-18T12:27:50+00:00","article_modified_time":"2025-06-18T12:28:02+00:00","author":"annelieostling","twitter_card":"summary_large_image","twitter_misc":{"Skriven av":"annelieostling","Ber\u00e4knad l\u00e4stid":"2 minuter"},"schema":{"@context":"https:\/\/schema.org","@graph":[{"@type":"Article","@id":"https:\/\/wp.kristdemokraterna.se\/gavleborg\/vardens-framtid-kan-inte-lamnas-i-21-olika-hander-2\/#article","isPartOf":{"@id":"https:\/\/wp.kristdemokraterna.se\/gavleborg\/vardens-framtid-kan-inte-lamnas-i-21-olika-hander-2\/"},"author":{"name":"annelieostling","@id":"https:\/\/wp.kristdemokraterna.se\/gavleborg\/#\/schema\/person\/bc74b1c510a5c9e1fa45a63a3709916d"},"headline":"V\u00e5rdens framtid kan inte l\u00e4mnas i 21 olika h\u00e4nder","datePublished":"2025-06-18T12:27:50+00:00","dateModified":"2025-06-18T12:28:02+00:00","mainEntityOfPage":{"@id":"https:\/\/wp.kristdemokraterna.se\/gavleborg\/vardens-framtid-kan-inte-lamnas-i-21-olika-hander-2\/"},"wordCount":355,"articleSection":["Alla nyheter","Debattartiklar","Inl\u00e4gg","Nyheter"],"inLanguage":"sv-SE"},{"@type":"WebPage","@id":"https:\/\/wp.kristdemokraterna.se\/gavleborg\/vardens-framtid-kan-inte-lamnas-i-21-olika-hander-2\/","url":"https:\/\/wp.kristdemokraterna.se\/gavleborg\/vardens-framtid-kan-inte-lamnas-i-21-olika-hander-2\/","name":"V\u00e5rdens framtid kan inte l\u00e4mnas i 21 olika h\u00e4nder - Kristdemokraterna G\u00e4vleborg","isPartOf":{"@id":"https:\/\/wp.kristdemokraterna.se\/gavleborg\/#website"},"datePublished":"2025-06-18T12:27:50+00:00","dateModified":"2025-06-18T12:28:02+00:00","author":{"@id":"https:\/\/wp.kristdemokraterna.se\/gavleborg\/#\/schema\/person\/bc74b1c510a5c9e1fa45a63a3709916d"},"breadcrumb":{"@id":"https:\/\/wp.kristdemokraterna.se\/gavleborg\/vardens-framtid-kan-inte-lamnas-i-21-olika-hander-2\/#breadcrumb"},"inLanguage":"sv-SE","potentialAction":[{"@type":"ReadAction","target":["https:\/\/wp.kristdemokraterna.se\/gavleborg\/vardens-framtid-kan-inte-lamnas-i-21-olika-hander-2\/"]}]},{"@type":"BreadcrumbList","@id":"https:\/\/wp.kristdemokraterna.se\/gavleborg\/vardens-framtid-kan-inte-lamnas-i-21-olika-hander-2\/#breadcrumb","itemListElement":[{"@type":"ListItem","position":1,"name":"Hem","item":"https:\/\/wp.kristdemokraterna.se\/gavleborg\/"},{"@type":"ListItem","position":2,"name":"V\u00e5rdens framtid kan inte l\u00e4mnas i 21 olika h\u00e4nder"}]},{"@type":"WebSite","@id":"https:\/\/wp.kristdemokraterna.se\/gavleborg\/#website","url":"https:\/\/wp.kristdemokraterna.se\/gavleborg\/","name":"Kristdemokraterna G\u00e4vleborg","description":"Ett tryggare G\u00e4vleborg","inLanguage":"sv-SE"},{"@type":"Person","@id":"https:\/\/wp.kristdemokraterna.se\/gavleborg\/#\/schema\/person\/bc74b1c510a5c9e1fa45a63a3709916d","name":"annelieostling","image":{"@type":"ImageObject","inLanguage":"sv-SE","@id":"https:\/\/secure.gravatar.com\/avatar\/99d5411ba55eda83f73dc1ab2453d7b92fbc36831c5d818512b42de21186be1d?s=96&d=mm&r=g","url":"https:\/\/secure.gravatar.com\/avatar\/99d5411ba55eda83f73dc1ab2453d7b92fbc36831c5d818512b42de21186be1d?s=96&d=mm&r=g","contentUrl":"https:\/\/secure.gravatar.com\/avatar\/99d5411ba55eda83f73dc1ab2453d7b92fbc36831c5d818512b42de21186be1d?s=96&d=mm&r=g","caption":"annelieostling"},"url":"https:\/\/wp.kristdemokraterna.se\/gavleborg\/author\/annelieostling\/"}]}},"_links":{"self":[{"href":"https:\/\/wp.kristdemokraterna.se\/gavleborg\/wp-json\/wp\/v2\/posts\/1330","targetHints":{"allow":["GET"]}}],"collection":[{"href":"https:\/\/wp.kristdemokraterna.se\/gavleborg\/wp-json\/wp\/v2\/posts"}],"about":[{"href":"https:\/\/wp.kristdemokraterna.se\/gavleborg\/wp-json\/wp\/v2\/types\/post"}],"author":[{"embeddable":true,"href":"https:\/\/wp.kristdemokraterna.se\/gavleborg\/wp-json\/wp\/v2\/users\/976"}],"replies":[{"embeddable":true,"href":"https:\/\/wp.kristdemokraterna.se\/gavleborg\/wp-json\/wp\/v2\/comments?post=1330"}],"version-history":[{"count":1,"href":"https:\/\/wp.kristdemokraterna.se\/gavleborg\/wp-json\/wp\/v2\/posts\/1330\/revisions"}],"predecessor-version":[{"id":1332,"href":"https:\/\/wp.kristdemokraterna.se\/gavleborg\/wp-json\/wp\/v2\/posts\/1330\/revisions\/1332"}],"wp:attachment":[{"href":"https:\/\/wp.kristdemokraterna.se\/gavleborg\/wp-json\/wp\/v2\/media?parent=1330"}],"wp:term":[{"taxonomy":"category","embeddable":true,"href":"https:\/\/wp.kristdemokraterna.se\/gavleborg\/wp-json\/wp\/v2\/categories?post=1330"},{"taxonomy":"post_tag","embeddable":true,"href":"https:\/\/wp.kristdemokraterna.se\/gavleborg\/wp-json\/wp\/v2\/tags?post=1330"}],"curies":[{"name":"wp","href":"https:\/\/api.w.org\/{rel}","templated":true}]}}