{"id":1334,"date":"2025-08-15T15:30:30","date_gmt":"2025-08-15T13:30:30","guid":{"rendered":"https:\/\/wp.kristdemokraterna.se\/gavleborg\/?p=1334"},"modified":"2025-08-15T15:30:30","modified_gmt":"2025-08-15T13:30:30","slug":"lagg-svenskt-pa-grillen-och-investera-i-skyddet-av-vart-land","status":"publish","type":"post","link":"https:\/\/wp.kristdemokraterna.se\/gavleborg\/lagg-svenskt-pa-grillen-och-investera-i-skyddet-av-vart-land\/","title":{"rendered":"L\u00e4gg svenskt p\u00e5 grillen \u2013 och investera i skyddet av v\u00e5rt land"},"content":{"rendered":"<p>F\u00e5 saker f\u00f6rgyller sommaren lika mycket som att samlas vid grillen. Om du inte redan g\u00f6r det \u2013 se till att v\u00e4lja svenska r\u00e5varor. N\u00e4r du gynnar v\u00e5ra b\u00f6nder f\u00e5r du inte bara varor av h\u00f6g kvalitet, du investerar ocks\u00e5 i v\u00e5rt lands trygghet.<\/p>\n<p>De senaste \u00e5rens kriser och krig har tydliggjort att svensk livsmedelsproduktion m\u00e5ste upp. Tillg\u00e5ngen till mat \u00e4r fundamental f\u00f6r s\u00e4kerheten. Den mat vi inte producerar n\u00e4r allt \u00e4r frid och fr\u00f6jd, kommer vi definitivt heller inte kunna producera i tider av kris och ytterst krig.<\/p>\n<p>Politiken har ett ansvar. Fr\u00e5n Kristdemokraternas och regeringens sida har vi d\u00e4rf\u00f6r uppdaterat den nationella livsmedelsstrategin med mer fokus p\u00e5 \u00f6kad produktion.<\/p>\n<p>Vi h\u00e5ller nere produktionskostnader genom s\u00e4nkt reduktionsplikt och l\u00e5g jordbruksdieselskatt. Vi \u00f6kar st\u00f6det till svenska b\u00f6nder genom att tillf\u00f6ra 746 miljoner kronor i Sveriges strategiska plan. Och vi synar regelverk. Ett exempel: Vi har nyligen tagit steg mot att till\u00e5ta anv\u00e4ndning av virtuella elst\u00e4ngsel, vilket kan underl\u00e4tta f\u00f6r nya betesmarker att tas i bruk.<\/p>\n<p>Fler insatser beh\u00f6vs \u2013 och \u00e4r p\u00e5 g\u00e5ng.<\/p>\n<p>Men framtidens produktion kommer alltid vara beroende av hur var och en av oss agerar som konsumenter. Det finns m\u00e5nga f\u00f6rdelar med att v\u00e4lja svenskt. Du fr\u00e4mjar tillv\u00e4xt, export och jobb p\u00e5 landsbygden. Djurv\u00e4lf\u00e4rden \u00e4r h\u00f6g och antibiotikaanv\u00e4ndningen inom djurh\u00e5llningen \u00e4r ansvarsfullast i EU \u2013 det finns l\u00e4nder som har upp till 40 g\u00e5nger s\u00e5 h\u00f6g antibiotikaanv\u00e4ndning som Sverige. Inom odlingen har svenska b\u00f6nder och tr\u00e4dg\u00e5rdsf\u00f6retag under m\u00e5nga \u00e5r jobbat med att minimera milj\u00f6p\u00e5verkan genom allt ifr\u00e5n kemikaliehantering till v\u00e4xtf\u00f6ljder och teknik.<\/p>\n<p>S\u00e5 g\u00f6r dig sj\u00e4lv och svensk s\u00e4kerhet en tj\u00e4nst n\u00e4r du grillar i sommar. L\u00e4gg svenskt p\u00e5 grillen.<\/p>\n<p>&nbsp;<\/p>\n<p>Peter Kullgren, Landsbygdsminister (KD)<\/p>\n<p>Lili Andr\u00e9, Riksdagsledamot (KD)<\/p>\n<p>Jennie Forsblom, Regionr\u00e5d (KD)<\/p>\n<p>Tomas Djurhed, (KD) G\u00e4vle<\/p>\n<p>Alf Persson, Kommunpolitiker (KD) Hofors<\/p>\n<p>Jonny Lindblom, Vice ordf\u00f6rande (KD) Ockelbo<\/p>\n<p>Jeanette Fors\u00e9n, Ordf\u00f6rande (KD) Sandviken<\/p>\n<p>Magnus H\u00e4gglund, Lantbrukare (KD) Bolln\u00e4s<\/p>\n<p>Gunnar Cansl\u00e4tt, Ordf\u00f6rande (KD) Hudiksvall<\/p>\n<p>Nicklas Haglund, Kommunpolitiker (KD) Ljusdal<\/p>\n<p>Andreas Kissner, Ordf\u00f6rande (KD) Ovan\u00e5ker<\/p>\n<p>Olle Persson, Ordf\u00f6rande (KD) S\u00f6derhamn<\/p>\n","protected":false},"excerpt":{"rendered":"<p>F\u00e5 saker f\u00f6rgyller sommaren lika mycket som att samlas vid grillen. Om du inte redan g\u00f6r det \u2013 se till att v\u00e4lja svenska r\u00e5varor. N\u00e4r du gynnar v\u00e5ra b\u00f6nder f\u00e5r du inte bara varor av h\u00f6g kvalitet, du investerar ocks\u00e5 i v\u00e5rt lands trygghet. De senaste \u00e5rens kriser och krig har tydliggjort att svensk livsmedelsproduktion <a class=\"read-more-link\" href=\"https:\/\/wp.kristdemokraterna.se\/gavleborg\/lagg-svenskt-pa-grillen-och-investera-i-skyddet-av-vart-land\/\">L\u00e4s mer<\/a><\/p>\n","protected":false},"author":976,"featured_media":0,"comment_status":"closed","ping_status":"closed","sticky":false,"template":"","format":"standard","meta":{"_acf_changed":false,"footnotes":""},"categories":[30,21,31,25],"tags":[],"class_list":["post-1334","post","type-post","status-publish","format-standard","hentry","category-alla-nyheter","category-debattartiklar","category-inlagg","category-nyheter"],"acf":[],"yoast_head":"<!-- This site is optimized with the Yoast SEO plugin v27.4 - https:\/\/yoast.com\/product\/yoast-seo-wordpress\/ -->\n<title>L\u00e4gg svenskt p\u00e5 grillen \u2013 och investera i skyddet av v\u00e5rt land - Kristdemokraterna G\u00e4vleborg<\/title>\n<meta name=\"robots\" content=\"index, follow, max-snippet:-1, max-image-preview:large, max-video-preview:-1\" \/>\n<link rel=\"canonical\" href=\"https:\/\/wp.kristdemokraterna.se\/gavleborg\/lagg-svenskt-pa-grillen-och-investera-i-skyddet-av-vart-land\/\" \/>\n<meta property=\"og:locale\" content=\"sv_SE\" \/>\n<meta property=\"og:type\" content=\"article\" \/>\n<meta property=\"og:title\" content=\"L\u00e4gg svenskt p\u00e5 grillen \u2013 och investera i skyddet av v\u00e5rt land - Kristdemokraterna G\u00e4vleborg\" \/>\n<meta property=\"og:description\" content=\"F\u00e5 saker f\u00f6rgyller sommaren lika mycket som att samlas vid grillen. Om du inte redan g\u00f6r det \u2013 se till att v\u00e4lja svenska r\u00e5varor. N\u00e4r du gynnar v\u00e5ra b\u00f6nder f\u00e5r du inte bara varor av h\u00f6g kvalitet, du investerar ocks\u00e5 i v\u00e5rt lands trygghet. De senaste \u00e5rens kriser och krig har tydliggjort att svensk livsmedelsproduktion L\u00e4s mer\" \/>\n<meta property=\"og:url\" content=\"https:\/\/wp.kristdemokraterna.se\/gavleborg\/lagg-svenskt-pa-grillen-och-investera-i-skyddet-av-vart-land\/\" \/>\n<meta property=\"og:site_name\" content=\"Kristdemokraterna G\u00e4vleborg\" \/>\n<meta property=\"article:published_time\" content=\"2025-08-15T13:30:30+00:00\" \/>\n<meta name=\"author\" content=\"annelieostling\" \/>\n<meta name=\"twitter:card\" content=\"summary_large_image\" \/>\n<meta name=\"twitter:label1\" content=\"Skriven av\" \/>\n\t<meta name=\"twitter:data1\" content=\"annelieostling\" \/>\n\t<meta name=\"twitter:label2\" content=\"Ber\u00e4knad l\u00e4stid\" \/>\n\t<meta name=\"twitter:data2\" content=\"2 minuter\" \/>\n<script type=\"application\/ld+json\" class=\"yoast-schema-graph\">{\"@context\":\"https:\\\/\\\/schema.org\",\"@graph\":[{\"@type\":\"Article\",\"@id\":\"https:\\\/\\\/wp.kristdemokraterna.se\\\/gavleborg\\\/lagg-svenskt-pa-grillen-och-investera-i-skyddet-av-vart-land\\\/#article\",\"isPartOf\":{\"@id\":\"https:\\\/\\\/wp.kristdemokraterna.se\\\/gavleborg\\\/lagg-svenskt-pa-grillen-och-investera-i-skyddet-av-vart-land\\\/\"},\"author\":{\"name\":\"annelieostling\",\"@id\":\"https:\\\/\\\/wp.kristdemokraterna.se\\\/gavleborg\\\/#\\\/schema\\\/person\\\/bc74b1c510a5c9e1fa45a63a3709916d\"},\"headline\":\"L\u00e4gg svenskt p\u00e5 grillen \u2013 och investera i skyddet av v\u00e5rt land\",\"datePublished\":\"2025-08-15T13:30:30+00:00\",\"mainEntityOfPage\":{\"@id\":\"https:\\\/\\\/wp.kristdemokraterna.se\\\/gavleborg\\\/lagg-svenskt-pa-grillen-och-investera-i-skyddet-av-vart-land\\\/\"},\"wordCount\":414,\"articleSection\":[\"Alla nyheter\",\"Debattartiklar\",\"Inl\u00e4gg\",\"Nyheter\"],\"inLanguage\":\"sv-SE\"},{\"@type\":\"WebPage\",\"@id\":\"https:\\\/\\\/wp.kristdemokraterna.se\\\/gavleborg\\\/lagg-svenskt-pa-grillen-och-investera-i-skyddet-av-vart-land\\\/\",\"url\":\"https:\\\/\\\/wp.kristdemokraterna.se\\\/gavleborg\\\/lagg-svenskt-pa-grillen-och-investera-i-skyddet-av-vart-land\\\/\",\"name\":\"L\u00e4gg svenskt p\u00e5 grillen \u2013 och investera i skyddet av v\u00e5rt land - Kristdemokraterna G\u00e4vleborg\",\"isPartOf\":{\"@id\":\"https:\\\/\\\/wp.kristdemokraterna.se\\\/gavleborg\\\/#website\"},\"datePublished\":\"2025-08-15T13:30:30+00:00\",\"author\":{\"@id\":\"https:\\\/\\\/wp.kristdemokraterna.se\\\/gavleborg\\\/#\\\/schema\\\/person\\\/bc74b1c510a5c9e1fa45a63a3709916d\"},\"breadcrumb\":{\"@id\":\"https:\\\/\\\/wp.kristdemokraterna.se\\\/gavleborg\\\/lagg-svenskt-pa-grillen-och-investera-i-skyddet-av-vart-land\\\/#breadcrumb\"},\"inLanguage\":\"sv-SE\",\"potentialAction\":[{\"@type\":\"ReadAction\",\"target\":[\"https:\\\/\\\/wp.kristdemokraterna.se\\\/gavleborg\\\/lagg-svenskt-pa-grillen-och-investera-i-skyddet-av-vart-land\\\/\"]}]},{\"@type\":\"BreadcrumbList\",\"@id\":\"https:\\\/\\\/wp.kristdemokraterna.se\\\/gavleborg\\\/lagg-svenskt-pa-grillen-och-investera-i-skyddet-av-vart-land\\\/#breadcrumb\",\"itemListElement\":[{\"@type\":\"ListItem\",\"position\":1,\"name\":\"Hem\",\"item\":\"https:\\\/\\\/wp.kristdemokraterna.se\\\/gavleborg\\\/\"},{\"@type\":\"ListItem\",\"position\":2,\"name\":\"L\u00e4gg svenskt p\u00e5 grillen \u2013 och investera i skyddet av v\u00e5rt land\"}]},{\"@type\":\"WebSite\",\"@id\":\"https:\\\/\\\/wp.kristdemokraterna.se\\\/gavleborg\\\/#website\",\"url\":\"https:\\\/\\\/wp.kristdemokraterna.se\\\/gavleborg\\\/\",\"name\":\"Kristdemokraterna G\u00e4vleborg\",\"description\":\"Ett tryggare G\u00e4vleborg\",\"inLanguage\":\"sv-SE\"},{\"@type\":\"Person\",\"@id\":\"https:\\\/\\\/wp.kristdemokraterna.se\\\/gavleborg\\\/#\\\/schema\\\/person\\\/bc74b1c510a5c9e1fa45a63a3709916d\",\"name\":\"annelieostling\",\"image\":{\"@type\":\"ImageObject\",\"inLanguage\":\"sv-SE\",\"@id\":\"https:\\\/\\\/secure.gravatar.com\\\/avatar\\\/99d5411ba55eda83f73dc1ab2453d7b92fbc36831c5d818512b42de21186be1d?s=96&d=mm&r=g\",\"url\":\"https:\\\/\\\/secure.gravatar.com\\\/avatar\\\/99d5411ba55eda83f73dc1ab2453d7b92fbc36831c5d818512b42de21186be1d?s=96&d=mm&r=g\",\"contentUrl\":\"https:\\\/\\\/secure.gravatar.com\\\/avatar\\\/99d5411ba55eda83f73dc1ab2453d7b92fbc36831c5d818512b42de21186be1d?s=96&d=mm&r=g\",\"caption\":\"annelieostling\"},\"url\":\"https:\\\/\\\/wp.kristdemokraterna.se\\\/gavleborg\\\/author\\\/annelieostling\\\/\"}]}<\/script>\n<!-- \/ Yoast SEO plugin. -->","yoast_head_json":{"title":"L\u00e4gg svenskt p\u00e5 grillen \u2013 och investera i skyddet av v\u00e5rt land - Kristdemokraterna G\u00e4vleborg","robots":{"index":"index","follow":"follow","max-snippet":"max-snippet:-1","max-image-preview":"max-image-preview:large","max-video-preview":"max-video-preview:-1"},"canonical":"https:\/\/wp.kristdemokraterna.se\/gavleborg\/lagg-svenskt-pa-grillen-och-investera-i-skyddet-av-vart-land\/","og_locale":"sv_SE","og_type":"article","og_title":"L\u00e4gg svenskt p\u00e5 grillen \u2013 och investera i skyddet av v\u00e5rt land - Kristdemokraterna G\u00e4vleborg","og_description":"F\u00e5 saker f\u00f6rgyller sommaren lika mycket som att samlas vid grillen. Om du inte redan g\u00f6r det \u2013 se till att v\u00e4lja svenska r\u00e5varor. N\u00e4r du gynnar v\u00e5ra b\u00f6nder f\u00e5r du inte bara varor av h\u00f6g kvalitet, du investerar ocks\u00e5 i v\u00e5rt lands trygghet. De senaste \u00e5rens kriser och krig har tydliggjort att svensk livsmedelsproduktion L\u00e4s mer","og_url":"https:\/\/wp.kristdemokraterna.se\/gavleborg\/lagg-svenskt-pa-grillen-och-investera-i-skyddet-av-vart-land\/","og_site_name":"Kristdemokraterna G\u00e4vleborg","article_published_time":"2025-08-15T13:30:30+00:00","author":"annelieostling","twitter_card":"summary_large_image","twitter_misc":{"Skriven av":"annelieostling","Ber\u00e4knad l\u00e4stid":"2 minuter"},"schema":{"@context":"https:\/\/schema.org","@graph":[{"@type":"Article","@id":"https:\/\/wp.kristdemokraterna.se\/gavleborg\/lagg-svenskt-pa-grillen-och-investera-i-skyddet-av-vart-land\/#article","isPartOf":{"@id":"https:\/\/wp.kristdemokraterna.se\/gavleborg\/lagg-svenskt-pa-grillen-och-investera-i-skyddet-av-vart-land\/"},"author":{"name":"annelieostling","@id":"https:\/\/wp.kristdemokraterna.se\/gavleborg\/#\/schema\/person\/bc74b1c510a5c9e1fa45a63a3709916d"},"headline":"L\u00e4gg svenskt p\u00e5 grillen \u2013 och investera i skyddet av v\u00e5rt land","datePublished":"2025-08-15T13:30:30+00:00","mainEntityOfPage":{"@id":"https:\/\/wp.kristdemokraterna.se\/gavleborg\/lagg-svenskt-pa-grillen-och-investera-i-skyddet-av-vart-land\/"},"wordCount":414,"articleSection":["Alla nyheter","Debattartiklar","Inl\u00e4gg","Nyheter"],"inLanguage":"sv-SE"},{"@type":"WebPage","@id":"https:\/\/wp.kristdemokraterna.se\/gavleborg\/lagg-svenskt-pa-grillen-och-investera-i-skyddet-av-vart-land\/","url":"https:\/\/wp.kristdemokraterna.se\/gavleborg\/lagg-svenskt-pa-grillen-och-investera-i-skyddet-av-vart-land\/","name":"L\u00e4gg svenskt p\u00e5 grillen \u2013 och investera i skyddet av v\u00e5rt land - Kristdemokraterna G\u00e4vleborg","isPartOf":{"@id":"https:\/\/wp.kristdemokraterna.se\/gavleborg\/#website"},"datePublished":"2025-08-15T13:30:30+00:00","author":{"@id":"https:\/\/wp.kristdemokraterna.se\/gavleborg\/#\/schema\/person\/bc74b1c510a5c9e1fa45a63a3709916d"},"breadcrumb":{"@id":"https:\/\/wp.kristdemokraterna.se\/gavleborg\/lagg-svenskt-pa-grillen-och-investera-i-skyddet-av-vart-land\/#breadcrumb"},"inLanguage":"sv-SE","potentialAction":[{"@type":"ReadAction","target":["https:\/\/wp.kristdemokraterna.se\/gavleborg\/lagg-svenskt-pa-grillen-och-investera-i-skyddet-av-vart-land\/"]}]},{"@type":"BreadcrumbList","@id":"https:\/\/wp.kristdemokraterna.se\/gavleborg\/lagg-svenskt-pa-grillen-och-investera-i-skyddet-av-vart-land\/#breadcrumb","itemListElement":[{"@type":"ListItem","position":1,"name":"Hem","item":"https:\/\/wp.kristdemokraterna.se\/gavleborg\/"},{"@type":"ListItem","position":2,"name":"L\u00e4gg svenskt p\u00e5 grillen \u2013 och investera i skyddet av v\u00e5rt land"}]},{"@type":"WebSite","@id":"https:\/\/wp.kristdemokraterna.se\/gavleborg\/#website","url":"https:\/\/wp.kristdemokraterna.se\/gavleborg\/","name":"Kristdemokraterna G\u00e4vleborg","description":"Ett tryggare G\u00e4vleborg","inLanguage":"sv-SE"},{"@type":"Person","@id":"https:\/\/wp.kristdemokraterna.se\/gavleborg\/#\/schema\/person\/bc74b1c510a5c9e1fa45a63a3709916d","name":"annelieostling","image":{"@type":"ImageObject","inLanguage":"sv-SE","@id":"https:\/\/secure.gravatar.com\/avatar\/99d5411ba55eda83f73dc1ab2453d7b92fbc36831c5d818512b42de21186be1d?s=96&d=mm&r=g","url":"https:\/\/secure.gravatar.com\/avatar\/99d5411ba55eda83f73dc1ab2453d7b92fbc36831c5d818512b42de21186be1d?s=96&d=mm&r=g","contentUrl":"https:\/\/secure.gravatar.com\/avatar\/99d5411ba55eda83f73dc1ab2453d7b92fbc36831c5d818512b42de21186be1d?s=96&d=mm&r=g","caption":"annelieostling"},"url":"https:\/\/wp.kristdemokraterna.se\/gavleborg\/author\/annelieostling\/"}]}},"_links":{"self":[{"href":"https:\/\/wp.kristdemokraterna.se\/gavleborg\/wp-json\/wp\/v2\/posts\/1334","targetHints":{"allow":["GET"]}}],"collection":[{"href":"https:\/\/wp.kristdemokraterna.se\/gavleborg\/wp-json\/wp\/v2\/posts"}],"about":[{"href":"https:\/\/wp.kristdemokraterna.se\/gavleborg\/wp-json\/wp\/v2\/types\/post"}],"author":[{"embeddable":true,"href":"https:\/\/wp.kristdemokraterna.se\/gavleborg\/wp-json\/wp\/v2\/users\/976"}],"replies":[{"embeddable":true,"href":"https:\/\/wp.kristdemokraterna.se\/gavleborg\/wp-json\/wp\/v2\/comments?post=1334"}],"version-history":[{"count":1,"href":"https:\/\/wp.kristdemokraterna.se\/gavleborg\/wp-json\/wp\/v2\/posts\/1334\/revisions"}],"predecessor-version":[{"id":1335,"href":"https:\/\/wp.kristdemokraterna.se\/gavleborg\/wp-json\/wp\/v2\/posts\/1334\/revisions\/1335"}],"wp:attachment":[{"href":"https:\/\/wp.kristdemokraterna.se\/gavleborg\/wp-json\/wp\/v2\/media?parent=1334"}],"wp:term":[{"taxonomy":"category","embeddable":true,"href":"https:\/\/wp.kristdemokraterna.se\/gavleborg\/wp-json\/wp\/v2\/categories?post=1334"},{"taxonomy":"post_tag","embeddable":true,"href":"https:\/\/wp.kristdemokraterna.se\/gavleborg\/wp-json\/wp\/v2\/tags?post=1334"}],"curies":[{"name":"wp","href":"https:\/\/api.w.org\/{rel}","templated":true}]}}