{"id":1336,"date":"2025-08-15T15:34:12","date_gmt":"2025-08-15T13:34:12","guid":{"rendered":"https:\/\/wp.kristdemokraterna.se\/gavleborg\/?p=1336"},"modified":"2025-08-15T15:34:12","modified_gmt":"2025-08-15T13:34:12","slug":"tvinga-inte-trearingar-fran-sina-foraldrar","status":"publish","type":"post","link":"https:\/\/wp.kristdemokraterna.se\/gavleborg\/tvinga-inte-trearingar-fran-sina-foraldrar\/","title":{"rendered":"Tvinga inte tre\u00e5ringar fr\u00e5n sina f\u00f6r\u00e4ldrar"},"content":{"rendered":"<p>Sveriges barnfamiljer beh\u00f6ver mer frihet, mer tid och mer f\u00f6rtroende. Men g\u00e5ng p\u00e5 g\u00e5ng dyker f\u00f6rslag upp som ist\u00e4llet andas misstro, pekpinnar och tv\u00e5ng.<\/p>\n<p>Senast i raden \u00e4r Liberalernas utredare som vill g\u00f6ra f\u00f6rskolan obligatorisk fr\u00e5n tre \u00e5rs \u00e5lder, 30 timmar i veckan. Den nationella samordnaren f\u00f6r integration, Gulan Avci, menar att syftet \u00e4r att st\u00e4rka barns spr\u00e5kkunskaper och bryta segregationen. En s\u00e5n reform riskerar att h\u00e4mma den trygga relationen mellan sm\u00e5 barn och deras f\u00f6r\u00e4ldrar.<\/p>\n<p>Vi Kristdemokrater s\u00e4ger tydligt nej. F\u00f6r vi vet att det \u00e4r f\u00f6r\u00e4ldrarna, inte staten, som ger barn den trygghet de beh\u00f6ver f\u00f6r att v\u00e4xa. F\u00f6rskolan \u00e4r en viktig resurs, men den passar inte f\u00f6r alla barn under de allra f\u00f6rsta \u00e5ren.<\/p>\n<p>Valfriheten \u00e4r avg\u00f6rande. Alla barn \u00e4r inte lika. Alla familjer har inte samma behov. Att tvinga in alla i en statlig mall \u00e4r att blunda f\u00f6r livets olikheter.<\/p>\n<p>Samtidigt vet vi att f\u00f6rskolan redan idag \u00e4r h\u00e5rt pressad, med stora barngrupper och personal som sliter h\u00e5rt. Att g\u00f6ra den obligatorisk utan att f\u00f6rst l\u00f6sa dessa problem \u00e4r b\u00e5de oansvarigt och att b\u00f6rja i fel \u00e4nde. En stor barngrupp med h\u00f6g ljudvolym kan knappast vara en milj\u00f6 att f\u00f6redra f\u00f6r de barn som egentligen beh\u00f6ver n\u00e4rhet, spr\u00e5kstimulans och trygg anknytning.<\/p>\n<p>Redan under 1930-talet formade Alva och Gunnar Myrdal folkhemmets id\u00e9er om en stark stat som skulle ta \u00f6ver ansvaret f\u00f6r barnens fostran, i b\u00e5de teori och praktik. \u00c4ven d\u00e5 var ambitionerna goda, d\u00e5 barn skulle r\u00e4ddas fr\u00e5n fattigdom. Men priset att betala var att staten l\u00e5ngsamt tr\u00e4dde in i familjens innersta rum. Nu, 90 \u00e5r senare, tycks Liberalerna vilja \u00e5teruppliva denna anda.<\/p>\n<p>Vad vi ist\u00e4llet beh\u00f6ver \u00e4r riktade insatser till de barn som faktiskt riskerar att halka efter, inte tv\u00e5ng f\u00f6r alla att tryckas in i en och samma f\u00e5lla. L\u00e5t oss satsa p\u00e5 riktade spr\u00e5kf\u00f6rskolor d\u00e4r behov finns, f\u00f6rst\u00e4rkt f\u00f6r\u00e4ldrast\u00f6d och hembes\u00f6k. Framf\u00f6rallt beh\u00f6ver vi lyssna p\u00e5 familjerna sj\u00e4lva.<\/p>\n<p>F\u00f6r trygghet b\u00f6rjar inte i regelverk, utan i relationer. I tilliten mellan barn och f\u00f6r\u00e4ldrar. Barn beh\u00f6ver tid i f\u00f6r\u00e4lderns famn, lugna morgnar hemma och sagor l\u00e4sta vid k\u00f6ksbordet<\/p>\n<p>Kristdemokraterna har alltid st\u00e5tt upp f\u00f6r familjens r\u00e4tt och dess plats som grundpelare i samh\u00e4llet. Vi kommer aldrig medverka till en politik d\u00e4r staten tar \u00f6ver f\u00f6r\u00e4ldraskapet. Vi s\u00e4ger nej till obligatorisk f\u00f6rskola fr\u00e5n 3 \u00e5r.<\/p>\n<p>Ebba Busch, Partiledare (KD)<\/p>\n<p>Mathias Bengtsson, Utbildningspolitisk talesperson (KD)<\/p>\n<p>Lili Andr\u00e9, Riksdagsledamot (KD)<\/p>\n<p>Matilda Elmebo, (KD) G\u00e4vle<\/p>\n<p>Alf Persson, Kommunpolitiker (KD) Hofors<\/p>\n<p>Joel Str\u00f6mner, (KD) Ockelbo<\/p>\n<p>Rebekka Markstr\u00f6m, Vice ordf\u00f6rande (KD) Sandviken<\/p>\n","protected":false},"excerpt":{"rendered":"<p>Sveriges barnfamiljer beh\u00f6ver mer frihet, mer tid och mer f\u00f6rtroende. Men g\u00e5ng p\u00e5 g\u00e5ng dyker f\u00f6rslag upp som ist\u00e4llet andas misstro, pekpinnar och tv\u00e5ng. Senast i raden \u00e4r Liberalernas utredare som vill g\u00f6ra f\u00f6rskolan obligatorisk fr\u00e5n tre \u00e5rs \u00e5lder, 30 timmar i veckan. Den nationella samordnaren f\u00f6r integration, Gulan Avci, menar att syftet \u00e4r att <a class=\"read-more-link\" href=\"https:\/\/wp.kristdemokraterna.se\/gavleborg\/tvinga-inte-trearingar-fran-sina-foraldrar\/\">L\u00e4s mer<\/a><\/p>\n","protected":false},"author":976,"featured_media":0,"comment_status":"closed","ping_status":"closed","sticky":false,"template":"","format":"standard","meta":{"_acf_changed":false,"footnotes":""},"categories":[30,21,31,25],"tags":[],"class_list":["post-1336","post","type-post","status-publish","format-standard","hentry","category-alla-nyheter","category-debattartiklar","category-inlagg","category-nyheter"],"acf":[],"yoast_head":"<!-- This site is optimized with the Yoast SEO plugin v27.4 - https:\/\/yoast.com\/product\/yoast-seo-wordpress\/ -->\n<title>Tvinga inte tre\u00e5ringar fr\u00e5n sina f\u00f6r\u00e4ldrar - Kristdemokraterna G\u00e4vleborg<\/title>\n<meta name=\"robots\" content=\"index, follow, max-snippet:-1, max-image-preview:large, max-video-preview:-1\" \/>\n<link rel=\"canonical\" href=\"https:\/\/wp.kristdemokraterna.se\/gavleborg\/tvinga-inte-trearingar-fran-sina-foraldrar\/\" \/>\n<meta property=\"og:locale\" content=\"sv_SE\" \/>\n<meta property=\"og:type\" content=\"article\" \/>\n<meta property=\"og:title\" content=\"Tvinga inte tre\u00e5ringar fr\u00e5n sina f\u00f6r\u00e4ldrar - Kristdemokraterna G\u00e4vleborg\" \/>\n<meta property=\"og:description\" content=\"Sveriges barnfamiljer beh\u00f6ver mer frihet, mer tid och mer f\u00f6rtroende. Men g\u00e5ng p\u00e5 g\u00e5ng dyker f\u00f6rslag upp som ist\u00e4llet andas misstro, pekpinnar och tv\u00e5ng. Senast i raden \u00e4r Liberalernas utredare som vill g\u00f6ra f\u00f6rskolan obligatorisk fr\u00e5n tre \u00e5rs \u00e5lder, 30 timmar i veckan. Den nationella samordnaren f\u00f6r integration, Gulan Avci, menar att syftet \u00e4r att L\u00e4s mer\" \/>\n<meta property=\"og:url\" content=\"https:\/\/wp.kristdemokraterna.se\/gavleborg\/tvinga-inte-trearingar-fran-sina-foraldrar\/\" \/>\n<meta property=\"og:site_name\" content=\"Kristdemokraterna G\u00e4vleborg\" \/>\n<meta property=\"article:published_time\" content=\"2025-08-15T13:34:12+00:00\" \/>\n<meta name=\"author\" content=\"annelieostling\" \/>\n<meta name=\"twitter:card\" content=\"summary_large_image\" \/>\n<meta name=\"twitter:label1\" content=\"Skriven av\" \/>\n\t<meta name=\"twitter:data1\" content=\"annelieostling\" \/>\n\t<meta name=\"twitter:label2\" content=\"Ber\u00e4knad l\u00e4stid\" \/>\n\t<meta name=\"twitter:data2\" content=\"3 minuter\" \/>\n<script type=\"application\/ld+json\" class=\"yoast-schema-graph\">{\"@context\":\"https:\\\/\\\/schema.org\",\"@graph\":[{\"@type\":\"Article\",\"@id\":\"https:\\\/\\\/wp.kristdemokraterna.se\\\/gavleborg\\\/tvinga-inte-trearingar-fran-sina-foraldrar\\\/#article\",\"isPartOf\":{\"@id\":\"https:\\\/\\\/wp.kristdemokraterna.se\\\/gavleborg\\\/tvinga-inte-trearingar-fran-sina-foraldrar\\\/\"},\"author\":{\"name\":\"annelieostling\",\"@id\":\"https:\\\/\\\/wp.kristdemokraterna.se\\\/gavleborg\\\/#\\\/schema\\\/person\\\/bc74b1c510a5c9e1fa45a63a3709916d\"},\"headline\":\"Tvinga inte tre\u00e5ringar fr\u00e5n sina f\u00f6r\u00e4ldrar\",\"datePublished\":\"2025-08-15T13:34:12+00:00\",\"mainEntityOfPage\":{\"@id\":\"https:\\\/\\\/wp.kristdemokraterna.se\\\/gavleborg\\\/tvinga-inte-trearingar-fran-sina-foraldrar\\\/\"},\"wordCount\":511,\"articleSection\":[\"Alla nyheter\",\"Debattartiklar\",\"Inl\u00e4gg\",\"Nyheter\"],\"inLanguage\":\"sv-SE\"},{\"@type\":\"WebPage\",\"@id\":\"https:\\\/\\\/wp.kristdemokraterna.se\\\/gavleborg\\\/tvinga-inte-trearingar-fran-sina-foraldrar\\\/\",\"url\":\"https:\\\/\\\/wp.kristdemokraterna.se\\\/gavleborg\\\/tvinga-inte-trearingar-fran-sina-foraldrar\\\/\",\"name\":\"Tvinga inte tre\u00e5ringar fr\u00e5n sina f\u00f6r\u00e4ldrar - Kristdemokraterna G\u00e4vleborg\",\"isPartOf\":{\"@id\":\"https:\\\/\\\/wp.kristdemokraterna.se\\\/gavleborg\\\/#website\"},\"datePublished\":\"2025-08-15T13:34:12+00:00\",\"author\":{\"@id\":\"https:\\\/\\\/wp.kristdemokraterna.se\\\/gavleborg\\\/#\\\/schema\\\/person\\\/bc74b1c510a5c9e1fa45a63a3709916d\"},\"breadcrumb\":{\"@id\":\"https:\\\/\\\/wp.kristdemokraterna.se\\\/gavleborg\\\/tvinga-inte-trearingar-fran-sina-foraldrar\\\/#breadcrumb\"},\"inLanguage\":\"sv-SE\",\"potentialAction\":[{\"@type\":\"ReadAction\",\"target\":[\"https:\\\/\\\/wp.kristdemokraterna.se\\\/gavleborg\\\/tvinga-inte-trearingar-fran-sina-foraldrar\\\/\"]}]},{\"@type\":\"BreadcrumbList\",\"@id\":\"https:\\\/\\\/wp.kristdemokraterna.se\\\/gavleborg\\\/tvinga-inte-trearingar-fran-sina-foraldrar\\\/#breadcrumb\",\"itemListElement\":[{\"@type\":\"ListItem\",\"position\":1,\"name\":\"Hem\",\"item\":\"https:\\\/\\\/wp.kristdemokraterna.se\\\/gavleborg\\\/\"},{\"@type\":\"ListItem\",\"position\":2,\"name\":\"Tvinga inte tre\u00e5ringar fr\u00e5n sina f\u00f6r\u00e4ldrar\"}]},{\"@type\":\"WebSite\",\"@id\":\"https:\\\/\\\/wp.kristdemokraterna.se\\\/gavleborg\\\/#website\",\"url\":\"https:\\\/\\\/wp.kristdemokraterna.se\\\/gavleborg\\\/\",\"name\":\"Kristdemokraterna G\u00e4vleborg\",\"description\":\"Ett tryggare G\u00e4vleborg\",\"inLanguage\":\"sv-SE\"},{\"@type\":\"Person\",\"@id\":\"https:\\\/\\\/wp.kristdemokraterna.se\\\/gavleborg\\\/#\\\/schema\\\/person\\\/bc74b1c510a5c9e1fa45a63a3709916d\",\"name\":\"annelieostling\",\"image\":{\"@type\":\"ImageObject\",\"inLanguage\":\"sv-SE\",\"@id\":\"https:\\\/\\\/secure.gravatar.com\\\/avatar\\\/99d5411ba55eda83f73dc1ab2453d7b92fbc36831c5d818512b42de21186be1d?s=96&d=mm&r=g\",\"url\":\"https:\\\/\\\/secure.gravatar.com\\\/avatar\\\/99d5411ba55eda83f73dc1ab2453d7b92fbc36831c5d818512b42de21186be1d?s=96&d=mm&r=g\",\"contentUrl\":\"https:\\\/\\\/secure.gravatar.com\\\/avatar\\\/99d5411ba55eda83f73dc1ab2453d7b92fbc36831c5d818512b42de21186be1d?s=96&d=mm&r=g\",\"caption\":\"annelieostling\"},\"url\":\"https:\\\/\\\/wp.kristdemokraterna.se\\\/gavleborg\\\/author\\\/annelieostling\\\/\"}]}<\/script>\n<!-- \/ Yoast SEO plugin. -->","yoast_head_json":{"title":"Tvinga inte tre\u00e5ringar fr\u00e5n sina f\u00f6r\u00e4ldrar - Kristdemokraterna G\u00e4vleborg","robots":{"index":"index","follow":"follow","max-snippet":"max-snippet:-1","max-image-preview":"max-image-preview:large","max-video-preview":"max-video-preview:-1"},"canonical":"https:\/\/wp.kristdemokraterna.se\/gavleborg\/tvinga-inte-trearingar-fran-sina-foraldrar\/","og_locale":"sv_SE","og_type":"article","og_title":"Tvinga inte tre\u00e5ringar fr\u00e5n sina f\u00f6r\u00e4ldrar - Kristdemokraterna G\u00e4vleborg","og_description":"Sveriges barnfamiljer beh\u00f6ver mer frihet, mer tid och mer f\u00f6rtroende. Men g\u00e5ng p\u00e5 g\u00e5ng dyker f\u00f6rslag upp som ist\u00e4llet andas misstro, pekpinnar och tv\u00e5ng. Senast i raden \u00e4r Liberalernas utredare som vill g\u00f6ra f\u00f6rskolan obligatorisk fr\u00e5n tre \u00e5rs \u00e5lder, 30 timmar i veckan. Den nationella samordnaren f\u00f6r integration, Gulan Avci, menar att syftet \u00e4r att L\u00e4s mer","og_url":"https:\/\/wp.kristdemokraterna.se\/gavleborg\/tvinga-inte-trearingar-fran-sina-foraldrar\/","og_site_name":"Kristdemokraterna G\u00e4vleborg","article_published_time":"2025-08-15T13:34:12+00:00","author":"annelieostling","twitter_card":"summary_large_image","twitter_misc":{"Skriven av":"annelieostling","Ber\u00e4knad l\u00e4stid":"3 minuter"},"schema":{"@context":"https:\/\/schema.org","@graph":[{"@type":"Article","@id":"https:\/\/wp.kristdemokraterna.se\/gavleborg\/tvinga-inte-trearingar-fran-sina-foraldrar\/#article","isPartOf":{"@id":"https:\/\/wp.kristdemokraterna.se\/gavleborg\/tvinga-inte-trearingar-fran-sina-foraldrar\/"},"author":{"name":"annelieostling","@id":"https:\/\/wp.kristdemokraterna.se\/gavleborg\/#\/schema\/person\/bc74b1c510a5c9e1fa45a63a3709916d"},"headline":"Tvinga inte tre\u00e5ringar fr\u00e5n sina f\u00f6r\u00e4ldrar","datePublished":"2025-08-15T13:34:12+00:00","mainEntityOfPage":{"@id":"https:\/\/wp.kristdemokraterna.se\/gavleborg\/tvinga-inte-trearingar-fran-sina-foraldrar\/"},"wordCount":511,"articleSection":["Alla nyheter","Debattartiklar","Inl\u00e4gg","Nyheter"],"inLanguage":"sv-SE"},{"@type":"WebPage","@id":"https:\/\/wp.kristdemokraterna.se\/gavleborg\/tvinga-inte-trearingar-fran-sina-foraldrar\/","url":"https:\/\/wp.kristdemokraterna.se\/gavleborg\/tvinga-inte-trearingar-fran-sina-foraldrar\/","name":"Tvinga inte tre\u00e5ringar fr\u00e5n sina f\u00f6r\u00e4ldrar - Kristdemokraterna G\u00e4vleborg","isPartOf":{"@id":"https:\/\/wp.kristdemokraterna.se\/gavleborg\/#website"},"datePublished":"2025-08-15T13:34:12+00:00","author":{"@id":"https:\/\/wp.kristdemokraterna.se\/gavleborg\/#\/schema\/person\/bc74b1c510a5c9e1fa45a63a3709916d"},"breadcrumb":{"@id":"https:\/\/wp.kristdemokraterna.se\/gavleborg\/tvinga-inte-trearingar-fran-sina-foraldrar\/#breadcrumb"},"inLanguage":"sv-SE","potentialAction":[{"@type":"ReadAction","target":["https:\/\/wp.kristdemokraterna.se\/gavleborg\/tvinga-inte-trearingar-fran-sina-foraldrar\/"]}]},{"@type":"BreadcrumbList","@id":"https:\/\/wp.kristdemokraterna.se\/gavleborg\/tvinga-inte-trearingar-fran-sina-foraldrar\/#breadcrumb","itemListElement":[{"@type":"ListItem","position":1,"name":"Hem","item":"https:\/\/wp.kristdemokraterna.se\/gavleborg\/"},{"@type":"ListItem","position":2,"name":"Tvinga inte tre\u00e5ringar fr\u00e5n sina f\u00f6r\u00e4ldrar"}]},{"@type":"WebSite","@id":"https:\/\/wp.kristdemokraterna.se\/gavleborg\/#website","url":"https:\/\/wp.kristdemokraterna.se\/gavleborg\/","name":"Kristdemokraterna G\u00e4vleborg","description":"Ett tryggare G\u00e4vleborg","inLanguage":"sv-SE"},{"@type":"Person","@id":"https:\/\/wp.kristdemokraterna.se\/gavleborg\/#\/schema\/person\/bc74b1c510a5c9e1fa45a63a3709916d","name":"annelieostling","image":{"@type":"ImageObject","inLanguage":"sv-SE","@id":"https:\/\/secure.gravatar.com\/avatar\/99d5411ba55eda83f73dc1ab2453d7b92fbc36831c5d818512b42de21186be1d?s=96&d=mm&r=g","url":"https:\/\/secure.gravatar.com\/avatar\/99d5411ba55eda83f73dc1ab2453d7b92fbc36831c5d818512b42de21186be1d?s=96&d=mm&r=g","contentUrl":"https:\/\/secure.gravatar.com\/avatar\/99d5411ba55eda83f73dc1ab2453d7b92fbc36831c5d818512b42de21186be1d?s=96&d=mm&r=g","caption":"annelieostling"},"url":"https:\/\/wp.kristdemokraterna.se\/gavleborg\/author\/annelieostling\/"}]}},"_links":{"self":[{"href":"https:\/\/wp.kristdemokraterna.se\/gavleborg\/wp-json\/wp\/v2\/posts\/1336","targetHints":{"allow":["GET"]}}],"collection":[{"href":"https:\/\/wp.kristdemokraterna.se\/gavleborg\/wp-json\/wp\/v2\/posts"}],"about":[{"href":"https:\/\/wp.kristdemokraterna.se\/gavleborg\/wp-json\/wp\/v2\/types\/post"}],"author":[{"embeddable":true,"href":"https:\/\/wp.kristdemokraterna.se\/gavleborg\/wp-json\/wp\/v2\/users\/976"}],"replies":[{"embeddable":true,"href":"https:\/\/wp.kristdemokraterna.se\/gavleborg\/wp-json\/wp\/v2\/comments?post=1336"}],"version-history":[{"count":1,"href":"https:\/\/wp.kristdemokraterna.se\/gavleborg\/wp-json\/wp\/v2\/posts\/1336\/revisions"}],"predecessor-version":[{"id":1337,"href":"https:\/\/wp.kristdemokraterna.se\/gavleborg\/wp-json\/wp\/v2\/posts\/1336\/revisions\/1337"}],"wp:attachment":[{"href":"https:\/\/wp.kristdemokraterna.se\/gavleborg\/wp-json\/wp\/v2\/media?parent=1336"}],"wp:term":[{"taxonomy":"category","embeddable":true,"href":"https:\/\/wp.kristdemokraterna.se\/gavleborg\/wp-json\/wp\/v2\/categories?post=1336"},{"taxonomy":"post_tag","embeddable":true,"href":"https:\/\/wp.kristdemokraterna.se\/gavleborg\/wp-json\/wp\/v2\/tags?post=1336"}],"curies":[{"name":"wp","href":"https:\/\/api.w.org\/{rel}","templated":true}]}}