{"id":1338,"date":"2025-08-15T15:36:08","date_gmt":"2025-08-15T13:36:08","guid":{"rendered":"https:\/\/wp.kristdemokraterna.se\/gavleborg\/?p=1338"},"modified":"2025-08-15T15:36:08","modified_gmt":"2025-08-15T13:36:08","slug":"det-handlar-om-livet","status":"publish","type":"post","link":"https:\/\/wp.kristdemokraterna.se\/gavleborg\/det-handlar-om-livet\/","title":{"rendered":"Det handlar om livet"},"content":{"rendered":"<p>F\u00f6rra \u00e5ret hade Bris 64 000 st\u00f6dsamtal med barn. Den vanligaste orsaken till kontakt berodde p\u00e5 psykisk oh\u00e4lsa. Kristdemokraterna tar den psykiska oh\u00e4lsan i Sverige p\u00e5 st\u00f6rsta allvar. D\u00e4rf\u00f6r g\u00f6r nu regeringen historiskt stora satsningar p\u00e5 psykisk h\u00e4lsa och psykiatri.<\/p>\n<p>Bara i \u00e5r satsas en miljard kronor p\u00e5 barn- och ungdomspsykiatrin (BUP) och en halv miljard p\u00e5 prim\u00e4rv\u00e5rdens arbete med psykisk h\u00e4lsa. I v\u00e5ras kom en kompletterande satsning p\u00e5 550 miljoner kronor f\u00f6r fler v\u00e5rdplatser, b\u00e4ttre \u00f6verg\u00e5ngar mellan BUP-vuxenpsykiatrin och st\u00e4rkt \u00e4tst\u00f6rningsv\u00e5rd. Ingen annan regering har satsat s\u00e5 mycket. Steg f\u00f6r steg f\u00f6rb\u00e4ttrar vi den psykiatriska v\u00e5rden.<\/p>\n<p>F\u00f6r att v\u00e4nda trenden m\u00e5ste vi ocks\u00e5 arbeta annorlunda. Psykisk oh\u00e4lsa \u00e4r en fr\u00e5ga som r\u00f6r oss alla och d\u00e4r alla kan bidra. I den nationella strategin f\u00f6r psykisk h\u00e4lsa och suicidprevention som regeringen beslutat om ing\u00e5r nu 28 myndigheter som ska arbeta med psykisk h\u00e4lsa och suicidprevention. V\u00e5rt samh\u00e4lle beh\u00f6ver ocks\u00e5 bli b\u00e4ttre p\u00e5 att arbeta med h\u00e4lsofr\u00e4mjande faktorer, att g\u00e5 tillbaka till det grundl\u00e4ggande som relationer, r\u00f6relse och s\u00f6mn.<\/p>\n<p>I h\u00f6st kommer Fritidskortet, f\u00f6r att alla barn 8\u201316 \u00e5r ska f\u00e5 m\u00f6jlighet till en meningsfull fritid i gemenskap med andra. Sveriges f\u00f6rsta nationella strategi mot ensamhet \u00e4r ocks\u00e5 framtagen och vi satsar 100 miljoner kronor \u00e5rligen p\u00e5 idrott i utsatta omr\u00e5den. Vi st\u00e4rker elevh\u00e4lsan och de f\u00f6rebyggande hembes\u00f6ksprogrammen. Vi trycker tillbaka kontrollen som sociala medier-j\u00e4ttarna tagit \u00f6ver barnens liv, st\u00e4ller krav p\u00e5 techbolagen och tar fram sk\u00e4rmrekommendationer. Vi g\u00f6r grundskolan mobilfri. Allt detta samtidigt som vi fokuserar p\u00e5 att korta k\u00f6erna till BUP och \u00f6kar antalet platser i vuxenpsykiatrin.<\/p>\n<p>F\u00f6r det handlar om livet, m\u00f6jligheten att m\u00e5 bra och att se p\u00e5 framtiden med hopp. I detta livsviktiga arbete kommer Kristdemokraterna aldrig att vila.<\/p>\n<p>&nbsp;<\/p>\n<p>Lili Andr\u00e9, Riksdagsledamot (KD)<\/p>\n<p>Jennie Forsblom, Regionr\u00e5d (KD)<\/p>\n<p>Jan Myl\u00e9us, Kommunalr\u00e5d (KD) G\u00e4vle<\/p>\n<p>Annika Sj\u00f6gren, Vice ordf\u00f6rande (KD) Hofors<\/p>\n<p>Liz Zachariasson, (KD) Ockelbo<\/p>\n<p>Rebekka Markstr\u00f6m, Vice ordf\u00f6rande (KD) Sandviken<\/p>\n<p>R\u00e5sie Sigvardsson-Berbres, Vice ordf\u00f6rande (KD) Bolln\u00e4s<\/p>\n<p>Peter \u00c5kerstr\u00f6m, Oppositionsr\u00e5d (KD) Hudiksvall<\/p>\n<p>Roger Kastman, Ordf\u00f6rande (KD) Ljusdal<\/p>\n<p>Andreas Kissner, Ordf\u00f6rande (KD) Ovan\u00e5ker<\/p>\n<p>Carro \u00d6berg,\u00a0Vice ordf\u00f6rande (KD) S\u00f6derhamn<\/p>\n<p>&nbsp;<\/p>\n","protected":false},"excerpt":{"rendered":"<p>F\u00f6rra \u00e5ret hade Bris 64 000 st\u00f6dsamtal med barn. Den vanligaste orsaken till kontakt berodde p\u00e5 psykisk oh\u00e4lsa. Kristdemokraterna tar den psykiska oh\u00e4lsan i Sverige p\u00e5 st\u00f6rsta allvar. D\u00e4rf\u00f6r g\u00f6r nu regeringen historiskt stora satsningar p\u00e5 psykisk h\u00e4lsa och psykiatri. Bara i \u00e5r satsas en miljard kronor p\u00e5 barn- och ungdomspsykiatrin (BUP) och en halv <a class=\"read-more-link\" href=\"https:\/\/wp.kristdemokraterna.se\/gavleborg\/det-handlar-om-livet\/\">L\u00e4s mer<\/a><\/p>\n","protected":false},"author":976,"featured_media":0,"comment_status":"closed","ping_status":"closed","sticky":false,"template":"","format":"standard","meta":{"_acf_changed":false,"footnotes":""},"categories":[30,21,31,25],"tags":[],"class_list":["post-1338","post","type-post","status-publish","format-standard","hentry","category-alla-nyheter","category-debattartiklar","category-inlagg","category-nyheter"],"acf":[],"yoast_head":"<!-- This site is optimized with the Yoast SEO plugin v27.4 - https:\/\/yoast.com\/product\/yoast-seo-wordpress\/ -->\n<title>Det handlar om livet - Kristdemokraterna G\u00e4vleborg<\/title>\n<meta name=\"robots\" content=\"index, follow, max-snippet:-1, max-image-preview:large, max-video-preview:-1\" \/>\n<link rel=\"canonical\" href=\"https:\/\/wp.kristdemokraterna.se\/gavleborg\/det-handlar-om-livet\/\" \/>\n<meta property=\"og:locale\" content=\"sv_SE\" \/>\n<meta property=\"og:type\" content=\"article\" \/>\n<meta property=\"og:title\" content=\"Det handlar om livet - Kristdemokraterna G\u00e4vleborg\" \/>\n<meta property=\"og:description\" content=\"F\u00f6rra \u00e5ret hade Bris 64 000 st\u00f6dsamtal med barn. Den vanligaste orsaken till kontakt berodde p\u00e5 psykisk oh\u00e4lsa. Kristdemokraterna tar den psykiska oh\u00e4lsan i Sverige p\u00e5 st\u00f6rsta allvar. D\u00e4rf\u00f6r g\u00f6r nu regeringen historiskt stora satsningar p\u00e5 psykisk h\u00e4lsa och psykiatri. Bara i \u00e5r satsas en miljard kronor p\u00e5 barn- och ungdomspsykiatrin (BUP) och en halv L\u00e4s mer\" \/>\n<meta property=\"og:url\" content=\"https:\/\/wp.kristdemokraterna.se\/gavleborg\/det-handlar-om-livet\/\" \/>\n<meta property=\"og:site_name\" content=\"Kristdemokraterna G\u00e4vleborg\" \/>\n<meta property=\"article:published_time\" content=\"2025-08-15T13:36:08+00:00\" \/>\n<meta name=\"author\" content=\"annelieostling\" \/>\n<meta name=\"twitter:card\" content=\"summary_large_image\" \/>\n<meta name=\"twitter:label1\" content=\"Skriven av\" \/>\n\t<meta name=\"twitter:data1\" content=\"annelieostling\" \/>\n\t<meta name=\"twitter:label2\" content=\"Ber\u00e4knad l\u00e4stid\" \/>\n\t<meta name=\"twitter:data2\" content=\"2 minuter\" \/>\n<script type=\"application\/ld+json\" class=\"yoast-schema-graph\">{\"@context\":\"https:\\\/\\\/schema.org\",\"@graph\":[{\"@type\":\"Article\",\"@id\":\"https:\\\/\\\/wp.kristdemokraterna.se\\\/gavleborg\\\/det-handlar-om-livet\\\/#article\",\"isPartOf\":{\"@id\":\"https:\\\/\\\/wp.kristdemokraterna.se\\\/gavleborg\\\/det-handlar-om-livet\\\/\"},\"author\":{\"name\":\"annelieostling\",\"@id\":\"https:\\\/\\\/wp.kristdemokraterna.se\\\/gavleborg\\\/#\\\/schema\\\/person\\\/bc74b1c510a5c9e1fa45a63a3709916d\"},\"headline\":\"Det handlar om livet\",\"datePublished\":\"2025-08-15T13:36:08+00:00\",\"mainEntityOfPage\":{\"@id\":\"https:\\\/\\\/wp.kristdemokraterna.se\\\/gavleborg\\\/det-handlar-om-livet\\\/\"},\"wordCount\":417,\"articleSection\":[\"Alla nyheter\",\"Debattartiklar\",\"Inl\u00e4gg\",\"Nyheter\"],\"inLanguage\":\"sv-SE\"},{\"@type\":\"WebPage\",\"@id\":\"https:\\\/\\\/wp.kristdemokraterna.se\\\/gavleborg\\\/det-handlar-om-livet\\\/\",\"url\":\"https:\\\/\\\/wp.kristdemokraterna.se\\\/gavleborg\\\/det-handlar-om-livet\\\/\",\"name\":\"Det handlar om livet - Kristdemokraterna G\u00e4vleborg\",\"isPartOf\":{\"@id\":\"https:\\\/\\\/wp.kristdemokraterna.se\\\/gavleborg\\\/#website\"},\"datePublished\":\"2025-08-15T13:36:08+00:00\",\"author\":{\"@id\":\"https:\\\/\\\/wp.kristdemokraterna.se\\\/gavleborg\\\/#\\\/schema\\\/person\\\/bc74b1c510a5c9e1fa45a63a3709916d\"},\"breadcrumb\":{\"@id\":\"https:\\\/\\\/wp.kristdemokraterna.se\\\/gavleborg\\\/det-handlar-om-livet\\\/#breadcrumb\"},\"inLanguage\":\"sv-SE\",\"potentialAction\":[{\"@type\":\"ReadAction\",\"target\":[\"https:\\\/\\\/wp.kristdemokraterna.se\\\/gavleborg\\\/det-handlar-om-livet\\\/\"]}]},{\"@type\":\"BreadcrumbList\",\"@id\":\"https:\\\/\\\/wp.kristdemokraterna.se\\\/gavleborg\\\/det-handlar-om-livet\\\/#breadcrumb\",\"itemListElement\":[{\"@type\":\"ListItem\",\"position\":1,\"name\":\"Hem\",\"item\":\"https:\\\/\\\/wp.kristdemokraterna.se\\\/gavleborg\\\/\"},{\"@type\":\"ListItem\",\"position\":2,\"name\":\"Det handlar om livet\"}]},{\"@type\":\"WebSite\",\"@id\":\"https:\\\/\\\/wp.kristdemokraterna.se\\\/gavleborg\\\/#website\",\"url\":\"https:\\\/\\\/wp.kristdemokraterna.se\\\/gavleborg\\\/\",\"name\":\"Kristdemokraterna G\u00e4vleborg\",\"description\":\"Ett tryggare G\u00e4vleborg\",\"inLanguage\":\"sv-SE\"},{\"@type\":\"Person\",\"@id\":\"https:\\\/\\\/wp.kristdemokraterna.se\\\/gavleborg\\\/#\\\/schema\\\/person\\\/bc74b1c510a5c9e1fa45a63a3709916d\",\"name\":\"annelieostling\",\"image\":{\"@type\":\"ImageObject\",\"inLanguage\":\"sv-SE\",\"@id\":\"https:\\\/\\\/secure.gravatar.com\\\/avatar\\\/99d5411ba55eda83f73dc1ab2453d7b92fbc36831c5d818512b42de21186be1d?s=96&d=mm&r=g\",\"url\":\"https:\\\/\\\/secure.gravatar.com\\\/avatar\\\/99d5411ba55eda83f73dc1ab2453d7b92fbc36831c5d818512b42de21186be1d?s=96&d=mm&r=g\",\"contentUrl\":\"https:\\\/\\\/secure.gravatar.com\\\/avatar\\\/99d5411ba55eda83f73dc1ab2453d7b92fbc36831c5d818512b42de21186be1d?s=96&d=mm&r=g\",\"caption\":\"annelieostling\"},\"url\":\"https:\\\/\\\/wp.kristdemokraterna.se\\\/gavleborg\\\/author\\\/annelieostling\\\/\"}]}<\/script>\n<!-- \/ Yoast SEO plugin. -->","yoast_head_json":{"title":"Det handlar om livet - Kristdemokraterna G\u00e4vleborg","robots":{"index":"index","follow":"follow","max-snippet":"max-snippet:-1","max-image-preview":"max-image-preview:large","max-video-preview":"max-video-preview:-1"},"canonical":"https:\/\/wp.kristdemokraterna.se\/gavleborg\/det-handlar-om-livet\/","og_locale":"sv_SE","og_type":"article","og_title":"Det handlar om livet - Kristdemokraterna G\u00e4vleborg","og_description":"F\u00f6rra \u00e5ret hade Bris 64 000 st\u00f6dsamtal med barn. Den vanligaste orsaken till kontakt berodde p\u00e5 psykisk oh\u00e4lsa. Kristdemokraterna tar den psykiska oh\u00e4lsan i Sverige p\u00e5 st\u00f6rsta allvar. D\u00e4rf\u00f6r g\u00f6r nu regeringen historiskt stora satsningar p\u00e5 psykisk h\u00e4lsa och psykiatri. Bara i \u00e5r satsas en miljard kronor p\u00e5 barn- och ungdomspsykiatrin (BUP) och en halv L\u00e4s mer","og_url":"https:\/\/wp.kristdemokraterna.se\/gavleborg\/det-handlar-om-livet\/","og_site_name":"Kristdemokraterna G\u00e4vleborg","article_published_time":"2025-08-15T13:36:08+00:00","author":"annelieostling","twitter_card":"summary_large_image","twitter_misc":{"Skriven av":"annelieostling","Ber\u00e4knad l\u00e4stid":"2 minuter"},"schema":{"@context":"https:\/\/schema.org","@graph":[{"@type":"Article","@id":"https:\/\/wp.kristdemokraterna.se\/gavleborg\/det-handlar-om-livet\/#article","isPartOf":{"@id":"https:\/\/wp.kristdemokraterna.se\/gavleborg\/det-handlar-om-livet\/"},"author":{"name":"annelieostling","@id":"https:\/\/wp.kristdemokraterna.se\/gavleborg\/#\/schema\/person\/bc74b1c510a5c9e1fa45a63a3709916d"},"headline":"Det handlar om livet","datePublished":"2025-08-15T13:36:08+00:00","mainEntityOfPage":{"@id":"https:\/\/wp.kristdemokraterna.se\/gavleborg\/det-handlar-om-livet\/"},"wordCount":417,"articleSection":["Alla nyheter","Debattartiklar","Inl\u00e4gg","Nyheter"],"inLanguage":"sv-SE"},{"@type":"WebPage","@id":"https:\/\/wp.kristdemokraterna.se\/gavleborg\/det-handlar-om-livet\/","url":"https:\/\/wp.kristdemokraterna.se\/gavleborg\/det-handlar-om-livet\/","name":"Det handlar om livet - Kristdemokraterna G\u00e4vleborg","isPartOf":{"@id":"https:\/\/wp.kristdemokraterna.se\/gavleborg\/#website"},"datePublished":"2025-08-15T13:36:08+00:00","author":{"@id":"https:\/\/wp.kristdemokraterna.se\/gavleborg\/#\/schema\/person\/bc74b1c510a5c9e1fa45a63a3709916d"},"breadcrumb":{"@id":"https:\/\/wp.kristdemokraterna.se\/gavleborg\/det-handlar-om-livet\/#breadcrumb"},"inLanguage":"sv-SE","potentialAction":[{"@type":"ReadAction","target":["https:\/\/wp.kristdemokraterna.se\/gavleborg\/det-handlar-om-livet\/"]}]},{"@type":"BreadcrumbList","@id":"https:\/\/wp.kristdemokraterna.se\/gavleborg\/det-handlar-om-livet\/#breadcrumb","itemListElement":[{"@type":"ListItem","position":1,"name":"Hem","item":"https:\/\/wp.kristdemokraterna.se\/gavleborg\/"},{"@type":"ListItem","position":2,"name":"Det handlar om livet"}]},{"@type":"WebSite","@id":"https:\/\/wp.kristdemokraterna.se\/gavleborg\/#website","url":"https:\/\/wp.kristdemokraterna.se\/gavleborg\/","name":"Kristdemokraterna G\u00e4vleborg","description":"Ett tryggare G\u00e4vleborg","inLanguage":"sv-SE"},{"@type":"Person","@id":"https:\/\/wp.kristdemokraterna.se\/gavleborg\/#\/schema\/person\/bc74b1c510a5c9e1fa45a63a3709916d","name":"annelieostling","image":{"@type":"ImageObject","inLanguage":"sv-SE","@id":"https:\/\/secure.gravatar.com\/avatar\/99d5411ba55eda83f73dc1ab2453d7b92fbc36831c5d818512b42de21186be1d?s=96&d=mm&r=g","url":"https:\/\/secure.gravatar.com\/avatar\/99d5411ba55eda83f73dc1ab2453d7b92fbc36831c5d818512b42de21186be1d?s=96&d=mm&r=g","contentUrl":"https:\/\/secure.gravatar.com\/avatar\/99d5411ba55eda83f73dc1ab2453d7b92fbc36831c5d818512b42de21186be1d?s=96&d=mm&r=g","caption":"annelieostling"},"url":"https:\/\/wp.kristdemokraterna.se\/gavleborg\/author\/annelieostling\/"}]}},"_links":{"self":[{"href":"https:\/\/wp.kristdemokraterna.se\/gavleborg\/wp-json\/wp\/v2\/posts\/1338","targetHints":{"allow":["GET"]}}],"collection":[{"href":"https:\/\/wp.kristdemokraterna.se\/gavleborg\/wp-json\/wp\/v2\/posts"}],"about":[{"href":"https:\/\/wp.kristdemokraterna.se\/gavleborg\/wp-json\/wp\/v2\/types\/post"}],"author":[{"embeddable":true,"href":"https:\/\/wp.kristdemokraterna.se\/gavleborg\/wp-json\/wp\/v2\/users\/976"}],"replies":[{"embeddable":true,"href":"https:\/\/wp.kristdemokraterna.se\/gavleborg\/wp-json\/wp\/v2\/comments?post=1338"}],"version-history":[{"count":1,"href":"https:\/\/wp.kristdemokraterna.se\/gavleborg\/wp-json\/wp\/v2\/posts\/1338\/revisions"}],"predecessor-version":[{"id":1339,"href":"https:\/\/wp.kristdemokraterna.se\/gavleborg\/wp-json\/wp\/v2\/posts\/1338\/revisions\/1339"}],"wp:attachment":[{"href":"https:\/\/wp.kristdemokraterna.se\/gavleborg\/wp-json\/wp\/v2\/media?parent=1338"}],"wp:term":[{"taxonomy":"category","embeddable":true,"href":"https:\/\/wp.kristdemokraterna.se\/gavleborg\/wp-json\/wp\/v2\/categories?post=1338"},{"taxonomy":"post_tag","embeddable":true,"href":"https:\/\/wp.kristdemokraterna.se\/gavleborg\/wp-json\/wp\/v2\/tags?post=1338"}],"curies":[{"name":"wp","href":"https:\/\/api.w.org\/{rel}","templated":true}]}}