{"id":1340,"date":"2025-08-21T11:50:01","date_gmt":"2025-08-21T09:50:01","guid":{"rendered":"https:\/\/wp.kristdemokraterna.se\/gavleborg\/?p=1340"},"modified":"2025-08-21T11:50:01","modified_gmt":"2025-08-21T09:50:01","slug":"nu-genomfors-massiva-bygglovsforenklingar","status":"publish","type":"post","link":"https:\/\/wp.kristdemokraterna.se\/gavleborg\/nu-genomfors-massiva-bygglovsforenklingar\/","title":{"rendered":"Nu genomf\u00f6rs massiva bygglovsf\u00f6renklingar"},"content":{"rendered":"<p>Nu i sommar \u00e4r det m\u00e5nga som passar p\u00e5 att bygga. Det kan handla om att f\u00f6rverkliga dr\u00f6mmen om en altan d\u00e4r familjen kan \u00e4ta rabarberpaj eller f\u00e5 till det d\u00e4r extra sovrummet, som beh\u00f6vs f\u00f6r att barnen ska f\u00e5 egna rum. Byggdr\u00f6mmarna \u00e4r m\u00e5nga, men reglerna \u00e4r kr\u00e5ngliga. Nu \u00e4ndrar vi p\u00e5 det. I slutet av \u00e5ret genomf\u00f6rs den st\u00f6rsta reformen av bygglovsreglerna p\u00e5 \u00f6ver 15 \u00e5r. Vi st\u00e4dar upp i regelverket och genomf\u00f6r totalt runt 40 l\u00e4ttnader.<\/p>\n<p>Tillbyggnader p\u00e5 upp till 30 kvm blir till exempel helt bygglovsbefriade. En dubblering j\u00e4mf\u00f6rt med idag. En familj kan allts\u00e5 bygga ut sin villa med 30 kvadratmeter utan bygglov.<\/p>\n<p>Anm\u00e4lningsplikten f\u00f6r Attefallshus tas bort helt och bygglovsfriheten beh\u00e5lls. Friheten \u00f6kar dessutom genom att kvadratmeterna blir en pott som man sj\u00e4lv f\u00e5r disponera fritt p\u00e5 tomten.<\/p>\n<p>F\u00f6r fasad\u00e4ndringar slopas det generella kravet p\u00e5 bygglov, vilket exempelvis inneb\u00e4r att det blir l\u00e4ttare att flytta en d\u00f6rr, s\u00e4tta in f\u00f6nster eller byta f\u00e4rg p\u00e5 huset.<\/p>\n<p>Med f\u00e4rre \u00e4renden hos byggnadsn\u00e4mnden frig\u00f6rs \u00e4ven tid och resurser i den kommunala byr\u00e5kratin. En farh\u00e5ga som lyfts \u00e4r att f\u00f6r\u00e4ndringarna kan leda till grannkonflikter. Kravet p\u00e5 minst 4,5 meter till tomtgr\u00e4ns kvarst\u00e5r dock, om man inte har grannens medgivande.<\/p>\n<p>Det \u00e4r bra att det offentliga sl\u00e4pper lite av sin makt och l\u00e5ter m\u00e4nniskor sj\u00e4lva best\u00e4mma mer. Det \u00e4r sund kristdemokratisk politik som nu oms\u00e4tts i praktiken, till gagn f\u00f6r familjer runt om i landet. Kanske kan det \u00e4ven vara s\u00e5 att det leder till st\u00e4rkt samh\u00e4llsgemenskap. Varf\u00f6r skulle inte grannen b\u00e4ttre f\u00f6rst\u00e5 vad som \u00e4r b\u00e4st f\u00f6r familjen p\u00e5 andra sidan staketet \u00e4n tj\u00e4nstemannen p\u00e5 kommunkontoret?<\/p>\n<p>Regeringen arbetar m\u00e5lmedvetet med att \u00e5tg\u00e4rda de strukturella hinder som pr\u00e4glar bygg- och bostadsmarknaden. Det handlar ytterst om att g\u00f6ra det enklare och billigare att bygga genom minskat regelkr\u00e5ngel och \u00f6kad frihet f\u00f6r enskilda fastighets\u00e4gare.<u>\u00a0<\/u><\/p>\n<p>&nbsp;<\/p>\n<p>Andreas Carlson, infrastruktur- och bostadsminister (KD)<\/p>\n<p>Lili Andr\u00e9, Riksdagsledamot (KD)<\/p>\n<p>Kicki Westerberg, Ordf\u00f6rande (KD) Hofors<\/p>\n<p>William Lund, Samh\u00e4llsbyggnadsn\u00e4mnden (KD) G\u00e4vle<\/p>\n<p>Jonny Lindblom, Vice ordf\u00f6rande (KD) Ockelbo<\/p>\n<p>Jeanette Fors\u00e9n, Ordf\u00f6rande (KD) Sandviken<\/p>\n<p>Bente Juel, Ledamot i Bygg- och Milj\u00f6n\u00e4mnden (KD) Bolln\u00e4s<\/p>\n<p>Gunnar Cansl\u00e4tt, Ordf\u00f6rande (KD) Hudiksvall<\/p>\n<p>Kenneth Rimmenhorn, Vice ordf\u00f6rande (KD) Ljusdal<\/p>\n<p>Andreas Kissner, Ordf\u00f6rande (KD) Ovan\u00e5ker<\/p>\n<p>Carro \u00d6berg,\u00a0Vice ordf\u00f6rande (KD) S\u00f6derhamn<\/p>\n<p>&nbsp;<\/p>\n<p><em>\u00a0<\/em><\/p>\n","protected":false},"excerpt":{"rendered":"<p>Nu i sommar \u00e4r det m\u00e5nga som passar p\u00e5 att bygga. Det kan handla om att f\u00f6rverkliga dr\u00f6mmen om en altan d\u00e4r familjen kan \u00e4ta rabarberpaj eller f\u00e5 till det d\u00e4r extra sovrummet, som beh\u00f6vs f\u00f6r att barnen ska f\u00e5 egna rum. Byggdr\u00f6mmarna \u00e4r m\u00e5nga, men reglerna \u00e4r kr\u00e5ngliga. Nu \u00e4ndrar vi p\u00e5 det. I <a class=\"read-more-link\" href=\"https:\/\/wp.kristdemokraterna.se\/gavleborg\/nu-genomfors-massiva-bygglovsforenklingar\/\">L\u00e4s mer<\/a><\/p>\n","protected":false},"author":976,"featured_media":0,"comment_status":"closed","ping_status":"closed","sticky":false,"template":"","format":"standard","meta":{"_acf_changed":false,"footnotes":""},"categories":[30,21,31,25],"tags":[],"class_list":["post-1340","post","type-post","status-publish","format-standard","hentry","category-alla-nyheter","category-debattartiklar","category-inlagg","category-nyheter"],"acf":[],"yoast_head":"<!-- This site is optimized with the Yoast SEO plugin v27.4 - https:\/\/yoast.com\/product\/yoast-seo-wordpress\/ -->\n<title>Nu genomf\u00f6rs massiva bygglovsf\u00f6renklingar - Kristdemokraterna G\u00e4vleborg<\/title>\n<meta name=\"robots\" content=\"index, follow, max-snippet:-1, max-image-preview:large, max-video-preview:-1\" \/>\n<link rel=\"canonical\" href=\"https:\/\/wp.kristdemokraterna.se\/gavleborg\/nu-genomfors-massiva-bygglovsforenklingar\/\" \/>\n<meta property=\"og:locale\" content=\"sv_SE\" \/>\n<meta property=\"og:type\" content=\"article\" \/>\n<meta property=\"og:title\" content=\"Nu genomf\u00f6rs massiva bygglovsf\u00f6renklingar - Kristdemokraterna G\u00e4vleborg\" \/>\n<meta property=\"og:description\" content=\"Nu i sommar \u00e4r det m\u00e5nga som passar p\u00e5 att bygga. Det kan handla om att f\u00f6rverkliga dr\u00f6mmen om en altan d\u00e4r familjen kan \u00e4ta rabarberpaj eller f\u00e5 till det d\u00e4r extra sovrummet, som beh\u00f6vs f\u00f6r att barnen ska f\u00e5 egna rum. Byggdr\u00f6mmarna \u00e4r m\u00e5nga, men reglerna \u00e4r kr\u00e5ngliga. Nu \u00e4ndrar vi p\u00e5 det. I L\u00e4s mer\" \/>\n<meta property=\"og:url\" content=\"https:\/\/wp.kristdemokraterna.se\/gavleborg\/nu-genomfors-massiva-bygglovsforenklingar\/\" \/>\n<meta property=\"og:site_name\" content=\"Kristdemokraterna G\u00e4vleborg\" \/>\n<meta property=\"article:published_time\" content=\"2025-08-21T09:50:01+00:00\" \/>\n<meta name=\"author\" content=\"annelieostling\" \/>\n<meta name=\"twitter:card\" content=\"summary_large_image\" \/>\n<meta name=\"twitter:label1\" content=\"Skriven av\" \/>\n\t<meta name=\"twitter:data1\" content=\"annelieostling\" \/>\n\t<meta name=\"twitter:label2\" content=\"Ber\u00e4knad l\u00e4stid\" \/>\n\t<meta name=\"twitter:data2\" content=\"2 minuter\" \/>\n<script type=\"application\/ld+json\" class=\"yoast-schema-graph\">{\"@context\":\"https:\\\/\\\/schema.org\",\"@graph\":[{\"@type\":\"Article\",\"@id\":\"https:\\\/\\\/wp.kristdemokraterna.se\\\/gavleborg\\\/nu-genomfors-massiva-bygglovsforenklingar\\\/#article\",\"isPartOf\":{\"@id\":\"https:\\\/\\\/wp.kristdemokraterna.se\\\/gavleborg\\\/nu-genomfors-massiva-bygglovsforenklingar\\\/\"},\"author\":{\"name\":\"annelieostling\",\"@id\":\"https:\\\/\\\/wp.kristdemokraterna.se\\\/gavleborg\\\/#\\\/schema\\\/person\\\/bc74b1c510a5c9e1fa45a63a3709916d\"},\"headline\":\"Nu genomf\u00f6rs massiva bygglovsf\u00f6renklingar\",\"datePublished\":\"2025-08-21T09:50:01+00:00\",\"mainEntityOfPage\":{\"@id\":\"https:\\\/\\\/wp.kristdemokraterna.se\\\/gavleborg\\\/nu-genomfors-massiva-bygglovsforenklingar\\\/\"},\"wordCount\":446,\"articleSection\":[\"Alla nyheter\",\"Debattartiklar\",\"Inl\u00e4gg\",\"Nyheter\"],\"inLanguage\":\"sv-SE\"},{\"@type\":\"WebPage\",\"@id\":\"https:\\\/\\\/wp.kristdemokraterna.se\\\/gavleborg\\\/nu-genomfors-massiva-bygglovsforenklingar\\\/\",\"url\":\"https:\\\/\\\/wp.kristdemokraterna.se\\\/gavleborg\\\/nu-genomfors-massiva-bygglovsforenklingar\\\/\",\"name\":\"Nu genomf\u00f6rs massiva bygglovsf\u00f6renklingar - Kristdemokraterna G\u00e4vleborg\",\"isPartOf\":{\"@id\":\"https:\\\/\\\/wp.kristdemokraterna.se\\\/gavleborg\\\/#website\"},\"datePublished\":\"2025-08-21T09:50:01+00:00\",\"author\":{\"@id\":\"https:\\\/\\\/wp.kristdemokraterna.se\\\/gavleborg\\\/#\\\/schema\\\/person\\\/bc74b1c510a5c9e1fa45a63a3709916d\"},\"breadcrumb\":{\"@id\":\"https:\\\/\\\/wp.kristdemokraterna.se\\\/gavleborg\\\/nu-genomfors-massiva-bygglovsforenklingar\\\/#breadcrumb\"},\"inLanguage\":\"sv-SE\",\"potentialAction\":[{\"@type\":\"ReadAction\",\"target\":[\"https:\\\/\\\/wp.kristdemokraterna.se\\\/gavleborg\\\/nu-genomfors-massiva-bygglovsforenklingar\\\/\"]}]},{\"@type\":\"BreadcrumbList\",\"@id\":\"https:\\\/\\\/wp.kristdemokraterna.se\\\/gavleborg\\\/nu-genomfors-massiva-bygglovsforenklingar\\\/#breadcrumb\",\"itemListElement\":[{\"@type\":\"ListItem\",\"position\":1,\"name\":\"Hem\",\"item\":\"https:\\\/\\\/wp.kristdemokraterna.se\\\/gavleborg\\\/\"},{\"@type\":\"ListItem\",\"position\":2,\"name\":\"Nu genomf\u00f6rs massiva bygglovsf\u00f6renklingar\"}]},{\"@type\":\"WebSite\",\"@id\":\"https:\\\/\\\/wp.kristdemokraterna.se\\\/gavleborg\\\/#website\",\"url\":\"https:\\\/\\\/wp.kristdemokraterna.se\\\/gavleborg\\\/\",\"name\":\"Kristdemokraterna G\u00e4vleborg\",\"description\":\"Ett tryggare G\u00e4vleborg\",\"inLanguage\":\"sv-SE\"},{\"@type\":\"Person\",\"@id\":\"https:\\\/\\\/wp.kristdemokraterna.se\\\/gavleborg\\\/#\\\/schema\\\/person\\\/bc74b1c510a5c9e1fa45a63a3709916d\",\"name\":\"annelieostling\",\"image\":{\"@type\":\"ImageObject\",\"inLanguage\":\"sv-SE\",\"@id\":\"https:\\\/\\\/secure.gravatar.com\\\/avatar\\\/99d5411ba55eda83f73dc1ab2453d7b92fbc36831c5d818512b42de21186be1d?s=96&d=mm&r=g\",\"url\":\"https:\\\/\\\/secure.gravatar.com\\\/avatar\\\/99d5411ba55eda83f73dc1ab2453d7b92fbc36831c5d818512b42de21186be1d?s=96&d=mm&r=g\",\"contentUrl\":\"https:\\\/\\\/secure.gravatar.com\\\/avatar\\\/99d5411ba55eda83f73dc1ab2453d7b92fbc36831c5d818512b42de21186be1d?s=96&d=mm&r=g\",\"caption\":\"annelieostling\"},\"url\":\"https:\\\/\\\/wp.kristdemokraterna.se\\\/gavleborg\\\/author\\\/annelieostling\\\/\"}]}<\/script>\n<!-- \/ Yoast SEO plugin. -->","yoast_head_json":{"title":"Nu genomf\u00f6rs massiva bygglovsf\u00f6renklingar - Kristdemokraterna G\u00e4vleborg","robots":{"index":"index","follow":"follow","max-snippet":"max-snippet:-1","max-image-preview":"max-image-preview:large","max-video-preview":"max-video-preview:-1"},"canonical":"https:\/\/wp.kristdemokraterna.se\/gavleborg\/nu-genomfors-massiva-bygglovsforenklingar\/","og_locale":"sv_SE","og_type":"article","og_title":"Nu genomf\u00f6rs massiva bygglovsf\u00f6renklingar - Kristdemokraterna G\u00e4vleborg","og_description":"Nu i sommar \u00e4r det m\u00e5nga som passar p\u00e5 att bygga. Det kan handla om att f\u00f6rverkliga dr\u00f6mmen om en altan d\u00e4r familjen kan \u00e4ta rabarberpaj eller f\u00e5 till det d\u00e4r extra sovrummet, som beh\u00f6vs f\u00f6r att barnen ska f\u00e5 egna rum. Byggdr\u00f6mmarna \u00e4r m\u00e5nga, men reglerna \u00e4r kr\u00e5ngliga. Nu \u00e4ndrar vi p\u00e5 det. I L\u00e4s mer","og_url":"https:\/\/wp.kristdemokraterna.se\/gavleborg\/nu-genomfors-massiva-bygglovsforenklingar\/","og_site_name":"Kristdemokraterna G\u00e4vleborg","article_published_time":"2025-08-21T09:50:01+00:00","author":"annelieostling","twitter_card":"summary_large_image","twitter_misc":{"Skriven av":"annelieostling","Ber\u00e4knad l\u00e4stid":"2 minuter"},"schema":{"@context":"https:\/\/schema.org","@graph":[{"@type":"Article","@id":"https:\/\/wp.kristdemokraterna.se\/gavleborg\/nu-genomfors-massiva-bygglovsforenklingar\/#article","isPartOf":{"@id":"https:\/\/wp.kristdemokraterna.se\/gavleborg\/nu-genomfors-massiva-bygglovsforenklingar\/"},"author":{"name":"annelieostling","@id":"https:\/\/wp.kristdemokraterna.se\/gavleborg\/#\/schema\/person\/bc74b1c510a5c9e1fa45a63a3709916d"},"headline":"Nu genomf\u00f6rs massiva bygglovsf\u00f6renklingar","datePublished":"2025-08-21T09:50:01+00:00","mainEntityOfPage":{"@id":"https:\/\/wp.kristdemokraterna.se\/gavleborg\/nu-genomfors-massiva-bygglovsforenklingar\/"},"wordCount":446,"articleSection":["Alla nyheter","Debattartiklar","Inl\u00e4gg","Nyheter"],"inLanguage":"sv-SE"},{"@type":"WebPage","@id":"https:\/\/wp.kristdemokraterna.se\/gavleborg\/nu-genomfors-massiva-bygglovsforenklingar\/","url":"https:\/\/wp.kristdemokraterna.se\/gavleborg\/nu-genomfors-massiva-bygglovsforenklingar\/","name":"Nu genomf\u00f6rs massiva bygglovsf\u00f6renklingar - Kristdemokraterna G\u00e4vleborg","isPartOf":{"@id":"https:\/\/wp.kristdemokraterna.se\/gavleborg\/#website"},"datePublished":"2025-08-21T09:50:01+00:00","author":{"@id":"https:\/\/wp.kristdemokraterna.se\/gavleborg\/#\/schema\/person\/bc74b1c510a5c9e1fa45a63a3709916d"},"breadcrumb":{"@id":"https:\/\/wp.kristdemokraterna.se\/gavleborg\/nu-genomfors-massiva-bygglovsforenklingar\/#breadcrumb"},"inLanguage":"sv-SE","potentialAction":[{"@type":"ReadAction","target":["https:\/\/wp.kristdemokraterna.se\/gavleborg\/nu-genomfors-massiva-bygglovsforenklingar\/"]}]},{"@type":"BreadcrumbList","@id":"https:\/\/wp.kristdemokraterna.se\/gavleborg\/nu-genomfors-massiva-bygglovsforenklingar\/#breadcrumb","itemListElement":[{"@type":"ListItem","position":1,"name":"Hem","item":"https:\/\/wp.kristdemokraterna.se\/gavleborg\/"},{"@type":"ListItem","position":2,"name":"Nu genomf\u00f6rs massiva bygglovsf\u00f6renklingar"}]},{"@type":"WebSite","@id":"https:\/\/wp.kristdemokraterna.se\/gavleborg\/#website","url":"https:\/\/wp.kristdemokraterna.se\/gavleborg\/","name":"Kristdemokraterna G\u00e4vleborg","description":"Ett tryggare G\u00e4vleborg","inLanguage":"sv-SE"},{"@type":"Person","@id":"https:\/\/wp.kristdemokraterna.se\/gavleborg\/#\/schema\/person\/bc74b1c510a5c9e1fa45a63a3709916d","name":"annelieostling","image":{"@type":"ImageObject","inLanguage":"sv-SE","@id":"https:\/\/secure.gravatar.com\/avatar\/99d5411ba55eda83f73dc1ab2453d7b92fbc36831c5d818512b42de21186be1d?s=96&d=mm&r=g","url":"https:\/\/secure.gravatar.com\/avatar\/99d5411ba55eda83f73dc1ab2453d7b92fbc36831c5d818512b42de21186be1d?s=96&d=mm&r=g","contentUrl":"https:\/\/secure.gravatar.com\/avatar\/99d5411ba55eda83f73dc1ab2453d7b92fbc36831c5d818512b42de21186be1d?s=96&d=mm&r=g","caption":"annelieostling"},"url":"https:\/\/wp.kristdemokraterna.se\/gavleborg\/author\/annelieostling\/"}]}},"_links":{"self":[{"href":"https:\/\/wp.kristdemokraterna.se\/gavleborg\/wp-json\/wp\/v2\/posts\/1340","targetHints":{"allow":["GET"]}}],"collection":[{"href":"https:\/\/wp.kristdemokraterna.se\/gavleborg\/wp-json\/wp\/v2\/posts"}],"about":[{"href":"https:\/\/wp.kristdemokraterna.se\/gavleborg\/wp-json\/wp\/v2\/types\/post"}],"author":[{"embeddable":true,"href":"https:\/\/wp.kristdemokraterna.se\/gavleborg\/wp-json\/wp\/v2\/users\/976"}],"replies":[{"embeddable":true,"href":"https:\/\/wp.kristdemokraterna.se\/gavleborg\/wp-json\/wp\/v2\/comments?post=1340"}],"version-history":[{"count":1,"href":"https:\/\/wp.kristdemokraterna.se\/gavleborg\/wp-json\/wp\/v2\/posts\/1340\/revisions"}],"predecessor-version":[{"id":1342,"href":"https:\/\/wp.kristdemokraterna.se\/gavleborg\/wp-json\/wp\/v2\/posts\/1340\/revisions\/1342"}],"wp:attachment":[{"href":"https:\/\/wp.kristdemokraterna.se\/gavleborg\/wp-json\/wp\/v2\/media?parent=1340"}],"wp:term":[{"taxonomy":"category","embeddable":true,"href":"https:\/\/wp.kristdemokraterna.se\/gavleborg\/wp-json\/wp\/v2\/categories?post=1340"},{"taxonomy":"post_tag","embeddable":true,"href":"https:\/\/wp.kristdemokraterna.se\/gavleborg\/wp-json\/wp\/v2\/tags?post=1340"}],"curies":[{"name":"wp","href":"https:\/\/api.w.org\/{rel}","templated":true}]}}