{"id":1347,"date":"2025-08-21T12:03:23","date_gmt":"2025-08-21T10:03:23","guid":{"rendered":"https:\/\/wp.kristdemokraterna.se\/gavleborg\/?p=1347"},"modified":"2025-08-21T12:03:23","modified_gmt":"2025-08-21T10:03:23","slug":"svenska-varderingar-far-inte-tystas","status":"publish","type":"post","link":"https:\/\/wp.kristdemokraterna.se\/gavleborg\/svenska-varderingar-far-inte-tystas\/","title":{"rendered":"Svenska v\u00e4rderingar f\u00e5r inte tystas"},"content":{"rendered":"<p>Det r\u00e5der en bred enighet i Sverige om att situationen i Gaza \u00e4r b\u00e5de fruktansv\u00e4rd och oh\u00e5llbar. Regeringen har f\u00f6rdubblat st\u00f6det till den palestinska befolkningen. Sverige \u00e4r och f\u00f6rblir ett av de l\u00e4nder i v\u00e4rlden som ger mest bist\u00e5nd i hela v\u00e4rlden. Det har vi l\u00e4nge kunnat g\u00f6ra samtidigt som vi har byggt ett v\u00e4lst\u00e5nd och skapat en robust v\u00e4lf\u00e4rd. Det har vi gjort tidigare utan att ta utrikeskonflikter hem till Sverige och l\u00e5ta dessa dominera v\u00e5ra gator och offentliga samtal.<\/p>\n<p>De senaste m\u00e5naderna har vi sett yttranden p\u00e5 v\u00e5ra gator och torg som inte ligger i linje med v\u00e5r demokrati eller hur vi behandlar varandra i Sverige. Extremister sprider antisemitiska budskap. Palestinaaktivister beter sig aggressivt genom att hoppa p\u00e5 politiker p\u00e5 deras arbetsplatser med hotfulla uttryck och makaber \u201drekvisita\u201d under sina demonstrationer. Det f\u00f6rst\u00f6r v\u00e5rt gemensamma, demokratiska samtal. Varken gemene man eller politiker ska beh\u00f6va uts\u00e4ttas f\u00f6r detta.<\/p>\n<p>Samh\u00e4llsdebatten f\u00e5r inte monopoliseras av extremister som inte respekterar det demokratiska samtalet. Det skapar en situation d\u00e4r de faktiska problemen i Sverige behandlas som sekund\u00e4ra. Svenska medborgare f\u00e5r inte v\u00e5rd i tid, elpriser skjuter i h\u00f6jden n\u00e4r vindkraftverken st\u00e5r still i Tyskland och g\u00e4ngkriminaliteten \u00e4r utspridd \u00f6ver hela landet. Det \u00e4r fel att problemen i Sverige inte f\u00e5r uppm\u00e4rksamhet f\u00f6r att aggressiva Palestinaaktivister skriker h\u00f6gst.<\/p>\n<p>Det r\u00e5der ingen tvekan om att det r\u00e5dande debattklimatet \u00e4r ett resultat av en v\u00e4rderingskris. Avsaknaden av svenska v\u00e4rderingar som utg\u00f6rs av r\u00e4ttvisa, respekt, yttrandefrihet och demokrati ger utrymme \u00e5t extremister att kapa samh\u00e4llsdebatten. Vi har alla en plikt att f\u00f6rsvara de grundl\u00e4ggande v\u00e4rderingarna som har byggt v\u00e5r demokrati och v\u00e5rt land, \u00e4ven n\u00e4r andra f\u00f6rs\u00f6ker tysta dig.<\/p>\n<p>Lili Andr\u00e9 (KD), Riksdagsledamot<\/p>\n<p>Jennie Forsblom (KD), Regionr\u00e5d<\/p>\n<p>Kicki Westerberg (KD), Ordf\u00f6rande KD Hofors<\/p>\n<p>Jonny Lindblom (KD), Vice ordf\u00f6rande KD Ockelbo<\/p>\n<p>Jeanette Fors\u00e9n (KD), Ordf\u00f6rande KD Sandviken<\/p>\n<p>Gunnar Cansl\u00e4tt (KD), Ordf\u00f6rande KD Hudiksvall<\/p>\n<p>Andreas Kissner (KD), Ordf\u00f6rande KD Ovan\u00e5ker<\/p>\n<p>Olle Persson (KD), Ordf\u00f6rande KD S\u00f6derhamn<\/p>\n<p>&nbsp;<\/p>\n","protected":false},"excerpt":{"rendered":"<p>Det r\u00e5der en bred enighet i Sverige om att situationen i Gaza \u00e4r b\u00e5de fruktansv\u00e4rd och oh\u00e5llbar. Regeringen har f\u00f6rdubblat st\u00f6det till den palestinska befolkningen. Sverige \u00e4r och f\u00f6rblir ett av de l\u00e4nder i v\u00e4rlden som ger mest bist\u00e5nd i hela v\u00e4rlden. Det har vi l\u00e4nge kunnat g\u00f6ra samtidigt som vi har byggt ett v\u00e4lst\u00e5nd <a class=\"read-more-link\" href=\"https:\/\/wp.kristdemokraterna.se\/gavleborg\/svenska-varderingar-far-inte-tystas\/\">L\u00e4s mer<\/a><\/p>\n","protected":false},"author":976,"featured_media":0,"comment_status":"closed","ping_status":"closed","sticky":false,"template":"","format":"standard","meta":{"_acf_changed":false,"footnotes":""},"categories":[30,21,31,25],"tags":[],"class_list":["post-1347","post","type-post","status-publish","format-standard","hentry","category-alla-nyheter","category-debattartiklar","category-inlagg","category-nyheter"],"acf":[],"yoast_head":"<!-- This site is optimized with the Yoast SEO plugin v27.4 - https:\/\/yoast.com\/product\/yoast-seo-wordpress\/ -->\n<title>Svenska v\u00e4rderingar f\u00e5r inte tystas - Kristdemokraterna G\u00e4vleborg<\/title>\n<meta name=\"robots\" content=\"index, follow, max-snippet:-1, max-image-preview:large, max-video-preview:-1\" \/>\n<link rel=\"canonical\" href=\"https:\/\/wp.kristdemokraterna.se\/gavleborg\/svenska-varderingar-far-inte-tystas\/\" \/>\n<meta property=\"og:locale\" content=\"sv_SE\" \/>\n<meta property=\"og:type\" content=\"article\" \/>\n<meta property=\"og:title\" content=\"Svenska v\u00e4rderingar f\u00e5r inte tystas - Kristdemokraterna G\u00e4vleborg\" \/>\n<meta property=\"og:description\" content=\"Det r\u00e5der en bred enighet i Sverige om att situationen i Gaza \u00e4r b\u00e5de fruktansv\u00e4rd och oh\u00e5llbar. Regeringen har f\u00f6rdubblat st\u00f6det till den palestinska befolkningen. Sverige \u00e4r och f\u00f6rblir ett av de l\u00e4nder i v\u00e4rlden som ger mest bist\u00e5nd i hela v\u00e4rlden. Det har vi l\u00e4nge kunnat g\u00f6ra samtidigt som vi har byggt ett v\u00e4lst\u00e5nd L\u00e4s mer\" \/>\n<meta property=\"og:url\" content=\"https:\/\/wp.kristdemokraterna.se\/gavleborg\/svenska-varderingar-far-inte-tystas\/\" \/>\n<meta property=\"og:site_name\" content=\"Kristdemokraterna G\u00e4vleborg\" \/>\n<meta property=\"article:published_time\" content=\"2025-08-21T10:03:23+00:00\" \/>\n<meta name=\"author\" content=\"annelieostling\" \/>\n<meta name=\"twitter:card\" content=\"summary_large_image\" \/>\n<meta name=\"twitter:label1\" content=\"Skriven av\" \/>\n\t<meta name=\"twitter:data1\" content=\"annelieostling\" \/>\n\t<meta name=\"twitter:label2\" content=\"Ber\u00e4knad l\u00e4stid\" \/>\n\t<meta name=\"twitter:data2\" content=\"2 minuter\" \/>\n<script type=\"application\/ld+json\" class=\"yoast-schema-graph\">{\"@context\":\"https:\\\/\\\/schema.org\",\"@graph\":[{\"@type\":\"Article\",\"@id\":\"https:\\\/\\\/wp.kristdemokraterna.se\\\/gavleborg\\\/svenska-varderingar-far-inte-tystas\\\/#article\",\"isPartOf\":{\"@id\":\"https:\\\/\\\/wp.kristdemokraterna.se\\\/gavleborg\\\/svenska-varderingar-far-inte-tystas\\\/\"},\"author\":{\"name\":\"annelieostling\",\"@id\":\"https:\\\/\\\/wp.kristdemokraterna.se\\\/gavleborg\\\/#\\\/schema\\\/person\\\/bc74b1c510a5c9e1fa45a63a3709916d\"},\"headline\":\"Svenska v\u00e4rderingar f\u00e5r inte tystas\",\"datePublished\":\"2025-08-21T10:03:23+00:00\",\"mainEntityOfPage\":{\"@id\":\"https:\\\/\\\/wp.kristdemokraterna.se\\\/gavleborg\\\/svenska-varderingar-far-inte-tystas\\\/\"},\"wordCount\":393,\"articleSection\":[\"Alla nyheter\",\"Debattartiklar\",\"Inl\u00e4gg\",\"Nyheter\"],\"inLanguage\":\"sv-SE\"},{\"@type\":\"WebPage\",\"@id\":\"https:\\\/\\\/wp.kristdemokraterna.se\\\/gavleborg\\\/svenska-varderingar-far-inte-tystas\\\/\",\"url\":\"https:\\\/\\\/wp.kristdemokraterna.se\\\/gavleborg\\\/svenska-varderingar-far-inte-tystas\\\/\",\"name\":\"Svenska v\u00e4rderingar f\u00e5r inte tystas - Kristdemokraterna G\u00e4vleborg\",\"isPartOf\":{\"@id\":\"https:\\\/\\\/wp.kristdemokraterna.se\\\/gavleborg\\\/#website\"},\"datePublished\":\"2025-08-21T10:03:23+00:00\",\"author\":{\"@id\":\"https:\\\/\\\/wp.kristdemokraterna.se\\\/gavleborg\\\/#\\\/schema\\\/person\\\/bc74b1c510a5c9e1fa45a63a3709916d\"},\"breadcrumb\":{\"@id\":\"https:\\\/\\\/wp.kristdemokraterna.se\\\/gavleborg\\\/svenska-varderingar-far-inte-tystas\\\/#breadcrumb\"},\"inLanguage\":\"sv-SE\",\"potentialAction\":[{\"@type\":\"ReadAction\",\"target\":[\"https:\\\/\\\/wp.kristdemokraterna.se\\\/gavleborg\\\/svenska-varderingar-far-inte-tystas\\\/\"]}]},{\"@type\":\"BreadcrumbList\",\"@id\":\"https:\\\/\\\/wp.kristdemokraterna.se\\\/gavleborg\\\/svenska-varderingar-far-inte-tystas\\\/#breadcrumb\",\"itemListElement\":[{\"@type\":\"ListItem\",\"position\":1,\"name\":\"Hem\",\"item\":\"https:\\\/\\\/wp.kristdemokraterna.se\\\/gavleborg\\\/\"},{\"@type\":\"ListItem\",\"position\":2,\"name\":\"Svenska v\u00e4rderingar f\u00e5r inte tystas\"}]},{\"@type\":\"WebSite\",\"@id\":\"https:\\\/\\\/wp.kristdemokraterna.se\\\/gavleborg\\\/#website\",\"url\":\"https:\\\/\\\/wp.kristdemokraterna.se\\\/gavleborg\\\/\",\"name\":\"Kristdemokraterna G\u00e4vleborg\",\"description\":\"Ett tryggare G\u00e4vleborg\",\"inLanguage\":\"sv-SE\"},{\"@type\":\"Person\",\"@id\":\"https:\\\/\\\/wp.kristdemokraterna.se\\\/gavleborg\\\/#\\\/schema\\\/person\\\/bc74b1c510a5c9e1fa45a63a3709916d\",\"name\":\"annelieostling\",\"image\":{\"@type\":\"ImageObject\",\"inLanguage\":\"sv-SE\",\"@id\":\"https:\\\/\\\/secure.gravatar.com\\\/avatar\\\/99d5411ba55eda83f73dc1ab2453d7b92fbc36831c5d818512b42de21186be1d?s=96&d=mm&r=g\",\"url\":\"https:\\\/\\\/secure.gravatar.com\\\/avatar\\\/99d5411ba55eda83f73dc1ab2453d7b92fbc36831c5d818512b42de21186be1d?s=96&d=mm&r=g\",\"contentUrl\":\"https:\\\/\\\/secure.gravatar.com\\\/avatar\\\/99d5411ba55eda83f73dc1ab2453d7b92fbc36831c5d818512b42de21186be1d?s=96&d=mm&r=g\",\"caption\":\"annelieostling\"},\"url\":\"https:\\\/\\\/wp.kristdemokraterna.se\\\/gavleborg\\\/author\\\/annelieostling\\\/\"}]}<\/script>\n<!-- \/ Yoast SEO plugin. -->","yoast_head_json":{"title":"Svenska v\u00e4rderingar f\u00e5r inte tystas - Kristdemokraterna G\u00e4vleborg","robots":{"index":"index","follow":"follow","max-snippet":"max-snippet:-1","max-image-preview":"max-image-preview:large","max-video-preview":"max-video-preview:-1"},"canonical":"https:\/\/wp.kristdemokraterna.se\/gavleborg\/svenska-varderingar-far-inte-tystas\/","og_locale":"sv_SE","og_type":"article","og_title":"Svenska v\u00e4rderingar f\u00e5r inte tystas - Kristdemokraterna G\u00e4vleborg","og_description":"Det r\u00e5der en bred enighet i Sverige om att situationen i Gaza \u00e4r b\u00e5de fruktansv\u00e4rd och oh\u00e5llbar. Regeringen har f\u00f6rdubblat st\u00f6det till den palestinska befolkningen. Sverige \u00e4r och f\u00f6rblir ett av de l\u00e4nder i v\u00e4rlden som ger mest bist\u00e5nd i hela v\u00e4rlden. Det har vi l\u00e4nge kunnat g\u00f6ra samtidigt som vi har byggt ett v\u00e4lst\u00e5nd L\u00e4s mer","og_url":"https:\/\/wp.kristdemokraterna.se\/gavleborg\/svenska-varderingar-far-inte-tystas\/","og_site_name":"Kristdemokraterna G\u00e4vleborg","article_published_time":"2025-08-21T10:03:23+00:00","author":"annelieostling","twitter_card":"summary_large_image","twitter_misc":{"Skriven av":"annelieostling","Ber\u00e4knad l\u00e4stid":"2 minuter"},"schema":{"@context":"https:\/\/schema.org","@graph":[{"@type":"Article","@id":"https:\/\/wp.kristdemokraterna.se\/gavleborg\/svenska-varderingar-far-inte-tystas\/#article","isPartOf":{"@id":"https:\/\/wp.kristdemokraterna.se\/gavleborg\/svenska-varderingar-far-inte-tystas\/"},"author":{"name":"annelieostling","@id":"https:\/\/wp.kristdemokraterna.se\/gavleborg\/#\/schema\/person\/bc74b1c510a5c9e1fa45a63a3709916d"},"headline":"Svenska v\u00e4rderingar f\u00e5r inte tystas","datePublished":"2025-08-21T10:03:23+00:00","mainEntityOfPage":{"@id":"https:\/\/wp.kristdemokraterna.se\/gavleborg\/svenska-varderingar-far-inte-tystas\/"},"wordCount":393,"articleSection":["Alla nyheter","Debattartiklar","Inl\u00e4gg","Nyheter"],"inLanguage":"sv-SE"},{"@type":"WebPage","@id":"https:\/\/wp.kristdemokraterna.se\/gavleborg\/svenska-varderingar-far-inte-tystas\/","url":"https:\/\/wp.kristdemokraterna.se\/gavleborg\/svenska-varderingar-far-inte-tystas\/","name":"Svenska v\u00e4rderingar f\u00e5r inte tystas - Kristdemokraterna G\u00e4vleborg","isPartOf":{"@id":"https:\/\/wp.kristdemokraterna.se\/gavleborg\/#website"},"datePublished":"2025-08-21T10:03:23+00:00","author":{"@id":"https:\/\/wp.kristdemokraterna.se\/gavleborg\/#\/schema\/person\/bc74b1c510a5c9e1fa45a63a3709916d"},"breadcrumb":{"@id":"https:\/\/wp.kristdemokraterna.se\/gavleborg\/svenska-varderingar-far-inte-tystas\/#breadcrumb"},"inLanguage":"sv-SE","potentialAction":[{"@type":"ReadAction","target":["https:\/\/wp.kristdemokraterna.se\/gavleborg\/svenska-varderingar-far-inte-tystas\/"]}]},{"@type":"BreadcrumbList","@id":"https:\/\/wp.kristdemokraterna.se\/gavleborg\/svenska-varderingar-far-inte-tystas\/#breadcrumb","itemListElement":[{"@type":"ListItem","position":1,"name":"Hem","item":"https:\/\/wp.kristdemokraterna.se\/gavleborg\/"},{"@type":"ListItem","position":2,"name":"Svenska v\u00e4rderingar f\u00e5r inte tystas"}]},{"@type":"WebSite","@id":"https:\/\/wp.kristdemokraterna.se\/gavleborg\/#website","url":"https:\/\/wp.kristdemokraterna.se\/gavleborg\/","name":"Kristdemokraterna G\u00e4vleborg","description":"Ett tryggare G\u00e4vleborg","inLanguage":"sv-SE"},{"@type":"Person","@id":"https:\/\/wp.kristdemokraterna.se\/gavleborg\/#\/schema\/person\/bc74b1c510a5c9e1fa45a63a3709916d","name":"annelieostling","image":{"@type":"ImageObject","inLanguage":"sv-SE","@id":"https:\/\/secure.gravatar.com\/avatar\/99d5411ba55eda83f73dc1ab2453d7b92fbc36831c5d818512b42de21186be1d?s=96&d=mm&r=g","url":"https:\/\/secure.gravatar.com\/avatar\/99d5411ba55eda83f73dc1ab2453d7b92fbc36831c5d818512b42de21186be1d?s=96&d=mm&r=g","contentUrl":"https:\/\/secure.gravatar.com\/avatar\/99d5411ba55eda83f73dc1ab2453d7b92fbc36831c5d818512b42de21186be1d?s=96&d=mm&r=g","caption":"annelieostling"},"url":"https:\/\/wp.kristdemokraterna.se\/gavleborg\/author\/annelieostling\/"}]}},"_links":{"self":[{"href":"https:\/\/wp.kristdemokraterna.se\/gavleborg\/wp-json\/wp\/v2\/posts\/1347","targetHints":{"allow":["GET"]}}],"collection":[{"href":"https:\/\/wp.kristdemokraterna.se\/gavleborg\/wp-json\/wp\/v2\/posts"}],"about":[{"href":"https:\/\/wp.kristdemokraterna.se\/gavleborg\/wp-json\/wp\/v2\/types\/post"}],"author":[{"embeddable":true,"href":"https:\/\/wp.kristdemokraterna.se\/gavleborg\/wp-json\/wp\/v2\/users\/976"}],"replies":[{"embeddable":true,"href":"https:\/\/wp.kristdemokraterna.se\/gavleborg\/wp-json\/wp\/v2\/comments?post=1347"}],"version-history":[{"count":1,"href":"https:\/\/wp.kristdemokraterna.se\/gavleborg\/wp-json\/wp\/v2\/posts\/1347\/revisions"}],"predecessor-version":[{"id":1348,"href":"https:\/\/wp.kristdemokraterna.se\/gavleborg\/wp-json\/wp\/v2\/posts\/1347\/revisions\/1348"}],"wp:attachment":[{"href":"https:\/\/wp.kristdemokraterna.se\/gavleborg\/wp-json\/wp\/v2\/media?parent=1347"}],"wp:term":[{"taxonomy":"category","embeddable":true,"href":"https:\/\/wp.kristdemokraterna.se\/gavleborg\/wp-json\/wp\/v2\/categories?post=1347"},{"taxonomy":"post_tag","embeddable":true,"href":"https:\/\/wp.kristdemokraterna.se\/gavleborg\/wp-json\/wp\/v2\/tags?post=1347"}],"curies":[{"name":"wp","href":"https:\/\/api.w.org\/{rel}","templated":true}]}}