{"id":1349,"date":"2025-08-21T12:05:25","date_gmt":"2025-08-21T10:05:25","guid":{"rendered":"https:\/\/wp.kristdemokraterna.se\/gavleborg\/?p=1349"},"modified":"2025-08-21T12:05:25","modified_gmt":"2025-08-21T10:05:25","slug":"en-vard-som-fungerar-oavsett-var-du-bor","status":"publish","type":"post","link":"https:\/\/wp.kristdemokraterna.se\/gavleborg\/en-vard-som-fungerar-oavsett-var-du-bor\/","title":{"rendered":"En v\u00e5rd som fungerar \u2013 oavsett var du bor"},"content":{"rendered":"<p>V\u00e5rdsverige har stora utmaningar \u2013 med bristande tillg\u00e4nglighet, l\u00e5nga v\u00e5rdk\u00f6er och stor oj\u00e4mlikhet. I Sverige ska man f\u00e5 hj\u00e4lp n\u00e4r man beh\u00f6ver det. Det \u00e4r v\u00e5rt l\u00f6fte till v\u00e5ra medborgare. F\u00f6r att vi fortsatt ska kunna vara stolta \u00f6ver v\u00e5r v\u00e4lf\u00e4rd, inklusive sjukv\u00e5rden, m\u00e5ste vi st\u00e4rka den, inte montera ned den. I olika delar av Sverige ser vi nedl\u00e4ggningar som p\u00e5verkar patienter. Sverige beh\u00f6ver kortare v\u00e5rdk\u00f6er, inte en l\u00e4gre v\u00e5rdkapacitet eller f\u00e4rre antal sjukhus. Det \u00e4r just d\u00e4rf\u00f6r ett nationellt ansvar f\u00f6r v\u00e5rden beh\u00f6vs.<\/p>\n<p>I V\u00e4sternorrland har beslut tagits att l\u00e4gga ned stora delar av Sollefte\u00e5 sjukhus, vilket \u00e4r ett viktigt sjukhus f\u00f6r Sollefte\u00e5borna och n\u00e4rliggande orter. Nedl\u00e4ggningen betyder att 146 tj\u00e4nster p\u00e5 sjukhuset f\u00f6rsvinner, att operationsverksamhet flyttas och sedan tidigare har BB lagts ned. Dessutom skadas Sveriges beredskap f\u00f6r kris och krig. F\u00f6rsvarsberedningen har slagit fast att sjukv\u00e5rdsf\u00f6rm\u00e5gan beh\u00f6ver \u00f6ka och att det finns behov av \u00f6kad beredskap g\u00e4llande v\u00e5rd specifikt i Norrland och p\u00e5 Gotland.<\/p>\n<p>I Kronoberg har regionen best\u00e4mt att flytta bort IVA-platserna fr\u00e5n Ljungby lasarett och i flera delar av landet kommer BB st\u00e4ngas ned \u00f6ver sommaren. Kristdemokraterna landet runt har sagt nej till nedl\u00e4ggningar, flytt och pauser \u2013 alla i Sverige f\u00f6rtj\u00e4nar en god och n\u00e4ra v\u00e5rd.<\/p>\n<p>Sedan Kristdemokraterna tilltr\u00e4dde regeringen har antalet v\u00e4ntande p\u00e5 operation eller \u00e5tg\u00e4rd i landet minskat. Vi har \u00e4ven startat arbetet med en nationell v\u00e5rdf\u00f6rmedling och arbetar nu f\u00f6r att implementera f\u00f6rslag om \u00f6kat statligt ansvar f\u00f6r v\u00e5rden. Vi vet dock att detta inte r\u00e4cker. Om vi ska r\u00e4dda v\u00e5rd-Sverige och se till att alla i v\u00e5rt land f\u00e5r tillg\u00e5ng till en j\u00e4mlik v\u00e5rd kr\u00e4vs ett nationellt ansvar. Resten av partierna i riksdagen h\u00e5ller fast vid ett ur\u00e5ldrigt v\u00e5rdsystem som inte fungerar. Vi vill se ett statligt huvudmannaskap f\u00f6r v\u00e5rden, d\u00e4r ansvaret ges till professionen och patienterna. Sverige f\u00f6rtj\u00e4nar en v\u00e5rd som funkar f\u00f6r alla, var du \u00e4n bor i landet.<\/p>\n<p>Lili Andr\u00e9, Riksdagsledamot (KD)<\/p>\n<p>Jennie Forsblom, Regionr\u00e5d (KD)<\/p>\n<p>Kicki Westerberg, Ordf\u00f6rande (KD) Hofors<\/p>\n<p>Daniel Weiss, Gruppledare (KD) G\u00e4vle<\/p>\n<p>Liz Zachariasson, (KD) Ockelbo<\/p>\n<p>Jeanette Fors\u00e9n, Ordf\u00f6rande (KD) Sandviken<\/p>\n<p>Andreas Sandsg\u00e5rd, Gruppledare (KD) Bolln\u00e4s<\/p>\n<p>Gunnar Cansl\u00e4tt, Ordf\u00f6rande (KD) Hudiksvall<\/p>\n<p>Mona \u00c4nges, Kommunpolitiker (KD) Ljusdal<\/p>\n<p>Andreas Kissner, Ordf\u00f6rande (KD) Ovan\u00e5ker<\/p>\n<p>Anders Ramstrand, Kommunalr\u00e5d (KD) S\u00f6derhamn<\/p>\n<p>&nbsp;<\/p>\n","protected":false},"excerpt":{"rendered":"<p>V\u00e5rdsverige har stora utmaningar \u2013 med bristande tillg\u00e4nglighet, l\u00e5nga v\u00e5rdk\u00f6er och stor oj\u00e4mlikhet. I Sverige ska man f\u00e5 hj\u00e4lp n\u00e4r man beh\u00f6ver det. Det \u00e4r v\u00e5rt l\u00f6fte till v\u00e5ra medborgare. F\u00f6r att vi fortsatt ska kunna vara stolta \u00f6ver v\u00e5r v\u00e4lf\u00e4rd, inklusive sjukv\u00e5rden, m\u00e5ste vi st\u00e4rka den, inte montera ned den. I olika delar av <a class=\"read-more-link\" href=\"https:\/\/wp.kristdemokraterna.se\/gavleborg\/en-vard-som-fungerar-oavsett-var-du-bor\/\">L\u00e4s mer<\/a><\/p>\n","protected":false},"author":976,"featured_media":0,"comment_status":"closed","ping_status":"closed","sticky":false,"template":"","format":"standard","meta":{"_acf_changed":false,"footnotes":""},"categories":[30,21,31,25],"tags":[],"class_list":["post-1349","post","type-post","status-publish","format-standard","hentry","category-alla-nyheter","category-debattartiklar","category-inlagg","category-nyheter"],"acf":[],"yoast_head":"<!-- This site is optimized with the Yoast SEO plugin v27.5 - https:\/\/yoast.com\/product\/yoast-seo-wordpress\/ -->\n<title>En v\u00e5rd som fungerar \u2013 oavsett var du bor - Kristdemokraterna G\u00e4vleborg<\/title>\n<meta name=\"robots\" content=\"index, follow, max-snippet:-1, max-image-preview:large, max-video-preview:-1\" \/>\n<link rel=\"canonical\" href=\"https:\/\/wp.kristdemokraterna.se\/gavleborg\/en-vard-som-fungerar-oavsett-var-du-bor\/\" \/>\n<meta property=\"og:locale\" content=\"sv_SE\" \/>\n<meta property=\"og:type\" content=\"article\" \/>\n<meta property=\"og:title\" content=\"En v\u00e5rd som fungerar \u2013 oavsett var du bor - Kristdemokraterna G\u00e4vleborg\" \/>\n<meta property=\"og:description\" content=\"V\u00e5rdsverige har stora utmaningar \u2013 med bristande tillg\u00e4nglighet, l\u00e5nga v\u00e5rdk\u00f6er och stor oj\u00e4mlikhet. I Sverige ska man f\u00e5 hj\u00e4lp n\u00e4r man beh\u00f6ver det. Det \u00e4r v\u00e5rt l\u00f6fte till v\u00e5ra medborgare. F\u00f6r att vi fortsatt ska kunna vara stolta \u00f6ver v\u00e5r v\u00e4lf\u00e4rd, inklusive sjukv\u00e5rden, m\u00e5ste vi st\u00e4rka den, inte montera ned den. I olika delar av L\u00e4s mer\" \/>\n<meta property=\"og:url\" content=\"https:\/\/wp.kristdemokraterna.se\/gavleborg\/en-vard-som-fungerar-oavsett-var-du-bor\/\" \/>\n<meta property=\"og:site_name\" content=\"Kristdemokraterna G\u00e4vleborg\" \/>\n<meta property=\"article:published_time\" content=\"2025-08-21T10:05:25+00:00\" \/>\n<meta name=\"author\" content=\"annelieostling\" \/>\n<meta name=\"twitter:card\" content=\"summary_large_image\" \/>\n<meta name=\"twitter:label1\" content=\"Skriven av\" \/>\n\t<meta name=\"twitter:data1\" content=\"annelieostling\" \/>\n\t<meta name=\"twitter:label2\" content=\"Ber\u00e4knad l\u00e4stid\" \/>\n\t<meta name=\"twitter:data2\" content=\"2 minuter\" \/>\n<script type=\"application\/ld+json\" class=\"yoast-schema-graph\">{\"@context\":\"https:\\\/\\\/schema.org\",\"@graph\":[{\"@type\":\"Article\",\"@id\":\"https:\\\/\\\/wp.kristdemokraterna.se\\\/gavleborg\\\/en-vard-som-fungerar-oavsett-var-du-bor\\\/#article\",\"isPartOf\":{\"@id\":\"https:\\\/\\\/wp.kristdemokraterna.se\\\/gavleborg\\\/en-vard-som-fungerar-oavsett-var-du-bor\\\/\"},\"author\":{\"name\":\"annelieostling\",\"@id\":\"https:\\\/\\\/wp.kristdemokraterna.se\\\/gavleborg\\\/#\\\/schema\\\/person\\\/bc74b1c510a5c9e1fa45a63a3709916d\"},\"headline\":\"En v\u00e5rd som fungerar \u2013 oavsett var du bor\",\"datePublished\":\"2025-08-21T10:05:25+00:00\",\"mainEntityOfPage\":{\"@id\":\"https:\\\/\\\/wp.kristdemokraterna.se\\\/gavleborg\\\/en-vard-som-fungerar-oavsett-var-du-bor\\\/\"},\"wordCount\":467,\"articleSection\":[\"Alla nyheter\",\"Debattartiklar\",\"Inl\u00e4gg\",\"Nyheter\"],\"inLanguage\":\"sv-SE\"},{\"@type\":\"WebPage\",\"@id\":\"https:\\\/\\\/wp.kristdemokraterna.se\\\/gavleborg\\\/en-vard-som-fungerar-oavsett-var-du-bor\\\/\",\"url\":\"https:\\\/\\\/wp.kristdemokraterna.se\\\/gavleborg\\\/en-vard-som-fungerar-oavsett-var-du-bor\\\/\",\"name\":\"En v\u00e5rd som fungerar \u2013 oavsett var du bor - Kristdemokraterna G\u00e4vleborg\",\"isPartOf\":{\"@id\":\"https:\\\/\\\/wp.kristdemokraterna.se\\\/gavleborg\\\/#website\"},\"datePublished\":\"2025-08-21T10:05:25+00:00\",\"author\":{\"@id\":\"https:\\\/\\\/wp.kristdemokraterna.se\\\/gavleborg\\\/#\\\/schema\\\/person\\\/bc74b1c510a5c9e1fa45a63a3709916d\"},\"breadcrumb\":{\"@id\":\"https:\\\/\\\/wp.kristdemokraterna.se\\\/gavleborg\\\/en-vard-som-fungerar-oavsett-var-du-bor\\\/#breadcrumb\"},\"inLanguage\":\"sv-SE\",\"potentialAction\":[{\"@type\":\"ReadAction\",\"target\":[\"https:\\\/\\\/wp.kristdemokraterna.se\\\/gavleborg\\\/en-vard-som-fungerar-oavsett-var-du-bor\\\/\"]}]},{\"@type\":\"BreadcrumbList\",\"@id\":\"https:\\\/\\\/wp.kristdemokraterna.se\\\/gavleborg\\\/en-vard-som-fungerar-oavsett-var-du-bor\\\/#breadcrumb\",\"itemListElement\":[{\"@type\":\"ListItem\",\"position\":1,\"name\":\"Hem\",\"item\":\"https:\\\/\\\/wp.kristdemokraterna.se\\\/gavleborg\\\/\"},{\"@type\":\"ListItem\",\"position\":2,\"name\":\"En v\u00e5rd som fungerar \u2013 oavsett var du bor\"}]},{\"@type\":\"WebSite\",\"@id\":\"https:\\\/\\\/wp.kristdemokraterna.se\\\/gavleborg\\\/#website\",\"url\":\"https:\\\/\\\/wp.kristdemokraterna.se\\\/gavleborg\\\/\",\"name\":\"Kristdemokraterna G\u00e4vleborg\",\"description\":\"Ett tryggare G\u00e4vleborg\",\"inLanguage\":\"sv-SE\"},{\"@type\":\"Person\",\"@id\":\"https:\\\/\\\/wp.kristdemokraterna.se\\\/gavleborg\\\/#\\\/schema\\\/person\\\/bc74b1c510a5c9e1fa45a63a3709916d\",\"name\":\"annelieostling\",\"image\":{\"@type\":\"ImageObject\",\"inLanguage\":\"sv-SE\",\"@id\":\"https:\\\/\\\/secure.gravatar.com\\\/avatar\\\/99d5411ba55eda83f73dc1ab2453d7b92fbc36831c5d818512b42de21186be1d?s=96&d=mm&r=g\",\"url\":\"https:\\\/\\\/secure.gravatar.com\\\/avatar\\\/99d5411ba55eda83f73dc1ab2453d7b92fbc36831c5d818512b42de21186be1d?s=96&d=mm&r=g\",\"contentUrl\":\"https:\\\/\\\/secure.gravatar.com\\\/avatar\\\/99d5411ba55eda83f73dc1ab2453d7b92fbc36831c5d818512b42de21186be1d?s=96&d=mm&r=g\",\"caption\":\"annelieostling\"},\"url\":\"https:\\\/\\\/wp.kristdemokraterna.se\\\/gavleborg\\\/author\\\/annelieostling\\\/\"}]}<\/script>\n<!-- \/ Yoast SEO plugin. -->","yoast_head_json":{"title":"En v\u00e5rd som fungerar \u2013 oavsett var du bor - Kristdemokraterna G\u00e4vleborg","robots":{"index":"index","follow":"follow","max-snippet":"max-snippet:-1","max-image-preview":"max-image-preview:large","max-video-preview":"max-video-preview:-1"},"canonical":"https:\/\/wp.kristdemokraterna.se\/gavleborg\/en-vard-som-fungerar-oavsett-var-du-bor\/","og_locale":"sv_SE","og_type":"article","og_title":"En v\u00e5rd som fungerar \u2013 oavsett var du bor - Kristdemokraterna G\u00e4vleborg","og_description":"V\u00e5rdsverige har stora utmaningar \u2013 med bristande tillg\u00e4nglighet, l\u00e5nga v\u00e5rdk\u00f6er och stor oj\u00e4mlikhet. I Sverige ska man f\u00e5 hj\u00e4lp n\u00e4r man beh\u00f6ver det. Det \u00e4r v\u00e5rt l\u00f6fte till v\u00e5ra medborgare. F\u00f6r att vi fortsatt ska kunna vara stolta \u00f6ver v\u00e5r v\u00e4lf\u00e4rd, inklusive sjukv\u00e5rden, m\u00e5ste vi st\u00e4rka den, inte montera ned den. I olika delar av L\u00e4s mer","og_url":"https:\/\/wp.kristdemokraterna.se\/gavleborg\/en-vard-som-fungerar-oavsett-var-du-bor\/","og_site_name":"Kristdemokraterna G\u00e4vleborg","article_published_time":"2025-08-21T10:05:25+00:00","author":"annelieostling","twitter_card":"summary_large_image","twitter_misc":{"Skriven av":"annelieostling","Ber\u00e4knad l\u00e4stid":"2 minuter"},"schema":{"@context":"https:\/\/schema.org","@graph":[{"@type":"Article","@id":"https:\/\/wp.kristdemokraterna.se\/gavleborg\/en-vard-som-fungerar-oavsett-var-du-bor\/#article","isPartOf":{"@id":"https:\/\/wp.kristdemokraterna.se\/gavleborg\/en-vard-som-fungerar-oavsett-var-du-bor\/"},"author":{"name":"annelieostling","@id":"https:\/\/wp.kristdemokraterna.se\/gavleborg\/#\/schema\/person\/bc74b1c510a5c9e1fa45a63a3709916d"},"headline":"En v\u00e5rd som fungerar \u2013 oavsett var du bor","datePublished":"2025-08-21T10:05:25+00:00","mainEntityOfPage":{"@id":"https:\/\/wp.kristdemokraterna.se\/gavleborg\/en-vard-som-fungerar-oavsett-var-du-bor\/"},"wordCount":467,"articleSection":["Alla nyheter","Debattartiklar","Inl\u00e4gg","Nyheter"],"inLanguage":"sv-SE"},{"@type":"WebPage","@id":"https:\/\/wp.kristdemokraterna.se\/gavleborg\/en-vard-som-fungerar-oavsett-var-du-bor\/","url":"https:\/\/wp.kristdemokraterna.se\/gavleborg\/en-vard-som-fungerar-oavsett-var-du-bor\/","name":"En v\u00e5rd som fungerar \u2013 oavsett var du bor - Kristdemokraterna G\u00e4vleborg","isPartOf":{"@id":"https:\/\/wp.kristdemokraterna.se\/gavleborg\/#website"},"datePublished":"2025-08-21T10:05:25+00:00","author":{"@id":"https:\/\/wp.kristdemokraterna.se\/gavleborg\/#\/schema\/person\/bc74b1c510a5c9e1fa45a63a3709916d"},"breadcrumb":{"@id":"https:\/\/wp.kristdemokraterna.se\/gavleborg\/en-vard-som-fungerar-oavsett-var-du-bor\/#breadcrumb"},"inLanguage":"sv-SE","potentialAction":[{"@type":"ReadAction","target":["https:\/\/wp.kristdemokraterna.se\/gavleborg\/en-vard-som-fungerar-oavsett-var-du-bor\/"]}]},{"@type":"BreadcrumbList","@id":"https:\/\/wp.kristdemokraterna.se\/gavleborg\/en-vard-som-fungerar-oavsett-var-du-bor\/#breadcrumb","itemListElement":[{"@type":"ListItem","position":1,"name":"Hem","item":"https:\/\/wp.kristdemokraterna.se\/gavleborg\/"},{"@type":"ListItem","position":2,"name":"En v\u00e5rd som fungerar \u2013 oavsett var du bor"}]},{"@type":"WebSite","@id":"https:\/\/wp.kristdemokraterna.se\/gavleborg\/#website","url":"https:\/\/wp.kristdemokraterna.se\/gavleborg\/","name":"Kristdemokraterna G\u00e4vleborg","description":"Ett tryggare G\u00e4vleborg","inLanguage":"sv-SE"},{"@type":"Person","@id":"https:\/\/wp.kristdemokraterna.se\/gavleborg\/#\/schema\/person\/bc74b1c510a5c9e1fa45a63a3709916d","name":"annelieostling","image":{"@type":"ImageObject","inLanguage":"sv-SE","@id":"https:\/\/secure.gravatar.com\/avatar\/99d5411ba55eda83f73dc1ab2453d7b92fbc36831c5d818512b42de21186be1d?s=96&d=mm&r=g","url":"https:\/\/secure.gravatar.com\/avatar\/99d5411ba55eda83f73dc1ab2453d7b92fbc36831c5d818512b42de21186be1d?s=96&d=mm&r=g","contentUrl":"https:\/\/secure.gravatar.com\/avatar\/99d5411ba55eda83f73dc1ab2453d7b92fbc36831c5d818512b42de21186be1d?s=96&d=mm&r=g","caption":"annelieostling"},"url":"https:\/\/wp.kristdemokraterna.se\/gavleborg\/author\/annelieostling\/"}]}},"_links":{"self":[{"href":"https:\/\/wp.kristdemokraterna.se\/gavleborg\/wp-json\/wp\/v2\/posts\/1349","targetHints":{"allow":["GET"]}}],"collection":[{"href":"https:\/\/wp.kristdemokraterna.se\/gavleborg\/wp-json\/wp\/v2\/posts"}],"about":[{"href":"https:\/\/wp.kristdemokraterna.se\/gavleborg\/wp-json\/wp\/v2\/types\/post"}],"author":[{"embeddable":true,"href":"https:\/\/wp.kristdemokraterna.se\/gavleborg\/wp-json\/wp\/v2\/users\/976"}],"replies":[{"embeddable":true,"href":"https:\/\/wp.kristdemokraterna.se\/gavleborg\/wp-json\/wp\/v2\/comments?post=1349"}],"version-history":[{"count":1,"href":"https:\/\/wp.kristdemokraterna.se\/gavleborg\/wp-json\/wp\/v2\/posts\/1349\/revisions"}],"predecessor-version":[{"id":1350,"href":"https:\/\/wp.kristdemokraterna.se\/gavleborg\/wp-json\/wp\/v2\/posts\/1349\/revisions\/1350"}],"wp:attachment":[{"href":"https:\/\/wp.kristdemokraterna.se\/gavleborg\/wp-json\/wp\/v2\/media?parent=1349"}],"wp:term":[{"taxonomy":"category","embeddable":true,"href":"https:\/\/wp.kristdemokraterna.se\/gavleborg\/wp-json\/wp\/v2\/categories?post=1349"},{"taxonomy":"post_tag","embeddable":true,"href":"https:\/\/wp.kristdemokraterna.se\/gavleborg\/wp-json\/wp\/v2\/tags?post=1349"}],"curies":[{"name":"wp","href":"https:\/\/api.w.org\/{rel}","templated":true}]}}