{"id":1354,"date":"2025-08-21T12:20:42","date_gmt":"2025-08-21T10:20:42","guid":{"rendered":"https:\/\/wp.kristdemokraterna.se\/gavleborg\/?p=1354"},"modified":"2025-08-21T12:20:42","modified_gmt":"2025-08-21T10:20:42","slug":"en-vard-for-hela-sverige-staten-maste-ta-over","status":"publish","type":"post","link":"https:\/\/wp.kristdemokraterna.se\/gavleborg\/en-vard-for-hela-sverige-staten-maste-ta-over\/","title":{"rendered":"En v\u00e5rd f\u00f6r hela Sverige \u2013 staten m\u00e5ste ta \u00f6ver"},"content":{"rendered":"<p>Kristdemokraterna har l\u00e4nge drivit att Sverige beh\u00f6ver ett statligt huvudmannaskap f\u00f6r h\u00e4lso- och sjukv\u00e5rden, V\u00e5rdansvarskommitt\u00e9ns utredning bekr\u00e4ftar nu det. F\u00f6r att alla patienter, oavsett bostadsort, ska f\u00e5 r\u00e4tt v\u00e5rd i r\u00e4tt tid kr\u00e4vs en mer sammanh\u00e5llen styrning. Staten m\u00e5ste ta ett st\u00f6rre ansvar.<\/p>\n<p>Utredningen visar att ett statligt ansvar ger b\u00e4ttre helhetsperspektiv, tydligare prioriteringar och mer r\u00e4ttvis resursf\u00f6rdelning. I dag p\u00e5verkas v\u00e5rden starkt av regionernas olika ekonomiska f\u00f6ruts\u00e4ttningar. Det \u00e4r inte rimligt att tillg\u00e5ngen till v\u00e5rd ska avg\u00f6ras av var man bor. Vi kristdemokrater har patienternas och v\u00e5rdpersonalens behov i fokus.<\/p>\n<p>L\u00e4kemedelsomr\u00e5det \u00e4r ett tydligt exempel p\u00e5 behovet av nationell styrning. I dag varierar tillg\u00e5ngen till nya behandlingar beroende p\u00e5 region. Med snabb medicinsk utveckling, individanpassade behandlingar och h\u00f6ga kostnader kr\u00e4vs ett enhetligt ansvar \u2013 n\u00e5got bara staten kan ta.<\/p>\n<p>Kompetensf\u00f6rs\u00f6rjningen \u00e4r en annan nyckelfr\u00e5ga. Brist p\u00e5 personal, oj\u00e4mn utbildningskapacitet och svag arbetsmilj\u00f6 kan inte l\u00f6sas i ett splittrat system med 21 huvudm\u00e4n. Staten b\u00f6r ta ansvar f\u00f6r planering, utbildning och finansiering \u2013 f\u00f6r att s\u00e4kra v\u00e5rdens framtid.<\/p>\n<p>Att stora och avg\u00f6rande omr\u00e5den som kompetensf\u00f6rs\u00f6rjning och l\u00e4kemedel nu lyfts fram som omr\u00e5den d\u00e4r ett statligt ansvar f\u00f6resl\u00e5s \u00e4r ingen tillf\u00e4llighet. Det visar tydligt att v\u00e5rden i grunden beh\u00f6ver ett sammanh\u00e5llet ledarskap. Tiden f\u00f6r ett splittrat ansvar \u00e4r f\u00f6rbi.<\/p>\n<p>Att beh\u00e5lla ett 160 \u00e5r gammalt system, byggt f\u00f6r en annan tid, \u00e4r inte att ta ansvar. Nu \u00e4r det dags att g\u00e5 vidare. Kristdemokraterna kommer att driva p\u00e5 f\u00f6r att staten tar ansvar f\u00f6r de omr\u00e5den som utredningen f\u00f6reslagit och samtidigt f\u00f6rbereda de strukturer som kr\u00e4vs f\u00f6r ett framtida statligt huvudmannaskap \u2013 den enda l\u00e5ngsiktigt h\u00e5llbara v\u00e4gen till en j\u00e4mlik, tillg\u00e4nglig och trygg v\u00e5rd i hela landet.<\/p>\n<p>Lili Andr\u00e9 (KD), Riksdagsledamot<\/p>\n<p>Jennie Forsblom (KD), Regionr\u00e5d<\/p>\n","protected":false},"excerpt":{"rendered":"<p>Kristdemokraterna har l\u00e4nge drivit att Sverige beh\u00f6ver ett statligt huvudmannaskap f\u00f6r h\u00e4lso- och sjukv\u00e5rden, V\u00e5rdansvarskommitt\u00e9ns utredning bekr\u00e4ftar nu det. F\u00f6r att alla patienter, oavsett bostadsort, ska f\u00e5 r\u00e4tt v\u00e5rd i r\u00e4tt tid kr\u00e4vs en mer sammanh\u00e5llen styrning. Staten m\u00e5ste ta ett st\u00f6rre ansvar. Utredningen visar att ett statligt ansvar ger b\u00e4ttre helhetsperspektiv, tydligare prioriteringar och <a class=\"read-more-link\" href=\"https:\/\/wp.kristdemokraterna.se\/gavleborg\/en-vard-for-hela-sverige-staten-maste-ta-over\/\">L\u00e4s mer<\/a><\/p>\n","protected":false},"author":976,"featured_media":0,"comment_status":"closed","ping_status":"closed","sticky":false,"template":"","format":"standard","meta":{"_acf_changed":false,"footnotes":""},"categories":[30,21,31,25],"tags":[],"class_list":["post-1354","post","type-post","status-publish","format-standard","hentry","category-alla-nyheter","category-debattartiklar","category-inlagg","category-nyheter"],"acf":[],"yoast_head":"<!-- This site is optimized with the Yoast SEO plugin v27.5 - https:\/\/yoast.com\/product\/yoast-seo-wordpress\/ -->\n<title>En v\u00e5rd f\u00f6r hela Sverige \u2013 staten m\u00e5ste ta \u00f6ver - Kristdemokraterna G\u00e4vleborg<\/title>\n<meta name=\"robots\" content=\"index, follow, max-snippet:-1, max-image-preview:large, max-video-preview:-1\" \/>\n<link rel=\"canonical\" href=\"https:\/\/wp.kristdemokraterna.se\/gavleborg\/en-vard-for-hela-sverige-staten-maste-ta-over\/\" \/>\n<meta property=\"og:locale\" content=\"sv_SE\" \/>\n<meta property=\"og:type\" content=\"article\" \/>\n<meta property=\"og:title\" content=\"En v\u00e5rd f\u00f6r hela Sverige \u2013 staten m\u00e5ste ta \u00f6ver - Kristdemokraterna G\u00e4vleborg\" \/>\n<meta property=\"og:description\" content=\"Kristdemokraterna har l\u00e4nge drivit att Sverige beh\u00f6ver ett statligt huvudmannaskap f\u00f6r h\u00e4lso- och sjukv\u00e5rden, V\u00e5rdansvarskommitt\u00e9ns utredning bekr\u00e4ftar nu det. F\u00f6r att alla patienter, oavsett bostadsort, ska f\u00e5 r\u00e4tt v\u00e5rd i r\u00e4tt tid kr\u00e4vs en mer sammanh\u00e5llen styrning. Staten m\u00e5ste ta ett st\u00f6rre ansvar. Utredningen visar att ett statligt ansvar ger b\u00e4ttre helhetsperspektiv, tydligare prioriteringar och L\u00e4s mer\" \/>\n<meta property=\"og:url\" content=\"https:\/\/wp.kristdemokraterna.se\/gavleborg\/en-vard-for-hela-sverige-staten-maste-ta-over\/\" \/>\n<meta property=\"og:site_name\" content=\"Kristdemokraterna G\u00e4vleborg\" \/>\n<meta property=\"article:published_time\" content=\"2025-08-21T10:20:42+00:00\" \/>\n<meta name=\"author\" content=\"annelieostling\" \/>\n<meta name=\"twitter:card\" content=\"summary_large_image\" \/>\n<meta name=\"twitter:label1\" content=\"Skriven av\" \/>\n\t<meta name=\"twitter:data1\" content=\"annelieostling\" \/>\n\t<meta name=\"twitter:label2\" content=\"Ber\u00e4knad l\u00e4stid\" \/>\n\t<meta name=\"twitter:data2\" content=\"2 minuter\" \/>\n<script type=\"application\/ld+json\" class=\"yoast-schema-graph\">{\"@context\":\"https:\\\/\\\/schema.org\",\"@graph\":[{\"@type\":\"Article\",\"@id\":\"https:\\\/\\\/wp.kristdemokraterna.se\\\/gavleborg\\\/en-vard-for-hela-sverige-staten-maste-ta-over\\\/#article\",\"isPartOf\":{\"@id\":\"https:\\\/\\\/wp.kristdemokraterna.se\\\/gavleborg\\\/en-vard-for-hela-sverige-staten-maste-ta-over\\\/\"},\"author\":{\"name\":\"annelieostling\",\"@id\":\"https:\\\/\\\/wp.kristdemokraterna.se\\\/gavleborg\\\/#\\\/schema\\\/person\\\/bc74b1c510a5c9e1fa45a63a3709916d\"},\"headline\":\"En v\u00e5rd f\u00f6r hela Sverige \u2013 staten m\u00e5ste ta \u00f6ver\",\"datePublished\":\"2025-08-21T10:20:42+00:00\",\"mainEntityOfPage\":{\"@id\":\"https:\\\/\\\/wp.kristdemokraterna.se\\\/gavleborg\\\/en-vard-for-hela-sverige-staten-maste-ta-over\\\/\"},\"wordCount\":366,\"articleSection\":[\"Alla nyheter\",\"Debattartiklar\",\"Inl\u00e4gg\",\"Nyheter\"],\"inLanguage\":\"sv-SE\"},{\"@type\":\"WebPage\",\"@id\":\"https:\\\/\\\/wp.kristdemokraterna.se\\\/gavleborg\\\/en-vard-for-hela-sverige-staten-maste-ta-over\\\/\",\"url\":\"https:\\\/\\\/wp.kristdemokraterna.se\\\/gavleborg\\\/en-vard-for-hela-sverige-staten-maste-ta-over\\\/\",\"name\":\"En v\u00e5rd f\u00f6r hela Sverige \u2013 staten m\u00e5ste ta \u00f6ver - Kristdemokraterna G\u00e4vleborg\",\"isPartOf\":{\"@id\":\"https:\\\/\\\/wp.kristdemokraterna.se\\\/gavleborg\\\/#website\"},\"datePublished\":\"2025-08-21T10:20:42+00:00\",\"author\":{\"@id\":\"https:\\\/\\\/wp.kristdemokraterna.se\\\/gavleborg\\\/#\\\/schema\\\/person\\\/bc74b1c510a5c9e1fa45a63a3709916d\"},\"breadcrumb\":{\"@id\":\"https:\\\/\\\/wp.kristdemokraterna.se\\\/gavleborg\\\/en-vard-for-hela-sverige-staten-maste-ta-over\\\/#breadcrumb\"},\"inLanguage\":\"sv-SE\",\"potentialAction\":[{\"@type\":\"ReadAction\",\"target\":[\"https:\\\/\\\/wp.kristdemokraterna.se\\\/gavleborg\\\/en-vard-for-hela-sverige-staten-maste-ta-over\\\/\"]}]},{\"@type\":\"BreadcrumbList\",\"@id\":\"https:\\\/\\\/wp.kristdemokraterna.se\\\/gavleborg\\\/en-vard-for-hela-sverige-staten-maste-ta-over\\\/#breadcrumb\",\"itemListElement\":[{\"@type\":\"ListItem\",\"position\":1,\"name\":\"Hem\",\"item\":\"https:\\\/\\\/wp.kristdemokraterna.se\\\/gavleborg\\\/\"},{\"@type\":\"ListItem\",\"position\":2,\"name\":\"En v\u00e5rd f\u00f6r hela Sverige \u2013 staten m\u00e5ste ta \u00f6ver\"}]},{\"@type\":\"WebSite\",\"@id\":\"https:\\\/\\\/wp.kristdemokraterna.se\\\/gavleborg\\\/#website\",\"url\":\"https:\\\/\\\/wp.kristdemokraterna.se\\\/gavleborg\\\/\",\"name\":\"Kristdemokraterna G\u00e4vleborg\",\"description\":\"Ett tryggare G\u00e4vleborg\",\"inLanguage\":\"sv-SE\"},{\"@type\":\"Person\",\"@id\":\"https:\\\/\\\/wp.kristdemokraterna.se\\\/gavleborg\\\/#\\\/schema\\\/person\\\/bc74b1c510a5c9e1fa45a63a3709916d\",\"name\":\"annelieostling\",\"image\":{\"@type\":\"ImageObject\",\"inLanguage\":\"sv-SE\",\"@id\":\"https:\\\/\\\/secure.gravatar.com\\\/avatar\\\/99d5411ba55eda83f73dc1ab2453d7b92fbc36831c5d818512b42de21186be1d?s=96&d=mm&r=g\",\"url\":\"https:\\\/\\\/secure.gravatar.com\\\/avatar\\\/99d5411ba55eda83f73dc1ab2453d7b92fbc36831c5d818512b42de21186be1d?s=96&d=mm&r=g\",\"contentUrl\":\"https:\\\/\\\/secure.gravatar.com\\\/avatar\\\/99d5411ba55eda83f73dc1ab2453d7b92fbc36831c5d818512b42de21186be1d?s=96&d=mm&r=g\",\"caption\":\"annelieostling\"},\"url\":\"https:\\\/\\\/wp.kristdemokraterna.se\\\/gavleborg\\\/author\\\/annelieostling\\\/\"}]}<\/script>\n<!-- \/ Yoast SEO plugin. -->","yoast_head_json":{"title":"En v\u00e5rd f\u00f6r hela Sverige \u2013 staten m\u00e5ste ta \u00f6ver - Kristdemokraterna G\u00e4vleborg","robots":{"index":"index","follow":"follow","max-snippet":"max-snippet:-1","max-image-preview":"max-image-preview:large","max-video-preview":"max-video-preview:-1"},"canonical":"https:\/\/wp.kristdemokraterna.se\/gavleborg\/en-vard-for-hela-sverige-staten-maste-ta-over\/","og_locale":"sv_SE","og_type":"article","og_title":"En v\u00e5rd f\u00f6r hela Sverige \u2013 staten m\u00e5ste ta \u00f6ver - Kristdemokraterna G\u00e4vleborg","og_description":"Kristdemokraterna har l\u00e4nge drivit att Sverige beh\u00f6ver ett statligt huvudmannaskap f\u00f6r h\u00e4lso- och sjukv\u00e5rden, V\u00e5rdansvarskommitt\u00e9ns utredning bekr\u00e4ftar nu det. F\u00f6r att alla patienter, oavsett bostadsort, ska f\u00e5 r\u00e4tt v\u00e5rd i r\u00e4tt tid kr\u00e4vs en mer sammanh\u00e5llen styrning. Staten m\u00e5ste ta ett st\u00f6rre ansvar. Utredningen visar att ett statligt ansvar ger b\u00e4ttre helhetsperspektiv, tydligare prioriteringar och L\u00e4s mer","og_url":"https:\/\/wp.kristdemokraterna.se\/gavleborg\/en-vard-for-hela-sverige-staten-maste-ta-over\/","og_site_name":"Kristdemokraterna G\u00e4vleborg","article_published_time":"2025-08-21T10:20:42+00:00","author":"annelieostling","twitter_card":"summary_large_image","twitter_misc":{"Skriven av":"annelieostling","Ber\u00e4knad l\u00e4stid":"2 minuter"},"schema":{"@context":"https:\/\/schema.org","@graph":[{"@type":"Article","@id":"https:\/\/wp.kristdemokraterna.se\/gavleborg\/en-vard-for-hela-sverige-staten-maste-ta-over\/#article","isPartOf":{"@id":"https:\/\/wp.kristdemokraterna.se\/gavleborg\/en-vard-for-hela-sverige-staten-maste-ta-over\/"},"author":{"name":"annelieostling","@id":"https:\/\/wp.kristdemokraterna.se\/gavleborg\/#\/schema\/person\/bc74b1c510a5c9e1fa45a63a3709916d"},"headline":"En v\u00e5rd f\u00f6r hela Sverige \u2013 staten m\u00e5ste ta \u00f6ver","datePublished":"2025-08-21T10:20:42+00:00","mainEntityOfPage":{"@id":"https:\/\/wp.kristdemokraterna.se\/gavleborg\/en-vard-for-hela-sverige-staten-maste-ta-over\/"},"wordCount":366,"articleSection":["Alla nyheter","Debattartiklar","Inl\u00e4gg","Nyheter"],"inLanguage":"sv-SE"},{"@type":"WebPage","@id":"https:\/\/wp.kristdemokraterna.se\/gavleborg\/en-vard-for-hela-sverige-staten-maste-ta-over\/","url":"https:\/\/wp.kristdemokraterna.se\/gavleborg\/en-vard-for-hela-sverige-staten-maste-ta-over\/","name":"En v\u00e5rd f\u00f6r hela Sverige \u2013 staten m\u00e5ste ta \u00f6ver - Kristdemokraterna G\u00e4vleborg","isPartOf":{"@id":"https:\/\/wp.kristdemokraterna.se\/gavleborg\/#website"},"datePublished":"2025-08-21T10:20:42+00:00","author":{"@id":"https:\/\/wp.kristdemokraterna.se\/gavleborg\/#\/schema\/person\/bc74b1c510a5c9e1fa45a63a3709916d"},"breadcrumb":{"@id":"https:\/\/wp.kristdemokraterna.se\/gavleborg\/en-vard-for-hela-sverige-staten-maste-ta-over\/#breadcrumb"},"inLanguage":"sv-SE","potentialAction":[{"@type":"ReadAction","target":["https:\/\/wp.kristdemokraterna.se\/gavleborg\/en-vard-for-hela-sverige-staten-maste-ta-over\/"]}]},{"@type":"BreadcrumbList","@id":"https:\/\/wp.kristdemokraterna.se\/gavleborg\/en-vard-for-hela-sverige-staten-maste-ta-over\/#breadcrumb","itemListElement":[{"@type":"ListItem","position":1,"name":"Hem","item":"https:\/\/wp.kristdemokraterna.se\/gavleborg\/"},{"@type":"ListItem","position":2,"name":"En v\u00e5rd f\u00f6r hela Sverige \u2013 staten m\u00e5ste ta \u00f6ver"}]},{"@type":"WebSite","@id":"https:\/\/wp.kristdemokraterna.se\/gavleborg\/#website","url":"https:\/\/wp.kristdemokraterna.se\/gavleborg\/","name":"Kristdemokraterna G\u00e4vleborg","description":"Ett tryggare G\u00e4vleborg","inLanguage":"sv-SE"},{"@type":"Person","@id":"https:\/\/wp.kristdemokraterna.se\/gavleborg\/#\/schema\/person\/bc74b1c510a5c9e1fa45a63a3709916d","name":"annelieostling","image":{"@type":"ImageObject","inLanguage":"sv-SE","@id":"https:\/\/secure.gravatar.com\/avatar\/99d5411ba55eda83f73dc1ab2453d7b92fbc36831c5d818512b42de21186be1d?s=96&d=mm&r=g","url":"https:\/\/secure.gravatar.com\/avatar\/99d5411ba55eda83f73dc1ab2453d7b92fbc36831c5d818512b42de21186be1d?s=96&d=mm&r=g","contentUrl":"https:\/\/secure.gravatar.com\/avatar\/99d5411ba55eda83f73dc1ab2453d7b92fbc36831c5d818512b42de21186be1d?s=96&d=mm&r=g","caption":"annelieostling"},"url":"https:\/\/wp.kristdemokraterna.se\/gavleborg\/author\/annelieostling\/"}]}},"_links":{"self":[{"href":"https:\/\/wp.kristdemokraterna.se\/gavleborg\/wp-json\/wp\/v2\/posts\/1354","targetHints":{"allow":["GET"]}}],"collection":[{"href":"https:\/\/wp.kristdemokraterna.se\/gavleborg\/wp-json\/wp\/v2\/posts"}],"about":[{"href":"https:\/\/wp.kristdemokraterna.se\/gavleborg\/wp-json\/wp\/v2\/types\/post"}],"author":[{"embeddable":true,"href":"https:\/\/wp.kristdemokraterna.se\/gavleborg\/wp-json\/wp\/v2\/users\/976"}],"replies":[{"embeddable":true,"href":"https:\/\/wp.kristdemokraterna.se\/gavleborg\/wp-json\/wp\/v2\/comments?post=1354"}],"version-history":[{"count":1,"href":"https:\/\/wp.kristdemokraterna.se\/gavleborg\/wp-json\/wp\/v2\/posts\/1354\/revisions"}],"predecessor-version":[{"id":1358,"href":"https:\/\/wp.kristdemokraterna.se\/gavleborg\/wp-json\/wp\/v2\/posts\/1354\/revisions\/1358"}],"wp:attachment":[{"href":"https:\/\/wp.kristdemokraterna.se\/gavleborg\/wp-json\/wp\/v2\/media?parent=1354"}],"wp:term":[{"taxonomy":"category","embeddable":true,"href":"https:\/\/wp.kristdemokraterna.se\/gavleborg\/wp-json\/wp\/v2\/categories?post=1354"},{"taxonomy":"post_tag","embeddable":true,"href":"https:\/\/wp.kristdemokraterna.se\/gavleborg\/wp-json\/wp\/v2\/tags?post=1354"}],"curies":[{"name":"wp","href":"https:\/\/api.w.org\/{rel}","templated":true}]}}