{"id":1359,"date":"2025-08-21T12:26:16","date_gmt":"2025-08-21T10:26:16","guid":{"rendered":"https:\/\/wp.kristdemokraterna.se\/gavleborg\/?p=1359"},"modified":"2025-08-21T12:26:17","modified_gmt":"2025-08-21T10:26:17","slug":"fritidskortet-blir-verklighet-tack-vare-kristdemokraterna","status":"publish","type":"post","link":"https:\/\/wp.kristdemokraterna.se\/gavleborg\/fritidskortet-blir-verklighet-tack-vare-kristdemokraterna\/","title":{"rendered":"Fritidskortet blir verklighet \u2013 tack vare Kristdemokraterna"},"content":{"rendered":"<p>Alla barn har r\u00e4tt till en trygg och meningsfull fritid. D\u00e4rf\u00f6r har Kristdemokraterna l\u00e4nge drivit fr\u00e5gan om ett Fritidskort till barn och unga. Fr\u00e5n och med den 1 september blir det verklighet. Fritidskortet kommer att ge alla mellan 8 och 16 \u00e5r b\u00e4ttre m\u00f6jligheter att delta i fritidsaktiviteter \u2013 n\u00e5got som fr\u00e4mjar b\u00e5de gemenskap och h\u00e4lsa.<\/p>\n<p>Kortet laddas med 500 kronor per barn och ges till alla, oavsett bakgrund. F\u00f6r barn i socioekonomiskt utsatta familjer kan st\u00f6d ges upp till 2\u202f000 kronor per \u00e5r. Det h\u00e4r \u00e4r ett viktigt steg f\u00f6r att minska klyftor i samh\u00e4llet. Alla barn ska kunna spela fotboll, g\u00e5 i dansskola, l\u00e4ra sig ett instrument eller delta i andra aktiviteter \u2013 inte bara de vars f\u00f6r\u00e4ldrar har r\u00e5d.<\/p>\n<p>Vi vet att en aktiv fritid motverkar ensamhet, psykisk oh\u00e4lsa och risken f\u00f6r att hamna i utanf\u00f6rskap. Det skapar trygga barn \u2013 och d\u00e4rmed ett tryggare samh\u00e4lle. Genom Fritidskortet investerar vi i barns och ungas framtid, men ocks\u00e5 i hela v\u00e5rt samh\u00e4lles sammanh\u00e5llning.<\/p>\n<p>Kristdemokraterna st\u00e5r f\u00f6r konkreta l\u00f6sningar som g\u00f6r skillnad i m\u00e4nniskors vardag. Fritidskortet \u00e4r ett exempel p\u00e5 n\u00e4r v\u00e5ra v\u00e4rderingar oms\u00e4tts i praktisk politik. N\u00e4r barn f\u00e5r v\u00e4xa upp med trygghet, delaktighet och r\u00f6relsegl\u00e4dje \u2013 d\u00e5 v\u00e4xer ocks\u00e5 v\u00e5rt hem Sverige.<\/p>\n<p>Lili Andr\u00e9 (KD), Riksdagsledamot<\/p>\n<p>Jennie Forsblom (KD), Regionr\u00e5d<\/p>\n<p>Annika Sj\u00f6gren (KD), Vice ordf\u00f6rande KD Hofors<\/p>\n<p>Jan-Eric Andersson (KD), Ordf\u00f6rande KD G\u00e4vle<\/p>\n<p>Jonny Lindblom (KD), Vice ordf\u00f6rande KD Ockelbo<\/p>\n<p>Jeanette Fors\u00e9n (KD), Ordf\u00f6rande KD Sandviken<\/p>\n<p>Marcus L\u00f6f H\u00e4llstr\u00f6m (KD), Ordf\u00f6rande KD Bolln\u00e4s<\/p>\n<p>Gunnar Cansl\u00e4tt (KD), Ordf\u00f6rande KD Hudiksvall<\/p>\n<p>Andreas Kissner (KD), Ordf\u00f6rande KD Ovan\u00e5ker<\/p>\n<p>Olle Persson (KD), Ordf\u00f6rande KD S\u00f6derhamn<\/p>\n<p>&nbsp;<\/p>\n","protected":false},"excerpt":{"rendered":"<p>Alla barn har r\u00e4tt till en trygg och meningsfull fritid. D\u00e4rf\u00f6r har Kristdemokraterna l\u00e4nge drivit fr\u00e5gan om ett Fritidskort till barn och unga. Fr\u00e5n och med den 1 september blir det verklighet. Fritidskortet kommer att ge alla mellan 8 och 16 \u00e5r b\u00e4ttre m\u00f6jligheter att delta i fritidsaktiviteter \u2013 n\u00e5got som fr\u00e4mjar b\u00e5de gemenskap och <a class=\"read-more-link\" href=\"https:\/\/wp.kristdemokraterna.se\/gavleborg\/fritidskortet-blir-verklighet-tack-vare-kristdemokraterna\/\">L\u00e4s mer<\/a><\/p>\n","protected":false},"author":976,"featured_media":0,"comment_status":"closed","ping_status":"closed","sticky":false,"template":"","format":"standard","meta":{"_acf_changed":false,"footnotes":""},"categories":[30,21,31,25],"tags":[],"class_list":["post-1359","post","type-post","status-publish","format-standard","hentry","category-alla-nyheter","category-debattartiklar","category-inlagg","category-nyheter"],"acf":[],"yoast_head":"<!-- This site is optimized with the Yoast SEO plugin v27.5 - https:\/\/yoast.com\/product\/yoast-seo-wordpress\/ -->\n<title>Fritidskortet blir verklighet \u2013 tack vare Kristdemokraterna - Kristdemokraterna G\u00e4vleborg<\/title>\n<meta name=\"robots\" content=\"index, follow, max-snippet:-1, max-image-preview:large, max-video-preview:-1\" \/>\n<link rel=\"canonical\" href=\"https:\/\/wp.kristdemokraterna.se\/gavleborg\/fritidskortet-blir-verklighet-tack-vare-kristdemokraterna\/\" \/>\n<meta property=\"og:locale\" content=\"sv_SE\" \/>\n<meta property=\"og:type\" content=\"article\" \/>\n<meta property=\"og:title\" content=\"Fritidskortet blir verklighet \u2013 tack vare Kristdemokraterna - Kristdemokraterna G\u00e4vleborg\" \/>\n<meta property=\"og:description\" content=\"Alla barn har r\u00e4tt till en trygg och meningsfull fritid. D\u00e4rf\u00f6r har Kristdemokraterna l\u00e4nge drivit fr\u00e5gan om ett Fritidskort till barn och unga. Fr\u00e5n och med den 1 september blir det verklighet. Fritidskortet kommer att ge alla mellan 8 och 16 \u00e5r b\u00e4ttre m\u00f6jligheter att delta i fritidsaktiviteter \u2013 n\u00e5got som fr\u00e4mjar b\u00e5de gemenskap och L\u00e4s mer\" \/>\n<meta property=\"og:url\" content=\"https:\/\/wp.kristdemokraterna.se\/gavleborg\/fritidskortet-blir-verklighet-tack-vare-kristdemokraterna\/\" \/>\n<meta property=\"og:site_name\" content=\"Kristdemokraterna G\u00e4vleborg\" \/>\n<meta property=\"article:published_time\" content=\"2025-08-21T10:26:16+00:00\" \/>\n<meta property=\"article:modified_time\" content=\"2025-08-21T10:26:17+00:00\" \/>\n<meta name=\"author\" content=\"annelieostling\" \/>\n<meta name=\"twitter:card\" content=\"summary_large_image\" \/>\n<meta name=\"twitter:label1\" content=\"Skriven av\" \/>\n\t<meta name=\"twitter:data1\" content=\"annelieostling\" \/>\n\t<meta name=\"twitter:label2\" content=\"Ber\u00e4knad l\u00e4stid\" \/>\n\t<meta name=\"twitter:data2\" content=\"2 minuter\" \/>\n<script type=\"application\/ld+json\" class=\"yoast-schema-graph\">{\"@context\":\"https:\\\/\\\/schema.org\",\"@graph\":[{\"@type\":\"Article\",\"@id\":\"https:\\\/\\\/wp.kristdemokraterna.se\\\/gavleborg\\\/fritidskortet-blir-verklighet-tack-vare-kristdemokraterna\\\/#article\",\"isPartOf\":{\"@id\":\"https:\\\/\\\/wp.kristdemokraterna.se\\\/gavleborg\\\/fritidskortet-blir-verklighet-tack-vare-kristdemokraterna\\\/\"},\"author\":{\"name\":\"annelieostling\",\"@id\":\"https:\\\/\\\/wp.kristdemokraterna.se\\\/gavleborg\\\/#\\\/schema\\\/person\\\/bc74b1c510a5c9e1fa45a63a3709916d\"},\"headline\":\"Fritidskortet blir verklighet \u2013 tack vare Kristdemokraterna\",\"datePublished\":\"2025-08-21T10:26:16+00:00\",\"dateModified\":\"2025-08-21T10:26:17+00:00\",\"mainEntityOfPage\":{\"@id\":\"https:\\\/\\\/wp.kristdemokraterna.se\\\/gavleborg\\\/fritidskortet-blir-verklighet-tack-vare-kristdemokraterna\\\/\"},\"wordCount\":326,\"articleSection\":[\"Alla nyheter\",\"Debattartiklar\",\"Inl\u00e4gg\",\"Nyheter\"],\"inLanguage\":\"sv-SE\"},{\"@type\":\"WebPage\",\"@id\":\"https:\\\/\\\/wp.kristdemokraterna.se\\\/gavleborg\\\/fritidskortet-blir-verklighet-tack-vare-kristdemokraterna\\\/\",\"url\":\"https:\\\/\\\/wp.kristdemokraterna.se\\\/gavleborg\\\/fritidskortet-blir-verklighet-tack-vare-kristdemokraterna\\\/\",\"name\":\"Fritidskortet blir verklighet \u2013 tack vare Kristdemokraterna - Kristdemokraterna G\u00e4vleborg\",\"isPartOf\":{\"@id\":\"https:\\\/\\\/wp.kristdemokraterna.se\\\/gavleborg\\\/#website\"},\"datePublished\":\"2025-08-21T10:26:16+00:00\",\"dateModified\":\"2025-08-21T10:26:17+00:00\",\"author\":{\"@id\":\"https:\\\/\\\/wp.kristdemokraterna.se\\\/gavleborg\\\/#\\\/schema\\\/person\\\/bc74b1c510a5c9e1fa45a63a3709916d\"},\"breadcrumb\":{\"@id\":\"https:\\\/\\\/wp.kristdemokraterna.se\\\/gavleborg\\\/fritidskortet-blir-verklighet-tack-vare-kristdemokraterna\\\/#breadcrumb\"},\"inLanguage\":\"sv-SE\",\"potentialAction\":[{\"@type\":\"ReadAction\",\"target\":[\"https:\\\/\\\/wp.kristdemokraterna.se\\\/gavleborg\\\/fritidskortet-blir-verklighet-tack-vare-kristdemokraterna\\\/\"]}]},{\"@type\":\"BreadcrumbList\",\"@id\":\"https:\\\/\\\/wp.kristdemokraterna.se\\\/gavleborg\\\/fritidskortet-blir-verklighet-tack-vare-kristdemokraterna\\\/#breadcrumb\",\"itemListElement\":[{\"@type\":\"ListItem\",\"position\":1,\"name\":\"Hem\",\"item\":\"https:\\\/\\\/wp.kristdemokraterna.se\\\/gavleborg\\\/\"},{\"@type\":\"ListItem\",\"position\":2,\"name\":\"Fritidskortet blir verklighet \u2013 tack vare Kristdemokraterna\"}]},{\"@type\":\"WebSite\",\"@id\":\"https:\\\/\\\/wp.kristdemokraterna.se\\\/gavleborg\\\/#website\",\"url\":\"https:\\\/\\\/wp.kristdemokraterna.se\\\/gavleborg\\\/\",\"name\":\"Kristdemokraterna G\u00e4vleborg\",\"description\":\"Ett tryggare G\u00e4vleborg\",\"inLanguage\":\"sv-SE\"},{\"@type\":\"Person\",\"@id\":\"https:\\\/\\\/wp.kristdemokraterna.se\\\/gavleborg\\\/#\\\/schema\\\/person\\\/bc74b1c510a5c9e1fa45a63a3709916d\",\"name\":\"annelieostling\",\"image\":{\"@type\":\"ImageObject\",\"inLanguage\":\"sv-SE\",\"@id\":\"https:\\\/\\\/secure.gravatar.com\\\/avatar\\\/99d5411ba55eda83f73dc1ab2453d7b92fbc36831c5d818512b42de21186be1d?s=96&d=mm&r=g\",\"url\":\"https:\\\/\\\/secure.gravatar.com\\\/avatar\\\/99d5411ba55eda83f73dc1ab2453d7b92fbc36831c5d818512b42de21186be1d?s=96&d=mm&r=g\",\"contentUrl\":\"https:\\\/\\\/secure.gravatar.com\\\/avatar\\\/99d5411ba55eda83f73dc1ab2453d7b92fbc36831c5d818512b42de21186be1d?s=96&d=mm&r=g\",\"caption\":\"annelieostling\"},\"url\":\"https:\\\/\\\/wp.kristdemokraterna.se\\\/gavleborg\\\/author\\\/annelieostling\\\/\"}]}<\/script>\n<!-- \/ Yoast SEO plugin. -->","yoast_head_json":{"title":"Fritidskortet blir verklighet \u2013 tack vare Kristdemokraterna - Kristdemokraterna G\u00e4vleborg","robots":{"index":"index","follow":"follow","max-snippet":"max-snippet:-1","max-image-preview":"max-image-preview:large","max-video-preview":"max-video-preview:-1"},"canonical":"https:\/\/wp.kristdemokraterna.se\/gavleborg\/fritidskortet-blir-verklighet-tack-vare-kristdemokraterna\/","og_locale":"sv_SE","og_type":"article","og_title":"Fritidskortet blir verklighet \u2013 tack vare Kristdemokraterna - Kristdemokraterna G\u00e4vleborg","og_description":"Alla barn har r\u00e4tt till en trygg och meningsfull fritid. D\u00e4rf\u00f6r har Kristdemokraterna l\u00e4nge drivit fr\u00e5gan om ett Fritidskort till barn och unga. Fr\u00e5n och med den 1 september blir det verklighet. Fritidskortet kommer att ge alla mellan 8 och 16 \u00e5r b\u00e4ttre m\u00f6jligheter att delta i fritidsaktiviteter \u2013 n\u00e5got som fr\u00e4mjar b\u00e5de gemenskap och L\u00e4s mer","og_url":"https:\/\/wp.kristdemokraterna.se\/gavleborg\/fritidskortet-blir-verklighet-tack-vare-kristdemokraterna\/","og_site_name":"Kristdemokraterna G\u00e4vleborg","article_published_time":"2025-08-21T10:26:16+00:00","article_modified_time":"2025-08-21T10:26:17+00:00","author":"annelieostling","twitter_card":"summary_large_image","twitter_misc":{"Skriven av":"annelieostling","Ber\u00e4knad l\u00e4stid":"2 minuter"},"schema":{"@context":"https:\/\/schema.org","@graph":[{"@type":"Article","@id":"https:\/\/wp.kristdemokraterna.se\/gavleborg\/fritidskortet-blir-verklighet-tack-vare-kristdemokraterna\/#article","isPartOf":{"@id":"https:\/\/wp.kristdemokraterna.se\/gavleborg\/fritidskortet-blir-verklighet-tack-vare-kristdemokraterna\/"},"author":{"name":"annelieostling","@id":"https:\/\/wp.kristdemokraterna.se\/gavleborg\/#\/schema\/person\/bc74b1c510a5c9e1fa45a63a3709916d"},"headline":"Fritidskortet blir verklighet \u2013 tack vare Kristdemokraterna","datePublished":"2025-08-21T10:26:16+00:00","dateModified":"2025-08-21T10:26:17+00:00","mainEntityOfPage":{"@id":"https:\/\/wp.kristdemokraterna.se\/gavleborg\/fritidskortet-blir-verklighet-tack-vare-kristdemokraterna\/"},"wordCount":326,"articleSection":["Alla nyheter","Debattartiklar","Inl\u00e4gg","Nyheter"],"inLanguage":"sv-SE"},{"@type":"WebPage","@id":"https:\/\/wp.kristdemokraterna.se\/gavleborg\/fritidskortet-blir-verklighet-tack-vare-kristdemokraterna\/","url":"https:\/\/wp.kristdemokraterna.se\/gavleborg\/fritidskortet-blir-verklighet-tack-vare-kristdemokraterna\/","name":"Fritidskortet blir verklighet \u2013 tack vare Kristdemokraterna - Kristdemokraterna G\u00e4vleborg","isPartOf":{"@id":"https:\/\/wp.kristdemokraterna.se\/gavleborg\/#website"},"datePublished":"2025-08-21T10:26:16+00:00","dateModified":"2025-08-21T10:26:17+00:00","author":{"@id":"https:\/\/wp.kristdemokraterna.se\/gavleborg\/#\/schema\/person\/bc74b1c510a5c9e1fa45a63a3709916d"},"breadcrumb":{"@id":"https:\/\/wp.kristdemokraterna.se\/gavleborg\/fritidskortet-blir-verklighet-tack-vare-kristdemokraterna\/#breadcrumb"},"inLanguage":"sv-SE","potentialAction":[{"@type":"ReadAction","target":["https:\/\/wp.kristdemokraterna.se\/gavleborg\/fritidskortet-blir-verklighet-tack-vare-kristdemokraterna\/"]}]},{"@type":"BreadcrumbList","@id":"https:\/\/wp.kristdemokraterna.se\/gavleborg\/fritidskortet-blir-verklighet-tack-vare-kristdemokraterna\/#breadcrumb","itemListElement":[{"@type":"ListItem","position":1,"name":"Hem","item":"https:\/\/wp.kristdemokraterna.se\/gavleborg\/"},{"@type":"ListItem","position":2,"name":"Fritidskortet blir verklighet \u2013 tack vare Kristdemokraterna"}]},{"@type":"WebSite","@id":"https:\/\/wp.kristdemokraterna.se\/gavleborg\/#website","url":"https:\/\/wp.kristdemokraterna.se\/gavleborg\/","name":"Kristdemokraterna G\u00e4vleborg","description":"Ett tryggare G\u00e4vleborg","inLanguage":"sv-SE"},{"@type":"Person","@id":"https:\/\/wp.kristdemokraterna.se\/gavleborg\/#\/schema\/person\/bc74b1c510a5c9e1fa45a63a3709916d","name":"annelieostling","image":{"@type":"ImageObject","inLanguage":"sv-SE","@id":"https:\/\/secure.gravatar.com\/avatar\/99d5411ba55eda83f73dc1ab2453d7b92fbc36831c5d818512b42de21186be1d?s=96&d=mm&r=g","url":"https:\/\/secure.gravatar.com\/avatar\/99d5411ba55eda83f73dc1ab2453d7b92fbc36831c5d818512b42de21186be1d?s=96&d=mm&r=g","contentUrl":"https:\/\/secure.gravatar.com\/avatar\/99d5411ba55eda83f73dc1ab2453d7b92fbc36831c5d818512b42de21186be1d?s=96&d=mm&r=g","caption":"annelieostling"},"url":"https:\/\/wp.kristdemokraterna.se\/gavleborg\/author\/annelieostling\/"}]}},"_links":{"self":[{"href":"https:\/\/wp.kristdemokraterna.se\/gavleborg\/wp-json\/wp\/v2\/posts\/1359","targetHints":{"allow":["GET"]}}],"collection":[{"href":"https:\/\/wp.kristdemokraterna.se\/gavleborg\/wp-json\/wp\/v2\/posts"}],"about":[{"href":"https:\/\/wp.kristdemokraterna.se\/gavleborg\/wp-json\/wp\/v2\/types\/post"}],"author":[{"embeddable":true,"href":"https:\/\/wp.kristdemokraterna.se\/gavleborg\/wp-json\/wp\/v2\/users\/976"}],"replies":[{"embeddable":true,"href":"https:\/\/wp.kristdemokraterna.se\/gavleborg\/wp-json\/wp\/v2\/comments?post=1359"}],"version-history":[{"count":1,"href":"https:\/\/wp.kristdemokraterna.se\/gavleborg\/wp-json\/wp\/v2\/posts\/1359\/revisions"}],"predecessor-version":[{"id":1361,"href":"https:\/\/wp.kristdemokraterna.se\/gavleborg\/wp-json\/wp\/v2\/posts\/1359\/revisions\/1361"}],"wp:attachment":[{"href":"https:\/\/wp.kristdemokraterna.se\/gavleborg\/wp-json\/wp\/v2\/media?parent=1359"}],"wp:term":[{"taxonomy":"category","embeddable":true,"href":"https:\/\/wp.kristdemokraterna.se\/gavleborg\/wp-json\/wp\/v2\/categories?post=1359"},{"taxonomy":"post_tag","embeddable":true,"href":"https:\/\/wp.kristdemokraterna.se\/gavleborg\/wp-json\/wp\/v2\/tags?post=1359"}],"curies":[{"name":"wp","href":"https:\/\/api.w.org\/{rel}","templated":true}]}}