{"id":1363,"date":"2025-08-21T12:29:52","date_gmt":"2025-08-21T10:29:52","guid":{"rendered":"https:\/\/wp.kristdemokraterna.se\/gavleborg\/?p=1363"},"modified":"2025-08-21T12:29:52","modified_gmt":"2025-08-21T10:29:52","slug":"nu-rullar-spot-igang-for-en-psykiatri-som-moter-manniskan-dar-hon-ar","status":"publish","type":"post","link":"https:\/\/wp.kristdemokraterna.se\/gavleborg\/nu-rullar-spot-igang-for-en-psykiatri-som-moter-manniskan-dar-hon-ar\/","title":{"rendered":"Nu rullar SPOT ig\u00e5ng \u2013 f\u00f6r en psykiatri som m\u00f6ter m\u00e4nniskan d\u00e4r hon \u00e4r"},"content":{"rendered":"<p>Nu rullar SPOT ig\u00e5ng i G\u00e4vleborg. SPOT \u2013 Specialistpsykiatriskt Omv\u00e5rdnadsteam \u2013 \u00e4r en v\u00e5rdform d\u00e4r patienter f\u00e5r psykiatrisk v\u00e5rd i sitt eget hem i st\u00e4llet f\u00f6r att l\u00e4ggas in p\u00e5 sjukhus. Denna modell har pr\u00f6vats i andra regioner med goda resultat. Nu \u00e4r det G\u00e4vleborgs tur. Tack vare ett m\u00e5lmedvetet politiskt arbete fr\u00e5n Kristdemokraterna och v\u00e5ra samarbetspartier finns nu mobila team p\u00e5 plats i b\u00e5de H\u00e4lsingland och G\u00e4strikland. Detta \u00e4r ett viktigt steg mot en psykiatrisk v\u00e5rd som \u00e4r mer m\u00e4nsklig, trygg och n\u00e4ra.<\/p>\n<p>Vi kristdemokrater ser detta som ett uttryck f\u00f6r v\u00e5r politik i praktiken \u2013 vi arbetar f\u00f6r v\u00e5rd som fungerar i vardagen, bygger p\u00e5 v\u00e4rderingar och s\u00e4tter m\u00e4nniskov\u00e4rdet fr\u00e4mst. G\u00e4vleborg \u00e4r v\u00e5rt hem, och vi vill se ett hem d\u00e4r ingen l\u00e4mnas ensam n\u00e4r livet skakar. D\u00e4r v\u00e5rden m\u00f6ter varje m\u00e4nniska med respekt, lyh\u00f6rdhet och omsorg. D\u00e4r m\u00e4nniskov\u00e4rdet inte bara \u00e4r ett ord \u2013 utan grunden f\u00f6r de beslut vi fattar.<\/p>\n<p>SPOT \u00e4r ett tydligt bevis p\u00e5 att det g\u00e5r att f\u00f6r\u00e4ndra psykiatrin till det b\u00e4ttre \u2013 med mod, ansvar och medm\u00e4nsklighet. Vi vet att n\u00e4r v\u00e5rden flyttar n\u00e4rmare m\u00e4nniskan blir den b\u00e5de mer effektiv och mer m\u00e4nsklig. Det h\u00e4r \u00e4r bara b\u00f6rjan \u2013 Kristdemokraterna kommer forts\u00e4tta arbeta f\u00f6r en v\u00e5rd som inte bara r\u00e4ddar liv \u2013 utan st\u00e4rker livskraft.<\/p>\n<p>Jennie Forsblom (KD), Regionr\u00e5d<\/p>\n","protected":false},"excerpt":{"rendered":"<p>Nu rullar SPOT ig\u00e5ng i G\u00e4vleborg. SPOT \u2013 Specialistpsykiatriskt Omv\u00e5rdnadsteam \u2013 \u00e4r en v\u00e5rdform d\u00e4r patienter f\u00e5r psykiatrisk v\u00e5rd i sitt eget hem i st\u00e4llet f\u00f6r att l\u00e4ggas in p\u00e5 sjukhus. Denna modell har pr\u00f6vats i andra regioner med goda resultat. Nu \u00e4r det G\u00e4vleborgs tur. Tack vare ett m\u00e5lmedvetet politiskt arbete fr\u00e5n Kristdemokraterna och <a class=\"read-more-link\" href=\"https:\/\/wp.kristdemokraterna.se\/gavleborg\/nu-rullar-spot-igang-for-en-psykiatri-som-moter-manniskan-dar-hon-ar\/\">L\u00e4s mer<\/a><\/p>\n","protected":false},"author":976,"featured_media":0,"comment_status":"closed","ping_status":"closed","sticky":false,"template":"","format":"standard","meta":{"_acf_changed":false,"footnotes":""},"categories":[30,21,31,25],"tags":[],"class_list":["post-1363","post","type-post","status-publish","format-standard","hentry","category-alla-nyheter","category-debattartiklar","category-inlagg","category-nyheter"],"acf":[],"yoast_head":"<!-- This site is optimized with the Yoast SEO plugin v27.5 - https:\/\/yoast.com\/product\/yoast-seo-wordpress\/ -->\n<title>Nu rullar SPOT ig\u00e5ng \u2013 f\u00f6r en psykiatri som m\u00f6ter m\u00e4nniskan d\u00e4r hon \u00e4r - Kristdemokraterna G\u00e4vleborg<\/title>\n<meta name=\"robots\" content=\"index, follow, max-snippet:-1, max-image-preview:large, max-video-preview:-1\" \/>\n<link rel=\"canonical\" href=\"https:\/\/wp.kristdemokraterna.se\/gavleborg\/nu-rullar-spot-igang-for-en-psykiatri-som-moter-manniskan-dar-hon-ar\/\" \/>\n<meta property=\"og:locale\" content=\"sv_SE\" \/>\n<meta property=\"og:type\" content=\"article\" \/>\n<meta property=\"og:title\" content=\"Nu rullar SPOT ig\u00e5ng \u2013 f\u00f6r en psykiatri som m\u00f6ter m\u00e4nniskan d\u00e4r hon \u00e4r - Kristdemokraterna G\u00e4vleborg\" \/>\n<meta property=\"og:description\" content=\"Nu rullar SPOT ig\u00e5ng i G\u00e4vleborg. SPOT \u2013 Specialistpsykiatriskt Omv\u00e5rdnadsteam \u2013 \u00e4r en v\u00e5rdform d\u00e4r patienter f\u00e5r psykiatrisk v\u00e5rd i sitt eget hem i st\u00e4llet f\u00f6r att l\u00e4ggas in p\u00e5 sjukhus. Denna modell har pr\u00f6vats i andra regioner med goda resultat. Nu \u00e4r det G\u00e4vleborgs tur. Tack vare ett m\u00e5lmedvetet politiskt arbete fr\u00e5n Kristdemokraterna och L\u00e4s mer\" \/>\n<meta property=\"og:url\" content=\"https:\/\/wp.kristdemokraterna.se\/gavleborg\/nu-rullar-spot-igang-for-en-psykiatri-som-moter-manniskan-dar-hon-ar\/\" \/>\n<meta property=\"og:site_name\" content=\"Kristdemokraterna G\u00e4vleborg\" \/>\n<meta property=\"article:published_time\" content=\"2025-08-21T10:29:52+00:00\" \/>\n<meta name=\"author\" content=\"annelieostling\" \/>\n<meta name=\"twitter:card\" content=\"summary_large_image\" \/>\n<meta name=\"twitter:label1\" content=\"Skriven av\" \/>\n\t<meta name=\"twitter:data1\" content=\"annelieostling\" \/>\n\t<meta name=\"twitter:label2\" content=\"Ber\u00e4knad l\u00e4stid\" \/>\n\t<meta name=\"twitter:data2\" content=\"2 minuter\" \/>\n<script type=\"application\/ld+json\" class=\"yoast-schema-graph\">{\"@context\":\"https:\\\/\\\/schema.org\",\"@graph\":[{\"@type\":\"Article\",\"@id\":\"https:\\\/\\\/wp.kristdemokraterna.se\\\/gavleborg\\\/nu-rullar-spot-igang-for-en-psykiatri-som-moter-manniskan-dar-hon-ar\\\/#article\",\"isPartOf\":{\"@id\":\"https:\\\/\\\/wp.kristdemokraterna.se\\\/gavleborg\\\/nu-rullar-spot-igang-for-en-psykiatri-som-moter-manniskan-dar-hon-ar\\\/\"},\"author\":{\"name\":\"annelieostling\",\"@id\":\"https:\\\/\\\/wp.kristdemokraterna.se\\\/gavleborg\\\/#\\\/schema\\\/person\\\/bc74b1c510a5c9e1fa45a63a3709916d\"},\"headline\":\"Nu rullar SPOT ig\u00e5ng \u2013 f\u00f6r en psykiatri som m\u00f6ter m\u00e4nniskan d\u00e4r hon \u00e4r\",\"datePublished\":\"2025-08-21T10:29:52+00:00\",\"mainEntityOfPage\":{\"@id\":\"https:\\\/\\\/wp.kristdemokraterna.se\\\/gavleborg\\\/nu-rullar-spot-igang-for-en-psykiatri-som-moter-manniskan-dar-hon-ar\\\/\"},\"wordCount\":291,\"articleSection\":[\"Alla nyheter\",\"Debattartiklar\",\"Inl\u00e4gg\",\"Nyheter\"],\"inLanguage\":\"sv-SE\"},{\"@type\":\"WebPage\",\"@id\":\"https:\\\/\\\/wp.kristdemokraterna.se\\\/gavleborg\\\/nu-rullar-spot-igang-for-en-psykiatri-som-moter-manniskan-dar-hon-ar\\\/\",\"url\":\"https:\\\/\\\/wp.kristdemokraterna.se\\\/gavleborg\\\/nu-rullar-spot-igang-for-en-psykiatri-som-moter-manniskan-dar-hon-ar\\\/\",\"name\":\"Nu rullar SPOT ig\u00e5ng \u2013 f\u00f6r en psykiatri som m\u00f6ter m\u00e4nniskan d\u00e4r hon \u00e4r - Kristdemokraterna G\u00e4vleborg\",\"isPartOf\":{\"@id\":\"https:\\\/\\\/wp.kristdemokraterna.se\\\/gavleborg\\\/#website\"},\"datePublished\":\"2025-08-21T10:29:52+00:00\",\"author\":{\"@id\":\"https:\\\/\\\/wp.kristdemokraterna.se\\\/gavleborg\\\/#\\\/schema\\\/person\\\/bc74b1c510a5c9e1fa45a63a3709916d\"},\"breadcrumb\":{\"@id\":\"https:\\\/\\\/wp.kristdemokraterna.se\\\/gavleborg\\\/nu-rullar-spot-igang-for-en-psykiatri-som-moter-manniskan-dar-hon-ar\\\/#breadcrumb\"},\"inLanguage\":\"sv-SE\",\"potentialAction\":[{\"@type\":\"ReadAction\",\"target\":[\"https:\\\/\\\/wp.kristdemokraterna.se\\\/gavleborg\\\/nu-rullar-spot-igang-for-en-psykiatri-som-moter-manniskan-dar-hon-ar\\\/\"]}]},{\"@type\":\"BreadcrumbList\",\"@id\":\"https:\\\/\\\/wp.kristdemokraterna.se\\\/gavleborg\\\/nu-rullar-spot-igang-for-en-psykiatri-som-moter-manniskan-dar-hon-ar\\\/#breadcrumb\",\"itemListElement\":[{\"@type\":\"ListItem\",\"position\":1,\"name\":\"Hem\",\"item\":\"https:\\\/\\\/wp.kristdemokraterna.se\\\/gavleborg\\\/\"},{\"@type\":\"ListItem\",\"position\":2,\"name\":\"Nu rullar SPOT ig\u00e5ng \u2013 f\u00f6r en psykiatri som m\u00f6ter m\u00e4nniskan d\u00e4r hon \u00e4r\"}]},{\"@type\":\"WebSite\",\"@id\":\"https:\\\/\\\/wp.kristdemokraterna.se\\\/gavleborg\\\/#website\",\"url\":\"https:\\\/\\\/wp.kristdemokraterna.se\\\/gavleborg\\\/\",\"name\":\"Kristdemokraterna G\u00e4vleborg\",\"description\":\"Ett tryggare G\u00e4vleborg\",\"inLanguage\":\"sv-SE\"},{\"@type\":\"Person\",\"@id\":\"https:\\\/\\\/wp.kristdemokraterna.se\\\/gavleborg\\\/#\\\/schema\\\/person\\\/bc74b1c510a5c9e1fa45a63a3709916d\",\"name\":\"annelieostling\",\"image\":{\"@type\":\"ImageObject\",\"inLanguage\":\"sv-SE\",\"@id\":\"https:\\\/\\\/secure.gravatar.com\\\/avatar\\\/99d5411ba55eda83f73dc1ab2453d7b92fbc36831c5d818512b42de21186be1d?s=96&d=mm&r=g\",\"url\":\"https:\\\/\\\/secure.gravatar.com\\\/avatar\\\/99d5411ba55eda83f73dc1ab2453d7b92fbc36831c5d818512b42de21186be1d?s=96&d=mm&r=g\",\"contentUrl\":\"https:\\\/\\\/secure.gravatar.com\\\/avatar\\\/99d5411ba55eda83f73dc1ab2453d7b92fbc36831c5d818512b42de21186be1d?s=96&d=mm&r=g\",\"caption\":\"annelieostling\"},\"url\":\"https:\\\/\\\/wp.kristdemokraterna.se\\\/gavleborg\\\/author\\\/annelieostling\\\/\"}]}<\/script>\n<!-- \/ Yoast SEO plugin. -->","yoast_head_json":{"title":"Nu rullar SPOT ig\u00e5ng \u2013 f\u00f6r en psykiatri som m\u00f6ter m\u00e4nniskan d\u00e4r hon \u00e4r - Kristdemokraterna G\u00e4vleborg","robots":{"index":"index","follow":"follow","max-snippet":"max-snippet:-1","max-image-preview":"max-image-preview:large","max-video-preview":"max-video-preview:-1"},"canonical":"https:\/\/wp.kristdemokraterna.se\/gavleborg\/nu-rullar-spot-igang-for-en-psykiatri-som-moter-manniskan-dar-hon-ar\/","og_locale":"sv_SE","og_type":"article","og_title":"Nu rullar SPOT ig\u00e5ng \u2013 f\u00f6r en psykiatri som m\u00f6ter m\u00e4nniskan d\u00e4r hon \u00e4r - Kristdemokraterna G\u00e4vleborg","og_description":"Nu rullar SPOT ig\u00e5ng i G\u00e4vleborg. SPOT \u2013 Specialistpsykiatriskt Omv\u00e5rdnadsteam \u2013 \u00e4r en v\u00e5rdform d\u00e4r patienter f\u00e5r psykiatrisk v\u00e5rd i sitt eget hem i st\u00e4llet f\u00f6r att l\u00e4ggas in p\u00e5 sjukhus. Denna modell har pr\u00f6vats i andra regioner med goda resultat. Nu \u00e4r det G\u00e4vleborgs tur. Tack vare ett m\u00e5lmedvetet politiskt arbete fr\u00e5n Kristdemokraterna och L\u00e4s mer","og_url":"https:\/\/wp.kristdemokraterna.se\/gavleborg\/nu-rullar-spot-igang-for-en-psykiatri-som-moter-manniskan-dar-hon-ar\/","og_site_name":"Kristdemokraterna G\u00e4vleborg","article_published_time":"2025-08-21T10:29:52+00:00","author":"annelieostling","twitter_card":"summary_large_image","twitter_misc":{"Skriven av":"annelieostling","Ber\u00e4knad l\u00e4stid":"2 minuter"},"schema":{"@context":"https:\/\/schema.org","@graph":[{"@type":"Article","@id":"https:\/\/wp.kristdemokraterna.se\/gavleborg\/nu-rullar-spot-igang-for-en-psykiatri-som-moter-manniskan-dar-hon-ar\/#article","isPartOf":{"@id":"https:\/\/wp.kristdemokraterna.se\/gavleborg\/nu-rullar-spot-igang-for-en-psykiatri-som-moter-manniskan-dar-hon-ar\/"},"author":{"name":"annelieostling","@id":"https:\/\/wp.kristdemokraterna.se\/gavleborg\/#\/schema\/person\/bc74b1c510a5c9e1fa45a63a3709916d"},"headline":"Nu rullar SPOT ig\u00e5ng \u2013 f\u00f6r en psykiatri som m\u00f6ter m\u00e4nniskan d\u00e4r hon \u00e4r","datePublished":"2025-08-21T10:29:52+00:00","mainEntityOfPage":{"@id":"https:\/\/wp.kristdemokraterna.se\/gavleborg\/nu-rullar-spot-igang-for-en-psykiatri-som-moter-manniskan-dar-hon-ar\/"},"wordCount":291,"articleSection":["Alla nyheter","Debattartiklar","Inl\u00e4gg","Nyheter"],"inLanguage":"sv-SE"},{"@type":"WebPage","@id":"https:\/\/wp.kristdemokraterna.se\/gavleborg\/nu-rullar-spot-igang-for-en-psykiatri-som-moter-manniskan-dar-hon-ar\/","url":"https:\/\/wp.kristdemokraterna.se\/gavleborg\/nu-rullar-spot-igang-for-en-psykiatri-som-moter-manniskan-dar-hon-ar\/","name":"Nu rullar SPOT ig\u00e5ng \u2013 f\u00f6r en psykiatri som m\u00f6ter m\u00e4nniskan d\u00e4r hon \u00e4r - Kristdemokraterna G\u00e4vleborg","isPartOf":{"@id":"https:\/\/wp.kristdemokraterna.se\/gavleborg\/#website"},"datePublished":"2025-08-21T10:29:52+00:00","author":{"@id":"https:\/\/wp.kristdemokraterna.se\/gavleborg\/#\/schema\/person\/bc74b1c510a5c9e1fa45a63a3709916d"},"breadcrumb":{"@id":"https:\/\/wp.kristdemokraterna.se\/gavleborg\/nu-rullar-spot-igang-for-en-psykiatri-som-moter-manniskan-dar-hon-ar\/#breadcrumb"},"inLanguage":"sv-SE","potentialAction":[{"@type":"ReadAction","target":["https:\/\/wp.kristdemokraterna.se\/gavleborg\/nu-rullar-spot-igang-for-en-psykiatri-som-moter-manniskan-dar-hon-ar\/"]}]},{"@type":"BreadcrumbList","@id":"https:\/\/wp.kristdemokraterna.se\/gavleborg\/nu-rullar-spot-igang-for-en-psykiatri-som-moter-manniskan-dar-hon-ar\/#breadcrumb","itemListElement":[{"@type":"ListItem","position":1,"name":"Hem","item":"https:\/\/wp.kristdemokraterna.se\/gavleborg\/"},{"@type":"ListItem","position":2,"name":"Nu rullar SPOT ig\u00e5ng \u2013 f\u00f6r en psykiatri som m\u00f6ter m\u00e4nniskan d\u00e4r hon \u00e4r"}]},{"@type":"WebSite","@id":"https:\/\/wp.kristdemokraterna.se\/gavleborg\/#website","url":"https:\/\/wp.kristdemokraterna.se\/gavleborg\/","name":"Kristdemokraterna G\u00e4vleborg","description":"Ett tryggare G\u00e4vleborg","inLanguage":"sv-SE"},{"@type":"Person","@id":"https:\/\/wp.kristdemokraterna.se\/gavleborg\/#\/schema\/person\/bc74b1c510a5c9e1fa45a63a3709916d","name":"annelieostling","image":{"@type":"ImageObject","inLanguage":"sv-SE","@id":"https:\/\/secure.gravatar.com\/avatar\/99d5411ba55eda83f73dc1ab2453d7b92fbc36831c5d818512b42de21186be1d?s=96&d=mm&r=g","url":"https:\/\/secure.gravatar.com\/avatar\/99d5411ba55eda83f73dc1ab2453d7b92fbc36831c5d818512b42de21186be1d?s=96&d=mm&r=g","contentUrl":"https:\/\/secure.gravatar.com\/avatar\/99d5411ba55eda83f73dc1ab2453d7b92fbc36831c5d818512b42de21186be1d?s=96&d=mm&r=g","caption":"annelieostling"},"url":"https:\/\/wp.kristdemokraterna.se\/gavleborg\/author\/annelieostling\/"}]}},"_links":{"self":[{"href":"https:\/\/wp.kristdemokraterna.se\/gavleborg\/wp-json\/wp\/v2\/posts\/1363","targetHints":{"allow":["GET"]}}],"collection":[{"href":"https:\/\/wp.kristdemokraterna.se\/gavleborg\/wp-json\/wp\/v2\/posts"}],"about":[{"href":"https:\/\/wp.kristdemokraterna.se\/gavleborg\/wp-json\/wp\/v2\/types\/post"}],"author":[{"embeddable":true,"href":"https:\/\/wp.kristdemokraterna.se\/gavleborg\/wp-json\/wp\/v2\/users\/976"}],"replies":[{"embeddable":true,"href":"https:\/\/wp.kristdemokraterna.se\/gavleborg\/wp-json\/wp\/v2\/comments?post=1363"}],"version-history":[{"count":1,"href":"https:\/\/wp.kristdemokraterna.se\/gavleborg\/wp-json\/wp\/v2\/posts\/1363\/revisions"}],"predecessor-version":[{"id":1365,"href":"https:\/\/wp.kristdemokraterna.se\/gavleborg\/wp-json\/wp\/v2\/posts\/1363\/revisions\/1365"}],"wp:attachment":[{"href":"https:\/\/wp.kristdemokraterna.se\/gavleborg\/wp-json\/wp\/v2\/media?parent=1363"}],"wp:term":[{"taxonomy":"category","embeddable":true,"href":"https:\/\/wp.kristdemokraterna.se\/gavleborg\/wp-json\/wp\/v2\/categories?post=1363"},{"taxonomy":"post_tag","embeddable":true,"href":"https:\/\/wp.kristdemokraterna.se\/gavleborg\/wp-json\/wp\/v2\/tags?post=1363"}],"curies":[{"name":"wp","href":"https:\/\/api.w.org\/{rel}","templated":true}]}}