{"id":1370,"date":"2025-08-28T17:06:31","date_gmt":"2025-08-28T15:06:31","guid":{"rendered":"https:\/\/wp.kristdemokraterna.se\/gavleborg\/?p=1370"},"modified":"2025-08-28T17:06:31","modified_gmt":"2025-08-28T15:06:31","slug":"storsta-tandvardsreformen-pa-20-ar","status":"publish","type":"post","link":"https:\/\/wp.kristdemokraterna.se\/gavleborg\/storsta-tandvardsreformen-pa-20-ar\/","title":{"rendered":"St\u00f6rsta tandv\u00e5rdsreformen p\u00e5 20 \u00e5r"},"content":{"rendered":"<p>I G\u00e4vleborg som i andra delar av Sverige m\u00f6ter vi \u00e4ldre som tvingas v\u00e4lja bort tandv\u00e5rd f\u00f6r att det helt enkelt \u00e4r f\u00f6r dyrt. Det \u00e4r inte v\u00e4rdigt. Den som har arbetat ett helt liv, byggt v\u00e5rt samh\u00e4lle och tagit hand om familj och hem ska inte beh\u00f6va leva med v\u00e4rk eller dra sig undan gemenskapen f\u00f6r att tandv\u00e5rden kostar f\u00f6r mycket. Munh\u00e4lsa \u00e4r inte bara t\u00e4nder \u2013 det \u00e4r livskvalitet, h\u00e4lsa och sj\u00e4lvf\u00f6rtroende. Alla ska ha r\u00e5d att g\u00e5 till tandl\u00e4karen, oavsett var i l\u00e4net man bor.<\/p>\n<p>En av Kristdemokraternas hj\u00e4rtefr\u00e5gor \u00e4r att \u00e4ldre ska f\u00e5 leva ett aktivt liv, ha inflytande \u00f6ver sin vardag, bem\u00f6tas med respekt och ha tillg\u00e5ng till god v\u00e5rd och omsorg. D\u00e4rf\u00f6r \u00e4r vi kristdemokrater glada \u00f6ver att ha varit med och drivit fram ett antal nya satsningar p\u00e5 Sveriges \u00e4ldre.<\/p>\n<p>S\u00e4rskilt stolta \u00e4r vi \u00f6ver den st\u00f6rsta tandv\u00e5rdsreformen p\u00e5 20 \u00e5r \u2013 ett av v\u00e5ra vall\u00f6ften. Fr\u00e5n 1 januari 2026 inf\u00f6rs ett f\u00f6rst\u00e4rkt h\u00f6gkostnadsskydd f\u00f6r \u00e4ldre med s\u00e4mre munh\u00e4lsa. F\u00f6r m\u00e5nga \u00e4ldre i G\u00e4vleborg kan det betyda att \u00e5rskostnaden f\u00f6r tandv\u00e5rd minskar fr\u00e5n 4 600 till 1 900 kronor, en minskning med 2\u00a0700 kronor! Detta \u00e4r ett f\u00f6rsta steg mot att tandv\u00e5rden ska fungera mer som \u00f6vrig sjukv\u00e5rd \u2013 d\u00e4r behoven styr, inte pl\u00e5nboken.<\/p>\n<p>Samtidigt st\u00e4rker vi ocks\u00e5 kontrollen av tandv\u00e5rdsgivare f\u00f6r att stoppa oseri\u00f6sa akt\u00f6rer och \u00f6ka tryggheten f\u00f6r patienter. Detta \u00e4r en del i v\u00e5r allm\u00e4nna str\u00e4van att stoppa kriminalitet och utnyttjande i v\u00e5rt samh\u00e4lle.<\/p>\n<p>Kristdemokraterna st\u00e5r upp f\u00f6r ett samh\u00e4lle d\u00e4r \u00e4ldre f\u00e5r den respekt och v\u00e5rd de f\u00f6rtj\u00e4nar \u2013 i hela G\u00e4vleborg och i hela Sverige.<\/p>\n<p><strong>Lili Andr\u00e9 (KD), <\/strong>Riksdagsledamot<\/p>\n<p><strong>Jennie Forsblom (KD), <\/strong>Regionr\u00e5d<\/p>\n<p><strong>\u00a0<\/strong><\/p>\n<p><strong>\u00a0<\/strong><\/p>\n","protected":false},"excerpt":{"rendered":"<p>I G\u00e4vleborg som i andra delar av Sverige m\u00f6ter vi \u00e4ldre som tvingas v\u00e4lja bort tandv\u00e5rd f\u00f6r att det helt enkelt \u00e4r f\u00f6r dyrt. Det \u00e4r inte v\u00e4rdigt. Den som har arbetat ett helt liv, byggt v\u00e5rt samh\u00e4lle och tagit hand om familj och hem ska inte beh\u00f6va leva med v\u00e4rk eller dra sig undan <a class=\"read-more-link\" href=\"https:\/\/wp.kristdemokraterna.se\/gavleborg\/storsta-tandvardsreformen-pa-20-ar\/\">L\u00e4s mer<\/a><\/p>\n","protected":false},"author":976,"featured_media":0,"comment_status":"closed","ping_status":"closed","sticky":false,"template":"","format":"standard","meta":{"_acf_changed":false,"footnotes":""},"categories":[30,21,31,25],"tags":[],"class_list":["post-1370","post","type-post","status-publish","format-standard","hentry","category-alla-nyheter","category-debattartiklar","category-inlagg","category-nyheter"],"acf":[],"yoast_head":"<!-- This site is optimized with the Yoast SEO plugin v27.5 - https:\/\/yoast.com\/product\/yoast-seo-wordpress\/ -->\n<title>St\u00f6rsta tandv\u00e5rdsreformen p\u00e5 20 \u00e5r - Kristdemokraterna G\u00e4vleborg<\/title>\n<meta name=\"robots\" content=\"index, follow, max-snippet:-1, max-image-preview:large, max-video-preview:-1\" \/>\n<link rel=\"canonical\" href=\"https:\/\/wp.kristdemokraterna.se\/gavleborg\/storsta-tandvardsreformen-pa-20-ar\/\" \/>\n<meta property=\"og:locale\" content=\"sv_SE\" \/>\n<meta property=\"og:type\" content=\"article\" \/>\n<meta property=\"og:title\" content=\"St\u00f6rsta tandv\u00e5rdsreformen p\u00e5 20 \u00e5r - Kristdemokraterna G\u00e4vleborg\" \/>\n<meta property=\"og:description\" content=\"I G\u00e4vleborg som i andra delar av Sverige m\u00f6ter vi \u00e4ldre som tvingas v\u00e4lja bort tandv\u00e5rd f\u00f6r att det helt enkelt \u00e4r f\u00f6r dyrt. Det \u00e4r inte v\u00e4rdigt. Den som har arbetat ett helt liv, byggt v\u00e5rt samh\u00e4lle och tagit hand om familj och hem ska inte beh\u00f6va leva med v\u00e4rk eller dra sig undan L\u00e4s mer\" \/>\n<meta property=\"og:url\" content=\"https:\/\/wp.kristdemokraterna.se\/gavleborg\/storsta-tandvardsreformen-pa-20-ar\/\" \/>\n<meta property=\"og:site_name\" content=\"Kristdemokraterna G\u00e4vleborg\" \/>\n<meta property=\"article:published_time\" content=\"2025-08-28T15:06:31+00:00\" \/>\n<meta name=\"author\" content=\"annelieostling\" \/>\n<meta name=\"twitter:card\" content=\"summary_large_image\" \/>\n<meta name=\"twitter:label1\" content=\"Skriven av\" \/>\n\t<meta name=\"twitter:data1\" content=\"annelieostling\" \/>\n\t<meta name=\"twitter:label2\" content=\"Ber\u00e4knad l\u00e4stid\" \/>\n\t<meta name=\"twitter:data2\" content=\"2 minuter\" \/>\n<script type=\"application\/ld+json\" class=\"yoast-schema-graph\">{\"@context\":\"https:\\\/\\\/schema.org\",\"@graph\":[{\"@type\":\"Article\",\"@id\":\"https:\\\/\\\/wp.kristdemokraterna.se\\\/gavleborg\\\/storsta-tandvardsreformen-pa-20-ar\\\/#article\",\"isPartOf\":{\"@id\":\"https:\\\/\\\/wp.kristdemokraterna.se\\\/gavleborg\\\/storsta-tandvardsreformen-pa-20-ar\\\/\"},\"author\":{\"name\":\"annelieostling\",\"@id\":\"https:\\\/\\\/wp.kristdemokraterna.se\\\/gavleborg\\\/#\\\/schema\\\/person\\\/bc74b1c510a5c9e1fa45a63a3709916d\"},\"headline\":\"St\u00f6rsta tandv\u00e5rdsreformen p\u00e5 20 \u00e5r\",\"datePublished\":\"2025-08-28T15:06:31+00:00\",\"mainEntityOfPage\":{\"@id\":\"https:\\\/\\\/wp.kristdemokraterna.se\\\/gavleborg\\\/storsta-tandvardsreformen-pa-20-ar\\\/\"},\"wordCount\":343,\"articleSection\":[\"Alla nyheter\",\"Debattartiklar\",\"Inl\u00e4gg\",\"Nyheter\"],\"inLanguage\":\"sv-SE\"},{\"@type\":\"WebPage\",\"@id\":\"https:\\\/\\\/wp.kristdemokraterna.se\\\/gavleborg\\\/storsta-tandvardsreformen-pa-20-ar\\\/\",\"url\":\"https:\\\/\\\/wp.kristdemokraterna.se\\\/gavleborg\\\/storsta-tandvardsreformen-pa-20-ar\\\/\",\"name\":\"St\u00f6rsta tandv\u00e5rdsreformen p\u00e5 20 \u00e5r - Kristdemokraterna G\u00e4vleborg\",\"isPartOf\":{\"@id\":\"https:\\\/\\\/wp.kristdemokraterna.se\\\/gavleborg\\\/#website\"},\"datePublished\":\"2025-08-28T15:06:31+00:00\",\"author\":{\"@id\":\"https:\\\/\\\/wp.kristdemokraterna.se\\\/gavleborg\\\/#\\\/schema\\\/person\\\/bc74b1c510a5c9e1fa45a63a3709916d\"},\"breadcrumb\":{\"@id\":\"https:\\\/\\\/wp.kristdemokraterna.se\\\/gavleborg\\\/storsta-tandvardsreformen-pa-20-ar\\\/#breadcrumb\"},\"inLanguage\":\"sv-SE\",\"potentialAction\":[{\"@type\":\"ReadAction\",\"target\":[\"https:\\\/\\\/wp.kristdemokraterna.se\\\/gavleborg\\\/storsta-tandvardsreformen-pa-20-ar\\\/\"]}]},{\"@type\":\"BreadcrumbList\",\"@id\":\"https:\\\/\\\/wp.kristdemokraterna.se\\\/gavleborg\\\/storsta-tandvardsreformen-pa-20-ar\\\/#breadcrumb\",\"itemListElement\":[{\"@type\":\"ListItem\",\"position\":1,\"name\":\"Hem\",\"item\":\"https:\\\/\\\/wp.kristdemokraterna.se\\\/gavleborg\\\/\"},{\"@type\":\"ListItem\",\"position\":2,\"name\":\"St\u00f6rsta tandv\u00e5rdsreformen p\u00e5 20 \u00e5r\"}]},{\"@type\":\"WebSite\",\"@id\":\"https:\\\/\\\/wp.kristdemokraterna.se\\\/gavleborg\\\/#website\",\"url\":\"https:\\\/\\\/wp.kristdemokraterna.se\\\/gavleborg\\\/\",\"name\":\"Kristdemokraterna G\u00e4vleborg\",\"description\":\"Ett tryggare G\u00e4vleborg\",\"inLanguage\":\"sv-SE\"},{\"@type\":\"Person\",\"@id\":\"https:\\\/\\\/wp.kristdemokraterna.se\\\/gavleborg\\\/#\\\/schema\\\/person\\\/bc74b1c510a5c9e1fa45a63a3709916d\",\"name\":\"annelieostling\",\"image\":{\"@type\":\"ImageObject\",\"inLanguage\":\"sv-SE\",\"@id\":\"https:\\\/\\\/secure.gravatar.com\\\/avatar\\\/99d5411ba55eda83f73dc1ab2453d7b92fbc36831c5d818512b42de21186be1d?s=96&d=mm&r=g\",\"url\":\"https:\\\/\\\/secure.gravatar.com\\\/avatar\\\/99d5411ba55eda83f73dc1ab2453d7b92fbc36831c5d818512b42de21186be1d?s=96&d=mm&r=g\",\"contentUrl\":\"https:\\\/\\\/secure.gravatar.com\\\/avatar\\\/99d5411ba55eda83f73dc1ab2453d7b92fbc36831c5d818512b42de21186be1d?s=96&d=mm&r=g\",\"caption\":\"annelieostling\"},\"url\":\"https:\\\/\\\/wp.kristdemokraterna.se\\\/gavleborg\\\/author\\\/annelieostling\\\/\"}]}<\/script>\n<!-- \/ Yoast SEO plugin. -->","yoast_head_json":{"title":"St\u00f6rsta tandv\u00e5rdsreformen p\u00e5 20 \u00e5r - Kristdemokraterna G\u00e4vleborg","robots":{"index":"index","follow":"follow","max-snippet":"max-snippet:-1","max-image-preview":"max-image-preview:large","max-video-preview":"max-video-preview:-1"},"canonical":"https:\/\/wp.kristdemokraterna.se\/gavleborg\/storsta-tandvardsreformen-pa-20-ar\/","og_locale":"sv_SE","og_type":"article","og_title":"St\u00f6rsta tandv\u00e5rdsreformen p\u00e5 20 \u00e5r - Kristdemokraterna G\u00e4vleborg","og_description":"I G\u00e4vleborg som i andra delar av Sverige m\u00f6ter vi \u00e4ldre som tvingas v\u00e4lja bort tandv\u00e5rd f\u00f6r att det helt enkelt \u00e4r f\u00f6r dyrt. Det \u00e4r inte v\u00e4rdigt. Den som har arbetat ett helt liv, byggt v\u00e5rt samh\u00e4lle och tagit hand om familj och hem ska inte beh\u00f6va leva med v\u00e4rk eller dra sig undan L\u00e4s mer","og_url":"https:\/\/wp.kristdemokraterna.se\/gavleborg\/storsta-tandvardsreformen-pa-20-ar\/","og_site_name":"Kristdemokraterna G\u00e4vleborg","article_published_time":"2025-08-28T15:06:31+00:00","author":"annelieostling","twitter_card":"summary_large_image","twitter_misc":{"Skriven av":"annelieostling","Ber\u00e4knad l\u00e4stid":"2 minuter"},"schema":{"@context":"https:\/\/schema.org","@graph":[{"@type":"Article","@id":"https:\/\/wp.kristdemokraterna.se\/gavleborg\/storsta-tandvardsreformen-pa-20-ar\/#article","isPartOf":{"@id":"https:\/\/wp.kristdemokraterna.se\/gavleborg\/storsta-tandvardsreformen-pa-20-ar\/"},"author":{"name":"annelieostling","@id":"https:\/\/wp.kristdemokraterna.se\/gavleborg\/#\/schema\/person\/bc74b1c510a5c9e1fa45a63a3709916d"},"headline":"St\u00f6rsta tandv\u00e5rdsreformen p\u00e5 20 \u00e5r","datePublished":"2025-08-28T15:06:31+00:00","mainEntityOfPage":{"@id":"https:\/\/wp.kristdemokraterna.se\/gavleborg\/storsta-tandvardsreformen-pa-20-ar\/"},"wordCount":343,"articleSection":["Alla nyheter","Debattartiklar","Inl\u00e4gg","Nyheter"],"inLanguage":"sv-SE"},{"@type":"WebPage","@id":"https:\/\/wp.kristdemokraterna.se\/gavleborg\/storsta-tandvardsreformen-pa-20-ar\/","url":"https:\/\/wp.kristdemokraterna.se\/gavleborg\/storsta-tandvardsreformen-pa-20-ar\/","name":"St\u00f6rsta tandv\u00e5rdsreformen p\u00e5 20 \u00e5r - Kristdemokraterna G\u00e4vleborg","isPartOf":{"@id":"https:\/\/wp.kristdemokraterna.se\/gavleborg\/#website"},"datePublished":"2025-08-28T15:06:31+00:00","author":{"@id":"https:\/\/wp.kristdemokraterna.se\/gavleborg\/#\/schema\/person\/bc74b1c510a5c9e1fa45a63a3709916d"},"breadcrumb":{"@id":"https:\/\/wp.kristdemokraterna.se\/gavleborg\/storsta-tandvardsreformen-pa-20-ar\/#breadcrumb"},"inLanguage":"sv-SE","potentialAction":[{"@type":"ReadAction","target":["https:\/\/wp.kristdemokraterna.se\/gavleborg\/storsta-tandvardsreformen-pa-20-ar\/"]}]},{"@type":"BreadcrumbList","@id":"https:\/\/wp.kristdemokraterna.se\/gavleborg\/storsta-tandvardsreformen-pa-20-ar\/#breadcrumb","itemListElement":[{"@type":"ListItem","position":1,"name":"Hem","item":"https:\/\/wp.kristdemokraterna.se\/gavleborg\/"},{"@type":"ListItem","position":2,"name":"St\u00f6rsta tandv\u00e5rdsreformen p\u00e5 20 \u00e5r"}]},{"@type":"WebSite","@id":"https:\/\/wp.kristdemokraterna.se\/gavleborg\/#website","url":"https:\/\/wp.kristdemokraterna.se\/gavleborg\/","name":"Kristdemokraterna G\u00e4vleborg","description":"Ett tryggare G\u00e4vleborg","inLanguage":"sv-SE"},{"@type":"Person","@id":"https:\/\/wp.kristdemokraterna.se\/gavleborg\/#\/schema\/person\/bc74b1c510a5c9e1fa45a63a3709916d","name":"annelieostling","image":{"@type":"ImageObject","inLanguage":"sv-SE","@id":"https:\/\/secure.gravatar.com\/avatar\/99d5411ba55eda83f73dc1ab2453d7b92fbc36831c5d818512b42de21186be1d?s=96&d=mm&r=g","url":"https:\/\/secure.gravatar.com\/avatar\/99d5411ba55eda83f73dc1ab2453d7b92fbc36831c5d818512b42de21186be1d?s=96&d=mm&r=g","contentUrl":"https:\/\/secure.gravatar.com\/avatar\/99d5411ba55eda83f73dc1ab2453d7b92fbc36831c5d818512b42de21186be1d?s=96&d=mm&r=g","caption":"annelieostling"},"url":"https:\/\/wp.kristdemokraterna.se\/gavleborg\/author\/annelieostling\/"}]}},"_links":{"self":[{"href":"https:\/\/wp.kristdemokraterna.se\/gavleborg\/wp-json\/wp\/v2\/posts\/1370","targetHints":{"allow":["GET"]}}],"collection":[{"href":"https:\/\/wp.kristdemokraterna.se\/gavleborg\/wp-json\/wp\/v2\/posts"}],"about":[{"href":"https:\/\/wp.kristdemokraterna.se\/gavleborg\/wp-json\/wp\/v2\/types\/post"}],"author":[{"embeddable":true,"href":"https:\/\/wp.kristdemokraterna.se\/gavleborg\/wp-json\/wp\/v2\/users\/976"}],"replies":[{"embeddable":true,"href":"https:\/\/wp.kristdemokraterna.se\/gavleborg\/wp-json\/wp\/v2\/comments?post=1370"}],"version-history":[{"count":1,"href":"https:\/\/wp.kristdemokraterna.se\/gavleborg\/wp-json\/wp\/v2\/posts\/1370\/revisions"}],"predecessor-version":[{"id":1371,"href":"https:\/\/wp.kristdemokraterna.se\/gavleborg\/wp-json\/wp\/v2\/posts\/1370\/revisions\/1371"}],"wp:attachment":[{"href":"https:\/\/wp.kristdemokraterna.se\/gavleborg\/wp-json\/wp\/v2\/media?parent=1370"}],"wp:term":[{"taxonomy":"category","embeddable":true,"href":"https:\/\/wp.kristdemokraterna.se\/gavleborg\/wp-json\/wp\/v2\/categories?post=1370"},{"taxonomy":"post_tag","embeddable":true,"href":"https:\/\/wp.kristdemokraterna.se\/gavleborg\/wp-json\/wp\/v2\/tags?post=1370"}],"curies":[{"name":"wp","href":"https:\/\/api.w.org\/{rel}","templated":true}]}}