{"id":1372,"date":"2025-09-19T15:12:02","date_gmt":"2025-09-19T13:12:02","guid":{"rendered":"https:\/\/wp.kristdemokraterna.se\/gavleborg\/?p=1372"},"modified":"2025-09-19T15:13:38","modified_gmt":"2025-09-19T13:13:38","slug":"battre-bemanning-i-sjukvarden-under-semestertider","status":"publish","type":"post","link":"https:\/\/wp.kristdemokraterna.se\/gavleborg\/battre-bemanning-i-sjukvarden-under-semestertider\/","title":{"rendered":"B\u00e4ttre bemanning i sjukv\u00e5rden under semestertider"},"content":{"rendered":"<p>Patienter f\u00e5r v\u00e4nta f\u00f6r l\u00e4nge p\u00e5 v\u00e5rd och v\u00e5rdpersonal tvingas till dubbla pass \u2013 varje sommar upprepas samma kris i svensk sjukv\u00e5rd. S\u00e5 kan vi inte ha det. Sverige och G\u00e4vleborg beh\u00f6ver en v\u00e5rd som h\u00e5ller \u00e5ret runt, \u00e4ven under semestertider och l\u00e5nghelger.<\/p>\n<p>Semestertider f\u00e5r inte inneb\u00e4ra f\u00f6rs\u00e4mrad v\u00e5rd eller oh\u00e5llbar arbetsbelastning. Alla anst\u00e4llda beh\u00f6ver f\u00e5 ut sin semester, v\u00e5rdpersonalen g\u00f6r redan ett enast\u00e5ende arbete under tuffa f\u00f6rh\u00e5llanden. Med b\u00e4ttre planering, modern digital infrastruktur och ett samarbete som bygger p\u00e5 respekt och f\u00f6rst\u00e5else f\u00f6r v\u00e5rdens vardag kan vi s\u00e4kerst\u00e4lla att v\u00e5rden fungerar \u00e4ven n\u00e4r resurserna \u00e4r som mest anstr\u00e4ngda.<\/p>\n<p>F\u00f6r f\u00f6rsta g\u00e5ngen g\u00f6r nu Kristdemokraterna tillsammans med \u00f6vriga regeringen och samarbetsparti flera satsningar f\u00f6r att st\u00e4rka just kompetensf\u00f6rs\u00f6rjningen inom v\u00e5rden. Socialstyrelsen f\u00e5r i uppdrag att ta fram l\u00f6sningar f\u00f6r b\u00e4ttre bemanning under semestrar och l\u00e4ngre helger, i hela landet. Uppdraget som sker i samr\u00e5d med andra akt\u00f6rer, inneb\u00e4r bland annat st\u00f6d till regionerna n\u00e4r det g\u00e4ller arbetsmilj\u00f6 och kompetensf\u00f6rs\u00f6rjning. F\u00f6r detta avs\u00e4tts s\u00e4rskilda resurser. Vi kristdemokrater visar genom dessa prioriteringar att staten kommer ta ett st\u00f6rre ansvar f\u00f6r v\u00e5rden \u2013 en fr\u00e5ga som Kristdemokraterna driver sedan l\u00e4nge.<\/p>\n<p>Det handlar inte bara om att l\u00f6sa en \u00e5terkommande kris \u2013 utan om att bygga en l\u00e5ngsiktigt h\u00e5llbar v\u00e5rdstruktur. V\u00e5rdens viktigaste resurs \u00e4r personalen. N\u00e4r l\u00e4kare, sjuksk\u00f6terskor, undersk\u00f6terskor och andra f\u00e5r r\u00e4tt f\u00f6ruts\u00e4ttningar kan ocks\u00e5 patienterna k\u00e4nna sig trygga. D\u00e4rf\u00f6r satsar regeringen \u00f6ver 8 miljarder kronor p\u00e5 att \u00f6ka v\u00e5rdkapaciteten och korta k\u00f6erna, samt ytterligare resurser p\u00e5 h\u00e5llbar arbetsmilj\u00f6 och kompetensf\u00f6rs\u00f6rjning i hela landet.<\/p>\n<p>Kristdemokraterna s\u00e4tter m\u00e4nniskov\u00e4rdet f\u00f6rst och v\u00e5rden i centrum. En trygg v\u00e5rd kr\u00e4ver l\u00e5ngsiktighet, ansvar och respekt f\u00f6r dem som b\u00e4r verksamheten \u2013 v\u00e5rdpersonalen. Det \u00e4r s\u00e5 vi bygger en v\u00e5rd som h\u00e5ller, \u00e5ret runt, i hela landet.<\/p>\n<p>Lili Andr\u00e9 (KD), Riksdagsledamot<\/p>\n<p>Jennie Forsblom (KD), Regionr\u00e5d<\/p>\n<p>&nbsp;<\/p>\n","protected":false},"excerpt":{"rendered":"<p>Patienter f\u00e5r v\u00e4nta f\u00f6r l\u00e4nge p\u00e5 v\u00e5rd och v\u00e5rdpersonal tvingas till dubbla pass \u2013 varje sommar upprepas samma kris i svensk sjukv\u00e5rd. S\u00e5 kan vi inte ha det. Sverige och G\u00e4vleborg beh\u00f6ver en v\u00e5rd som h\u00e5ller \u00e5ret runt, \u00e4ven under semestertider och l\u00e5nghelger. Semestertider f\u00e5r inte inneb\u00e4ra f\u00f6rs\u00e4mrad v\u00e5rd eller oh\u00e5llbar arbetsbelastning. Alla anst\u00e4llda beh\u00f6ver <a class=\"read-more-link\" href=\"https:\/\/wp.kristdemokraterna.se\/gavleborg\/battre-bemanning-i-sjukvarden-under-semestertider\/\">L\u00e4s mer<\/a><\/p>\n","protected":false},"author":976,"featured_media":0,"comment_status":"closed","ping_status":"closed","sticky":false,"template":"","format":"standard","meta":{"_acf_changed":false,"footnotes":""},"categories":[30,21,31,25],"tags":[],"class_list":["post-1372","post","type-post","status-publish","format-standard","hentry","category-alla-nyheter","category-debattartiklar","category-inlagg","category-nyheter"],"acf":[],"yoast_head":"<!-- This site is optimized with the Yoast SEO plugin v27.5 - https:\/\/yoast.com\/product\/yoast-seo-wordpress\/ -->\n<title>B\u00e4ttre bemanning i sjukv\u00e5rden under semestertider - Kristdemokraterna G\u00e4vleborg<\/title>\n<meta name=\"robots\" content=\"index, follow, max-snippet:-1, max-image-preview:large, max-video-preview:-1\" \/>\n<link rel=\"canonical\" href=\"https:\/\/wp.kristdemokraterna.se\/gavleborg\/battre-bemanning-i-sjukvarden-under-semestertider\/\" \/>\n<meta property=\"og:locale\" content=\"sv_SE\" \/>\n<meta property=\"og:type\" content=\"article\" \/>\n<meta property=\"og:title\" content=\"B\u00e4ttre bemanning i sjukv\u00e5rden under semestertider - Kristdemokraterna G\u00e4vleborg\" \/>\n<meta property=\"og:description\" content=\"Patienter f\u00e5r v\u00e4nta f\u00f6r l\u00e4nge p\u00e5 v\u00e5rd och v\u00e5rdpersonal tvingas till dubbla pass \u2013 varje sommar upprepas samma kris i svensk sjukv\u00e5rd. S\u00e5 kan vi inte ha det. Sverige och G\u00e4vleborg beh\u00f6ver en v\u00e5rd som h\u00e5ller \u00e5ret runt, \u00e4ven under semestertider och l\u00e5nghelger. Semestertider f\u00e5r inte inneb\u00e4ra f\u00f6rs\u00e4mrad v\u00e5rd eller oh\u00e5llbar arbetsbelastning. Alla anst\u00e4llda beh\u00f6ver L\u00e4s mer\" \/>\n<meta property=\"og:url\" content=\"https:\/\/wp.kristdemokraterna.se\/gavleborg\/battre-bemanning-i-sjukvarden-under-semestertider\/\" \/>\n<meta property=\"og:site_name\" content=\"Kristdemokraterna G\u00e4vleborg\" \/>\n<meta property=\"article:published_time\" content=\"2025-09-19T13:12:02+00:00\" \/>\n<meta property=\"article:modified_time\" content=\"2025-09-19T13:13:38+00:00\" \/>\n<meta name=\"author\" content=\"annelieostling\" \/>\n<meta name=\"twitter:card\" content=\"summary_large_image\" \/>\n<meta name=\"twitter:label1\" content=\"Skriven av\" \/>\n\t<meta name=\"twitter:data1\" content=\"annelieostling\" \/>\n\t<meta name=\"twitter:label2\" content=\"Ber\u00e4knad l\u00e4stid\" \/>\n\t<meta name=\"twitter:data2\" content=\"2 minuter\" \/>\n<script type=\"application\/ld+json\" class=\"yoast-schema-graph\">{\"@context\":\"https:\\\/\\\/schema.org\",\"@graph\":[{\"@type\":\"Article\",\"@id\":\"https:\\\/\\\/wp.kristdemokraterna.se\\\/gavleborg\\\/battre-bemanning-i-sjukvarden-under-semestertider\\\/#article\",\"isPartOf\":{\"@id\":\"https:\\\/\\\/wp.kristdemokraterna.se\\\/gavleborg\\\/battre-bemanning-i-sjukvarden-under-semestertider\\\/\"},\"author\":{\"name\":\"annelieostling\",\"@id\":\"https:\\\/\\\/wp.kristdemokraterna.se\\\/gavleborg\\\/#\\\/schema\\\/person\\\/bc74b1c510a5c9e1fa45a63a3709916d\"},\"headline\":\"B\u00e4ttre bemanning i sjukv\u00e5rden under semestertider\",\"datePublished\":\"2025-09-19T13:12:02+00:00\",\"dateModified\":\"2025-09-19T13:13:38+00:00\",\"mainEntityOfPage\":{\"@id\":\"https:\\\/\\\/wp.kristdemokraterna.se\\\/gavleborg\\\/battre-bemanning-i-sjukvarden-under-semestertider\\\/\"},\"wordCount\":400,\"articleSection\":[\"Alla nyheter\",\"Debattartiklar\",\"Inl\u00e4gg\",\"Nyheter\"],\"inLanguage\":\"sv-SE\"},{\"@type\":\"WebPage\",\"@id\":\"https:\\\/\\\/wp.kristdemokraterna.se\\\/gavleborg\\\/battre-bemanning-i-sjukvarden-under-semestertider\\\/\",\"url\":\"https:\\\/\\\/wp.kristdemokraterna.se\\\/gavleborg\\\/battre-bemanning-i-sjukvarden-under-semestertider\\\/\",\"name\":\"B\u00e4ttre bemanning i sjukv\u00e5rden under semestertider - Kristdemokraterna G\u00e4vleborg\",\"isPartOf\":{\"@id\":\"https:\\\/\\\/wp.kristdemokraterna.se\\\/gavleborg\\\/#website\"},\"datePublished\":\"2025-09-19T13:12:02+00:00\",\"dateModified\":\"2025-09-19T13:13:38+00:00\",\"author\":{\"@id\":\"https:\\\/\\\/wp.kristdemokraterna.se\\\/gavleborg\\\/#\\\/schema\\\/person\\\/bc74b1c510a5c9e1fa45a63a3709916d\"},\"breadcrumb\":{\"@id\":\"https:\\\/\\\/wp.kristdemokraterna.se\\\/gavleborg\\\/battre-bemanning-i-sjukvarden-under-semestertider\\\/#breadcrumb\"},\"inLanguage\":\"sv-SE\",\"potentialAction\":[{\"@type\":\"ReadAction\",\"target\":[\"https:\\\/\\\/wp.kristdemokraterna.se\\\/gavleborg\\\/battre-bemanning-i-sjukvarden-under-semestertider\\\/\"]}]},{\"@type\":\"BreadcrumbList\",\"@id\":\"https:\\\/\\\/wp.kristdemokraterna.se\\\/gavleborg\\\/battre-bemanning-i-sjukvarden-under-semestertider\\\/#breadcrumb\",\"itemListElement\":[{\"@type\":\"ListItem\",\"position\":1,\"name\":\"Hem\",\"item\":\"https:\\\/\\\/wp.kristdemokraterna.se\\\/gavleborg\\\/\"},{\"@type\":\"ListItem\",\"position\":2,\"name\":\"B\u00e4ttre bemanning i sjukv\u00e5rden under semestertider\"}]},{\"@type\":\"WebSite\",\"@id\":\"https:\\\/\\\/wp.kristdemokraterna.se\\\/gavleborg\\\/#website\",\"url\":\"https:\\\/\\\/wp.kristdemokraterna.se\\\/gavleborg\\\/\",\"name\":\"Kristdemokraterna G\u00e4vleborg\",\"description\":\"Ett tryggare G\u00e4vleborg\",\"inLanguage\":\"sv-SE\"},{\"@type\":\"Person\",\"@id\":\"https:\\\/\\\/wp.kristdemokraterna.se\\\/gavleborg\\\/#\\\/schema\\\/person\\\/bc74b1c510a5c9e1fa45a63a3709916d\",\"name\":\"annelieostling\",\"image\":{\"@type\":\"ImageObject\",\"inLanguage\":\"sv-SE\",\"@id\":\"https:\\\/\\\/secure.gravatar.com\\\/avatar\\\/99d5411ba55eda83f73dc1ab2453d7b92fbc36831c5d818512b42de21186be1d?s=96&d=mm&r=g\",\"url\":\"https:\\\/\\\/secure.gravatar.com\\\/avatar\\\/99d5411ba55eda83f73dc1ab2453d7b92fbc36831c5d818512b42de21186be1d?s=96&d=mm&r=g\",\"contentUrl\":\"https:\\\/\\\/secure.gravatar.com\\\/avatar\\\/99d5411ba55eda83f73dc1ab2453d7b92fbc36831c5d818512b42de21186be1d?s=96&d=mm&r=g\",\"caption\":\"annelieostling\"},\"url\":\"https:\\\/\\\/wp.kristdemokraterna.se\\\/gavleborg\\\/author\\\/annelieostling\\\/\"}]}<\/script>\n<!-- \/ Yoast SEO plugin. -->","yoast_head_json":{"title":"B\u00e4ttre bemanning i sjukv\u00e5rden under semestertider - Kristdemokraterna G\u00e4vleborg","robots":{"index":"index","follow":"follow","max-snippet":"max-snippet:-1","max-image-preview":"max-image-preview:large","max-video-preview":"max-video-preview:-1"},"canonical":"https:\/\/wp.kristdemokraterna.se\/gavleborg\/battre-bemanning-i-sjukvarden-under-semestertider\/","og_locale":"sv_SE","og_type":"article","og_title":"B\u00e4ttre bemanning i sjukv\u00e5rden under semestertider - Kristdemokraterna G\u00e4vleborg","og_description":"Patienter f\u00e5r v\u00e4nta f\u00f6r l\u00e4nge p\u00e5 v\u00e5rd och v\u00e5rdpersonal tvingas till dubbla pass \u2013 varje sommar upprepas samma kris i svensk sjukv\u00e5rd. S\u00e5 kan vi inte ha det. Sverige och G\u00e4vleborg beh\u00f6ver en v\u00e5rd som h\u00e5ller \u00e5ret runt, \u00e4ven under semestertider och l\u00e5nghelger. Semestertider f\u00e5r inte inneb\u00e4ra f\u00f6rs\u00e4mrad v\u00e5rd eller oh\u00e5llbar arbetsbelastning. Alla anst\u00e4llda beh\u00f6ver L\u00e4s mer","og_url":"https:\/\/wp.kristdemokraterna.se\/gavleborg\/battre-bemanning-i-sjukvarden-under-semestertider\/","og_site_name":"Kristdemokraterna G\u00e4vleborg","article_published_time":"2025-09-19T13:12:02+00:00","article_modified_time":"2025-09-19T13:13:38+00:00","author":"annelieostling","twitter_card":"summary_large_image","twitter_misc":{"Skriven av":"annelieostling","Ber\u00e4knad l\u00e4stid":"2 minuter"},"schema":{"@context":"https:\/\/schema.org","@graph":[{"@type":"Article","@id":"https:\/\/wp.kristdemokraterna.se\/gavleborg\/battre-bemanning-i-sjukvarden-under-semestertider\/#article","isPartOf":{"@id":"https:\/\/wp.kristdemokraterna.se\/gavleborg\/battre-bemanning-i-sjukvarden-under-semestertider\/"},"author":{"name":"annelieostling","@id":"https:\/\/wp.kristdemokraterna.se\/gavleborg\/#\/schema\/person\/bc74b1c510a5c9e1fa45a63a3709916d"},"headline":"B\u00e4ttre bemanning i sjukv\u00e5rden under semestertider","datePublished":"2025-09-19T13:12:02+00:00","dateModified":"2025-09-19T13:13:38+00:00","mainEntityOfPage":{"@id":"https:\/\/wp.kristdemokraterna.se\/gavleborg\/battre-bemanning-i-sjukvarden-under-semestertider\/"},"wordCount":400,"articleSection":["Alla nyheter","Debattartiklar","Inl\u00e4gg","Nyheter"],"inLanguage":"sv-SE"},{"@type":"WebPage","@id":"https:\/\/wp.kristdemokraterna.se\/gavleborg\/battre-bemanning-i-sjukvarden-under-semestertider\/","url":"https:\/\/wp.kristdemokraterna.se\/gavleborg\/battre-bemanning-i-sjukvarden-under-semestertider\/","name":"B\u00e4ttre bemanning i sjukv\u00e5rden under semestertider - Kristdemokraterna G\u00e4vleborg","isPartOf":{"@id":"https:\/\/wp.kristdemokraterna.se\/gavleborg\/#website"},"datePublished":"2025-09-19T13:12:02+00:00","dateModified":"2025-09-19T13:13:38+00:00","author":{"@id":"https:\/\/wp.kristdemokraterna.se\/gavleborg\/#\/schema\/person\/bc74b1c510a5c9e1fa45a63a3709916d"},"breadcrumb":{"@id":"https:\/\/wp.kristdemokraterna.se\/gavleborg\/battre-bemanning-i-sjukvarden-under-semestertider\/#breadcrumb"},"inLanguage":"sv-SE","potentialAction":[{"@type":"ReadAction","target":["https:\/\/wp.kristdemokraterna.se\/gavleborg\/battre-bemanning-i-sjukvarden-under-semestertider\/"]}]},{"@type":"BreadcrumbList","@id":"https:\/\/wp.kristdemokraterna.se\/gavleborg\/battre-bemanning-i-sjukvarden-under-semestertider\/#breadcrumb","itemListElement":[{"@type":"ListItem","position":1,"name":"Hem","item":"https:\/\/wp.kristdemokraterna.se\/gavleborg\/"},{"@type":"ListItem","position":2,"name":"B\u00e4ttre bemanning i sjukv\u00e5rden under semestertider"}]},{"@type":"WebSite","@id":"https:\/\/wp.kristdemokraterna.se\/gavleborg\/#website","url":"https:\/\/wp.kristdemokraterna.se\/gavleborg\/","name":"Kristdemokraterna G\u00e4vleborg","description":"Ett tryggare G\u00e4vleborg","inLanguage":"sv-SE"},{"@type":"Person","@id":"https:\/\/wp.kristdemokraterna.se\/gavleborg\/#\/schema\/person\/bc74b1c510a5c9e1fa45a63a3709916d","name":"annelieostling","image":{"@type":"ImageObject","inLanguage":"sv-SE","@id":"https:\/\/secure.gravatar.com\/avatar\/99d5411ba55eda83f73dc1ab2453d7b92fbc36831c5d818512b42de21186be1d?s=96&d=mm&r=g","url":"https:\/\/secure.gravatar.com\/avatar\/99d5411ba55eda83f73dc1ab2453d7b92fbc36831c5d818512b42de21186be1d?s=96&d=mm&r=g","contentUrl":"https:\/\/secure.gravatar.com\/avatar\/99d5411ba55eda83f73dc1ab2453d7b92fbc36831c5d818512b42de21186be1d?s=96&d=mm&r=g","caption":"annelieostling"},"url":"https:\/\/wp.kristdemokraterna.se\/gavleborg\/author\/annelieostling\/"}]}},"_links":{"self":[{"href":"https:\/\/wp.kristdemokraterna.se\/gavleborg\/wp-json\/wp\/v2\/posts\/1372","targetHints":{"allow":["GET"]}}],"collection":[{"href":"https:\/\/wp.kristdemokraterna.se\/gavleborg\/wp-json\/wp\/v2\/posts"}],"about":[{"href":"https:\/\/wp.kristdemokraterna.se\/gavleborg\/wp-json\/wp\/v2\/types\/post"}],"author":[{"embeddable":true,"href":"https:\/\/wp.kristdemokraterna.se\/gavleborg\/wp-json\/wp\/v2\/users\/976"}],"replies":[{"embeddable":true,"href":"https:\/\/wp.kristdemokraterna.se\/gavleborg\/wp-json\/wp\/v2\/comments?post=1372"}],"version-history":[{"count":2,"href":"https:\/\/wp.kristdemokraterna.se\/gavleborg\/wp-json\/wp\/v2\/posts\/1372\/revisions"}],"predecessor-version":[{"id":1375,"href":"https:\/\/wp.kristdemokraterna.se\/gavleborg\/wp-json\/wp\/v2\/posts\/1372\/revisions\/1375"}],"wp:attachment":[{"href":"https:\/\/wp.kristdemokraterna.se\/gavleborg\/wp-json\/wp\/v2\/media?parent=1372"}],"wp:term":[{"taxonomy":"category","embeddable":true,"href":"https:\/\/wp.kristdemokraterna.se\/gavleborg\/wp-json\/wp\/v2\/categories?post=1372"},{"taxonomy":"post_tag","embeddable":true,"href":"https:\/\/wp.kristdemokraterna.se\/gavleborg\/wp-json\/wp\/v2\/tags?post=1372"}],"curies":[{"name":"wp","href":"https:\/\/api.w.org\/{rel}","templated":true}]}}