{"id":1376,"date":"2025-09-19T15:17:22","date_gmt":"2025-09-19T13:17:22","guid":{"rendered":"https:\/\/wp.kristdemokraterna.se\/gavleborg\/?p=1376"},"modified":"2025-09-19T15:17:22","modified_gmt":"2025-09-19T13:17:22","slug":"kristdemokraterna-vill-starka-kvinnors-halsa-i-klimakteriet","status":"publish","type":"post","link":"https:\/\/wp.kristdemokraterna.se\/gavleborg\/kristdemokraterna-vill-starka-kvinnors-halsa-i-klimakteriet\/","title":{"rendered":"Kristdemokraterna vill st\u00e4rka kvinnors h\u00e4lsa i klimakteriet"},"content":{"rendered":"<p>Kristdemokraterna arbetar fokuserat f\u00f6r att alla \u2013 kvinnor och m\u00e4n, unga och \u00e4ldre \u2013 ska f\u00e5 r\u00e4tt v\u00e5rd i r\u00e4tt tid. Kvinnors h\u00e4lsa har l\u00e4nge varit underprioriterad, trots att kvinnor utg\u00f6r h\u00e4lften av befolkningen. Det saknas kunskap, resurser och r\u00e4tt bem\u00f6tande \u2013 s\u00e4rskilt under klimakteriet. Det vill vi \u00e4ndra p\u00e5.<\/p>\n<p>Kristdemokraterna har tydligt lyft kvinnors h\u00e4lsa \u2013 s\u00e4rskilt klimakteriet \u2013 som ett prioriterat omr\u00e5de, b\u00e5de nationellt och i Region G\u00e4vleborg. Regeringen har satsat 1,6 miljarder kronor p\u00e5 kvinnors h\u00e4lsa. Klimakteriet lyfts nu som ett prioriterat omr\u00e5de, tillsammans med m\u00f6drah\u00e4lsov\u00e5rd, f\u00f6rlossningsv\u00e5rd, v\u00e5rd f\u00f6r kvinnor som utsatts f\u00f6r sexuellt v\u00e5ld och sjukdomar som fr\u00e4mst drabbar flickor och kvinnor. Ett nationellt kunskapsunderlag om klimakteriet ska tas fram p\u00e5 regeringens uppdrag \u2013 ett f\u00f6rsta steg mot nationella riktlinjer.<\/p>\n<p>Klimakteriet p\u00e5verkar miljontals kvinnor fysiskt, psykiskt och socialt. M\u00e5nga f\u00e5r fel behandling eller ingen alls. Kvinnor mellan 40 och 60 \u00e5r \u00e4r dessutom \u00f6verrepresenterade i sjukskrivningar. Det \u00e4r inte acceptabelt.<\/p>\n<p>I Region G\u00e4vleborg har Kristdemokraterna, tillsammans med v\u00e5ra samarbetspartier, tagit konkreta initiativ. Under 2025 har vi startat en utbildningssatsning f\u00f6r v\u00e5rdpersonal om klimakteriebesv\u00e4r. Syftet \u00e4r att h\u00f6ja kompetensen och f\u00f6rb\u00e4ttra bem\u00f6tandet i v\u00e5rden. Dessutom \u00e4r en digital klimakteriemottagning under uppstart \u2013 ett viktigt steg f\u00f6r att \u00f6ka tillg\u00e4ngligheten och erbjuda st\u00f6d och behandling oavsett var i l\u00e4net kvinnan bor. En ny h\u00e4lsocentral med inriktning p\u00e5 kvinnoh\u00e4lsa \u00f6ppnar ocks\u00e5 i G\u00e4vle. D\u00e4rut\u00f6ver kommer en kartl\u00e4ggning av kvinno- och f\u00f6rlossningsv\u00e5rden att genomf\u00f6ras f\u00f6r att identifiera behov av f\u00f6rst\u00e4rkningar.<\/p>\n<p>Vi kristdemokrater menar att kvinnors h\u00e4lsa m\u00e5ste vara en sj\u00e4lvklar del av en modern och j\u00e4mlik sjukv\u00e5rd. Det handlar om respekt, kunskap och r\u00e4tt till god v\u00e5rd genom hela livet. Klimakteriet f\u00e5r inte vara en blind fl\u00e4ck \u2013 det ska vara en del av v\u00e5rdens k\u00e4rnuppdrag.<\/p>\n<p><strong>Lili Andr\u00e9 (KD), Riksdagsledamot<br \/>\nJennie Forsblom (KD), Regionr\u00e5d<\/strong><\/p>\n","protected":false},"excerpt":{"rendered":"<p>Kristdemokraterna arbetar fokuserat f\u00f6r att alla \u2013 kvinnor och m\u00e4n, unga och \u00e4ldre \u2013 ska f\u00e5 r\u00e4tt v\u00e5rd i r\u00e4tt tid. Kvinnors h\u00e4lsa har l\u00e4nge varit underprioriterad, trots att kvinnor utg\u00f6r h\u00e4lften av befolkningen. Det saknas kunskap, resurser och r\u00e4tt bem\u00f6tande \u2013 s\u00e4rskilt under klimakteriet. Det vill vi \u00e4ndra p\u00e5. Kristdemokraterna har tydligt lyft kvinnors <a class=\"read-more-link\" href=\"https:\/\/wp.kristdemokraterna.se\/gavleborg\/kristdemokraterna-vill-starka-kvinnors-halsa-i-klimakteriet\/\">L\u00e4s mer<\/a><\/p>\n","protected":false},"author":976,"featured_media":0,"comment_status":"closed","ping_status":"closed","sticky":false,"template":"","format":"standard","meta":{"_acf_changed":false,"footnotes":""},"categories":[30,21,31,25],"tags":[],"class_list":["post-1376","post","type-post","status-publish","format-standard","hentry","category-alla-nyheter","category-debattartiklar","category-inlagg","category-nyheter"],"acf":[],"yoast_head":"<!-- This site is optimized with the Yoast SEO plugin v27.5 - https:\/\/yoast.com\/product\/yoast-seo-wordpress\/ -->\n<title>Kristdemokraterna vill st\u00e4rka kvinnors h\u00e4lsa i klimakteriet - Kristdemokraterna G\u00e4vleborg<\/title>\n<meta name=\"robots\" content=\"index, follow, max-snippet:-1, max-image-preview:large, max-video-preview:-1\" \/>\n<link rel=\"canonical\" href=\"https:\/\/wp.kristdemokraterna.se\/gavleborg\/kristdemokraterna-vill-starka-kvinnors-halsa-i-klimakteriet\/\" \/>\n<meta property=\"og:locale\" content=\"sv_SE\" \/>\n<meta property=\"og:type\" content=\"article\" \/>\n<meta property=\"og:title\" content=\"Kristdemokraterna vill st\u00e4rka kvinnors h\u00e4lsa i klimakteriet - Kristdemokraterna G\u00e4vleborg\" \/>\n<meta property=\"og:description\" content=\"Kristdemokraterna arbetar fokuserat f\u00f6r att alla \u2013 kvinnor och m\u00e4n, unga och \u00e4ldre \u2013 ska f\u00e5 r\u00e4tt v\u00e5rd i r\u00e4tt tid. Kvinnors h\u00e4lsa har l\u00e4nge varit underprioriterad, trots att kvinnor utg\u00f6r h\u00e4lften av befolkningen. Det saknas kunskap, resurser och r\u00e4tt bem\u00f6tande \u2013 s\u00e4rskilt under klimakteriet. Det vill vi \u00e4ndra p\u00e5. Kristdemokraterna har tydligt lyft kvinnors L\u00e4s mer\" \/>\n<meta property=\"og:url\" content=\"https:\/\/wp.kristdemokraterna.se\/gavleborg\/kristdemokraterna-vill-starka-kvinnors-halsa-i-klimakteriet\/\" \/>\n<meta property=\"og:site_name\" content=\"Kristdemokraterna G\u00e4vleborg\" \/>\n<meta property=\"article:published_time\" content=\"2025-09-19T13:17:22+00:00\" \/>\n<meta name=\"author\" content=\"annelieostling\" \/>\n<meta name=\"twitter:card\" content=\"summary_large_image\" \/>\n<meta name=\"twitter:label1\" content=\"Skriven av\" \/>\n\t<meta name=\"twitter:data1\" content=\"annelieostling\" \/>\n\t<meta name=\"twitter:label2\" content=\"Ber\u00e4knad l\u00e4stid\" \/>\n\t<meta name=\"twitter:data2\" content=\"2 minuter\" \/>\n<script type=\"application\/ld+json\" class=\"yoast-schema-graph\">{\"@context\":\"https:\\\/\\\/schema.org\",\"@graph\":[{\"@type\":\"Article\",\"@id\":\"https:\\\/\\\/wp.kristdemokraterna.se\\\/gavleborg\\\/kristdemokraterna-vill-starka-kvinnors-halsa-i-klimakteriet\\\/#article\",\"isPartOf\":{\"@id\":\"https:\\\/\\\/wp.kristdemokraterna.se\\\/gavleborg\\\/kristdemokraterna-vill-starka-kvinnors-halsa-i-klimakteriet\\\/\"},\"author\":{\"name\":\"annelieostling\",\"@id\":\"https:\\\/\\\/wp.kristdemokraterna.se\\\/gavleborg\\\/#\\\/schema\\\/person\\\/bc74b1c510a5c9e1fa45a63a3709916d\"},\"headline\":\"Kristdemokraterna vill st\u00e4rka kvinnors h\u00e4lsa i klimakteriet\",\"datePublished\":\"2025-09-19T13:17:22+00:00\",\"mainEntityOfPage\":{\"@id\":\"https:\\\/\\\/wp.kristdemokraterna.se\\\/gavleborg\\\/kristdemokraterna-vill-starka-kvinnors-halsa-i-klimakteriet\\\/\"},\"wordCount\":362,\"articleSection\":[\"Alla nyheter\",\"Debattartiklar\",\"Inl\u00e4gg\",\"Nyheter\"],\"inLanguage\":\"sv-SE\"},{\"@type\":\"WebPage\",\"@id\":\"https:\\\/\\\/wp.kristdemokraterna.se\\\/gavleborg\\\/kristdemokraterna-vill-starka-kvinnors-halsa-i-klimakteriet\\\/\",\"url\":\"https:\\\/\\\/wp.kristdemokraterna.se\\\/gavleborg\\\/kristdemokraterna-vill-starka-kvinnors-halsa-i-klimakteriet\\\/\",\"name\":\"Kristdemokraterna vill st\u00e4rka kvinnors h\u00e4lsa i klimakteriet - Kristdemokraterna G\u00e4vleborg\",\"isPartOf\":{\"@id\":\"https:\\\/\\\/wp.kristdemokraterna.se\\\/gavleborg\\\/#website\"},\"datePublished\":\"2025-09-19T13:17:22+00:00\",\"author\":{\"@id\":\"https:\\\/\\\/wp.kristdemokraterna.se\\\/gavleborg\\\/#\\\/schema\\\/person\\\/bc74b1c510a5c9e1fa45a63a3709916d\"},\"breadcrumb\":{\"@id\":\"https:\\\/\\\/wp.kristdemokraterna.se\\\/gavleborg\\\/kristdemokraterna-vill-starka-kvinnors-halsa-i-klimakteriet\\\/#breadcrumb\"},\"inLanguage\":\"sv-SE\",\"potentialAction\":[{\"@type\":\"ReadAction\",\"target\":[\"https:\\\/\\\/wp.kristdemokraterna.se\\\/gavleborg\\\/kristdemokraterna-vill-starka-kvinnors-halsa-i-klimakteriet\\\/\"]}]},{\"@type\":\"BreadcrumbList\",\"@id\":\"https:\\\/\\\/wp.kristdemokraterna.se\\\/gavleborg\\\/kristdemokraterna-vill-starka-kvinnors-halsa-i-klimakteriet\\\/#breadcrumb\",\"itemListElement\":[{\"@type\":\"ListItem\",\"position\":1,\"name\":\"Hem\",\"item\":\"https:\\\/\\\/wp.kristdemokraterna.se\\\/gavleborg\\\/\"},{\"@type\":\"ListItem\",\"position\":2,\"name\":\"Kristdemokraterna vill st\u00e4rka kvinnors h\u00e4lsa i klimakteriet\"}]},{\"@type\":\"WebSite\",\"@id\":\"https:\\\/\\\/wp.kristdemokraterna.se\\\/gavleborg\\\/#website\",\"url\":\"https:\\\/\\\/wp.kristdemokraterna.se\\\/gavleborg\\\/\",\"name\":\"Kristdemokraterna G\u00e4vleborg\",\"description\":\"Ett tryggare G\u00e4vleborg\",\"inLanguage\":\"sv-SE\"},{\"@type\":\"Person\",\"@id\":\"https:\\\/\\\/wp.kristdemokraterna.se\\\/gavleborg\\\/#\\\/schema\\\/person\\\/bc74b1c510a5c9e1fa45a63a3709916d\",\"name\":\"annelieostling\",\"image\":{\"@type\":\"ImageObject\",\"inLanguage\":\"sv-SE\",\"@id\":\"https:\\\/\\\/secure.gravatar.com\\\/avatar\\\/99d5411ba55eda83f73dc1ab2453d7b92fbc36831c5d818512b42de21186be1d?s=96&d=mm&r=g\",\"url\":\"https:\\\/\\\/secure.gravatar.com\\\/avatar\\\/99d5411ba55eda83f73dc1ab2453d7b92fbc36831c5d818512b42de21186be1d?s=96&d=mm&r=g\",\"contentUrl\":\"https:\\\/\\\/secure.gravatar.com\\\/avatar\\\/99d5411ba55eda83f73dc1ab2453d7b92fbc36831c5d818512b42de21186be1d?s=96&d=mm&r=g\",\"caption\":\"annelieostling\"},\"url\":\"https:\\\/\\\/wp.kristdemokraterna.se\\\/gavleborg\\\/author\\\/annelieostling\\\/\"}]}<\/script>\n<!-- \/ Yoast SEO plugin. -->","yoast_head_json":{"title":"Kristdemokraterna vill st\u00e4rka kvinnors h\u00e4lsa i klimakteriet - Kristdemokraterna G\u00e4vleborg","robots":{"index":"index","follow":"follow","max-snippet":"max-snippet:-1","max-image-preview":"max-image-preview:large","max-video-preview":"max-video-preview:-1"},"canonical":"https:\/\/wp.kristdemokraterna.se\/gavleborg\/kristdemokraterna-vill-starka-kvinnors-halsa-i-klimakteriet\/","og_locale":"sv_SE","og_type":"article","og_title":"Kristdemokraterna vill st\u00e4rka kvinnors h\u00e4lsa i klimakteriet - Kristdemokraterna G\u00e4vleborg","og_description":"Kristdemokraterna arbetar fokuserat f\u00f6r att alla \u2013 kvinnor och m\u00e4n, unga och \u00e4ldre \u2013 ska f\u00e5 r\u00e4tt v\u00e5rd i r\u00e4tt tid. Kvinnors h\u00e4lsa har l\u00e4nge varit underprioriterad, trots att kvinnor utg\u00f6r h\u00e4lften av befolkningen. Det saknas kunskap, resurser och r\u00e4tt bem\u00f6tande \u2013 s\u00e4rskilt under klimakteriet. Det vill vi \u00e4ndra p\u00e5. Kristdemokraterna har tydligt lyft kvinnors L\u00e4s mer","og_url":"https:\/\/wp.kristdemokraterna.se\/gavleborg\/kristdemokraterna-vill-starka-kvinnors-halsa-i-klimakteriet\/","og_site_name":"Kristdemokraterna G\u00e4vleborg","article_published_time":"2025-09-19T13:17:22+00:00","author":"annelieostling","twitter_card":"summary_large_image","twitter_misc":{"Skriven av":"annelieostling","Ber\u00e4knad l\u00e4stid":"2 minuter"},"schema":{"@context":"https:\/\/schema.org","@graph":[{"@type":"Article","@id":"https:\/\/wp.kristdemokraterna.se\/gavleborg\/kristdemokraterna-vill-starka-kvinnors-halsa-i-klimakteriet\/#article","isPartOf":{"@id":"https:\/\/wp.kristdemokraterna.se\/gavleborg\/kristdemokraterna-vill-starka-kvinnors-halsa-i-klimakteriet\/"},"author":{"name":"annelieostling","@id":"https:\/\/wp.kristdemokraterna.se\/gavleborg\/#\/schema\/person\/bc74b1c510a5c9e1fa45a63a3709916d"},"headline":"Kristdemokraterna vill st\u00e4rka kvinnors h\u00e4lsa i klimakteriet","datePublished":"2025-09-19T13:17:22+00:00","mainEntityOfPage":{"@id":"https:\/\/wp.kristdemokraterna.se\/gavleborg\/kristdemokraterna-vill-starka-kvinnors-halsa-i-klimakteriet\/"},"wordCount":362,"articleSection":["Alla nyheter","Debattartiklar","Inl\u00e4gg","Nyheter"],"inLanguage":"sv-SE"},{"@type":"WebPage","@id":"https:\/\/wp.kristdemokraterna.se\/gavleborg\/kristdemokraterna-vill-starka-kvinnors-halsa-i-klimakteriet\/","url":"https:\/\/wp.kristdemokraterna.se\/gavleborg\/kristdemokraterna-vill-starka-kvinnors-halsa-i-klimakteriet\/","name":"Kristdemokraterna vill st\u00e4rka kvinnors h\u00e4lsa i klimakteriet - Kristdemokraterna G\u00e4vleborg","isPartOf":{"@id":"https:\/\/wp.kristdemokraterna.se\/gavleborg\/#website"},"datePublished":"2025-09-19T13:17:22+00:00","author":{"@id":"https:\/\/wp.kristdemokraterna.se\/gavleborg\/#\/schema\/person\/bc74b1c510a5c9e1fa45a63a3709916d"},"breadcrumb":{"@id":"https:\/\/wp.kristdemokraterna.se\/gavleborg\/kristdemokraterna-vill-starka-kvinnors-halsa-i-klimakteriet\/#breadcrumb"},"inLanguage":"sv-SE","potentialAction":[{"@type":"ReadAction","target":["https:\/\/wp.kristdemokraterna.se\/gavleborg\/kristdemokraterna-vill-starka-kvinnors-halsa-i-klimakteriet\/"]}]},{"@type":"BreadcrumbList","@id":"https:\/\/wp.kristdemokraterna.se\/gavleborg\/kristdemokraterna-vill-starka-kvinnors-halsa-i-klimakteriet\/#breadcrumb","itemListElement":[{"@type":"ListItem","position":1,"name":"Hem","item":"https:\/\/wp.kristdemokraterna.se\/gavleborg\/"},{"@type":"ListItem","position":2,"name":"Kristdemokraterna vill st\u00e4rka kvinnors h\u00e4lsa i klimakteriet"}]},{"@type":"WebSite","@id":"https:\/\/wp.kristdemokraterna.se\/gavleborg\/#website","url":"https:\/\/wp.kristdemokraterna.se\/gavleborg\/","name":"Kristdemokraterna G\u00e4vleborg","description":"Ett tryggare G\u00e4vleborg","inLanguage":"sv-SE"},{"@type":"Person","@id":"https:\/\/wp.kristdemokraterna.se\/gavleborg\/#\/schema\/person\/bc74b1c510a5c9e1fa45a63a3709916d","name":"annelieostling","image":{"@type":"ImageObject","inLanguage":"sv-SE","@id":"https:\/\/secure.gravatar.com\/avatar\/99d5411ba55eda83f73dc1ab2453d7b92fbc36831c5d818512b42de21186be1d?s=96&d=mm&r=g","url":"https:\/\/secure.gravatar.com\/avatar\/99d5411ba55eda83f73dc1ab2453d7b92fbc36831c5d818512b42de21186be1d?s=96&d=mm&r=g","contentUrl":"https:\/\/secure.gravatar.com\/avatar\/99d5411ba55eda83f73dc1ab2453d7b92fbc36831c5d818512b42de21186be1d?s=96&d=mm&r=g","caption":"annelieostling"},"url":"https:\/\/wp.kristdemokraterna.se\/gavleborg\/author\/annelieostling\/"}]}},"_links":{"self":[{"href":"https:\/\/wp.kristdemokraterna.se\/gavleborg\/wp-json\/wp\/v2\/posts\/1376","targetHints":{"allow":["GET"]}}],"collection":[{"href":"https:\/\/wp.kristdemokraterna.se\/gavleborg\/wp-json\/wp\/v2\/posts"}],"about":[{"href":"https:\/\/wp.kristdemokraterna.se\/gavleborg\/wp-json\/wp\/v2\/types\/post"}],"author":[{"embeddable":true,"href":"https:\/\/wp.kristdemokraterna.se\/gavleborg\/wp-json\/wp\/v2\/users\/976"}],"replies":[{"embeddable":true,"href":"https:\/\/wp.kristdemokraterna.se\/gavleborg\/wp-json\/wp\/v2\/comments?post=1376"}],"version-history":[{"count":1,"href":"https:\/\/wp.kristdemokraterna.se\/gavleborg\/wp-json\/wp\/v2\/posts\/1376\/revisions"}],"predecessor-version":[{"id":1377,"href":"https:\/\/wp.kristdemokraterna.se\/gavleborg\/wp-json\/wp\/v2\/posts\/1376\/revisions\/1377"}],"wp:attachment":[{"href":"https:\/\/wp.kristdemokraterna.se\/gavleborg\/wp-json\/wp\/v2\/media?parent=1376"}],"wp:term":[{"taxonomy":"category","embeddable":true,"href":"https:\/\/wp.kristdemokraterna.se\/gavleborg\/wp-json\/wp\/v2\/categories?post=1376"},{"taxonomy":"post_tag","embeddable":true,"href":"https:\/\/wp.kristdemokraterna.se\/gavleborg\/wp-json\/wp\/v2\/tags?post=1376"}],"curies":[{"name":"wp","href":"https:\/\/api.w.org\/{rel}","templated":true}]}}