{"id":1379,"date":"2025-09-19T15:39:57","date_gmt":"2025-09-19T13:39:57","guid":{"rendered":"https:\/\/wp.kristdemokraterna.se\/gavleborg\/?p=1379"},"modified":"2025-09-19T15:39:57","modified_gmt":"2025-09-19T13:39:57","slug":"riv-upp-den-nya-konstillhorighetslagen-for-vara-ungas-skull","status":"publish","type":"post","link":"https:\/\/wp.kristdemokraterna.se\/gavleborg\/riv-upp-den-nya-konstillhorighetslagen-for-vara-ungas-skull\/","title":{"rendered":"Riv upp den nya k\u00f6nstillh\u00f6righetslagen \u2013 f\u00f6r v\u00e5ra ungas skull"},"content":{"rendered":"<p>Den 1 juli tr\u00e4dde en lag i kraft som g\u00f6r det m\u00f6jligt f\u00f6r 16-\u00e5ringar att byta juridiskt k\u00f6n utan diagnos, medicinsk utredning eller l\u00e4ngre samtal med professionell v\u00e5rdpersonal. Det r\u00e4cker med ett kort digitalt m\u00f6te med en l\u00e4kare. Kristdemokraterna s\u00e4ger nej \u2013 f\u00f6r barnens, f\u00f6r\u00e4ldrarnas och samh\u00e4llets skull.<\/p>\n<p>Vi kristdemokrater st\u00e5r upp f\u00f6r varje m\u00e4nniskas v\u00e4rde och v\u00e4rdighet, \u00e4ven dem som k\u00e4mpar med k\u00f6nsdysfori. Men lagstiftning m\u00e5ste bygga p\u00e5 vetenskap och omsorg, inte ideologisk aktivism. N\u00e4r unga m\u00e4nniskor i en k\u00e4nslig utvecklingsfas ges m\u00f6jligheten att fatta livsavg\u00f6rande beslut utan tillr\u00e4cklig medicinsk f\u00f6rankring, sviker vi v\u00e5rt ansvar som vuxna.<\/p>\n<p>Psykiatrisk expertis har varnat f\u00f6r riskerna. Vi vet att k\u00f6nsdysfori ofta \u00e4r f\u00f6rknippat med andra psykiska utmaningar. D\u00e4rf\u00f6r \u00e4r en grundlig medicinsk utredning inte ett hinder \u2013 det \u00e4r en skyddsmekanism. Att slopa diagnoskravet undergr\u00e4ver r\u00e4ttss\u00e4kerheten, f\u00f6rsvagar v\u00e5rden och riskerar att leda till f\u00f6rhastade beslut med l\u00e5ngsiktiga konsekvenser.<\/p>\n<p>Kristdemokraterna r\u00f6stade nej till lagen, vi var ett av endast tv\u00e5 partier som stod upp f\u00f6r barns r\u00e4tt till en trygg och genomt\u00e4nkt v\u00e5rd. Vi menar att juridiskt k\u00f6n fortsatt b\u00f6r spegla det biologiska k\u00f6net, och byte ska f\u00f6reg\u00e5s av medicinsk utredning, en k\u00f6nsdysforidiagnos och ett godk\u00e4nnande av Socialstyrelsen.<\/p>\n<p>Nu m\u00e5ste fler partier vakna. Det handlar inte om att neka hj\u00e4lp, utan om att ge r\u00e4tt hj\u00e4lp \u2013 i r\u00e4tt tid och med r\u00e4tt st\u00f6d. Lagen m\u00e5ste rivas upp innan skadan \u00e4r skedd.<\/p>\n<p>Lili Andr\u00e9 (KD), Riksdagsledamot<\/p>\n<p>Jennie Forsblom (KD), Regionr\u00e5d<\/p>\n","protected":false},"excerpt":{"rendered":"<p>Den 1 juli tr\u00e4dde en lag i kraft som g\u00f6r det m\u00f6jligt f\u00f6r 16-\u00e5ringar att byta juridiskt k\u00f6n utan diagnos, medicinsk utredning eller l\u00e4ngre samtal med professionell v\u00e5rdpersonal. Det r\u00e4cker med ett kort digitalt m\u00f6te med en l\u00e4kare. Kristdemokraterna s\u00e4ger nej \u2013 f\u00f6r barnens, f\u00f6r\u00e4ldrarnas och samh\u00e4llets skull. Vi kristdemokrater st\u00e5r upp f\u00f6r varje m\u00e4nniskas <a class=\"read-more-link\" href=\"https:\/\/wp.kristdemokraterna.se\/gavleborg\/riv-upp-den-nya-konstillhorighetslagen-for-vara-ungas-skull\/\">L\u00e4s mer<\/a><\/p>\n","protected":false},"author":976,"featured_media":0,"comment_status":"closed","ping_status":"closed","sticky":false,"template":"","format":"standard","meta":{"_acf_changed":false,"footnotes":""},"categories":[30,21,31,25],"tags":[],"class_list":["post-1379","post","type-post","status-publish","format-standard","hentry","category-alla-nyheter","category-debattartiklar","category-inlagg","category-nyheter"],"acf":[],"yoast_head":"<!-- This site is optimized with the Yoast SEO plugin v27.5 - https:\/\/yoast.com\/product\/yoast-seo-wordpress\/ -->\n<title>Riv upp den nya k\u00f6nstillh\u00f6righetslagen \u2013 f\u00f6r v\u00e5ra ungas skull - Kristdemokraterna G\u00e4vleborg<\/title>\n<meta name=\"robots\" content=\"index, follow, max-snippet:-1, max-image-preview:large, max-video-preview:-1\" \/>\n<link rel=\"canonical\" href=\"https:\/\/wp.kristdemokraterna.se\/gavleborg\/riv-upp-den-nya-konstillhorighetslagen-for-vara-ungas-skull\/\" \/>\n<meta property=\"og:locale\" content=\"sv_SE\" \/>\n<meta property=\"og:type\" content=\"article\" \/>\n<meta property=\"og:title\" content=\"Riv upp den nya k\u00f6nstillh\u00f6righetslagen \u2013 f\u00f6r v\u00e5ra ungas skull - Kristdemokraterna G\u00e4vleborg\" \/>\n<meta property=\"og:description\" content=\"Den 1 juli tr\u00e4dde en lag i kraft som g\u00f6r det m\u00f6jligt f\u00f6r 16-\u00e5ringar att byta juridiskt k\u00f6n utan diagnos, medicinsk utredning eller l\u00e4ngre samtal med professionell v\u00e5rdpersonal. Det r\u00e4cker med ett kort digitalt m\u00f6te med en l\u00e4kare. Kristdemokraterna s\u00e4ger nej \u2013 f\u00f6r barnens, f\u00f6r\u00e4ldrarnas och samh\u00e4llets skull. Vi kristdemokrater st\u00e5r upp f\u00f6r varje m\u00e4nniskas L\u00e4s mer\" \/>\n<meta property=\"og:url\" content=\"https:\/\/wp.kristdemokraterna.se\/gavleborg\/riv-upp-den-nya-konstillhorighetslagen-for-vara-ungas-skull\/\" \/>\n<meta property=\"og:site_name\" content=\"Kristdemokraterna G\u00e4vleborg\" \/>\n<meta property=\"article:published_time\" content=\"2025-09-19T13:39:57+00:00\" \/>\n<meta name=\"author\" content=\"annelieostling\" \/>\n<meta name=\"twitter:card\" content=\"summary_large_image\" \/>\n<meta name=\"twitter:label1\" content=\"Skriven av\" \/>\n\t<meta name=\"twitter:data1\" content=\"annelieostling\" \/>\n\t<meta name=\"twitter:label2\" content=\"Ber\u00e4knad l\u00e4stid\" \/>\n\t<meta name=\"twitter:data2\" content=\"2 minuter\" \/>\n<script type=\"application\/ld+json\" class=\"yoast-schema-graph\">{\"@context\":\"https:\\\/\\\/schema.org\",\"@graph\":[{\"@type\":\"Article\",\"@id\":\"https:\\\/\\\/wp.kristdemokraterna.se\\\/gavleborg\\\/riv-upp-den-nya-konstillhorighetslagen-for-vara-ungas-skull\\\/#article\",\"isPartOf\":{\"@id\":\"https:\\\/\\\/wp.kristdemokraterna.se\\\/gavleborg\\\/riv-upp-den-nya-konstillhorighetslagen-for-vara-ungas-skull\\\/\"},\"author\":{\"name\":\"annelieostling\",\"@id\":\"https:\\\/\\\/wp.kristdemokraterna.se\\\/gavleborg\\\/#\\\/schema\\\/person\\\/bc74b1c510a5c9e1fa45a63a3709916d\"},\"headline\":\"Riv upp den nya k\u00f6nstillh\u00f6righetslagen \u2013 f\u00f6r v\u00e5ra ungas skull\",\"datePublished\":\"2025-09-19T13:39:57+00:00\",\"mainEntityOfPage\":{\"@id\":\"https:\\\/\\\/wp.kristdemokraterna.se\\\/gavleborg\\\/riv-upp-den-nya-konstillhorighetslagen-for-vara-ungas-skull\\\/\"},\"wordCount\":311,\"articleSection\":[\"Alla nyheter\",\"Debattartiklar\",\"Inl\u00e4gg\",\"Nyheter\"],\"inLanguage\":\"sv-SE\"},{\"@type\":\"WebPage\",\"@id\":\"https:\\\/\\\/wp.kristdemokraterna.se\\\/gavleborg\\\/riv-upp-den-nya-konstillhorighetslagen-for-vara-ungas-skull\\\/\",\"url\":\"https:\\\/\\\/wp.kristdemokraterna.se\\\/gavleborg\\\/riv-upp-den-nya-konstillhorighetslagen-for-vara-ungas-skull\\\/\",\"name\":\"Riv upp den nya k\u00f6nstillh\u00f6righetslagen \u2013 f\u00f6r v\u00e5ra ungas skull - Kristdemokraterna G\u00e4vleborg\",\"isPartOf\":{\"@id\":\"https:\\\/\\\/wp.kristdemokraterna.se\\\/gavleborg\\\/#website\"},\"datePublished\":\"2025-09-19T13:39:57+00:00\",\"author\":{\"@id\":\"https:\\\/\\\/wp.kristdemokraterna.se\\\/gavleborg\\\/#\\\/schema\\\/person\\\/bc74b1c510a5c9e1fa45a63a3709916d\"},\"breadcrumb\":{\"@id\":\"https:\\\/\\\/wp.kristdemokraterna.se\\\/gavleborg\\\/riv-upp-den-nya-konstillhorighetslagen-for-vara-ungas-skull\\\/#breadcrumb\"},\"inLanguage\":\"sv-SE\",\"potentialAction\":[{\"@type\":\"ReadAction\",\"target\":[\"https:\\\/\\\/wp.kristdemokraterna.se\\\/gavleborg\\\/riv-upp-den-nya-konstillhorighetslagen-for-vara-ungas-skull\\\/\"]}]},{\"@type\":\"BreadcrumbList\",\"@id\":\"https:\\\/\\\/wp.kristdemokraterna.se\\\/gavleborg\\\/riv-upp-den-nya-konstillhorighetslagen-for-vara-ungas-skull\\\/#breadcrumb\",\"itemListElement\":[{\"@type\":\"ListItem\",\"position\":1,\"name\":\"Hem\",\"item\":\"https:\\\/\\\/wp.kristdemokraterna.se\\\/gavleborg\\\/\"},{\"@type\":\"ListItem\",\"position\":2,\"name\":\"Riv upp den nya k\u00f6nstillh\u00f6righetslagen \u2013 f\u00f6r v\u00e5ra ungas skull\"}]},{\"@type\":\"WebSite\",\"@id\":\"https:\\\/\\\/wp.kristdemokraterna.se\\\/gavleborg\\\/#website\",\"url\":\"https:\\\/\\\/wp.kristdemokraterna.se\\\/gavleborg\\\/\",\"name\":\"Kristdemokraterna G\u00e4vleborg\",\"description\":\"Ett tryggare G\u00e4vleborg\",\"inLanguage\":\"sv-SE\"},{\"@type\":\"Person\",\"@id\":\"https:\\\/\\\/wp.kristdemokraterna.se\\\/gavleborg\\\/#\\\/schema\\\/person\\\/bc74b1c510a5c9e1fa45a63a3709916d\",\"name\":\"annelieostling\",\"image\":{\"@type\":\"ImageObject\",\"inLanguage\":\"sv-SE\",\"@id\":\"https:\\\/\\\/secure.gravatar.com\\\/avatar\\\/99d5411ba55eda83f73dc1ab2453d7b92fbc36831c5d818512b42de21186be1d?s=96&d=mm&r=g\",\"url\":\"https:\\\/\\\/secure.gravatar.com\\\/avatar\\\/99d5411ba55eda83f73dc1ab2453d7b92fbc36831c5d818512b42de21186be1d?s=96&d=mm&r=g\",\"contentUrl\":\"https:\\\/\\\/secure.gravatar.com\\\/avatar\\\/99d5411ba55eda83f73dc1ab2453d7b92fbc36831c5d818512b42de21186be1d?s=96&d=mm&r=g\",\"caption\":\"annelieostling\"},\"url\":\"https:\\\/\\\/wp.kristdemokraterna.se\\\/gavleborg\\\/author\\\/annelieostling\\\/\"}]}<\/script>\n<!-- \/ Yoast SEO plugin. -->","yoast_head_json":{"title":"Riv upp den nya k\u00f6nstillh\u00f6righetslagen \u2013 f\u00f6r v\u00e5ra ungas skull - Kristdemokraterna G\u00e4vleborg","robots":{"index":"index","follow":"follow","max-snippet":"max-snippet:-1","max-image-preview":"max-image-preview:large","max-video-preview":"max-video-preview:-1"},"canonical":"https:\/\/wp.kristdemokraterna.se\/gavleborg\/riv-upp-den-nya-konstillhorighetslagen-for-vara-ungas-skull\/","og_locale":"sv_SE","og_type":"article","og_title":"Riv upp den nya k\u00f6nstillh\u00f6righetslagen \u2013 f\u00f6r v\u00e5ra ungas skull - Kristdemokraterna G\u00e4vleborg","og_description":"Den 1 juli tr\u00e4dde en lag i kraft som g\u00f6r det m\u00f6jligt f\u00f6r 16-\u00e5ringar att byta juridiskt k\u00f6n utan diagnos, medicinsk utredning eller l\u00e4ngre samtal med professionell v\u00e5rdpersonal. Det r\u00e4cker med ett kort digitalt m\u00f6te med en l\u00e4kare. Kristdemokraterna s\u00e4ger nej \u2013 f\u00f6r barnens, f\u00f6r\u00e4ldrarnas och samh\u00e4llets skull. Vi kristdemokrater st\u00e5r upp f\u00f6r varje m\u00e4nniskas L\u00e4s mer","og_url":"https:\/\/wp.kristdemokraterna.se\/gavleborg\/riv-upp-den-nya-konstillhorighetslagen-for-vara-ungas-skull\/","og_site_name":"Kristdemokraterna G\u00e4vleborg","article_published_time":"2025-09-19T13:39:57+00:00","author":"annelieostling","twitter_card":"summary_large_image","twitter_misc":{"Skriven av":"annelieostling","Ber\u00e4knad l\u00e4stid":"2 minuter"},"schema":{"@context":"https:\/\/schema.org","@graph":[{"@type":"Article","@id":"https:\/\/wp.kristdemokraterna.se\/gavleborg\/riv-upp-den-nya-konstillhorighetslagen-for-vara-ungas-skull\/#article","isPartOf":{"@id":"https:\/\/wp.kristdemokraterna.se\/gavleborg\/riv-upp-den-nya-konstillhorighetslagen-for-vara-ungas-skull\/"},"author":{"name":"annelieostling","@id":"https:\/\/wp.kristdemokraterna.se\/gavleborg\/#\/schema\/person\/bc74b1c510a5c9e1fa45a63a3709916d"},"headline":"Riv upp den nya k\u00f6nstillh\u00f6righetslagen \u2013 f\u00f6r v\u00e5ra ungas skull","datePublished":"2025-09-19T13:39:57+00:00","mainEntityOfPage":{"@id":"https:\/\/wp.kristdemokraterna.se\/gavleborg\/riv-upp-den-nya-konstillhorighetslagen-for-vara-ungas-skull\/"},"wordCount":311,"articleSection":["Alla nyheter","Debattartiklar","Inl\u00e4gg","Nyheter"],"inLanguage":"sv-SE"},{"@type":"WebPage","@id":"https:\/\/wp.kristdemokraterna.se\/gavleborg\/riv-upp-den-nya-konstillhorighetslagen-for-vara-ungas-skull\/","url":"https:\/\/wp.kristdemokraterna.se\/gavleborg\/riv-upp-den-nya-konstillhorighetslagen-for-vara-ungas-skull\/","name":"Riv upp den nya k\u00f6nstillh\u00f6righetslagen \u2013 f\u00f6r v\u00e5ra ungas skull - Kristdemokraterna G\u00e4vleborg","isPartOf":{"@id":"https:\/\/wp.kristdemokraterna.se\/gavleborg\/#website"},"datePublished":"2025-09-19T13:39:57+00:00","author":{"@id":"https:\/\/wp.kristdemokraterna.se\/gavleborg\/#\/schema\/person\/bc74b1c510a5c9e1fa45a63a3709916d"},"breadcrumb":{"@id":"https:\/\/wp.kristdemokraterna.se\/gavleborg\/riv-upp-den-nya-konstillhorighetslagen-for-vara-ungas-skull\/#breadcrumb"},"inLanguage":"sv-SE","potentialAction":[{"@type":"ReadAction","target":["https:\/\/wp.kristdemokraterna.se\/gavleborg\/riv-upp-den-nya-konstillhorighetslagen-for-vara-ungas-skull\/"]}]},{"@type":"BreadcrumbList","@id":"https:\/\/wp.kristdemokraterna.se\/gavleborg\/riv-upp-den-nya-konstillhorighetslagen-for-vara-ungas-skull\/#breadcrumb","itemListElement":[{"@type":"ListItem","position":1,"name":"Hem","item":"https:\/\/wp.kristdemokraterna.se\/gavleborg\/"},{"@type":"ListItem","position":2,"name":"Riv upp den nya k\u00f6nstillh\u00f6righetslagen \u2013 f\u00f6r v\u00e5ra ungas skull"}]},{"@type":"WebSite","@id":"https:\/\/wp.kristdemokraterna.se\/gavleborg\/#website","url":"https:\/\/wp.kristdemokraterna.se\/gavleborg\/","name":"Kristdemokraterna G\u00e4vleborg","description":"Ett tryggare G\u00e4vleborg","inLanguage":"sv-SE"},{"@type":"Person","@id":"https:\/\/wp.kristdemokraterna.se\/gavleborg\/#\/schema\/person\/bc74b1c510a5c9e1fa45a63a3709916d","name":"annelieostling","image":{"@type":"ImageObject","inLanguage":"sv-SE","@id":"https:\/\/secure.gravatar.com\/avatar\/99d5411ba55eda83f73dc1ab2453d7b92fbc36831c5d818512b42de21186be1d?s=96&d=mm&r=g","url":"https:\/\/secure.gravatar.com\/avatar\/99d5411ba55eda83f73dc1ab2453d7b92fbc36831c5d818512b42de21186be1d?s=96&d=mm&r=g","contentUrl":"https:\/\/secure.gravatar.com\/avatar\/99d5411ba55eda83f73dc1ab2453d7b92fbc36831c5d818512b42de21186be1d?s=96&d=mm&r=g","caption":"annelieostling"},"url":"https:\/\/wp.kristdemokraterna.se\/gavleborg\/author\/annelieostling\/"}]}},"_links":{"self":[{"href":"https:\/\/wp.kristdemokraterna.se\/gavleborg\/wp-json\/wp\/v2\/posts\/1379","targetHints":{"allow":["GET"]}}],"collection":[{"href":"https:\/\/wp.kristdemokraterna.se\/gavleborg\/wp-json\/wp\/v2\/posts"}],"about":[{"href":"https:\/\/wp.kristdemokraterna.se\/gavleborg\/wp-json\/wp\/v2\/types\/post"}],"author":[{"embeddable":true,"href":"https:\/\/wp.kristdemokraterna.se\/gavleborg\/wp-json\/wp\/v2\/users\/976"}],"replies":[{"embeddable":true,"href":"https:\/\/wp.kristdemokraterna.se\/gavleborg\/wp-json\/wp\/v2\/comments?post=1379"}],"version-history":[{"count":1,"href":"https:\/\/wp.kristdemokraterna.se\/gavleborg\/wp-json\/wp\/v2\/posts\/1379\/revisions"}],"predecessor-version":[{"id":1380,"href":"https:\/\/wp.kristdemokraterna.se\/gavleborg\/wp-json\/wp\/v2\/posts\/1379\/revisions\/1380"}],"wp:attachment":[{"href":"https:\/\/wp.kristdemokraterna.se\/gavleborg\/wp-json\/wp\/v2\/media?parent=1379"}],"wp:term":[{"taxonomy":"category","embeddable":true,"href":"https:\/\/wp.kristdemokraterna.se\/gavleborg\/wp-json\/wp\/v2\/categories?post=1379"},{"taxonomy":"post_tag","embeddable":true,"href":"https:\/\/wp.kristdemokraterna.se\/gavleborg\/wp-json\/wp\/v2\/tags?post=1379"}],"curies":[{"name":"wp","href":"https:\/\/api.w.org\/{rel}","templated":true}]}}