{"id":1441,"date":"2026-03-13T15:52:40","date_gmt":"2026-03-13T14:52:40","guid":{"rendered":"https:\/\/wp.kristdemokraterna.se\/gavleborg\/?p=1441"},"modified":"2026-03-13T15:52:40","modified_gmt":"2026-03-13T14:52:40","slug":"vardkoerna-minskar-med-kd-i-regeringen","status":"publish","type":"post","link":"https:\/\/wp.kristdemokraterna.se\/gavleborg\/vardkoerna-minskar-med-kd-i-regeringen\/","title":{"rendered":"V\u00e5rdk\u00f6erna minskar \u2013 med KD i regeringen"},"content":{"rendered":"<p>Alltf\u00f6r m\u00e5nga svenskar g\u00e5r m\u00e5nad in och m\u00e5nad ut i v\u00e4ntan p\u00e5 att f\u00e5 komma till specialistv\u00e5rden eller f\u00e5 sin unders\u00f6kning eller operation. Det inneb\u00e4r m\u00e5nader av sm\u00e4rta, av oro och en vardag som inte fungerar. Med Kristdemokraterna i regeringen har arbetet f\u00f6r att korta de olagligt l\u00e5nga v\u00e5rdk\u00f6erna intensifierats, och tack vare engagerande medarbetare i v\u00e5rden ser vi nu resultat av detta arbete.<\/p>\n<p>J\u00e4mf\u00f6r man oktober 2022 n\u00e4r regeringen tog \u00f6ver makten med januari 2026 s\u00e5 har antalet patienter som v\u00e4ntat olagligt l\u00e4nge p\u00e5 v\u00e5rd minskat med 28 procent. I G\u00e4vleborg har v\u00e5rdk\u00f6erna under samma period minskat med n\u00e4stan 2000 personer. Det \u00e4r inte bara statistik, det \u00e4r m\u00e4nniskor som nu har f\u00e5tt den v\u00e5rd de beh\u00f6ver i tid.<\/p>\n<p>En del av arbetet mot v\u00e5rdk\u00f6erna handlar om att anv\u00e4nda ledig v\u00e5rdkapacitet p\u00e5 andra st\u00e4llen, i en annan region eller hos privata eller id\u00e9burna v\u00e5rdgivare. Staten har tagit notan f\u00f6r hela operationen om regionen \u00f6kar operationstakten inom n\u00e5gra omr\u00e5den. Antalet genomf\u00f6rda operationer har \u00f6kat och betydligt f\u00e4rre patienter st\u00e5r i k\u00f6. N\u00e4r det g\u00e4ller operation till framfall har k\u00f6n minskat med n\u00e4stan 70 procent i riket. Motsvarande siffra f\u00f6r h\u00f6ftledsprotes \u00e4r 55 procent. Satsningen forts\u00e4tter 2026 och ut\u00f6kas till fler omr\u00e5den. Socialdemokraterna vill helt ta bort satsningen. Med deras politik riskerar tusentals operationer att st\u00e4llas in och v\u00e5rdk\u00f6erna \u00e5ter b\u00f6rja \u00f6ka.<\/p>\n<p>Ett arbete p\u00e5g\u00e5r ocks\u00e5 med att utveckla den nationella v\u00e5rdf\u00f6rmedlingen. Patienter som v\u00e4ntar p\u00e5 v\u00e5rd ska kunna v\u00e4lja att f\u00e5 behandlingen eller operationen utf\u00f6rd p\u00e5 annat h\u00e5ll i landet, om den egna regionen inte kan erbjuda v\u00e5rd i tid. En utredning har ocks\u00e5 tillsatts f\u00f6r att se \u00f6ver och st\u00e4rka v\u00e5rdgarantin med v\u00e4sentligt kortare tidsgr\u00e4nser j\u00e4mf\u00f6rt med dagens 90 dagar.<\/p>\n<p>V\u00e5r prioritering \u00e4r tydlig. Patienternas r\u00e4tt till v\u00e5rd m\u00e5ste v\u00e4ga tyngst. Regeringens arbete ger resultat och v\u00e5rdk\u00f6erna forts\u00e4tter att minska. Men vi \u00e4r inte n\u00f6jda s\u00e5 l\u00e4nge patienter f\u00e5r v\u00e4nta f\u00f6r l\u00e4nge p\u00e5 den v\u00e5rd de har r\u00e4tt till. K\u00f6erna har inte en enda m\u00e5nad under denna mandatperiod varit s\u00e5 l\u00e5nga som i augusti 2022, sista m\u00e5naden f\u00f6re valet.\u00a0 I januari 2026 hade 44 223 f\u00e4rre personer v\u00e4ntat olagligt l\u00e4nge p\u00e5 v\u00e5rd j\u00e4mf\u00f6rt med oktober 2022 n\u00e4r vi tog \u00f6ver makten. V\u00e5rt fortsatta fokus \u00e4r nu att ingen ska beh\u00f6va v\u00e4nta olagligt l\u00e4nge p\u00e5 att f\u00e5 v\u00e5rd.<\/p>\n<p>Elisabet Lann (KD), sjukv\u00e5rdsminister<\/p>\n<p>Lili Andr\u00e9 (KD), riksdagsledamot<\/p>\n<p>Jennie Forsblom (KD), regionr\u00e5d<\/p>\n<p>&nbsp;<\/p>\n","protected":false},"excerpt":{"rendered":"<p>Alltf\u00f6r m\u00e5nga svenskar g\u00e5r m\u00e5nad in och m\u00e5nad ut i v\u00e4ntan p\u00e5 att f\u00e5 komma till specialistv\u00e5rden eller f\u00e5 sin unders\u00f6kning eller operation. Det inneb\u00e4r m\u00e5nader av sm\u00e4rta, av oro och en vardag som inte fungerar. Med Kristdemokraterna i regeringen har arbetet f\u00f6r att korta de olagligt l\u00e5nga v\u00e5rdk\u00f6erna intensifierats, och tack vare engagerande medarbetare <a class=\"read-more-link\" href=\"https:\/\/wp.kristdemokraterna.se\/gavleborg\/vardkoerna-minskar-med-kd-i-regeringen\/\">L\u00e4s mer<\/a><\/p>\n","protected":false},"author":976,"featured_media":0,"comment_status":"closed","ping_status":"closed","sticky":false,"template":"","format":"standard","meta":{"_acf_changed":false,"footnotes":""},"categories":[30,21,31,25],"tags":[],"class_list":["post-1441","post","type-post","status-publish","format-standard","hentry","category-alla-nyheter","category-debattartiklar","category-inlagg","category-nyheter"],"acf":[],"yoast_head":"<!-- This site is optimized with the Yoast SEO plugin v27.4 - https:\/\/yoast.com\/product\/yoast-seo-wordpress\/ -->\n<title>V\u00e5rdk\u00f6erna minskar \u2013 med KD i regeringen - Kristdemokraterna G\u00e4vleborg<\/title>\n<meta name=\"robots\" content=\"index, follow, max-snippet:-1, max-image-preview:large, max-video-preview:-1\" \/>\n<link rel=\"canonical\" href=\"https:\/\/wp.kristdemokraterna.se\/gavleborg\/vardkoerna-minskar-med-kd-i-regeringen\/\" \/>\n<meta property=\"og:locale\" content=\"sv_SE\" \/>\n<meta property=\"og:type\" content=\"article\" \/>\n<meta property=\"og:title\" content=\"V\u00e5rdk\u00f6erna minskar \u2013 med KD i regeringen - Kristdemokraterna G\u00e4vleborg\" \/>\n<meta property=\"og:description\" content=\"Alltf\u00f6r m\u00e5nga svenskar g\u00e5r m\u00e5nad in och m\u00e5nad ut i v\u00e4ntan p\u00e5 att f\u00e5 komma till specialistv\u00e5rden eller f\u00e5 sin unders\u00f6kning eller operation. Det inneb\u00e4r m\u00e5nader av sm\u00e4rta, av oro och en vardag som inte fungerar. Med Kristdemokraterna i regeringen har arbetet f\u00f6r att korta de olagligt l\u00e5nga v\u00e5rdk\u00f6erna intensifierats, och tack vare engagerande medarbetare L\u00e4s mer\" \/>\n<meta property=\"og:url\" content=\"https:\/\/wp.kristdemokraterna.se\/gavleborg\/vardkoerna-minskar-med-kd-i-regeringen\/\" \/>\n<meta property=\"og:site_name\" content=\"Kristdemokraterna G\u00e4vleborg\" \/>\n<meta property=\"article:published_time\" content=\"2026-03-13T14:52:40+00:00\" \/>\n<meta name=\"author\" content=\"annelieostling\" \/>\n<meta name=\"twitter:card\" content=\"summary_large_image\" \/>\n<meta name=\"twitter:label1\" content=\"Skriven av\" \/>\n\t<meta name=\"twitter:data1\" content=\"annelieostling\" \/>\n\t<meta name=\"twitter:label2\" content=\"Ber\u00e4knad l\u00e4stid\" \/>\n\t<meta name=\"twitter:data2\" content=\"2 minuter\" \/>\n<script type=\"application\/ld+json\" class=\"yoast-schema-graph\">{\"@context\":\"https:\\\/\\\/schema.org\",\"@graph\":[{\"@type\":\"Article\",\"@id\":\"https:\\\/\\\/wp.kristdemokraterna.se\\\/gavleborg\\\/vardkoerna-minskar-med-kd-i-regeringen\\\/#article\",\"isPartOf\":{\"@id\":\"https:\\\/\\\/wp.kristdemokraterna.se\\\/gavleborg\\\/vardkoerna-minskar-med-kd-i-regeringen\\\/\"},\"author\":{\"name\":\"annelieostling\",\"@id\":\"https:\\\/\\\/wp.kristdemokraterna.se\\\/gavleborg\\\/#\\\/schema\\\/person\\\/bc74b1c510a5c9e1fa45a63a3709916d\"},\"headline\":\"V\u00e5rdk\u00f6erna minskar \u2013 med KD i regeringen\",\"datePublished\":\"2026-03-13T14:52:40+00:00\",\"mainEntityOfPage\":{\"@id\":\"https:\\\/\\\/wp.kristdemokraterna.se\\\/gavleborg\\\/vardkoerna-minskar-med-kd-i-regeringen\\\/\"},\"wordCount\":494,\"articleSection\":[\"Alla nyheter\",\"Debattartiklar\",\"Inl\u00e4gg\",\"Nyheter\"],\"inLanguage\":\"sv-SE\"},{\"@type\":\"WebPage\",\"@id\":\"https:\\\/\\\/wp.kristdemokraterna.se\\\/gavleborg\\\/vardkoerna-minskar-med-kd-i-regeringen\\\/\",\"url\":\"https:\\\/\\\/wp.kristdemokraterna.se\\\/gavleborg\\\/vardkoerna-minskar-med-kd-i-regeringen\\\/\",\"name\":\"V\u00e5rdk\u00f6erna minskar \u2013 med KD i regeringen - Kristdemokraterna G\u00e4vleborg\",\"isPartOf\":{\"@id\":\"https:\\\/\\\/wp.kristdemokraterna.se\\\/gavleborg\\\/#website\"},\"datePublished\":\"2026-03-13T14:52:40+00:00\",\"author\":{\"@id\":\"https:\\\/\\\/wp.kristdemokraterna.se\\\/gavleborg\\\/#\\\/schema\\\/person\\\/bc74b1c510a5c9e1fa45a63a3709916d\"},\"breadcrumb\":{\"@id\":\"https:\\\/\\\/wp.kristdemokraterna.se\\\/gavleborg\\\/vardkoerna-minskar-med-kd-i-regeringen\\\/#breadcrumb\"},\"inLanguage\":\"sv-SE\",\"potentialAction\":[{\"@type\":\"ReadAction\",\"target\":[\"https:\\\/\\\/wp.kristdemokraterna.se\\\/gavleborg\\\/vardkoerna-minskar-med-kd-i-regeringen\\\/\"]}]},{\"@type\":\"BreadcrumbList\",\"@id\":\"https:\\\/\\\/wp.kristdemokraterna.se\\\/gavleborg\\\/vardkoerna-minskar-med-kd-i-regeringen\\\/#breadcrumb\",\"itemListElement\":[{\"@type\":\"ListItem\",\"position\":1,\"name\":\"Hem\",\"item\":\"https:\\\/\\\/wp.kristdemokraterna.se\\\/gavleborg\\\/\"},{\"@type\":\"ListItem\",\"position\":2,\"name\":\"V\u00e5rdk\u00f6erna minskar \u2013 med KD i regeringen\"}]},{\"@type\":\"WebSite\",\"@id\":\"https:\\\/\\\/wp.kristdemokraterna.se\\\/gavleborg\\\/#website\",\"url\":\"https:\\\/\\\/wp.kristdemokraterna.se\\\/gavleborg\\\/\",\"name\":\"Kristdemokraterna G\u00e4vleborg\",\"description\":\"Ett tryggare G\u00e4vleborg\",\"inLanguage\":\"sv-SE\"},{\"@type\":\"Person\",\"@id\":\"https:\\\/\\\/wp.kristdemokraterna.se\\\/gavleborg\\\/#\\\/schema\\\/person\\\/bc74b1c510a5c9e1fa45a63a3709916d\",\"name\":\"annelieostling\",\"image\":{\"@type\":\"ImageObject\",\"inLanguage\":\"sv-SE\",\"@id\":\"https:\\\/\\\/secure.gravatar.com\\\/avatar\\\/99d5411ba55eda83f73dc1ab2453d7b92fbc36831c5d818512b42de21186be1d?s=96&d=mm&r=g\",\"url\":\"https:\\\/\\\/secure.gravatar.com\\\/avatar\\\/99d5411ba55eda83f73dc1ab2453d7b92fbc36831c5d818512b42de21186be1d?s=96&d=mm&r=g\",\"contentUrl\":\"https:\\\/\\\/secure.gravatar.com\\\/avatar\\\/99d5411ba55eda83f73dc1ab2453d7b92fbc36831c5d818512b42de21186be1d?s=96&d=mm&r=g\",\"caption\":\"annelieostling\"},\"url\":\"https:\\\/\\\/wp.kristdemokraterna.se\\\/gavleborg\\\/author\\\/annelieostling\\\/\"}]}<\/script>\n<!-- \/ Yoast SEO plugin. -->","yoast_head_json":{"title":"V\u00e5rdk\u00f6erna minskar \u2013 med KD i regeringen - Kristdemokraterna G\u00e4vleborg","robots":{"index":"index","follow":"follow","max-snippet":"max-snippet:-1","max-image-preview":"max-image-preview:large","max-video-preview":"max-video-preview:-1"},"canonical":"https:\/\/wp.kristdemokraterna.se\/gavleborg\/vardkoerna-minskar-med-kd-i-regeringen\/","og_locale":"sv_SE","og_type":"article","og_title":"V\u00e5rdk\u00f6erna minskar \u2013 med KD i regeringen - Kristdemokraterna G\u00e4vleborg","og_description":"Alltf\u00f6r m\u00e5nga svenskar g\u00e5r m\u00e5nad in och m\u00e5nad ut i v\u00e4ntan p\u00e5 att f\u00e5 komma till specialistv\u00e5rden eller f\u00e5 sin unders\u00f6kning eller operation. Det inneb\u00e4r m\u00e5nader av sm\u00e4rta, av oro och en vardag som inte fungerar. Med Kristdemokraterna i regeringen har arbetet f\u00f6r att korta de olagligt l\u00e5nga v\u00e5rdk\u00f6erna intensifierats, och tack vare engagerande medarbetare L\u00e4s mer","og_url":"https:\/\/wp.kristdemokraterna.se\/gavleborg\/vardkoerna-minskar-med-kd-i-regeringen\/","og_site_name":"Kristdemokraterna G\u00e4vleborg","article_published_time":"2026-03-13T14:52:40+00:00","author":"annelieostling","twitter_card":"summary_large_image","twitter_misc":{"Skriven av":"annelieostling","Ber\u00e4knad l\u00e4stid":"2 minuter"},"schema":{"@context":"https:\/\/schema.org","@graph":[{"@type":"Article","@id":"https:\/\/wp.kristdemokraterna.se\/gavleborg\/vardkoerna-minskar-med-kd-i-regeringen\/#article","isPartOf":{"@id":"https:\/\/wp.kristdemokraterna.se\/gavleborg\/vardkoerna-minskar-med-kd-i-regeringen\/"},"author":{"name":"annelieostling","@id":"https:\/\/wp.kristdemokraterna.se\/gavleborg\/#\/schema\/person\/bc74b1c510a5c9e1fa45a63a3709916d"},"headline":"V\u00e5rdk\u00f6erna minskar \u2013 med KD i regeringen","datePublished":"2026-03-13T14:52:40+00:00","mainEntityOfPage":{"@id":"https:\/\/wp.kristdemokraterna.se\/gavleborg\/vardkoerna-minskar-med-kd-i-regeringen\/"},"wordCount":494,"articleSection":["Alla nyheter","Debattartiklar","Inl\u00e4gg","Nyheter"],"inLanguage":"sv-SE"},{"@type":"WebPage","@id":"https:\/\/wp.kristdemokraterna.se\/gavleborg\/vardkoerna-minskar-med-kd-i-regeringen\/","url":"https:\/\/wp.kristdemokraterna.se\/gavleborg\/vardkoerna-minskar-med-kd-i-regeringen\/","name":"V\u00e5rdk\u00f6erna minskar \u2013 med KD i regeringen - Kristdemokraterna G\u00e4vleborg","isPartOf":{"@id":"https:\/\/wp.kristdemokraterna.se\/gavleborg\/#website"},"datePublished":"2026-03-13T14:52:40+00:00","author":{"@id":"https:\/\/wp.kristdemokraterna.se\/gavleborg\/#\/schema\/person\/bc74b1c510a5c9e1fa45a63a3709916d"},"breadcrumb":{"@id":"https:\/\/wp.kristdemokraterna.se\/gavleborg\/vardkoerna-minskar-med-kd-i-regeringen\/#breadcrumb"},"inLanguage":"sv-SE","potentialAction":[{"@type":"ReadAction","target":["https:\/\/wp.kristdemokraterna.se\/gavleborg\/vardkoerna-minskar-med-kd-i-regeringen\/"]}]},{"@type":"BreadcrumbList","@id":"https:\/\/wp.kristdemokraterna.se\/gavleborg\/vardkoerna-minskar-med-kd-i-regeringen\/#breadcrumb","itemListElement":[{"@type":"ListItem","position":1,"name":"Hem","item":"https:\/\/wp.kristdemokraterna.se\/gavleborg\/"},{"@type":"ListItem","position":2,"name":"V\u00e5rdk\u00f6erna minskar \u2013 med KD i regeringen"}]},{"@type":"WebSite","@id":"https:\/\/wp.kristdemokraterna.se\/gavleborg\/#website","url":"https:\/\/wp.kristdemokraterna.se\/gavleborg\/","name":"Kristdemokraterna G\u00e4vleborg","description":"Ett tryggare G\u00e4vleborg","inLanguage":"sv-SE"},{"@type":"Person","@id":"https:\/\/wp.kristdemokraterna.se\/gavleborg\/#\/schema\/person\/bc74b1c510a5c9e1fa45a63a3709916d","name":"annelieostling","image":{"@type":"ImageObject","inLanguage":"sv-SE","@id":"https:\/\/secure.gravatar.com\/avatar\/99d5411ba55eda83f73dc1ab2453d7b92fbc36831c5d818512b42de21186be1d?s=96&d=mm&r=g","url":"https:\/\/secure.gravatar.com\/avatar\/99d5411ba55eda83f73dc1ab2453d7b92fbc36831c5d818512b42de21186be1d?s=96&d=mm&r=g","contentUrl":"https:\/\/secure.gravatar.com\/avatar\/99d5411ba55eda83f73dc1ab2453d7b92fbc36831c5d818512b42de21186be1d?s=96&d=mm&r=g","caption":"annelieostling"},"url":"https:\/\/wp.kristdemokraterna.se\/gavleborg\/author\/annelieostling\/"}]}},"_links":{"self":[{"href":"https:\/\/wp.kristdemokraterna.se\/gavleborg\/wp-json\/wp\/v2\/posts\/1441","targetHints":{"allow":["GET"]}}],"collection":[{"href":"https:\/\/wp.kristdemokraterna.se\/gavleborg\/wp-json\/wp\/v2\/posts"}],"about":[{"href":"https:\/\/wp.kristdemokraterna.se\/gavleborg\/wp-json\/wp\/v2\/types\/post"}],"author":[{"embeddable":true,"href":"https:\/\/wp.kristdemokraterna.se\/gavleborg\/wp-json\/wp\/v2\/users\/976"}],"replies":[{"embeddable":true,"href":"https:\/\/wp.kristdemokraterna.se\/gavleborg\/wp-json\/wp\/v2\/comments?post=1441"}],"version-history":[{"count":1,"href":"https:\/\/wp.kristdemokraterna.se\/gavleborg\/wp-json\/wp\/v2\/posts\/1441\/revisions"}],"predecessor-version":[{"id":1442,"href":"https:\/\/wp.kristdemokraterna.se\/gavleborg\/wp-json\/wp\/v2\/posts\/1441\/revisions\/1442"}],"wp:attachment":[{"href":"https:\/\/wp.kristdemokraterna.se\/gavleborg\/wp-json\/wp\/v2\/media?parent=1441"}],"wp:term":[{"taxonomy":"category","embeddable":true,"href":"https:\/\/wp.kristdemokraterna.se\/gavleborg\/wp-json\/wp\/v2\/categories?post=1441"},{"taxonomy":"post_tag","embeddable":true,"href":"https:\/\/wp.kristdemokraterna.se\/gavleborg\/wp-json\/wp\/v2\/tags?post=1441"}],"curies":[{"name":"wp","href":"https:\/\/api.w.org\/{rel}","templated":true}]}}