{"id":583,"date":"2022-02-08T12:47:50","date_gmt":"2022-02-08T11:47:50","guid":{"rendered":"https:\/\/wp.kristdemokraterna.se\/gnesta\/?p=583"},"modified":"2022-02-08T12:47:50","modified_gmt":"2022-02-08T11:47:50","slug":"familj-barnomsorg-och-forskola","status":"publish","type":"post","link":"https:\/\/wp.kristdemokraterna.se\/gnesta\/familj-barnomsorg-och-forskola\/","title":{"rendered":"Familj, barnomsorg och f\u00f6rskola"},"content":{"rendered":"<p>Vi ser tyv\u00e4rr hur vardagen f\u00f6r m\u00e5nga familjer \u00e4r sv\u00e5r att f\u00e5 att g\u00e5 ihop. Stress, tidsbrist och otillr\u00e4cklighet \u00e4r n\u00e5got som m\u00e5nga k\u00e4nner igen. Politikens uppgift \u00e4r att skapa f\u00f6ruts\u00e4ttningar f\u00f6r att familjerna ska f\u00e5 m\u00f6jlighet att utforma livet s\u00e5 att vardagen fungerar och st\u00f6tta f\u00f6r\u00e4ldrarna i rollen som f\u00f6r\u00e4ldrar. Barnomsorg och f\u00f6rskola \u00e4r viktiga pussel i vardagen.<\/p>\n<p>Barnomsorg och f\u00f6rskola ska vara ett st\u00f6d f\u00f6r familjerna i deras ansvar f\u00f6r barnens fostran, utveckling och l\u00e4rande. En god och stimulerande omsorg m\u00f6jligg\u00f6r f\u00f6r f\u00f6r\u00e4ldrarna att arbeta, studera eller s\u00f6ka jobb, men har ocks\u00e5 ett pedagogiskt uppdrag d\u00e4r barnen f\u00f6rbereds inf\u00f6r ett livsl\u00e5ngt l\u00e4rande. Barns och familjers behov ska vara utg\u00e5ngspunkten f\u00f6r barnomsorg och f\u00f6rskola.<\/p>\n<p>Under en l\u00e5ng tid har vi sett en utveckling mot allt st\u00f6rre barngrupper inom f\u00f6rskolan. Detta \u00e4r olyckligt inte minst f\u00f6r de yngsta barnen som har sv\u00e5rare att anknyta till m\u00e5nga olika personer. Vi ser ocks\u00e5 en tendens att f\u00f6rskolan gynnas framf\u00f6r andra omsorgsformer vilket inskr\u00e4nker m\u00e5ngfalden och begr\u00e4nsar familjernas m\u00f6jlighet att v\u00e4lja.<\/p>\n<p><strong>Kristdemokraterna i Gnesta kommun anser att: <\/strong><\/p>\n<ul>\n<li>f\u00f6r\u00e4ldrast\u00f6dsprogram ska utvecklas och erbjudas f\u00f6r\u00e4ldrar minst tv\u00e5 g\u00e5nger under barnets uppv\u00e4xttid, i anslutning till den i kommunen placerade Familjecentralen. F\u00f6r\u00e4ldrast\u00f6dsprogrammen ABC och Triple P har i studier av Folkh\u00e4lsomyndigheten visat sig kostnadseffektiva f\u00f6r att f\u00f6rebygga beteendeproblem och fr\u00e4mja psykisk h\u00e4lsa bland barn och unga.<\/li>\n<li>stor valfrihet och m\u00e5ngfald med flera alternativa utf\u00f6rare ska finnas vid val av barnomsorg och f\u00f6rskola; kommunalt drivna och enskilda f\u00f6rskolor, likv\u00e4l som pedagogisk omsorg (familjedaghem) i egen regi eller alternativ drift ska ges samma f\u00f6ruts\u00e4ttningar och b\u00e5de hanteras och presenteras p\u00e5 likv\u00e4rdigt s\u00e4tt av kommunen.<\/li>\n<\/ul>\n<ul>\n<li>barngruppernas storlek i f\u00f6rskolan ska minska. Vi vill att barn som \u00e4r tre \u00e5r eller yngre inte ska beh\u00f6va tillh\u00f6ra grupper som \u00e4r st\u00f6rre \u00e4n tolv barn; samtidigt ser vi hur viktigt det \u00e4r att grupper inte segregeras utifr\u00e5n \u00e5lder utan barn fr\u00e5n olika \u00e5ldrar f\u00e5r m\u00f6jlighet till gemenskap i samma grupp.<\/li>\n<li>syskonf\u00f6rtur i val till f\u00f6rskola och skola b\u00f6r g\u00e4lla, inte minst f\u00f6r att underl\u00e4tta familjers vardagsliv.<\/li>\n<li>behovet av barnomsorg under obekv\u00e4m arbetstid ska tillgodoses p\u00e5 individuell basis f\u00f6r de familjer som har s\u00e5dant behov, och m\u00f6jligheten till detta ska tydligare framg\u00e5 n\u00e4r kommunen presenterar m\u00f6jligheterna f\u00f6r barnomsorg och f\u00f6rskola.<\/li>\n<\/ul>\n","protected":false},"excerpt":{"rendered":"<p>Vi ser tyv\u00e4rr hur vardagen f\u00f6r m\u00e5nga familjer \u00e4r sv\u00e5r att f\u00e5 att g\u00e5 ihop. Stress, tidsbrist och otillr\u00e4cklighet \u00e4r n\u00e5got som m\u00e5nga k\u00e4nner igen. Politikens uppgift \u00e4r att skapa f\u00f6ruts\u00e4ttningar f\u00f6r att familjerna ska f\u00e5 m\u00f6jlighet att utforma livet s\u00e5 att vardagen fungerar och st\u00f6tta f\u00f6r\u00e4ldrarna i rollen som f\u00f6r\u00e4ldrar. Barnomsorg och f\u00f6rskola \u00e4r <a class=\"read-more-link\" href=\"https:\/\/wp.kristdemokraterna.se\/gnesta\/familj-barnomsorg-och-forskola\/\">L\u00e4s mer<\/a><\/p>\n","protected":false},"author":974,"featured_media":714,"comment_status":"closed","ping_status":"closed","sticky":false,"template":"","format":"standard","meta":{"_acf_changed":false,"footnotes":""},"categories":[3],"tags":[],"class_list":["post-583","post","type-post","status-publish","format-standard","hentry","category-var-politik"],"acf":[],"yoast_head":"<!-- This site is optimized with the Yoast SEO plugin v27.5 - https:\/\/yoast.com\/product\/yoast-seo-wordpress\/ -->\n<title>Familj, barnomsorg och f\u00f6rskola - Kristdemokraterna | Gnesta<\/title>\n<meta name=\"robots\" content=\"index, follow, max-snippet:-1, max-image-preview:large, max-video-preview:-1\" \/>\n<link rel=\"canonical\" href=\"https:\/\/wp.kristdemokraterna.se\/gnesta\/familj-barnomsorg-och-forskola\/\" \/>\n<meta property=\"og:locale\" content=\"sv_SE\" \/>\n<meta property=\"og:type\" content=\"article\" \/>\n<meta property=\"og:title\" content=\"Familj, barnomsorg och f\u00f6rskola - Kristdemokraterna | Gnesta\" \/>\n<meta property=\"og:description\" content=\"Vi ser tyv\u00e4rr hur vardagen f\u00f6r m\u00e5nga familjer \u00e4r sv\u00e5r att f\u00e5 att g\u00e5 ihop. Stress, tidsbrist och otillr\u00e4cklighet \u00e4r n\u00e5got som m\u00e5nga k\u00e4nner igen. Politikens uppgift \u00e4r att skapa f\u00f6ruts\u00e4ttningar f\u00f6r att familjerna ska f\u00e5 m\u00f6jlighet att utforma livet s\u00e5 att vardagen fungerar och st\u00f6tta f\u00f6r\u00e4ldrarna i rollen som f\u00f6r\u00e4ldrar. Barnomsorg och f\u00f6rskola \u00e4r L\u00e4s mer\" \/>\n<meta property=\"og:url\" content=\"https:\/\/wp.kristdemokraterna.se\/gnesta\/familj-barnomsorg-och-forskola\/\" \/>\n<meta property=\"og:site_name\" content=\"Kristdemokraterna | Gnesta\" \/>\n<meta property=\"article:published_time\" content=\"2022-02-08T11:47:50+00:00\" \/>\n<meta name=\"author\" content=\"Jonas \u00d6berg\" \/>\n<meta name=\"twitter:card\" content=\"summary_large_image\" \/>\n<meta name=\"twitter:label1\" content=\"Skriven av\" \/>\n\t<meta name=\"twitter:data1\" content=\"Jonas \u00d6berg\" \/>\n\t<meta name=\"twitter:label2\" content=\"Ber\u00e4knad l\u00e4stid\" \/>\n\t<meta name=\"twitter:data2\" content=\"2 minuter\" \/>\n<script type=\"application\/ld+json\" class=\"yoast-schema-graph\">{\"@context\":\"https:\\\/\\\/schema.org\",\"@graph\":[{\"@type\":\"Article\",\"@id\":\"https:\\\/\\\/wp.kristdemokraterna.se\\\/gnesta\\\/familj-barnomsorg-och-forskola\\\/#article\",\"isPartOf\":{\"@id\":\"https:\\\/\\\/wp.kristdemokraterna.se\\\/gnesta\\\/familj-barnomsorg-och-forskola\\\/\"},\"author\":{\"name\":\"Jonas \u00d6berg\",\"@id\":\"https:\\\/\\\/wp.kristdemokraterna.se\\\/gnesta\\\/#\\\/schema\\\/person\\\/fb52f73aba790dfb046189d553d0fce2\"},\"headline\":\"Familj, barnomsorg och f\u00f6rskola\",\"datePublished\":\"2022-02-08T11:47:50+00:00\",\"mainEntityOfPage\":{\"@id\":\"https:\\\/\\\/wp.kristdemokraterna.se\\\/gnesta\\\/familj-barnomsorg-och-forskola\\\/\"},\"wordCount\":468,\"image\":{\"@id\":\"https:\\\/\\\/wp.kristdemokraterna.se\\\/gnesta\\\/familj-barnomsorg-och-forskola\\\/#primaryimage\"},\"thumbnailUrl\":\"\",\"articleSection\":[\"V\u00e5r politik\"],\"inLanguage\":\"sv-SE\"},{\"@type\":\"WebPage\",\"@id\":\"https:\\\/\\\/wp.kristdemokraterna.se\\\/gnesta\\\/familj-barnomsorg-och-forskola\\\/\",\"url\":\"https:\\\/\\\/wp.kristdemokraterna.se\\\/gnesta\\\/familj-barnomsorg-och-forskola\\\/\",\"name\":\"Familj, barnomsorg och f\u00f6rskola - Kristdemokraterna | Gnesta\",\"isPartOf\":{\"@id\":\"https:\\\/\\\/wp.kristdemokraterna.se\\\/gnesta\\\/#website\"},\"primaryImageOfPage\":{\"@id\":\"https:\\\/\\\/wp.kristdemokraterna.se\\\/gnesta\\\/familj-barnomsorg-och-forskola\\\/#primaryimage\"},\"image\":{\"@id\":\"https:\\\/\\\/wp.kristdemokraterna.se\\\/gnesta\\\/familj-barnomsorg-och-forskola\\\/#primaryimage\"},\"thumbnailUrl\":\"\",\"datePublished\":\"2022-02-08T11:47:50+00:00\",\"author\":{\"@id\":\"https:\\\/\\\/wp.kristdemokraterna.se\\\/gnesta\\\/#\\\/schema\\\/person\\\/fb52f73aba790dfb046189d553d0fce2\"},\"breadcrumb\":{\"@id\":\"https:\\\/\\\/wp.kristdemokraterna.se\\\/gnesta\\\/familj-barnomsorg-och-forskola\\\/#breadcrumb\"},\"inLanguage\":\"sv-SE\",\"potentialAction\":[{\"@type\":\"ReadAction\",\"target\":[\"https:\\\/\\\/wp.kristdemokraterna.se\\\/gnesta\\\/familj-barnomsorg-och-forskola\\\/\"]}]},{\"@type\":\"ImageObject\",\"inLanguage\":\"sv-SE\",\"@id\":\"https:\\\/\\\/wp.kristdemokraterna.se\\\/gnesta\\\/familj-barnomsorg-och-forskola\\\/#primaryimage\",\"url\":\"\",\"contentUrl\":\"\"},{\"@type\":\"BreadcrumbList\",\"@id\":\"https:\\\/\\\/wp.kristdemokraterna.se\\\/gnesta\\\/familj-barnomsorg-och-forskola\\\/#breadcrumb\",\"itemListElement\":[{\"@type\":\"ListItem\",\"position\":1,\"name\":\"Hem\",\"item\":\"https:\\\/\\\/wp.kristdemokraterna.se\\\/gnesta\\\/\"},{\"@type\":\"ListItem\",\"position\":2,\"name\":\"Familj, barnomsorg och f\u00f6rskola\"}]},{\"@type\":\"WebSite\",\"@id\":\"https:\\\/\\\/wp.kristdemokraterna.se\\\/gnesta\\\/#website\",\"url\":\"https:\\\/\\\/wp.kristdemokraterna.se\\\/gnesta\\\/\",\"name\":\"Kristdemokraterna | Gnesta\",\"description\":\"Med k\u00e4nsla f\u00f6r Gnesta\",\"inLanguage\":\"sv-SE\"},{\"@type\":\"Person\",\"@id\":\"https:\\\/\\\/wp.kristdemokraterna.se\\\/gnesta\\\/#\\\/schema\\\/person\\\/fb52f73aba790dfb046189d553d0fce2\",\"name\":\"Jonas \u00d6berg\",\"image\":{\"@type\":\"ImageObject\",\"inLanguage\":\"sv-SE\",\"@id\":\"https:\\\/\\\/secure.gravatar.com\\\/avatar\\\/02ae8e9f1b03cc83dfbbe03f161c5d464d1ee9bcce564ccd313bb4ce22026939?s=96&d=mm&r=g\",\"url\":\"https:\\\/\\\/secure.gravatar.com\\\/avatar\\\/02ae8e9f1b03cc83dfbbe03f161c5d464d1ee9bcce564ccd313bb4ce22026939?s=96&d=mm&r=g\",\"contentUrl\":\"https:\\\/\\\/secure.gravatar.com\\\/avatar\\\/02ae8e9f1b03cc83dfbbe03f161c5d464d1ee9bcce564ccd313bb4ce22026939?s=96&d=mm&r=g\",\"caption\":\"Jonas \u00d6berg\"},\"url\":\"https:\\\/\\\/wp.kristdemokraterna.se\\\/gnesta\\\/author\\\/jonasgnesta\\\/\"}]}<\/script>\n<!-- \/ Yoast SEO plugin. -->","yoast_head_json":{"title":"Familj, barnomsorg och f\u00f6rskola - Kristdemokraterna | Gnesta","robots":{"index":"index","follow":"follow","max-snippet":"max-snippet:-1","max-image-preview":"max-image-preview:large","max-video-preview":"max-video-preview:-1"},"canonical":"https:\/\/wp.kristdemokraterna.se\/gnesta\/familj-barnomsorg-och-forskola\/","og_locale":"sv_SE","og_type":"article","og_title":"Familj, barnomsorg och f\u00f6rskola - Kristdemokraterna | Gnesta","og_description":"Vi ser tyv\u00e4rr hur vardagen f\u00f6r m\u00e5nga familjer \u00e4r sv\u00e5r att f\u00e5 att g\u00e5 ihop. Stress, tidsbrist och otillr\u00e4cklighet \u00e4r n\u00e5got som m\u00e5nga k\u00e4nner igen. Politikens uppgift \u00e4r att skapa f\u00f6ruts\u00e4ttningar f\u00f6r att familjerna ska f\u00e5 m\u00f6jlighet att utforma livet s\u00e5 att vardagen fungerar och st\u00f6tta f\u00f6r\u00e4ldrarna i rollen som f\u00f6r\u00e4ldrar. Barnomsorg och f\u00f6rskola \u00e4r L\u00e4s mer","og_url":"https:\/\/wp.kristdemokraterna.se\/gnesta\/familj-barnomsorg-och-forskola\/","og_site_name":"Kristdemokraterna | Gnesta","article_published_time":"2022-02-08T11:47:50+00:00","author":"Jonas \u00d6berg","twitter_card":"summary_large_image","twitter_misc":{"Skriven av":"Jonas \u00d6berg","Ber\u00e4knad l\u00e4stid":"2 minuter"},"schema":{"@context":"https:\/\/schema.org","@graph":[{"@type":"Article","@id":"https:\/\/wp.kristdemokraterna.se\/gnesta\/familj-barnomsorg-och-forskola\/#article","isPartOf":{"@id":"https:\/\/wp.kristdemokraterna.se\/gnesta\/familj-barnomsorg-och-forskola\/"},"author":{"name":"Jonas \u00d6berg","@id":"https:\/\/wp.kristdemokraterna.se\/gnesta\/#\/schema\/person\/fb52f73aba790dfb046189d553d0fce2"},"headline":"Familj, barnomsorg och f\u00f6rskola","datePublished":"2022-02-08T11:47:50+00:00","mainEntityOfPage":{"@id":"https:\/\/wp.kristdemokraterna.se\/gnesta\/familj-barnomsorg-och-forskola\/"},"wordCount":468,"image":{"@id":"https:\/\/wp.kristdemokraterna.se\/gnesta\/familj-barnomsorg-och-forskola\/#primaryimage"},"thumbnailUrl":"","articleSection":["V\u00e5r politik"],"inLanguage":"sv-SE"},{"@type":"WebPage","@id":"https:\/\/wp.kristdemokraterna.se\/gnesta\/familj-barnomsorg-och-forskola\/","url":"https:\/\/wp.kristdemokraterna.se\/gnesta\/familj-barnomsorg-och-forskola\/","name":"Familj, barnomsorg och f\u00f6rskola - Kristdemokraterna | Gnesta","isPartOf":{"@id":"https:\/\/wp.kristdemokraterna.se\/gnesta\/#website"},"primaryImageOfPage":{"@id":"https:\/\/wp.kristdemokraterna.se\/gnesta\/familj-barnomsorg-och-forskola\/#primaryimage"},"image":{"@id":"https:\/\/wp.kristdemokraterna.se\/gnesta\/familj-barnomsorg-och-forskola\/#primaryimage"},"thumbnailUrl":"","datePublished":"2022-02-08T11:47:50+00:00","author":{"@id":"https:\/\/wp.kristdemokraterna.se\/gnesta\/#\/schema\/person\/fb52f73aba790dfb046189d553d0fce2"},"breadcrumb":{"@id":"https:\/\/wp.kristdemokraterna.se\/gnesta\/familj-barnomsorg-och-forskola\/#breadcrumb"},"inLanguage":"sv-SE","potentialAction":[{"@type":"ReadAction","target":["https:\/\/wp.kristdemokraterna.se\/gnesta\/familj-barnomsorg-och-forskola\/"]}]},{"@type":"ImageObject","inLanguage":"sv-SE","@id":"https:\/\/wp.kristdemokraterna.se\/gnesta\/familj-barnomsorg-och-forskola\/#primaryimage","url":"","contentUrl":""},{"@type":"BreadcrumbList","@id":"https:\/\/wp.kristdemokraterna.se\/gnesta\/familj-barnomsorg-och-forskola\/#breadcrumb","itemListElement":[{"@type":"ListItem","position":1,"name":"Hem","item":"https:\/\/wp.kristdemokraterna.se\/gnesta\/"},{"@type":"ListItem","position":2,"name":"Familj, barnomsorg och f\u00f6rskola"}]},{"@type":"WebSite","@id":"https:\/\/wp.kristdemokraterna.se\/gnesta\/#website","url":"https:\/\/wp.kristdemokraterna.se\/gnesta\/","name":"Kristdemokraterna | Gnesta","description":"Med k\u00e4nsla f\u00f6r Gnesta","inLanguage":"sv-SE"},{"@type":"Person","@id":"https:\/\/wp.kristdemokraterna.se\/gnesta\/#\/schema\/person\/fb52f73aba790dfb046189d553d0fce2","name":"Jonas \u00d6berg","image":{"@type":"ImageObject","inLanguage":"sv-SE","@id":"https:\/\/secure.gravatar.com\/avatar\/02ae8e9f1b03cc83dfbbe03f161c5d464d1ee9bcce564ccd313bb4ce22026939?s=96&d=mm&r=g","url":"https:\/\/secure.gravatar.com\/avatar\/02ae8e9f1b03cc83dfbbe03f161c5d464d1ee9bcce564ccd313bb4ce22026939?s=96&d=mm&r=g","contentUrl":"https:\/\/secure.gravatar.com\/avatar\/02ae8e9f1b03cc83dfbbe03f161c5d464d1ee9bcce564ccd313bb4ce22026939?s=96&d=mm&r=g","caption":"Jonas \u00d6berg"},"url":"https:\/\/wp.kristdemokraterna.se\/gnesta\/author\/jonasgnesta\/"}]}},"_links":{"self":[{"href":"https:\/\/wp.kristdemokraterna.se\/gnesta\/wp-json\/wp\/v2\/posts\/583","targetHints":{"allow":["GET"]}}],"collection":[{"href":"https:\/\/wp.kristdemokraterna.se\/gnesta\/wp-json\/wp\/v2\/posts"}],"about":[{"href":"https:\/\/wp.kristdemokraterna.se\/gnesta\/wp-json\/wp\/v2\/types\/post"}],"author":[{"embeddable":true,"href":"https:\/\/wp.kristdemokraterna.se\/gnesta\/wp-json\/wp\/v2\/users\/974"}],"replies":[{"embeddable":true,"href":"https:\/\/wp.kristdemokraterna.se\/gnesta\/wp-json\/wp\/v2\/comments?post=583"}],"version-history":[{"count":1,"href":"https:\/\/wp.kristdemokraterna.se\/gnesta\/wp-json\/wp\/v2\/posts\/583\/revisions"}],"predecessor-version":[{"id":585,"href":"https:\/\/wp.kristdemokraterna.se\/gnesta\/wp-json\/wp\/v2\/posts\/583\/revisions\/585"}],"wp:featuredmedia":[{"embeddable":true,"href":"https:\/\/wp.kristdemokraterna.se\/gnesta\/wp-json\/"}],"wp:attachment":[{"href":"https:\/\/wp.kristdemokraterna.se\/gnesta\/wp-json\/wp\/v2\/media?parent=583"}],"wp:term":[{"taxonomy":"category","embeddable":true,"href":"https:\/\/wp.kristdemokraterna.se\/gnesta\/wp-json\/wp\/v2\/categories?post=583"},{"taxonomy":"post_tag","embeddable":true,"href":"https:\/\/wp.kristdemokraterna.se\/gnesta\/wp-json\/wp\/v2\/tags?post=583"}],"curies":[{"name":"wp","href":"https:\/\/api.w.org\/{rel}","templated":true}]}}