{"id":592,"date":"2022-02-08T12:58:44","date_gmt":"2022-02-08T11:58:44","guid":{"rendered":"https:\/\/wp.kristdemokraterna.se\/gnesta\/?p=592"},"modified":"2022-02-08T12:59:31","modified_gmt":"2022-02-08T11:59:31","slug":"trygghet-och-sakerhet-samhallsbyggnad","status":"publish","type":"post","link":"https:\/\/wp.kristdemokraterna.se\/gnesta\/trygghet-och-sakerhet-samhallsbyggnad\/","title":{"rendered":"Trygghet och s\u00e4kerhet, samh\u00e4llsbyggnad"},"content":{"rendered":"<p>F\u00f6r att Gnesta kommun ska vara attraktiv kr\u00e4vs det att medborgarna upplever kommunen som trygg. Att bygga ett samh\u00e4lle d\u00e4r m\u00e4nniskor k\u00e4nner sig trygga handlar om att ta till sig en m\u00e4ngd olika perspektiv. Alltifr\u00e5n att skapa naturliga m\u00f6tesplatser och hur vi arbetar med ljuss\u00e4ttning och allt d\u00e4remellan. I grunden handlar det om ett samh\u00e4lle d\u00e4r medborgarna k\u00e4nner tillit &#8211; tillit till varandra och tillit till samh\u00e4llets institutioner. H\u00e4r fyller det civila samh\u00e4llet en betydelsefull roll. I f\u00f6reningsengagemang fostras vi till ansvarstagande, tillit och civilkurage.<\/p>\n<p>Hur Gnesta kommun planeras spelar stor roll f\u00f6r hur kommunen utvecklas och upplevs. Vi b\u00f6r str\u00e4va efter l\u00e5ngsiktig kvalitet och h\u00e5llbarhet &#8211; ekonomiskt, socialt och ekologiskt. S\u00e4rskild h\u00e4nsyn b\u00f6r tas till arkitektoniska och kulturella v\u00e4rden. Bost\u00e4der ska planeras f\u00f6r olika m\u00e4nniskors behov. Hyresr\u00e4tter, bostadsr\u00e4tter och \u00e4gander\u00e4tter samt kommersiella lokaler och offentlig service ska blandas f\u00f6r en levande milj\u00f6. Det \u00e4r viktigt att ha en planering f\u00f6r hela kommunen och samtliga t\u00e4torter.<\/p>\n<p><strong>Kristdemokraterna i Gnesta kommun anser att:<\/strong><\/p>\n<ul>\n<li>vattenf\u00f6rs\u00f6rjning och avlopp ska tryggas l\u00e5ngsiktigt och med h\u00f6gsta prioritet.<\/li>\n<li>m\u00e5nga barn g\u00e5r och cyklar ensamma eller tillsammans med andra mellan hem, skola och fritidsaktiviteter. Goda f\u00f6ruts\u00e4ttningar f\u00f6r s\u00e4ker g\u00e5ng- och cykeltrafik ska prioriteras i kommunens planering, och s\u00e4kra g\u00e5ng- och cykelstr\u00e5k ska byggas upp som knyter samman bostadsomr\u00e5den med skolor och fritidsomr\u00e5den.<\/li>\n<li>n\u00e4r det beh\u00f6vs ska bilen vara ett effektivt transportmedel och det m\u00e5ste vara l\u00e4tt att k\u00f6ra p\u00e5 v\u00e4lfungerande och s\u00e4kra v\u00e4gar, att parkera vid bostad och serviceplatser s\u00e5 som i anslutning till kommunal service, skolor och handel.<\/li>\n<li>kommunen ska planera f\u00f6r mer sm\u00e5husbebyggelse b\u00e5de i och utanf\u00f6r v\u00e5ra t\u00e4torter.<\/li>\n<li>kommunen ska ta anta en arkitekturpolicy d\u00e4r traditionella arkitektoniska och estetiska v\u00e4rden belyses men \u00e4ven hur vi planerar staden ur ett trygghetsperspektiv.<\/li>\n<li>det civila samh\u00e4llet ska ges resurser att verka och i samarbetet med kommunen underh\u00e5lla det offentliga rummet, till exempel genom att f\u00f6r\u00e4ldrar genom samverkan ges m\u00f6jlighet att underh\u00e5lla lekplatser i n\u00e4rmilj\u00f6n.<\/li>\n<li>kommunens ordningsf\u00f6reskrifter ska ses \u00f6ver f\u00f6r att reglera trygghet och trivsel i offentlig milj\u00f6. Vi ska ha nolltolerans mot nedskr\u00e4pning och klotter; klotter ska omedelbart avl\u00e4gsnas f\u00f6r att minska upplevelsen av otrygghet.<\/li>\n<li>platser som uppmuntrar till spontanidrott i kommunen \u00e4r viktiga och ska s\u00e4kerst\u00e4llas i all fysisk planering.<\/li>\n<li>n\u00e4r m\u00f6jlighet ges f\u00f6r detta p\u00e5 nationell niv\u00e5 skall kommunen delfinansiera poliser f\u00f6r att \u00f6ka polisn\u00e4rvaron<em>; <\/em>som komplement till och i v\u00e4ntan p\u00e5 nationella beslut b\u00f6r kommunen ta en aktiv roll i exempelvis nattvandring samt genom att anst\u00e4lla ordningsvakter med uppgift att \u00f6ka tryggheten i det offentliga rummet.<\/li>\n<li>kommunen ska arbeta med konceptet platssamverkan d\u00e4r man tillsammans med fastighets\u00e4garna finansierar och genomf\u00f6r insatser f\u00f6r att \u00f6ka tryggheten i den fysiska milj\u00f6n.<\/li>\n<\/ul>\n","protected":false},"excerpt":{"rendered":"<p>F\u00f6r att Gnesta kommun ska vara attraktiv kr\u00e4vs det att medborgarna upplever kommunen som trygg. Att bygga ett samh\u00e4lle d\u00e4r m\u00e4nniskor k\u00e4nner sig trygga handlar om att ta till sig en m\u00e4ngd olika perspektiv. Alltifr\u00e5n att skapa naturliga m\u00f6tesplatser och hur vi arbetar med ljuss\u00e4ttning och allt d\u00e4remellan. I grunden handlar det om ett samh\u00e4lle <a class=\"read-more-link\" href=\"https:\/\/wp.kristdemokraterna.se\/gnesta\/trygghet-och-sakerhet-samhallsbyggnad\/\">L\u00e4s mer<\/a><\/p>\n","protected":false},"author":974,"featured_media":714,"comment_status":"closed","ping_status":"closed","sticky":false,"template":"","format":"standard","meta":{"_acf_changed":false,"footnotes":""},"categories":[3],"tags":[],"class_list":["post-592","post","type-post","status-publish","format-standard","hentry","category-var-politik"],"acf":[],"yoast_head":"<!-- This site is optimized with the Yoast SEO plugin v27.5 - https:\/\/yoast.com\/product\/yoast-seo-wordpress\/ -->\n<title>Trygghet och s\u00e4kerhet, samh\u00e4llsbyggnad - Kristdemokraterna | Gnesta<\/title>\n<meta name=\"robots\" content=\"index, follow, max-snippet:-1, max-image-preview:large, max-video-preview:-1\" \/>\n<link rel=\"canonical\" href=\"https:\/\/wp.kristdemokraterna.se\/gnesta\/trygghet-och-sakerhet-samhallsbyggnad\/\" \/>\n<meta property=\"og:locale\" content=\"sv_SE\" \/>\n<meta property=\"og:type\" content=\"article\" \/>\n<meta property=\"og:title\" content=\"Trygghet och s\u00e4kerhet, samh\u00e4llsbyggnad - Kristdemokraterna | Gnesta\" \/>\n<meta property=\"og:description\" content=\"F\u00f6r att Gnesta kommun ska vara attraktiv kr\u00e4vs det att medborgarna upplever kommunen som trygg. Att bygga ett samh\u00e4lle d\u00e4r m\u00e4nniskor k\u00e4nner sig trygga handlar om att ta till sig en m\u00e4ngd olika perspektiv. Alltifr\u00e5n att skapa naturliga m\u00f6tesplatser och hur vi arbetar med ljuss\u00e4ttning och allt d\u00e4remellan. I grunden handlar det om ett samh\u00e4lle L\u00e4s mer\" \/>\n<meta property=\"og:url\" content=\"https:\/\/wp.kristdemokraterna.se\/gnesta\/trygghet-och-sakerhet-samhallsbyggnad\/\" \/>\n<meta property=\"og:site_name\" content=\"Kristdemokraterna | Gnesta\" \/>\n<meta property=\"article:published_time\" content=\"2022-02-08T11:58:44+00:00\" \/>\n<meta property=\"article:modified_time\" content=\"2022-02-08T11:59:31+00:00\" \/>\n<meta name=\"author\" content=\"Jonas \u00d6berg\" \/>\n<meta name=\"twitter:card\" content=\"summary_large_image\" \/>\n<meta name=\"twitter:label1\" content=\"Skriven av\" \/>\n\t<meta name=\"twitter:data1\" content=\"Jonas \u00d6berg\" \/>\n\t<meta name=\"twitter:label2\" content=\"Ber\u00e4knad l\u00e4stid\" \/>\n\t<meta name=\"twitter:data2\" content=\"3 minuter\" \/>\n<script type=\"application\/ld+json\" class=\"yoast-schema-graph\">{\"@context\":\"https:\\\/\\\/schema.org\",\"@graph\":[{\"@type\":\"Article\",\"@id\":\"https:\\\/\\\/wp.kristdemokraterna.se\\\/gnesta\\\/trygghet-och-sakerhet-samhallsbyggnad\\\/#article\",\"isPartOf\":{\"@id\":\"https:\\\/\\\/wp.kristdemokraterna.se\\\/gnesta\\\/trygghet-och-sakerhet-samhallsbyggnad\\\/\"},\"author\":{\"name\":\"Jonas \u00d6berg\",\"@id\":\"https:\\\/\\\/wp.kristdemokraterna.se\\\/gnesta\\\/#\\\/schema\\\/person\\\/fb52f73aba790dfb046189d553d0fce2\"},\"headline\":\"Trygghet och s\u00e4kerhet, samh\u00e4llsbyggnad\",\"datePublished\":\"2022-02-08T11:58:44+00:00\",\"dateModified\":\"2022-02-08T11:59:31+00:00\",\"mainEntityOfPage\":{\"@id\":\"https:\\\/\\\/wp.kristdemokraterna.se\\\/gnesta\\\/trygghet-och-sakerhet-samhallsbyggnad\\\/\"},\"wordCount\":538,\"image\":{\"@id\":\"https:\\\/\\\/wp.kristdemokraterna.se\\\/gnesta\\\/trygghet-och-sakerhet-samhallsbyggnad\\\/#primaryimage\"},\"thumbnailUrl\":\"\",\"articleSection\":[\"V\u00e5r politik\"],\"inLanguage\":\"sv-SE\"},{\"@type\":\"WebPage\",\"@id\":\"https:\\\/\\\/wp.kristdemokraterna.se\\\/gnesta\\\/trygghet-och-sakerhet-samhallsbyggnad\\\/\",\"url\":\"https:\\\/\\\/wp.kristdemokraterna.se\\\/gnesta\\\/trygghet-och-sakerhet-samhallsbyggnad\\\/\",\"name\":\"Trygghet och s\u00e4kerhet, samh\u00e4llsbyggnad - Kristdemokraterna | Gnesta\",\"isPartOf\":{\"@id\":\"https:\\\/\\\/wp.kristdemokraterna.se\\\/gnesta\\\/#website\"},\"primaryImageOfPage\":{\"@id\":\"https:\\\/\\\/wp.kristdemokraterna.se\\\/gnesta\\\/trygghet-och-sakerhet-samhallsbyggnad\\\/#primaryimage\"},\"image\":{\"@id\":\"https:\\\/\\\/wp.kristdemokraterna.se\\\/gnesta\\\/trygghet-och-sakerhet-samhallsbyggnad\\\/#primaryimage\"},\"thumbnailUrl\":\"\",\"datePublished\":\"2022-02-08T11:58:44+00:00\",\"dateModified\":\"2022-02-08T11:59:31+00:00\",\"author\":{\"@id\":\"https:\\\/\\\/wp.kristdemokraterna.se\\\/gnesta\\\/#\\\/schema\\\/person\\\/fb52f73aba790dfb046189d553d0fce2\"},\"breadcrumb\":{\"@id\":\"https:\\\/\\\/wp.kristdemokraterna.se\\\/gnesta\\\/trygghet-och-sakerhet-samhallsbyggnad\\\/#breadcrumb\"},\"inLanguage\":\"sv-SE\",\"potentialAction\":[{\"@type\":\"ReadAction\",\"target\":[\"https:\\\/\\\/wp.kristdemokraterna.se\\\/gnesta\\\/trygghet-och-sakerhet-samhallsbyggnad\\\/\"]}]},{\"@type\":\"ImageObject\",\"inLanguage\":\"sv-SE\",\"@id\":\"https:\\\/\\\/wp.kristdemokraterna.se\\\/gnesta\\\/trygghet-och-sakerhet-samhallsbyggnad\\\/#primaryimage\",\"url\":\"\",\"contentUrl\":\"\"},{\"@type\":\"BreadcrumbList\",\"@id\":\"https:\\\/\\\/wp.kristdemokraterna.se\\\/gnesta\\\/trygghet-och-sakerhet-samhallsbyggnad\\\/#breadcrumb\",\"itemListElement\":[{\"@type\":\"ListItem\",\"position\":1,\"name\":\"Hem\",\"item\":\"https:\\\/\\\/wp.kristdemokraterna.se\\\/gnesta\\\/\"},{\"@type\":\"ListItem\",\"position\":2,\"name\":\"Trygghet och s\u00e4kerhet, samh\u00e4llsbyggnad\"}]},{\"@type\":\"WebSite\",\"@id\":\"https:\\\/\\\/wp.kristdemokraterna.se\\\/gnesta\\\/#website\",\"url\":\"https:\\\/\\\/wp.kristdemokraterna.se\\\/gnesta\\\/\",\"name\":\"Kristdemokraterna | Gnesta\",\"description\":\"Med k\u00e4nsla f\u00f6r Gnesta\",\"inLanguage\":\"sv-SE\"},{\"@type\":\"Person\",\"@id\":\"https:\\\/\\\/wp.kristdemokraterna.se\\\/gnesta\\\/#\\\/schema\\\/person\\\/fb52f73aba790dfb046189d553d0fce2\",\"name\":\"Jonas \u00d6berg\",\"image\":{\"@type\":\"ImageObject\",\"inLanguage\":\"sv-SE\",\"@id\":\"https:\\\/\\\/secure.gravatar.com\\\/avatar\\\/02ae8e9f1b03cc83dfbbe03f161c5d464d1ee9bcce564ccd313bb4ce22026939?s=96&d=mm&r=g\",\"url\":\"https:\\\/\\\/secure.gravatar.com\\\/avatar\\\/02ae8e9f1b03cc83dfbbe03f161c5d464d1ee9bcce564ccd313bb4ce22026939?s=96&d=mm&r=g\",\"contentUrl\":\"https:\\\/\\\/secure.gravatar.com\\\/avatar\\\/02ae8e9f1b03cc83dfbbe03f161c5d464d1ee9bcce564ccd313bb4ce22026939?s=96&d=mm&r=g\",\"caption\":\"Jonas \u00d6berg\"},\"url\":\"https:\\\/\\\/wp.kristdemokraterna.se\\\/gnesta\\\/author\\\/jonasgnesta\\\/\"}]}<\/script>\n<!-- \/ Yoast SEO plugin. -->","yoast_head_json":{"title":"Trygghet och s\u00e4kerhet, samh\u00e4llsbyggnad - Kristdemokraterna | Gnesta","robots":{"index":"index","follow":"follow","max-snippet":"max-snippet:-1","max-image-preview":"max-image-preview:large","max-video-preview":"max-video-preview:-1"},"canonical":"https:\/\/wp.kristdemokraterna.se\/gnesta\/trygghet-och-sakerhet-samhallsbyggnad\/","og_locale":"sv_SE","og_type":"article","og_title":"Trygghet och s\u00e4kerhet, samh\u00e4llsbyggnad - Kristdemokraterna | Gnesta","og_description":"F\u00f6r att Gnesta kommun ska vara attraktiv kr\u00e4vs det att medborgarna upplever kommunen som trygg. Att bygga ett samh\u00e4lle d\u00e4r m\u00e4nniskor k\u00e4nner sig trygga handlar om att ta till sig en m\u00e4ngd olika perspektiv. Alltifr\u00e5n att skapa naturliga m\u00f6tesplatser och hur vi arbetar med ljuss\u00e4ttning och allt d\u00e4remellan. I grunden handlar det om ett samh\u00e4lle L\u00e4s mer","og_url":"https:\/\/wp.kristdemokraterna.se\/gnesta\/trygghet-och-sakerhet-samhallsbyggnad\/","og_site_name":"Kristdemokraterna | Gnesta","article_published_time":"2022-02-08T11:58:44+00:00","article_modified_time":"2022-02-08T11:59:31+00:00","author":"Jonas \u00d6berg","twitter_card":"summary_large_image","twitter_misc":{"Skriven av":"Jonas \u00d6berg","Ber\u00e4knad l\u00e4stid":"3 minuter"},"schema":{"@context":"https:\/\/schema.org","@graph":[{"@type":"Article","@id":"https:\/\/wp.kristdemokraterna.se\/gnesta\/trygghet-och-sakerhet-samhallsbyggnad\/#article","isPartOf":{"@id":"https:\/\/wp.kristdemokraterna.se\/gnesta\/trygghet-och-sakerhet-samhallsbyggnad\/"},"author":{"name":"Jonas \u00d6berg","@id":"https:\/\/wp.kristdemokraterna.se\/gnesta\/#\/schema\/person\/fb52f73aba790dfb046189d553d0fce2"},"headline":"Trygghet och s\u00e4kerhet, samh\u00e4llsbyggnad","datePublished":"2022-02-08T11:58:44+00:00","dateModified":"2022-02-08T11:59:31+00:00","mainEntityOfPage":{"@id":"https:\/\/wp.kristdemokraterna.se\/gnesta\/trygghet-och-sakerhet-samhallsbyggnad\/"},"wordCount":538,"image":{"@id":"https:\/\/wp.kristdemokraterna.se\/gnesta\/trygghet-och-sakerhet-samhallsbyggnad\/#primaryimage"},"thumbnailUrl":"","articleSection":["V\u00e5r politik"],"inLanguage":"sv-SE"},{"@type":"WebPage","@id":"https:\/\/wp.kristdemokraterna.se\/gnesta\/trygghet-och-sakerhet-samhallsbyggnad\/","url":"https:\/\/wp.kristdemokraterna.se\/gnesta\/trygghet-och-sakerhet-samhallsbyggnad\/","name":"Trygghet och s\u00e4kerhet, samh\u00e4llsbyggnad - Kristdemokraterna | Gnesta","isPartOf":{"@id":"https:\/\/wp.kristdemokraterna.se\/gnesta\/#website"},"primaryImageOfPage":{"@id":"https:\/\/wp.kristdemokraterna.se\/gnesta\/trygghet-och-sakerhet-samhallsbyggnad\/#primaryimage"},"image":{"@id":"https:\/\/wp.kristdemokraterna.se\/gnesta\/trygghet-och-sakerhet-samhallsbyggnad\/#primaryimage"},"thumbnailUrl":"","datePublished":"2022-02-08T11:58:44+00:00","dateModified":"2022-02-08T11:59:31+00:00","author":{"@id":"https:\/\/wp.kristdemokraterna.se\/gnesta\/#\/schema\/person\/fb52f73aba790dfb046189d553d0fce2"},"breadcrumb":{"@id":"https:\/\/wp.kristdemokraterna.se\/gnesta\/trygghet-och-sakerhet-samhallsbyggnad\/#breadcrumb"},"inLanguage":"sv-SE","potentialAction":[{"@type":"ReadAction","target":["https:\/\/wp.kristdemokraterna.se\/gnesta\/trygghet-och-sakerhet-samhallsbyggnad\/"]}]},{"@type":"ImageObject","inLanguage":"sv-SE","@id":"https:\/\/wp.kristdemokraterna.se\/gnesta\/trygghet-och-sakerhet-samhallsbyggnad\/#primaryimage","url":"","contentUrl":""},{"@type":"BreadcrumbList","@id":"https:\/\/wp.kristdemokraterna.se\/gnesta\/trygghet-och-sakerhet-samhallsbyggnad\/#breadcrumb","itemListElement":[{"@type":"ListItem","position":1,"name":"Hem","item":"https:\/\/wp.kristdemokraterna.se\/gnesta\/"},{"@type":"ListItem","position":2,"name":"Trygghet och s\u00e4kerhet, samh\u00e4llsbyggnad"}]},{"@type":"WebSite","@id":"https:\/\/wp.kristdemokraterna.se\/gnesta\/#website","url":"https:\/\/wp.kristdemokraterna.se\/gnesta\/","name":"Kristdemokraterna | Gnesta","description":"Med k\u00e4nsla f\u00f6r Gnesta","inLanguage":"sv-SE"},{"@type":"Person","@id":"https:\/\/wp.kristdemokraterna.se\/gnesta\/#\/schema\/person\/fb52f73aba790dfb046189d553d0fce2","name":"Jonas \u00d6berg","image":{"@type":"ImageObject","inLanguage":"sv-SE","@id":"https:\/\/secure.gravatar.com\/avatar\/02ae8e9f1b03cc83dfbbe03f161c5d464d1ee9bcce564ccd313bb4ce22026939?s=96&d=mm&r=g","url":"https:\/\/secure.gravatar.com\/avatar\/02ae8e9f1b03cc83dfbbe03f161c5d464d1ee9bcce564ccd313bb4ce22026939?s=96&d=mm&r=g","contentUrl":"https:\/\/secure.gravatar.com\/avatar\/02ae8e9f1b03cc83dfbbe03f161c5d464d1ee9bcce564ccd313bb4ce22026939?s=96&d=mm&r=g","caption":"Jonas \u00d6berg"},"url":"https:\/\/wp.kristdemokraterna.se\/gnesta\/author\/jonasgnesta\/"}]}},"_links":{"self":[{"href":"https:\/\/wp.kristdemokraterna.se\/gnesta\/wp-json\/wp\/v2\/posts\/592","targetHints":{"allow":["GET"]}}],"collection":[{"href":"https:\/\/wp.kristdemokraterna.se\/gnesta\/wp-json\/wp\/v2\/posts"}],"about":[{"href":"https:\/\/wp.kristdemokraterna.se\/gnesta\/wp-json\/wp\/v2\/types\/post"}],"author":[{"embeddable":true,"href":"https:\/\/wp.kristdemokraterna.se\/gnesta\/wp-json\/wp\/v2\/users\/974"}],"replies":[{"embeddable":true,"href":"https:\/\/wp.kristdemokraterna.se\/gnesta\/wp-json\/wp\/v2\/comments?post=592"}],"version-history":[{"count":2,"href":"https:\/\/wp.kristdemokraterna.se\/gnesta\/wp-json\/wp\/v2\/posts\/592\/revisions"}],"predecessor-version":[{"id":596,"href":"https:\/\/wp.kristdemokraterna.se\/gnesta\/wp-json\/wp\/v2\/posts\/592\/revisions\/596"}],"wp:featuredmedia":[{"embeddable":true,"href":"https:\/\/wp.kristdemokraterna.se\/gnesta\/wp-json\/"}],"wp:attachment":[{"href":"https:\/\/wp.kristdemokraterna.se\/gnesta\/wp-json\/wp\/v2\/media?parent=592"}],"wp:term":[{"taxonomy":"category","embeddable":true,"href":"https:\/\/wp.kristdemokraterna.se\/gnesta\/wp-json\/wp\/v2\/categories?post=592"},{"taxonomy":"post_tag","embeddable":true,"href":"https:\/\/wp.kristdemokraterna.se\/gnesta\/wp-json\/wp\/v2\/tags?post=592"}],"curies":[{"name":"wp","href":"https:\/\/api.w.org\/{rel}","templated":true}]}}