{"id":597,"date":"2022-02-08T13:01:16","date_gmt":"2022-02-08T12:01:16","guid":{"rendered":"https:\/\/wp.kristdemokraterna.se\/gnesta\/?p=597"},"modified":"2022-02-08T13:01:16","modified_gmt":"2022-02-08T12:01:16","slug":"integration-och-samhallsgemenskap","status":"publish","type":"post","link":"https:\/\/wp.kristdemokraterna.se\/gnesta\/integration-och-samhallsgemenskap\/","title":{"rendered":"Integration och samh\u00e4llsgemenskap"},"content":{"rendered":"<p>En vital samh\u00e4llsgemenskap inneb\u00e4r att medborgarna k\u00e4nner delaktighet och tar ansvar f\u00f6r sig sj\u00e4lv och f\u00f6r hela samh\u00e4llet. Delaktighet, tillit och ansvarstagande \u00e4r avg\u00f6rande f\u00f6r en god samh\u00e4llsgemenskap. Men fr\u00e5gan om samh\u00e4llsgemenskap kan inte reduceras till ett politiskt sakomr\u00e5de, utan f\u00f6ruts\u00e4tter ett helhetsperspektiv<em>. <\/em>Hur en kommun planl\u00e4ggs \u00e4r lika viktigt som de v\u00e4rden som f\u00f6rmedlas genom undervisningen.<\/p>\n<p>Segregation \u00e4r ett hot mot samh\u00e4llsgemenskapen. Det betyder att en misslyckad integration \u00e4r ett misslyckande f\u00f6r hela samh\u00e4llet. Denna insikt g\u00e4ller alla, b\u00e5de f\u00f6r de som har en svensk bakgrund s\u00e5 som f\u00f6r de som invandrat till Sverige. Denna v\u00e4rdegrund skapar f\u00f6ruts\u00e4ttningar f\u00f6r att nyanl\u00e4nda blir en del av sitt nya land. Samh\u00e4llsgemenskapen minskar risken f\u00f6r att parallellsamh\u00e4llen uppst\u00e5r.<\/p>\n<p>De tv\u00e5 viktigaste faktorerna f\u00f6r en god integration \u00e4r egen f\u00f6rs\u00f6rjning och egen bostad. Genom heldagsaktiviteter redan under asyltiden minskar utanf\u00f6rskapet och integrationen underl\u00e4ttas. Kommunen m\u00e5ste p\u00e5 samma s\u00e4tt fr\u00e5n dag ett arbeta f\u00f6r att nyanl\u00e4nda ska hitta ett l\u00e5ngsiktigt h\u00e5llbart boende.<\/p>\n<p>N\u00e4r f\u00f6rs\u00f6rjningsst\u00f6det (tidigare socialbidrag) inf\u00f6rdes var tanken att det skulle ges till personer med olika sociala problem. M\u00e5lgruppen har dock f\u00f6r\u00e4ndrats kraftig och m\u00e5nga som idag f\u00e5r f\u00f6rs\u00f6rjningsst\u00f6d \u00e4r utrikesf\u00f6dda som st\u00e5r utanf\u00f6r arbetsmarknaden och saknar annan inkomst. F\u00f6rs\u00f6rjningsst\u00f6det har delvis blivit en kommunal a-kassa.<\/p>\n<p><strong>Kristdemokraterna i Gnesta kommun anser att:<\/strong><\/p>\n<ul>\n<li>ett lokalt integrationsteam ska finnas med fokus p\u00e5 att kartl\u00e4gga fysiska och psykiska behov hos nyanl\u00e4nda, samt ge viktig samh\u00e4llsinformation.<\/li>\n<li>n\u00e4r beslut som m\u00f6jligg\u00f6r detta fattats p\u00e5 nationell niv\u00e5 skall den utbildning (SFI och samh\u00e4llsorientering) som nyanl\u00e4nda erbjuds tidigarel\u00e4ggas s\u00e5 att den p\u00e5b\u00f6rjas redan under asyltiden och inte f\u00f6rst n\u00e4r den asyls\u00f6kande f\u00e5tt uppeh\u00e5llstillst\u00e5nd.<\/li>\n<li>krav inf\u00f6rs p\u00e5 att asyls\u00f6kande erh\u00e5ller och ska delta i 15 timmars spr\u00e5kutbildning och nio timmars samh\u00e4llsorientering per vecka. Begrepp som religionsfrihet, j\u00e4mst\u00e4lldhet och likabehandling ska vara en viktig del av undervisningen (kr\u00e4ver beslut p\u00e5 riksniv\u00e5 innan det kan inf\u00f6ras lokalt).<\/li>\n<li>kommunen ska uppmuntra och st\u00f6dja f\u00f6reningar som arbetar aktivt med att f\u00e5 med nyanl\u00e4nda i sina verksamheter.<\/li>\n<li>f\u00f6rs\u00f6rjningsst\u00f6d ska kombineras med aktivitetskrav.<\/li>\n<li>det lokala n\u00e4ringslivet ska uppmuntras att delta i mentorskapsprogram f\u00f6r nysvenskar som vill starta eget.<\/li>\n<li>nyanl\u00e4nda ska erbjudas starta eget-utbildning p\u00e5 hemspr\u00e5ket.<\/li>\n<\/ul>\n","protected":false},"excerpt":{"rendered":"<p>En vital samh\u00e4llsgemenskap inneb\u00e4r att medborgarna k\u00e4nner delaktighet och tar ansvar f\u00f6r sig sj\u00e4lv och f\u00f6r hela samh\u00e4llet. Delaktighet, tillit och ansvarstagande \u00e4r avg\u00f6rande f\u00f6r en god samh\u00e4llsgemenskap. Men fr\u00e5gan om samh\u00e4llsgemenskap kan inte reduceras till ett politiskt sakomr\u00e5de, utan f\u00f6ruts\u00e4tter ett helhetsperspektiv. Hur en kommun planl\u00e4ggs \u00e4r lika viktigt som de v\u00e4rden som f\u00f6rmedlas <a class=\"read-more-link\" href=\"https:\/\/wp.kristdemokraterna.se\/gnesta\/integration-och-samhallsgemenskap\/\">L\u00e4s mer<\/a><\/p>\n","protected":false},"author":974,"featured_media":714,"comment_status":"closed","ping_status":"closed","sticky":false,"template":"","format":"standard","meta":{"_acf_changed":false,"footnotes":""},"categories":[3],"tags":[],"class_list":["post-597","post","type-post","status-publish","format-standard","hentry","category-var-politik"],"acf":[],"yoast_head":"<!-- This site is optimized with the Yoast SEO plugin v27.5 - https:\/\/yoast.com\/product\/yoast-seo-wordpress\/ -->\n<title>Integration och samh\u00e4llsgemenskap - Kristdemokraterna | Gnesta<\/title>\n<meta name=\"robots\" content=\"index, follow, max-snippet:-1, max-image-preview:large, max-video-preview:-1\" \/>\n<link rel=\"canonical\" href=\"https:\/\/wp.kristdemokraterna.se\/gnesta\/integration-och-samhallsgemenskap\/\" \/>\n<meta property=\"og:locale\" content=\"sv_SE\" \/>\n<meta property=\"og:type\" content=\"article\" \/>\n<meta property=\"og:title\" content=\"Integration och samh\u00e4llsgemenskap - Kristdemokraterna | Gnesta\" \/>\n<meta property=\"og:description\" content=\"En vital samh\u00e4llsgemenskap inneb\u00e4r att medborgarna k\u00e4nner delaktighet och tar ansvar f\u00f6r sig sj\u00e4lv och f\u00f6r hela samh\u00e4llet. Delaktighet, tillit och ansvarstagande \u00e4r avg\u00f6rande f\u00f6r en god samh\u00e4llsgemenskap. Men fr\u00e5gan om samh\u00e4llsgemenskap kan inte reduceras till ett politiskt sakomr\u00e5de, utan f\u00f6ruts\u00e4tter ett helhetsperspektiv. Hur en kommun planl\u00e4ggs \u00e4r lika viktigt som de v\u00e4rden som f\u00f6rmedlas L\u00e4s mer\" \/>\n<meta property=\"og:url\" content=\"https:\/\/wp.kristdemokraterna.se\/gnesta\/integration-och-samhallsgemenskap\/\" \/>\n<meta property=\"og:site_name\" content=\"Kristdemokraterna | Gnesta\" \/>\n<meta property=\"article:published_time\" content=\"2022-02-08T12:01:16+00:00\" \/>\n<meta name=\"author\" content=\"Jonas \u00d6berg\" \/>\n<meta name=\"twitter:card\" content=\"summary_large_image\" \/>\n<meta name=\"twitter:label1\" content=\"Skriven av\" \/>\n\t<meta name=\"twitter:data1\" content=\"Jonas \u00d6berg\" \/>\n\t<meta name=\"twitter:label2\" content=\"Ber\u00e4knad l\u00e4stid\" \/>\n\t<meta name=\"twitter:data2\" content=\"2 minuter\" \/>\n<script type=\"application\/ld+json\" class=\"yoast-schema-graph\">{\"@context\":\"https:\\\/\\\/schema.org\",\"@graph\":[{\"@type\":\"Article\",\"@id\":\"https:\\\/\\\/wp.kristdemokraterna.se\\\/gnesta\\\/integration-och-samhallsgemenskap\\\/#article\",\"isPartOf\":{\"@id\":\"https:\\\/\\\/wp.kristdemokraterna.se\\\/gnesta\\\/integration-och-samhallsgemenskap\\\/\"},\"author\":{\"name\":\"Jonas \u00d6berg\",\"@id\":\"https:\\\/\\\/wp.kristdemokraterna.se\\\/gnesta\\\/#\\\/schema\\\/person\\\/fb52f73aba790dfb046189d553d0fce2\"},\"headline\":\"Integration och samh\u00e4llsgemenskap\",\"datePublished\":\"2022-02-08T12:01:16+00:00\",\"mainEntityOfPage\":{\"@id\":\"https:\\\/\\\/wp.kristdemokraterna.se\\\/gnesta\\\/integration-och-samhallsgemenskap\\\/\"},\"wordCount\":452,\"image\":{\"@id\":\"https:\\\/\\\/wp.kristdemokraterna.se\\\/gnesta\\\/integration-och-samhallsgemenskap\\\/#primaryimage\"},\"thumbnailUrl\":\"\",\"articleSection\":[\"V\u00e5r politik\"],\"inLanguage\":\"sv-SE\"},{\"@type\":\"WebPage\",\"@id\":\"https:\\\/\\\/wp.kristdemokraterna.se\\\/gnesta\\\/integration-och-samhallsgemenskap\\\/\",\"url\":\"https:\\\/\\\/wp.kristdemokraterna.se\\\/gnesta\\\/integration-och-samhallsgemenskap\\\/\",\"name\":\"Integration och samh\u00e4llsgemenskap - Kristdemokraterna | Gnesta\",\"isPartOf\":{\"@id\":\"https:\\\/\\\/wp.kristdemokraterna.se\\\/gnesta\\\/#website\"},\"primaryImageOfPage\":{\"@id\":\"https:\\\/\\\/wp.kristdemokraterna.se\\\/gnesta\\\/integration-och-samhallsgemenskap\\\/#primaryimage\"},\"image\":{\"@id\":\"https:\\\/\\\/wp.kristdemokraterna.se\\\/gnesta\\\/integration-och-samhallsgemenskap\\\/#primaryimage\"},\"thumbnailUrl\":\"\",\"datePublished\":\"2022-02-08T12:01:16+00:00\",\"author\":{\"@id\":\"https:\\\/\\\/wp.kristdemokraterna.se\\\/gnesta\\\/#\\\/schema\\\/person\\\/fb52f73aba790dfb046189d553d0fce2\"},\"breadcrumb\":{\"@id\":\"https:\\\/\\\/wp.kristdemokraterna.se\\\/gnesta\\\/integration-och-samhallsgemenskap\\\/#breadcrumb\"},\"inLanguage\":\"sv-SE\",\"potentialAction\":[{\"@type\":\"ReadAction\",\"target\":[\"https:\\\/\\\/wp.kristdemokraterna.se\\\/gnesta\\\/integration-och-samhallsgemenskap\\\/\"]}]},{\"@type\":\"ImageObject\",\"inLanguage\":\"sv-SE\",\"@id\":\"https:\\\/\\\/wp.kristdemokraterna.se\\\/gnesta\\\/integration-och-samhallsgemenskap\\\/#primaryimage\",\"url\":\"\",\"contentUrl\":\"\"},{\"@type\":\"BreadcrumbList\",\"@id\":\"https:\\\/\\\/wp.kristdemokraterna.se\\\/gnesta\\\/integration-och-samhallsgemenskap\\\/#breadcrumb\",\"itemListElement\":[{\"@type\":\"ListItem\",\"position\":1,\"name\":\"Hem\",\"item\":\"https:\\\/\\\/wp.kristdemokraterna.se\\\/gnesta\\\/\"},{\"@type\":\"ListItem\",\"position\":2,\"name\":\"Integration och samh\u00e4llsgemenskap\"}]},{\"@type\":\"WebSite\",\"@id\":\"https:\\\/\\\/wp.kristdemokraterna.se\\\/gnesta\\\/#website\",\"url\":\"https:\\\/\\\/wp.kristdemokraterna.se\\\/gnesta\\\/\",\"name\":\"Kristdemokraterna | Gnesta\",\"description\":\"Med k\u00e4nsla f\u00f6r Gnesta\",\"inLanguage\":\"sv-SE\"},{\"@type\":\"Person\",\"@id\":\"https:\\\/\\\/wp.kristdemokraterna.se\\\/gnesta\\\/#\\\/schema\\\/person\\\/fb52f73aba790dfb046189d553d0fce2\",\"name\":\"Jonas \u00d6berg\",\"image\":{\"@type\":\"ImageObject\",\"inLanguage\":\"sv-SE\",\"@id\":\"https:\\\/\\\/secure.gravatar.com\\\/avatar\\\/02ae8e9f1b03cc83dfbbe03f161c5d464d1ee9bcce564ccd313bb4ce22026939?s=96&d=mm&r=g\",\"url\":\"https:\\\/\\\/secure.gravatar.com\\\/avatar\\\/02ae8e9f1b03cc83dfbbe03f161c5d464d1ee9bcce564ccd313bb4ce22026939?s=96&d=mm&r=g\",\"contentUrl\":\"https:\\\/\\\/secure.gravatar.com\\\/avatar\\\/02ae8e9f1b03cc83dfbbe03f161c5d464d1ee9bcce564ccd313bb4ce22026939?s=96&d=mm&r=g\",\"caption\":\"Jonas \u00d6berg\"},\"url\":\"https:\\\/\\\/wp.kristdemokraterna.se\\\/gnesta\\\/author\\\/jonasgnesta\\\/\"}]}<\/script>\n<!-- \/ Yoast SEO plugin. -->","yoast_head_json":{"title":"Integration och samh\u00e4llsgemenskap - Kristdemokraterna | Gnesta","robots":{"index":"index","follow":"follow","max-snippet":"max-snippet:-1","max-image-preview":"max-image-preview:large","max-video-preview":"max-video-preview:-1"},"canonical":"https:\/\/wp.kristdemokraterna.se\/gnesta\/integration-och-samhallsgemenskap\/","og_locale":"sv_SE","og_type":"article","og_title":"Integration och samh\u00e4llsgemenskap - Kristdemokraterna | Gnesta","og_description":"En vital samh\u00e4llsgemenskap inneb\u00e4r att medborgarna k\u00e4nner delaktighet och tar ansvar f\u00f6r sig sj\u00e4lv och f\u00f6r hela samh\u00e4llet. Delaktighet, tillit och ansvarstagande \u00e4r avg\u00f6rande f\u00f6r en god samh\u00e4llsgemenskap. Men fr\u00e5gan om samh\u00e4llsgemenskap kan inte reduceras till ett politiskt sakomr\u00e5de, utan f\u00f6ruts\u00e4tter ett helhetsperspektiv. Hur en kommun planl\u00e4ggs \u00e4r lika viktigt som de v\u00e4rden som f\u00f6rmedlas L\u00e4s mer","og_url":"https:\/\/wp.kristdemokraterna.se\/gnesta\/integration-och-samhallsgemenskap\/","og_site_name":"Kristdemokraterna | Gnesta","article_published_time":"2022-02-08T12:01:16+00:00","author":"Jonas \u00d6berg","twitter_card":"summary_large_image","twitter_misc":{"Skriven av":"Jonas \u00d6berg","Ber\u00e4knad l\u00e4stid":"2 minuter"},"schema":{"@context":"https:\/\/schema.org","@graph":[{"@type":"Article","@id":"https:\/\/wp.kristdemokraterna.se\/gnesta\/integration-och-samhallsgemenskap\/#article","isPartOf":{"@id":"https:\/\/wp.kristdemokraterna.se\/gnesta\/integration-och-samhallsgemenskap\/"},"author":{"name":"Jonas \u00d6berg","@id":"https:\/\/wp.kristdemokraterna.se\/gnesta\/#\/schema\/person\/fb52f73aba790dfb046189d553d0fce2"},"headline":"Integration och samh\u00e4llsgemenskap","datePublished":"2022-02-08T12:01:16+00:00","mainEntityOfPage":{"@id":"https:\/\/wp.kristdemokraterna.se\/gnesta\/integration-och-samhallsgemenskap\/"},"wordCount":452,"image":{"@id":"https:\/\/wp.kristdemokraterna.se\/gnesta\/integration-och-samhallsgemenskap\/#primaryimage"},"thumbnailUrl":"","articleSection":["V\u00e5r politik"],"inLanguage":"sv-SE"},{"@type":"WebPage","@id":"https:\/\/wp.kristdemokraterna.se\/gnesta\/integration-och-samhallsgemenskap\/","url":"https:\/\/wp.kristdemokraterna.se\/gnesta\/integration-och-samhallsgemenskap\/","name":"Integration och samh\u00e4llsgemenskap - Kristdemokraterna | Gnesta","isPartOf":{"@id":"https:\/\/wp.kristdemokraterna.se\/gnesta\/#website"},"primaryImageOfPage":{"@id":"https:\/\/wp.kristdemokraterna.se\/gnesta\/integration-och-samhallsgemenskap\/#primaryimage"},"image":{"@id":"https:\/\/wp.kristdemokraterna.se\/gnesta\/integration-och-samhallsgemenskap\/#primaryimage"},"thumbnailUrl":"","datePublished":"2022-02-08T12:01:16+00:00","author":{"@id":"https:\/\/wp.kristdemokraterna.se\/gnesta\/#\/schema\/person\/fb52f73aba790dfb046189d553d0fce2"},"breadcrumb":{"@id":"https:\/\/wp.kristdemokraterna.se\/gnesta\/integration-och-samhallsgemenskap\/#breadcrumb"},"inLanguage":"sv-SE","potentialAction":[{"@type":"ReadAction","target":["https:\/\/wp.kristdemokraterna.se\/gnesta\/integration-och-samhallsgemenskap\/"]}]},{"@type":"ImageObject","inLanguage":"sv-SE","@id":"https:\/\/wp.kristdemokraterna.se\/gnesta\/integration-och-samhallsgemenskap\/#primaryimage","url":"","contentUrl":""},{"@type":"BreadcrumbList","@id":"https:\/\/wp.kristdemokraterna.se\/gnesta\/integration-och-samhallsgemenskap\/#breadcrumb","itemListElement":[{"@type":"ListItem","position":1,"name":"Hem","item":"https:\/\/wp.kristdemokraterna.se\/gnesta\/"},{"@type":"ListItem","position":2,"name":"Integration och samh\u00e4llsgemenskap"}]},{"@type":"WebSite","@id":"https:\/\/wp.kristdemokraterna.se\/gnesta\/#website","url":"https:\/\/wp.kristdemokraterna.se\/gnesta\/","name":"Kristdemokraterna | Gnesta","description":"Med k\u00e4nsla f\u00f6r Gnesta","inLanguage":"sv-SE"},{"@type":"Person","@id":"https:\/\/wp.kristdemokraterna.se\/gnesta\/#\/schema\/person\/fb52f73aba790dfb046189d553d0fce2","name":"Jonas \u00d6berg","image":{"@type":"ImageObject","inLanguage":"sv-SE","@id":"https:\/\/secure.gravatar.com\/avatar\/02ae8e9f1b03cc83dfbbe03f161c5d464d1ee9bcce564ccd313bb4ce22026939?s=96&d=mm&r=g","url":"https:\/\/secure.gravatar.com\/avatar\/02ae8e9f1b03cc83dfbbe03f161c5d464d1ee9bcce564ccd313bb4ce22026939?s=96&d=mm&r=g","contentUrl":"https:\/\/secure.gravatar.com\/avatar\/02ae8e9f1b03cc83dfbbe03f161c5d464d1ee9bcce564ccd313bb4ce22026939?s=96&d=mm&r=g","caption":"Jonas \u00d6berg"},"url":"https:\/\/wp.kristdemokraterna.se\/gnesta\/author\/jonasgnesta\/"}]}},"_links":{"self":[{"href":"https:\/\/wp.kristdemokraterna.se\/gnesta\/wp-json\/wp\/v2\/posts\/597","targetHints":{"allow":["GET"]}}],"collection":[{"href":"https:\/\/wp.kristdemokraterna.se\/gnesta\/wp-json\/wp\/v2\/posts"}],"about":[{"href":"https:\/\/wp.kristdemokraterna.se\/gnesta\/wp-json\/wp\/v2\/types\/post"}],"author":[{"embeddable":true,"href":"https:\/\/wp.kristdemokraterna.se\/gnesta\/wp-json\/wp\/v2\/users\/974"}],"replies":[{"embeddable":true,"href":"https:\/\/wp.kristdemokraterna.se\/gnesta\/wp-json\/wp\/v2\/comments?post=597"}],"version-history":[{"count":2,"href":"https:\/\/wp.kristdemokraterna.se\/gnesta\/wp-json\/wp\/v2\/posts\/597\/revisions"}],"predecessor-version":[{"id":600,"href":"https:\/\/wp.kristdemokraterna.se\/gnesta\/wp-json\/wp\/v2\/posts\/597\/revisions\/600"}],"wp:featuredmedia":[{"embeddable":true,"href":"https:\/\/wp.kristdemokraterna.se\/gnesta\/wp-json\/"}],"wp:attachment":[{"href":"https:\/\/wp.kristdemokraterna.se\/gnesta\/wp-json\/wp\/v2\/media?parent=597"}],"wp:term":[{"taxonomy":"category","embeddable":true,"href":"https:\/\/wp.kristdemokraterna.se\/gnesta\/wp-json\/wp\/v2\/categories?post=597"},{"taxonomy":"post_tag","embeddable":true,"href":"https:\/\/wp.kristdemokraterna.se\/gnesta\/wp-json\/wp\/v2\/tags?post=597"}],"curies":[{"name":"wp","href":"https:\/\/api.w.org\/{rel}","templated":true}]}}