{"id":601,"date":"2022-02-08T13:03:29","date_gmt":"2022-02-08T12:03:29","guid":{"rendered":"https:\/\/wp.kristdemokraterna.se\/gnesta\/?p=601"},"modified":"2022-02-08T13:03:29","modified_gmt":"2022-02-08T12:03:29","slug":"kultur-och-fritid","status":"publish","type":"post","link":"https:\/\/wp.kristdemokraterna.se\/gnesta\/kultur-och-fritid\/","title":{"rendered":"Kultur och fritid"},"content":{"rendered":"<p>Inv\u00e5narna i<em> Gnesta kommun <\/em>ska inte bara vilja bo h\u00e4r, de ska ocks\u00e5 vilja leva h\u00e4r. Detta f\u00f6ruts\u00e4tter att m\u00e4nniskans andliga, sj\u00e4lsliga och fysiska behov ges utrymme. Det \u00e4r inte kommunens sak att fastst\u00e4lla hur dessa behovs ska uttryckas och m\u00e4ttas, men det \u00e4r en politisk uppgift att skapa f\u00f6ruts\u00e4ttningarna. Oftast kan detta ske genom f\u00f6renings- och f\u00f6rsamlingslivet, det som vi kallar f\u00f6r civilsamh\u00e4llet. H\u00e4r uppst\u00e5r mellanm\u00e4nskliga relationer som ger oss grundf\u00f6ruts\u00e4ttningar f\u00f6r demokrati och medm\u00e4nsklighet.<\/p>\n<p>Kultur \u00e4r ocks\u00e5 en betydelsefull faktor f\u00f6r tillv\u00e4xt och utveckling. Ett rikt kulturliv och levande kulturmilj\u00f6 skapar attraktivitet och st\u00e4rker en kommuns destinationskraft.<\/p>\n<p>Ett samh\u00e4lle kan inte f\u00f6rneka de andliga, sj\u00e4lsliga och fysiska behoven eftersom det d\u00e4rmed skulle f\u00f6rneka sina medborgare. Genom ett rikt f\u00f6renings- och f\u00f6rsamlingsliv motverkas ensamheten i alla \u00e5ldrar och samh\u00e4llsgemenskapen fr\u00e4mjas.<\/p>\n<p>Barn som l\u00e4ser och deltar i kulturella verksamheter genom livet \u00e4r mer ben\u00e4gna att engagera sig f\u00f6r samh\u00e4llet och i l\u00e4gre grad hamna i utanf\u00f6rskap. Barns r\u00e4tt till kultur \u00e4r dessutom lagstadgad enligt Barnkonventionen. Kulturupplevelser \u00e4r viktiga f\u00f6r individens v\u00e4lf\u00e4rd och v\u00e4lbefinnande genom sin h\u00e4lsofr\u00e4mjande och rehabiliterande kraft. Tillg\u00e5ng till kultur bidrar till att skapa en meningsfull fritid och livskvalit\u00e9.<\/p>\n<p>&nbsp;<\/p>\n<p><strong>Kristdemokraterna i Gnesta kommun anser att: <\/strong><\/p>\n<ul>\n<li>civilsamh\u00e4llet, exempelvis idrottsf\u00f6reningar, studief\u00f6rbund, friluftsorganisationer, kyrkor, samfund och andra organisationer, ska ha en betydande roll i att bedriva kultur- och fritidsverksamhet.<\/li>\n<li>st\u00f6det till civilsamh\u00e4llet ska omformas s\u00e5 att f\u00f6reningar f\u00e5r ett st\u00f6rre grundst\u00f6d (icke \u00f6ronm\u00e4rkta pengar) och mindre verksamhetsbidrag eller projektst\u00f6d. Det uppmuntrar f\u00f6reningarna att anv\u00e4nda det kommunala st\u00f6det p\u00e5 s\u00e5 s\u00e4tt som passar verksamheten b\u00e4st.<\/li>\n<li>organisationer som inte st\u00e5r upp f\u00f6r demokrati och m\u00e4nskliga r\u00e4ttigheter ska inte kunna erh\u00e5lla kommunalt st\u00f6d.<\/li>\n<li>musikskolan\/kulturskolan ska vara en prioriterad del i kommunens barn- och ungdomsverksamhet med ambitionen att fler barn och unga ska n\u00e5s av verksamheten.<\/li>\n<li>kommunen ska inf\u00f6ra ett fritidskort till alla barn mellan \u00e5rskurs 2 och 9, laddat med ett ekonomiskt st\u00f6d f\u00f6r deltagaravgifter i f\u00f6reningslivet respektive kulturskolan.<\/li>\n<li>kultur ska erbjudas p\u00e5 \u00e4ldreboenden i samverkan med kulturinstitutioner och civilsamh\u00e4lle.<\/li>\n<li>ett regelverk ska utarbetas som m\u00f6jligg\u00f6r samverkan med ideella organisationer och sociala f\u00f6retag genom IOP.<\/li>\n<\/ul>\n","protected":false},"excerpt":{"rendered":"<p>Inv\u00e5narna i Gnesta kommun ska inte bara vilja bo h\u00e4r, de ska ocks\u00e5 vilja leva h\u00e4r. Detta f\u00f6ruts\u00e4tter att m\u00e4nniskans andliga, sj\u00e4lsliga och fysiska behov ges utrymme. Det \u00e4r inte kommunens sak att fastst\u00e4lla hur dessa behovs ska uttryckas och m\u00e4ttas, men det \u00e4r en politisk uppgift att skapa f\u00f6ruts\u00e4ttningarna. Oftast kan detta ske genom <a class=\"read-more-link\" href=\"https:\/\/wp.kristdemokraterna.se\/gnesta\/kultur-och-fritid\/\">L\u00e4s mer<\/a><\/p>\n","protected":false},"author":974,"featured_media":714,"comment_status":"closed","ping_status":"closed","sticky":false,"template":"","format":"standard","meta":{"_acf_changed":false,"footnotes":""},"categories":[3],"tags":[],"class_list":["post-601","post","type-post","status-publish","format-standard","hentry","category-var-politik"],"acf":[],"yoast_head":"<!-- This site is optimized with the Yoast SEO plugin v27.5 - https:\/\/yoast.com\/product\/yoast-seo-wordpress\/ -->\n<title>Kultur och fritid - Kristdemokraterna | Gnesta<\/title>\n<meta name=\"robots\" content=\"index, follow, max-snippet:-1, max-image-preview:large, max-video-preview:-1\" \/>\n<link rel=\"canonical\" href=\"https:\/\/wp.kristdemokraterna.se\/gnesta\/kultur-och-fritid\/\" \/>\n<meta property=\"og:locale\" content=\"sv_SE\" \/>\n<meta property=\"og:type\" content=\"article\" \/>\n<meta property=\"og:title\" content=\"Kultur och fritid - Kristdemokraterna | Gnesta\" \/>\n<meta property=\"og:description\" content=\"Inv\u00e5narna i Gnesta kommun ska inte bara vilja bo h\u00e4r, de ska ocks\u00e5 vilja leva h\u00e4r. Detta f\u00f6ruts\u00e4tter att m\u00e4nniskans andliga, sj\u00e4lsliga och fysiska behov ges utrymme. Det \u00e4r inte kommunens sak att fastst\u00e4lla hur dessa behovs ska uttryckas och m\u00e4ttas, men det \u00e4r en politisk uppgift att skapa f\u00f6ruts\u00e4ttningarna. Oftast kan detta ske genom L\u00e4s mer\" \/>\n<meta property=\"og:url\" content=\"https:\/\/wp.kristdemokraterna.se\/gnesta\/kultur-och-fritid\/\" \/>\n<meta property=\"og:site_name\" content=\"Kristdemokraterna | Gnesta\" \/>\n<meta property=\"article:published_time\" content=\"2022-02-08T12:03:29+00:00\" \/>\n<meta name=\"author\" content=\"Jonas \u00d6berg\" \/>\n<meta name=\"twitter:card\" content=\"summary_large_image\" \/>\n<meta name=\"twitter:label1\" content=\"Skriven av\" \/>\n\t<meta name=\"twitter:data1\" content=\"Jonas \u00d6berg\" \/>\n\t<meta name=\"twitter:label2\" content=\"Ber\u00e4knad l\u00e4stid\" \/>\n\t<meta name=\"twitter:data2\" content=\"2 minuter\" \/>\n<script type=\"application\/ld+json\" class=\"yoast-schema-graph\">{\"@context\":\"https:\\\/\\\/schema.org\",\"@graph\":[{\"@type\":\"Article\",\"@id\":\"https:\\\/\\\/wp.kristdemokraterna.se\\\/gnesta\\\/kultur-och-fritid\\\/#article\",\"isPartOf\":{\"@id\":\"https:\\\/\\\/wp.kristdemokraterna.se\\\/gnesta\\\/kultur-och-fritid\\\/\"},\"author\":{\"name\":\"Jonas \u00d6berg\",\"@id\":\"https:\\\/\\\/wp.kristdemokraterna.se\\\/gnesta\\\/#\\\/schema\\\/person\\\/fb52f73aba790dfb046189d553d0fce2\"},\"headline\":\"Kultur och fritid\",\"datePublished\":\"2022-02-08T12:03:29+00:00\",\"mainEntityOfPage\":{\"@id\":\"https:\\\/\\\/wp.kristdemokraterna.se\\\/gnesta\\\/kultur-och-fritid\\\/\"},\"wordCount\":423,\"image\":{\"@id\":\"https:\\\/\\\/wp.kristdemokraterna.se\\\/gnesta\\\/kultur-och-fritid\\\/#primaryimage\"},\"thumbnailUrl\":\"\",\"articleSection\":[\"V\u00e5r politik\"],\"inLanguage\":\"sv-SE\"},{\"@type\":\"WebPage\",\"@id\":\"https:\\\/\\\/wp.kristdemokraterna.se\\\/gnesta\\\/kultur-och-fritid\\\/\",\"url\":\"https:\\\/\\\/wp.kristdemokraterna.se\\\/gnesta\\\/kultur-och-fritid\\\/\",\"name\":\"Kultur och fritid - Kristdemokraterna | Gnesta\",\"isPartOf\":{\"@id\":\"https:\\\/\\\/wp.kristdemokraterna.se\\\/gnesta\\\/#website\"},\"primaryImageOfPage\":{\"@id\":\"https:\\\/\\\/wp.kristdemokraterna.se\\\/gnesta\\\/kultur-och-fritid\\\/#primaryimage\"},\"image\":{\"@id\":\"https:\\\/\\\/wp.kristdemokraterna.se\\\/gnesta\\\/kultur-och-fritid\\\/#primaryimage\"},\"thumbnailUrl\":\"\",\"datePublished\":\"2022-02-08T12:03:29+00:00\",\"author\":{\"@id\":\"https:\\\/\\\/wp.kristdemokraterna.se\\\/gnesta\\\/#\\\/schema\\\/person\\\/fb52f73aba790dfb046189d553d0fce2\"},\"breadcrumb\":{\"@id\":\"https:\\\/\\\/wp.kristdemokraterna.se\\\/gnesta\\\/kultur-och-fritid\\\/#breadcrumb\"},\"inLanguage\":\"sv-SE\",\"potentialAction\":[{\"@type\":\"ReadAction\",\"target\":[\"https:\\\/\\\/wp.kristdemokraterna.se\\\/gnesta\\\/kultur-och-fritid\\\/\"]}]},{\"@type\":\"ImageObject\",\"inLanguage\":\"sv-SE\",\"@id\":\"https:\\\/\\\/wp.kristdemokraterna.se\\\/gnesta\\\/kultur-och-fritid\\\/#primaryimage\",\"url\":\"\",\"contentUrl\":\"\"},{\"@type\":\"BreadcrumbList\",\"@id\":\"https:\\\/\\\/wp.kristdemokraterna.se\\\/gnesta\\\/kultur-och-fritid\\\/#breadcrumb\",\"itemListElement\":[{\"@type\":\"ListItem\",\"position\":1,\"name\":\"Hem\",\"item\":\"https:\\\/\\\/wp.kristdemokraterna.se\\\/gnesta\\\/\"},{\"@type\":\"ListItem\",\"position\":2,\"name\":\"Kultur och fritid\"}]},{\"@type\":\"WebSite\",\"@id\":\"https:\\\/\\\/wp.kristdemokraterna.se\\\/gnesta\\\/#website\",\"url\":\"https:\\\/\\\/wp.kristdemokraterna.se\\\/gnesta\\\/\",\"name\":\"Kristdemokraterna | Gnesta\",\"description\":\"Med k\u00e4nsla f\u00f6r Gnesta\",\"inLanguage\":\"sv-SE\"},{\"@type\":\"Person\",\"@id\":\"https:\\\/\\\/wp.kristdemokraterna.se\\\/gnesta\\\/#\\\/schema\\\/person\\\/fb52f73aba790dfb046189d553d0fce2\",\"name\":\"Jonas \u00d6berg\",\"image\":{\"@type\":\"ImageObject\",\"inLanguage\":\"sv-SE\",\"@id\":\"https:\\\/\\\/secure.gravatar.com\\\/avatar\\\/02ae8e9f1b03cc83dfbbe03f161c5d464d1ee9bcce564ccd313bb4ce22026939?s=96&d=mm&r=g\",\"url\":\"https:\\\/\\\/secure.gravatar.com\\\/avatar\\\/02ae8e9f1b03cc83dfbbe03f161c5d464d1ee9bcce564ccd313bb4ce22026939?s=96&d=mm&r=g\",\"contentUrl\":\"https:\\\/\\\/secure.gravatar.com\\\/avatar\\\/02ae8e9f1b03cc83dfbbe03f161c5d464d1ee9bcce564ccd313bb4ce22026939?s=96&d=mm&r=g\",\"caption\":\"Jonas \u00d6berg\"},\"url\":\"https:\\\/\\\/wp.kristdemokraterna.se\\\/gnesta\\\/author\\\/jonasgnesta\\\/\"}]}<\/script>\n<!-- \/ Yoast SEO plugin. -->","yoast_head_json":{"title":"Kultur och fritid - Kristdemokraterna | Gnesta","robots":{"index":"index","follow":"follow","max-snippet":"max-snippet:-1","max-image-preview":"max-image-preview:large","max-video-preview":"max-video-preview:-1"},"canonical":"https:\/\/wp.kristdemokraterna.se\/gnesta\/kultur-och-fritid\/","og_locale":"sv_SE","og_type":"article","og_title":"Kultur och fritid - Kristdemokraterna | Gnesta","og_description":"Inv\u00e5narna i Gnesta kommun ska inte bara vilja bo h\u00e4r, de ska ocks\u00e5 vilja leva h\u00e4r. Detta f\u00f6ruts\u00e4tter att m\u00e4nniskans andliga, sj\u00e4lsliga och fysiska behov ges utrymme. Det \u00e4r inte kommunens sak att fastst\u00e4lla hur dessa behovs ska uttryckas och m\u00e4ttas, men det \u00e4r en politisk uppgift att skapa f\u00f6ruts\u00e4ttningarna. Oftast kan detta ske genom L\u00e4s mer","og_url":"https:\/\/wp.kristdemokraterna.se\/gnesta\/kultur-och-fritid\/","og_site_name":"Kristdemokraterna | Gnesta","article_published_time":"2022-02-08T12:03:29+00:00","author":"Jonas \u00d6berg","twitter_card":"summary_large_image","twitter_misc":{"Skriven av":"Jonas \u00d6berg","Ber\u00e4knad l\u00e4stid":"2 minuter"},"schema":{"@context":"https:\/\/schema.org","@graph":[{"@type":"Article","@id":"https:\/\/wp.kristdemokraterna.se\/gnesta\/kultur-och-fritid\/#article","isPartOf":{"@id":"https:\/\/wp.kristdemokraterna.se\/gnesta\/kultur-och-fritid\/"},"author":{"name":"Jonas \u00d6berg","@id":"https:\/\/wp.kristdemokraterna.se\/gnesta\/#\/schema\/person\/fb52f73aba790dfb046189d553d0fce2"},"headline":"Kultur och fritid","datePublished":"2022-02-08T12:03:29+00:00","mainEntityOfPage":{"@id":"https:\/\/wp.kristdemokraterna.se\/gnesta\/kultur-och-fritid\/"},"wordCount":423,"image":{"@id":"https:\/\/wp.kristdemokraterna.se\/gnesta\/kultur-och-fritid\/#primaryimage"},"thumbnailUrl":"","articleSection":["V\u00e5r politik"],"inLanguage":"sv-SE"},{"@type":"WebPage","@id":"https:\/\/wp.kristdemokraterna.se\/gnesta\/kultur-och-fritid\/","url":"https:\/\/wp.kristdemokraterna.se\/gnesta\/kultur-och-fritid\/","name":"Kultur och fritid - Kristdemokraterna | Gnesta","isPartOf":{"@id":"https:\/\/wp.kristdemokraterna.se\/gnesta\/#website"},"primaryImageOfPage":{"@id":"https:\/\/wp.kristdemokraterna.se\/gnesta\/kultur-och-fritid\/#primaryimage"},"image":{"@id":"https:\/\/wp.kristdemokraterna.se\/gnesta\/kultur-och-fritid\/#primaryimage"},"thumbnailUrl":"","datePublished":"2022-02-08T12:03:29+00:00","author":{"@id":"https:\/\/wp.kristdemokraterna.se\/gnesta\/#\/schema\/person\/fb52f73aba790dfb046189d553d0fce2"},"breadcrumb":{"@id":"https:\/\/wp.kristdemokraterna.se\/gnesta\/kultur-och-fritid\/#breadcrumb"},"inLanguage":"sv-SE","potentialAction":[{"@type":"ReadAction","target":["https:\/\/wp.kristdemokraterna.se\/gnesta\/kultur-och-fritid\/"]}]},{"@type":"ImageObject","inLanguage":"sv-SE","@id":"https:\/\/wp.kristdemokraterna.se\/gnesta\/kultur-och-fritid\/#primaryimage","url":"","contentUrl":""},{"@type":"BreadcrumbList","@id":"https:\/\/wp.kristdemokraterna.se\/gnesta\/kultur-och-fritid\/#breadcrumb","itemListElement":[{"@type":"ListItem","position":1,"name":"Hem","item":"https:\/\/wp.kristdemokraterna.se\/gnesta\/"},{"@type":"ListItem","position":2,"name":"Kultur och fritid"}]},{"@type":"WebSite","@id":"https:\/\/wp.kristdemokraterna.se\/gnesta\/#website","url":"https:\/\/wp.kristdemokraterna.se\/gnesta\/","name":"Kristdemokraterna | Gnesta","description":"Med k\u00e4nsla f\u00f6r Gnesta","inLanguage":"sv-SE"},{"@type":"Person","@id":"https:\/\/wp.kristdemokraterna.se\/gnesta\/#\/schema\/person\/fb52f73aba790dfb046189d553d0fce2","name":"Jonas \u00d6berg","image":{"@type":"ImageObject","inLanguage":"sv-SE","@id":"https:\/\/secure.gravatar.com\/avatar\/02ae8e9f1b03cc83dfbbe03f161c5d464d1ee9bcce564ccd313bb4ce22026939?s=96&d=mm&r=g","url":"https:\/\/secure.gravatar.com\/avatar\/02ae8e9f1b03cc83dfbbe03f161c5d464d1ee9bcce564ccd313bb4ce22026939?s=96&d=mm&r=g","contentUrl":"https:\/\/secure.gravatar.com\/avatar\/02ae8e9f1b03cc83dfbbe03f161c5d464d1ee9bcce564ccd313bb4ce22026939?s=96&d=mm&r=g","caption":"Jonas \u00d6berg"},"url":"https:\/\/wp.kristdemokraterna.se\/gnesta\/author\/jonasgnesta\/"}]}},"_links":{"self":[{"href":"https:\/\/wp.kristdemokraterna.se\/gnesta\/wp-json\/wp\/v2\/posts\/601","targetHints":{"allow":["GET"]}}],"collection":[{"href":"https:\/\/wp.kristdemokraterna.se\/gnesta\/wp-json\/wp\/v2\/posts"}],"about":[{"href":"https:\/\/wp.kristdemokraterna.se\/gnesta\/wp-json\/wp\/v2\/types\/post"}],"author":[{"embeddable":true,"href":"https:\/\/wp.kristdemokraterna.se\/gnesta\/wp-json\/wp\/v2\/users\/974"}],"replies":[{"embeddable":true,"href":"https:\/\/wp.kristdemokraterna.se\/gnesta\/wp-json\/wp\/v2\/comments?post=601"}],"version-history":[{"count":1,"href":"https:\/\/wp.kristdemokraterna.se\/gnesta\/wp-json\/wp\/v2\/posts\/601\/revisions"}],"predecessor-version":[{"id":603,"href":"https:\/\/wp.kristdemokraterna.se\/gnesta\/wp-json\/wp\/v2\/posts\/601\/revisions\/603"}],"wp:featuredmedia":[{"embeddable":true,"href":"https:\/\/wp.kristdemokraterna.se\/gnesta\/wp-json\/"}],"wp:attachment":[{"href":"https:\/\/wp.kristdemokraterna.se\/gnesta\/wp-json\/wp\/v2\/media?parent=601"}],"wp:term":[{"taxonomy":"category","embeddable":true,"href":"https:\/\/wp.kristdemokraterna.se\/gnesta\/wp-json\/wp\/v2\/categories?post=601"},{"taxonomy":"post_tag","embeddable":true,"href":"https:\/\/wp.kristdemokraterna.se\/gnesta\/wp-json\/wp\/v2\/tags?post=601"}],"curies":[{"name":"wp","href":"https:\/\/api.w.org\/{rel}","templated":true}]}}