{"id":607,"date":"2022-02-08T13:08:28","date_gmt":"2022-02-08T12:08:28","guid":{"rendered":"https:\/\/wp.kristdemokraterna.se\/gnesta\/?p=607"},"modified":"2022-02-08T13:08:28","modified_gmt":"2022-02-08T12:08:28","slug":"jobb-och-naringsliv","status":"publish","type":"post","link":"https:\/\/wp.kristdemokraterna.se\/gnesta\/jobb-och-naringsliv\/","title":{"rendered":"Jobb och n\u00e4ringsliv"},"content":{"rendered":"<p>M\u00f6jligheterna f\u00f6r politiker att skapa jobb \u00e4r h\u00f6gst begr\u00e4nsade, d\u00e4remot kan vi bidra till att det blir l\u00e4ttare att driva f\u00f6retag. En kommun med v\u00e4lm\u00e5ende och framg\u00e5ngsrika f\u00f6retag har l\u00e4gre arbetsl\u00f6shet, h\u00f6gre tillv\u00e4xt och b\u00e4ttre f\u00f6ruts\u00e4ttningar att finansiera v\u00e4lf\u00e4rden. Den politiska ledningen har ett \u00f6vergripande ansvar att f\u00f6rb\u00e4ttra attityderna till f\u00f6retagande och skapa en f\u00f6rst\u00e5else f\u00f6r f\u00f6retagens situation och behov. Vi \u00e4r \u00e4ven beroende av ett v\u00e4lfungerande och flexibelt utbildningssystem d\u00e4r m\u00e4nniskor i olika faser av livet kan utveckla sin kompetens.<\/p>\n<p>Alla ska ha r\u00e4tt att jobba hundra procent av sin f\u00f6rm\u00e5ga men alltf\u00f6r m\u00e5nga f\u00e5r inte komma till sin fulla potential. Det r\u00f6r sig framf\u00f6rallt om personer med oh\u00e4lsa eller funktionsneds\u00e4ttningar och personer med otillr\u00e4cklig kompetens. D\u00e4rtill finns idag en stor grupp f\u00f6rh\u00e5llandevis nyanl\u00e4nda som riskerar att hamna i l\u00e5ngvarigt utanf\u00f6rskap om man inte kommer in p\u00e5 arbetsmarknaden. Samtidigt finns det brist p\u00e5 arbetskraft inom m\u00e5nga omr\u00e5den. H\u00e4r beh\u00f6ver kommunen i samverkan med arbetsf\u00f6rmedling och f\u00f6retag f\u00f6rb\u00e4ttra sitt matchningsarbete.<\/p>\n<p><strong>Kristdemokraterna i Gnesta kommun anser att:<\/strong><\/p>\n<ul>\n<li>det ska tas fram en policy mot osund konkurrens fr\u00e5n kommunalt driven verksamhet.<\/li>\n<li>de offentliga upphandlingarna ska f\u00f6renklas genom mindre detaljstyrda upphandlingar och f\u00f6renklade f\u00f6rfr\u00e5gningsunderlag.<\/li>\n<li>det ska st\u00e4llas krav p\u00e5 kvalitet i upphandlingarna och det ska g\u00e5 att f\u00f6lja upp vilken kvalitet som levereras s\u00e5 att kommunen\/regionen kan s\u00e4kerst\u00e4lla att r\u00e4tt pris och kvalitet alltid uppn\u00e5s.<\/li>\n<li>utmaningsr\u00e4tt och Lagen om valfrihetssystem (LOV) ska till\u00e4mpas f\u00f6r att \u00f6ka m\u00e5ngfalden av utf\u00f6rare inom olika kommunala verksamheter.<\/li>\n<\/ul>\n","protected":false},"excerpt":{"rendered":"<p>M\u00f6jligheterna f\u00f6r politiker att skapa jobb \u00e4r h\u00f6gst begr\u00e4nsade, d\u00e4remot kan vi bidra till att det blir l\u00e4ttare att driva f\u00f6retag. En kommun med v\u00e4lm\u00e5ende och framg\u00e5ngsrika f\u00f6retag har l\u00e4gre arbetsl\u00f6shet, h\u00f6gre tillv\u00e4xt och b\u00e4ttre f\u00f6ruts\u00e4ttningar att finansiera v\u00e4lf\u00e4rden. Den politiska ledningen har ett \u00f6vergripande ansvar att f\u00f6rb\u00e4ttra attityderna till f\u00f6retagande och skapa en f\u00f6rst\u00e5else <a class=\"read-more-link\" href=\"https:\/\/wp.kristdemokraterna.se\/gnesta\/jobb-och-naringsliv\/\">L\u00e4s mer<\/a><\/p>\n","protected":false},"author":974,"featured_media":714,"comment_status":"closed","ping_status":"closed","sticky":false,"template":"","format":"standard","meta":{"_acf_changed":false,"footnotes":""},"categories":[3],"tags":[],"class_list":["post-607","post","type-post","status-publish","format-standard","hentry","category-var-politik"],"acf":[],"yoast_head":"<!-- This site is optimized with the Yoast SEO plugin v27.5 - https:\/\/yoast.com\/product\/yoast-seo-wordpress\/ -->\n<title>Jobb och n\u00e4ringsliv - Kristdemokraterna | Gnesta<\/title>\n<meta name=\"robots\" content=\"index, follow, max-snippet:-1, max-image-preview:large, max-video-preview:-1\" \/>\n<link rel=\"canonical\" href=\"https:\/\/wp.kristdemokraterna.se\/gnesta\/jobb-och-naringsliv\/\" \/>\n<meta property=\"og:locale\" content=\"sv_SE\" \/>\n<meta property=\"og:type\" content=\"article\" \/>\n<meta property=\"og:title\" content=\"Jobb och n\u00e4ringsliv - Kristdemokraterna | Gnesta\" \/>\n<meta property=\"og:description\" content=\"M\u00f6jligheterna f\u00f6r politiker att skapa jobb \u00e4r h\u00f6gst begr\u00e4nsade, d\u00e4remot kan vi bidra till att det blir l\u00e4ttare att driva f\u00f6retag. En kommun med v\u00e4lm\u00e5ende och framg\u00e5ngsrika f\u00f6retag har l\u00e4gre arbetsl\u00f6shet, h\u00f6gre tillv\u00e4xt och b\u00e4ttre f\u00f6ruts\u00e4ttningar att finansiera v\u00e4lf\u00e4rden. Den politiska ledningen har ett \u00f6vergripande ansvar att f\u00f6rb\u00e4ttra attityderna till f\u00f6retagande och skapa en f\u00f6rst\u00e5else L\u00e4s mer\" \/>\n<meta property=\"og:url\" content=\"https:\/\/wp.kristdemokraterna.se\/gnesta\/jobb-och-naringsliv\/\" \/>\n<meta property=\"og:site_name\" content=\"Kristdemokraterna | Gnesta\" \/>\n<meta property=\"article:published_time\" content=\"2022-02-08T12:08:28+00:00\" \/>\n<meta name=\"author\" content=\"Jonas \u00d6berg\" \/>\n<meta name=\"twitter:card\" content=\"summary_large_image\" \/>\n<meta name=\"twitter:label1\" content=\"Skriven av\" \/>\n\t<meta name=\"twitter:data1\" content=\"Jonas \u00d6berg\" \/>\n\t<meta name=\"twitter:label2\" content=\"Ber\u00e4knad l\u00e4stid\" \/>\n\t<meta name=\"twitter:data2\" content=\"2 minuter\" \/>\n<script type=\"application\/ld+json\" class=\"yoast-schema-graph\">{\"@context\":\"https:\\\/\\\/schema.org\",\"@graph\":[{\"@type\":\"Article\",\"@id\":\"https:\\\/\\\/wp.kristdemokraterna.se\\\/gnesta\\\/jobb-och-naringsliv\\\/#article\",\"isPartOf\":{\"@id\":\"https:\\\/\\\/wp.kristdemokraterna.se\\\/gnesta\\\/jobb-och-naringsliv\\\/\"},\"author\":{\"name\":\"Jonas \u00d6berg\",\"@id\":\"https:\\\/\\\/wp.kristdemokraterna.se\\\/gnesta\\\/#\\\/schema\\\/person\\\/fb52f73aba790dfb046189d553d0fce2\"},\"headline\":\"Jobb och n\u00e4ringsliv\",\"datePublished\":\"2022-02-08T12:08:28+00:00\",\"mainEntityOfPage\":{\"@id\":\"https:\\\/\\\/wp.kristdemokraterna.se\\\/gnesta\\\/jobb-och-naringsliv\\\/\"},\"wordCount\":316,\"image\":{\"@id\":\"https:\\\/\\\/wp.kristdemokraterna.se\\\/gnesta\\\/jobb-och-naringsliv\\\/#primaryimage\"},\"thumbnailUrl\":\"\",\"articleSection\":[\"V\u00e5r politik\"],\"inLanguage\":\"sv-SE\"},{\"@type\":\"WebPage\",\"@id\":\"https:\\\/\\\/wp.kristdemokraterna.se\\\/gnesta\\\/jobb-och-naringsliv\\\/\",\"url\":\"https:\\\/\\\/wp.kristdemokraterna.se\\\/gnesta\\\/jobb-och-naringsliv\\\/\",\"name\":\"Jobb och n\u00e4ringsliv - Kristdemokraterna | Gnesta\",\"isPartOf\":{\"@id\":\"https:\\\/\\\/wp.kristdemokraterna.se\\\/gnesta\\\/#website\"},\"primaryImageOfPage\":{\"@id\":\"https:\\\/\\\/wp.kristdemokraterna.se\\\/gnesta\\\/jobb-och-naringsliv\\\/#primaryimage\"},\"image\":{\"@id\":\"https:\\\/\\\/wp.kristdemokraterna.se\\\/gnesta\\\/jobb-och-naringsliv\\\/#primaryimage\"},\"thumbnailUrl\":\"\",\"datePublished\":\"2022-02-08T12:08:28+00:00\",\"author\":{\"@id\":\"https:\\\/\\\/wp.kristdemokraterna.se\\\/gnesta\\\/#\\\/schema\\\/person\\\/fb52f73aba790dfb046189d553d0fce2\"},\"breadcrumb\":{\"@id\":\"https:\\\/\\\/wp.kristdemokraterna.se\\\/gnesta\\\/jobb-och-naringsliv\\\/#breadcrumb\"},\"inLanguage\":\"sv-SE\",\"potentialAction\":[{\"@type\":\"ReadAction\",\"target\":[\"https:\\\/\\\/wp.kristdemokraterna.se\\\/gnesta\\\/jobb-och-naringsliv\\\/\"]}]},{\"@type\":\"ImageObject\",\"inLanguage\":\"sv-SE\",\"@id\":\"https:\\\/\\\/wp.kristdemokraterna.se\\\/gnesta\\\/jobb-och-naringsliv\\\/#primaryimage\",\"url\":\"\",\"contentUrl\":\"\"},{\"@type\":\"BreadcrumbList\",\"@id\":\"https:\\\/\\\/wp.kristdemokraterna.se\\\/gnesta\\\/jobb-och-naringsliv\\\/#breadcrumb\",\"itemListElement\":[{\"@type\":\"ListItem\",\"position\":1,\"name\":\"Hem\",\"item\":\"https:\\\/\\\/wp.kristdemokraterna.se\\\/gnesta\\\/\"},{\"@type\":\"ListItem\",\"position\":2,\"name\":\"Jobb och n\u00e4ringsliv\"}]},{\"@type\":\"WebSite\",\"@id\":\"https:\\\/\\\/wp.kristdemokraterna.se\\\/gnesta\\\/#website\",\"url\":\"https:\\\/\\\/wp.kristdemokraterna.se\\\/gnesta\\\/\",\"name\":\"Kristdemokraterna | Gnesta\",\"description\":\"Med k\u00e4nsla f\u00f6r Gnesta\",\"inLanguage\":\"sv-SE\"},{\"@type\":\"Person\",\"@id\":\"https:\\\/\\\/wp.kristdemokraterna.se\\\/gnesta\\\/#\\\/schema\\\/person\\\/fb52f73aba790dfb046189d553d0fce2\",\"name\":\"Jonas \u00d6berg\",\"image\":{\"@type\":\"ImageObject\",\"inLanguage\":\"sv-SE\",\"@id\":\"https:\\\/\\\/secure.gravatar.com\\\/avatar\\\/02ae8e9f1b03cc83dfbbe03f161c5d464d1ee9bcce564ccd313bb4ce22026939?s=96&d=mm&r=g\",\"url\":\"https:\\\/\\\/secure.gravatar.com\\\/avatar\\\/02ae8e9f1b03cc83dfbbe03f161c5d464d1ee9bcce564ccd313bb4ce22026939?s=96&d=mm&r=g\",\"contentUrl\":\"https:\\\/\\\/secure.gravatar.com\\\/avatar\\\/02ae8e9f1b03cc83dfbbe03f161c5d464d1ee9bcce564ccd313bb4ce22026939?s=96&d=mm&r=g\",\"caption\":\"Jonas \u00d6berg\"},\"url\":\"https:\\\/\\\/wp.kristdemokraterna.se\\\/gnesta\\\/author\\\/jonasgnesta\\\/\"}]}<\/script>\n<!-- \/ Yoast SEO plugin. -->","yoast_head_json":{"title":"Jobb och n\u00e4ringsliv - Kristdemokraterna | Gnesta","robots":{"index":"index","follow":"follow","max-snippet":"max-snippet:-1","max-image-preview":"max-image-preview:large","max-video-preview":"max-video-preview:-1"},"canonical":"https:\/\/wp.kristdemokraterna.se\/gnesta\/jobb-och-naringsliv\/","og_locale":"sv_SE","og_type":"article","og_title":"Jobb och n\u00e4ringsliv - Kristdemokraterna | Gnesta","og_description":"M\u00f6jligheterna f\u00f6r politiker att skapa jobb \u00e4r h\u00f6gst begr\u00e4nsade, d\u00e4remot kan vi bidra till att det blir l\u00e4ttare att driva f\u00f6retag. En kommun med v\u00e4lm\u00e5ende och framg\u00e5ngsrika f\u00f6retag har l\u00e4gre arbetsl\u00f6shet, h\u00f6gre tillv\u00e4xt och b\u00e4ttre f\u00f6ruts\u00e4ttningar att finansiera v\u00e4lf\u00e4rden. Den politiska ledningen har ett \u00f6vergripande ansvar att f\u00f6rb\u00e4ttra attityderna till f\u00f6retagande och skapa en f\u00f6rst\u00e5else L\u00e4s mer","og_url":"https:\/\/wp.kristdemokraterna.se\/gnesta\/jobb-och-naringsliv\/","og_site_name":"Kristdemokraterna | Gnesta","article_published_time":"2022-02-08T12:08:28+00:00","author":"Jonas \u00d6berg","twitter_card":"summary_large_image","twitter_misc":{"Skriven av":"Jonas \u00d6berg","Ber\u00e4knad l\u00e4stid":"2 minuter"},"schema":{"@context":"https:\/\/schema.org","@graph":[{"@type":"Article","@id":"https:\/\/wp.kristdemokraterna.se\/gnesta\/jobb-och-naringsliv\/#article","isPartOf":{"@id":"https:\/\/wp.kristdemokraterna.se\/gnesta\/jobb-och-naringsliv\/"},"author":{"name":"Jonas \u00d6berg","@id":"https:\/\/wp.kristdemokraterna.se\/gnesta\/#\/schema\/person\/fb52f73aba790dfb046189d553d0fce2"},"headline":"Jobb och n\u00e4ringsliv","datePublished":"2022-02-08T12:08:28+00:00","mainEntityOfPage":{"@id":"https:\/\/wp.kristdemokraterna.se\/gnesta\/jobb-och-naringsliv\/"},"wordCount":316,"image":{"@id":"https:\/\/wp.kristdemokraterna.se\/gnesta\/jobb-och-naringsliv\/#primaryimage"},"thumbnailUrl":"","articleSection":["V\u00e5r politik"],"inLanguage":"sv-SE"},{"@type":"WebPage","@id":"https:\/\/wp.kristdemokraterna.se\/gnesta\/jobb-och-naringsliv\/","url":"https:\/\/wp.kristdemokraterna.se\/gnesta\/jobb-och-naringsliv\/","name":"Jobb och n\u00e4ringsliv - Kristdemokraterna | Gnesta","isPartOf":{"@id":"https:\/\/wp.kristdemokraterna.se\/gnesta\/#website"},"primaryImageOfPage":{"@id":"https:\/\/wp.kristdemokraterna.se\/gnesta\/jobb-och-naringsliv\/#primaryimage"},"image":{"@id":"https:\/\/wp.kristdemokraterna.se\/gnesta\/jobb-och-naringsliv\/#primaryimage"},"thumbnailUrl":"","datePublished":"2022-02-08T12:08:28+00:00","author":{"@id":"https:\/\/wp.kristdemokraterna.se\/gnesta\/#\/schema\/person\/fb52f73aba790dfb046189d553d0fce2"},"breadcrumb":{"@id":"https:\/\/wp.kristdemokraterna.se\/gnesta\/jobb-och-naringsliv\/#breadcrumb"},"inLanguage":"sv-SE","potentialAction":[{"@type":"ReadAction","target":["https:\/\/wp.kristdemokraterna.se\/gnesta\/jobb-och-naringsliv\/"]}]},{"@type":"ImageObject","inLanguage":"sv-SE","@id":"https:\/\/wp.kristdemokraterna.se\/gnesta\/jobb-och-naringsliv\/#primaryimage","url":"","contentUrl":""},{"@type":"BreadcrumbList","@id":"https:\/\/wp.kristdemokraterna.se\/gnesta\/jobb-och-naringsliv\/#breadcrumb","itemListElement":[{"@type":"ListItem","position":1,"name":"Hem","item":"https:\/\/wp.kristdemokraterna.se\/gnesta\/"},{"@type":"ListItem","position":2,"name":"Jobb och n\u00e4ringsliv"}]},{"@type":"WebSite","@id":"https:\/\/wp.kristdemokraterna.se\/gnesta\/#website","url":"https:\/\/wp.kristdemokraterna.se\/gnesta\/","name":"Kristdemokraterna | Gnesta","description":"Med k\u00e4nsla f\u00f6r Gnesta","inLanguage":"sv-SE"},{"@type":"Person","@id":"https:\/\/wp.kristdemokraterna.se\/gnesta\/#\/schema\/person\/fb52f73aba790dfb046189d553d0fce2","name":"Jonas \u00d6berg","image":{"@type":"ImageObject","inLanguage":"sv-SE","@id":"https:\/\/secure.gravatar.com\/avatar\/02ae8e9f1b03cc83dfbbe03f161c5d464d1ee9bcce564ccd313bb4ce22026939?s=96&d=mm&r=g","url":"https:\/\/secure.gravatar.com\/avatar\/02ae8e9f1b03cc83dfbbe03f161c5d464d1ee9bcce564ccd313bb4ce22026939?s=96&d=mm&r=g","contentUrl":"https:\/\/secure.gravatar.com\/avatar\/02ae8e9f1b03cc83dfbbe03f161c5d464d1ee9bcce564ccd313bb4ce22026939?s=96&d=mm&r=g","caption":"Jonas \u00d6berg"},"url":"https:\/\/wp.kristdemokraterna.se\/gnesta\/author\/jonasgnesta\/"}]}},"_links":{"self":[{"href":"https:\/\/wp.kristdemokraterna.se\/gnesta\/wp-json\/wp\/v2\/posts\/607","targetHints":{"allow":["GET"]}}],"collection":[{"href":"https:\/\/wp.kristdemokraterna.se\/gnesta\/wp-json\/wp\/v2\/posts"}],"about":[{"href":"https:\/\/wp.kristdemokraterna.se\/gnesta\/wp-json\/wp\/v2\/types\/post"}],"author":[{"embeddable":true,"href":"https:\/\/wp.kristdemokraterna.se\/gnesta\/wp-json\/wp\/v2\/users\/974"}],"replies":[{"embeddable":true,"href":"https:\/\/wp.kristdemokraterna.se\/gnesta\/wp-json\/wp\/v2\/comments?post=607"}],"version-history":[{"count":1,"href":"https:\/\/wp.kristdemokraterna.se\/gnesta\/wp-json\/wp\/v2\/posts\/607\/revisions"}],"predecessor-version":[{"id":608,"href":"https:\/\/wp.kristdemokraterna.se\/gnesta\/wp-json\/wp\/v2\/posts\/607\/revisions\/608"}],"wp:featuredmedia":[{"embeddable":true,"href":"https:\/\/wp.kristdemokraterna.se\/gnesta\/wp-json\/"}],"wp:attachment":[{"href":"https:\/\/wp.kristdemokraterna.se\/gnesta\/wp-json\/wp\/v2\/media?parent=607"}],"wp:term":[{"taxonomy":"category","embeddable":true,"href":"https:\/\/wp.kristdemokraterna.se\/gnesta\/wp-json\/wp\/v2\/categories?post=607"},{"taxonomy":"post_tag","embeddable":true,"href":"https:\/\/wp.kristdemokraterna.se\/gnesta\/wp-json\/wp\/v2\/tags?post=607"}],"curies":[{"name":"wp","href":"https:\/\/api.w.org\/{rel}","templated":true}]}}