{"id":609,"date":"2022-02-08T13:10:01","date_gmt":"2022-02-08T12:10:01","guid":{"rendered":"https:\/\/wp.kristdemokraterna.se\/gnesta\/?p=609"},"modified":"2022-02-08T13:10:01","modified_gmt":"2022-02-08T12:10:01","slug":"kommunens-ekonomi-kommunen-som-arbetsgivare","status":"publish","type":"post","link":"https:\/\/wp.kristdemokraterna.se\/gnesta\/kommunens-ekonomi-kommunen-som-arbetsgivare\/","title":{"rendered":"Kommunens ekonomi, kommunen som arbetsgivare"},"content":{"rendered":"<p>Politik m\u00e5ste vara n\u00e5got mer \u00e4n att r\u00e4kna pengar och ha ett kameralt t\u00e4nkande. F\u00f6r att kunna skapa ett gott samh\u00e4lle m\u00e5ste det finnas en ekonomi som ger de politiska visionerna muskler. Det \u00e4r ett v\u00e4lfungerande n\u00e4ringsliv och fler personer i arbete som genererar de skatteint\u00e4kter som g\u00f6r det m\u00f6jligt med en god v\u00e4lf\u00e4rd f\u00f6r alla. Kommunen har \u00f6ver tid f\u00e5tt ett allt st\u00f6rre \u00e5tagande med allt h\u00f6gre f\u00f6rv\u00e4ntningar ifr\u00e5n inv\u00e5narna. Det st\u00e4ller st\u00f6rre krav p\u00e5 styrning och uppf\u00f6ljning av sambandet mellan resurser, prestationer, resultat och effekter i verksamheterna. Det st\u00e4ller ocks\u00e5 krav p\u00e5 st\u00e4ndiga prioriteringar, effektivisering och f\u00f6rnyelse av verksamheterna. Det handlar om att dels g\u00f6ra saker r\u00e4tt, dels om att g\u00f6ra r\u00e4tt saker.<\/p>\n<p>Det \u00e4r n\u00f6dv\u00e4ndigt att fler m\u00e4nniskor i arbetsf\u00f6r \u00e5lder lyckas komma i egen f\u00f6rs\u00f6rjning.<\/p>\n<p><strong>Kristdemokraterna i Gnesta kommun anser att <\/strong><\/p>\n<ul>\n<li>kommunen\/regionen ska drivas med h\u00f6g effektivitet och ett gott f\u00f6rvaltarskap d\u00e4r k\u00e4rnverksamheterna prioriteras.<\/li>\n<li>ett gott f\u00f6rvaltarskap b\u00f6rjar i toppen av organisationen; \u00e4ven kommunstyrelse och kommunfullm\u00e4ktige b\u00f6r vara restriktiv med v\u00e5ra gemensamma resurser och exempelvis minska antalet arvoderade kommunalr\u00e5d.<\/li>\n<li>skatten ska vara s\u00e5 l\u00e5g som m\u00f6jligt och s\u00e5 h\u00f6g som n\u00f6dv\u00e4ndigt, en str\u00e4van efter s\u00e4nkt skatt \u00e4r \u00f6nskv\u00e4rd.<\/li>\n<li>styrning och uppf\u00f6ljning av sambandet mellan resurser, prestationer, resultat och effekter i verksamheterna ska \u00e5terkommande utv\u00e4rderas. P\u00e5 de omr\u00e5den d\u00e4r kommunen ligger \u00f6ver kommungenomsnittet i kostnad ska en djupare analys genast genomf\u00f6ras.<\/li>\n<li>v\u00e4lf\u00e4rdstj\u00e4nsterna ska kunna levereras av en m\u00e5ngfald av utf\u00f6rare, bland annat genom att anv\u00e4nda Lagen om valfrihetssystem (LOV), utmaningsr\u00e4tt och Lagen om offentlig upphandling (LOU).<\/li>\n<li>medarbetare ska s\u00e5 l\u00e5ngt som m\u00f6jligt erbjudas heltid, men ska kunna v\u00e4lja den tj\u00e4nstg\u00f6ringsgrad som \u00f6nskas. Delade turer ska minska.<\/li>\n<li>varje medarbetare ska ha en plan f\u00f6r kompetensutveckling och kommunen ska ha en plan f\u00f6r kompetensf\u00f6rs\u00f6rjning inom alla omr\u00e5den.<\/li>\n<li>omotiverade l\u00f6neskillnader mellan olika grupper av anst\u00e4llda ska fasas ut i samband med l\u00f6nerevisioner. S\u00e4rskilt uppm\u00e4rksamhet b\u00f6r ges \u00e5t k\u00f6nsrelaterade skillnader.<\/li>\n<li>investeringar i fastigheter ska ske p\u00e5 ett finansiellt ansvarsfullt s\u00e4tt och renovering respektive nybyggnation av k\u00e4rnverksamhetens lokaler ska prioriteras.<\/li>\n<li>all personal inom kommunens verksamhet m\u00e5ste kunna kommunicera p\u00e5 god svenska, f\u00f6r att s\u00e4kerst\u00e4lla att arbetsledning och samarbeten fungerar.<\/li>\n<\/ul>\n","protected":false},"excerpt":{"rendered":"<p>Politik m\u00e5ste vara n\u00e5got mer \u00e4n att r\u00e4kna pengar och ha ett kameralt t\u00e4nkande. F\u00f6r att kunna skapa ett gott samh\u00e4lle m\u00e5ste det finnas en ekonomi som ger de politiska visionerna muskler. Det \u00e4r ett v\u00e4lfungerande n\u00e4ringsliv och fler personer i arbete som genererar de skatteint\u00e4kter som g\u00f6r det m\u00f6jligt med en god v\u00e4lf\u00e4rd f\u00f6r <a class=\"read-more-link\" href=\"https:\/\/wp.kristdemokraterna.se\/gnesta\/kommunens-ekonomi-kommunen-som-arbetsgivare\/\">L\u00e4s mer<\/a><\/p>\n","protected":false},"author":974,"featured_media":714,"comment_status":"closed","ping_status":"closed","sticky":false,"template":"","format":"standard","meta":{"_acf_changed":false,"footnotes":""},"categories":[3],"tags":[],"class_list":["post-609","post","type-post","status-publish","format-standard","hentry","category-var-politik"],"acf":[],"yoast_head":"<!-- This site is optimized with the Yoast SEO plugin v27.5 - https:\/\/yoast.com\/product\/yoast-seo-wordpress\/ -->\n<title>Kommunens ekonomi, kommunen som arbetsgivare - Kristdemokraterna | Gnesta<\/title>\n<meta name=\"robots\" content=\"index, follow, max-snippet:-1, max-image-preview:large, max-video-preview:-1\" \/>\n<link rel=\"canonical\" href=\"https:\/\/wp.kristdemokraterna.se\/gnesta\/kommunens-ekonomi-kommunen-som-arbetsgivare\/\" \/>\n<meta property=\"og:locale\" content=\"sv_SE\" \/>\n<meta property=\"og:type\" content=\"article\" \/>\n<meta property=\"og:title\" content=\"Kommunens ekonomi, kommunen som arbetsgivare - Kristdemokraterna | Gnesta\" \/>\n<meta property=\"og:description\" content=\"Politik m\u00e5ste vara n\u00e5got mer \u00e4n att r\u00e4kna pengar och ha ett kameralt t\u00e4nkande. F\u00f6r att kunna skapa ett gott samh\u00e4lle m\u00e5ste det finnas en ekonomi som ger de politiska visionerna muskler. Det \u00e4r ett v\u00e4lfungerande n\u00e4ringsliv och fler personer i arbete som genererar de skatteint\u00e4kter som g\u00f6r det m\u00f6jligt med en god v\u00e4lf\u00e4rd f\u00f6r L\u00e4s mer\" \/>\n<meta property=\"og:url\" content=\"https:\/\/wp.kristdemokraterna.se\/gnesta\/kommunens-ekonomi-kommunen-som-arbetsgivare\/\" \/>\n<meta property=\"og:site_name\" content=\"Kristdemokraterna | Gnesta\" \/>\n<meta property=\"article:published_time\" content=\"2022-02-08T12:10:01+00:00\" \/>\n<meta name=\"author\" content=\"Jonas \u00d6berg\" \/>\n<meta name=\"twitter:card\" content=\"summary_large_image\" \/>\n<meta name=\"twitter:label1\" content=\"Skriven av\" \/>\n\t<meta name=\"twitter:data1\" content=\"Jonas \u00d6berg\" \/>\n\t<meta name=\"twitter:label2\" content=\"Ber\u00e4knad l\u00e4stid\" \/>\n\t<meta name=\"twitter:data2\" content=\"2 minuter\" \/>\n<script type=\"application\/ld+json\" class=\"yoast-schema-graph\">{\"@context\":\"https:\\\/\\\/schema.org\",\"@graph\":[{\"@type\":\"Article\",\"@id\":\"https:\\\/\\\/wp.kristdemokraterna.se\\\/gnesta\\\/kommunens-ekonomi-kommunen-som-arbetsgivare\\\/#article\",\"isPartOf\":{\"@id\":\"https:\\\/\\\/wp.kristdemokraterna.se\\\/gnesta\\\/kommunens-ekonomi-kommunen-som-arbetsgivare\\\/\"},\"author\":{\"name\":\"Jonas \u00d6berg\",\"@id\":\"https:\\\/\\\/wp.kristdemokraterna.se\\\/gnesta\\\/#\\\/schema\\\/person\\\/fb52f73aba790dfb046189d553d0fce2\"},\"headline\":\"Kommunens ekonomi, kommunen som arbetsgivare\",\"datePublished\":\"2022-02-08T12:10:01+00:00\",\"mainEntityOfPage\":{\"@id\":\"https:\\\/\\\/wp.kristdemokraterna.se\\\/gnesta\\\/kommunens-ekonomi-kommunen-som-arbetsgivare\\\/\"},\"wordCount\":444,\"image\":{\"@id\":\"https:\\\/\\\/wp.kristdemokraterna.se\\\/gnesta\\\/kommunens-ekonomi-kommunen-som-arbetsgivare\\\/#primaryimage\"},\"thumbnailUrl\":\"\",\"articleSection\":[\"V\u00e5r politik\"],\"inLanguage\":\"sv-SE\"},{\"@type\":\"WebPage\",\"@id\":\"https:\\\/\\\/wp.kristdemokraterna.se\\\/gnesta\\\/kommunens-ekonomi-kommunen-som-arbetsgivare\\\/\",\"url\":\"https:\\\/\\\/wp.kristdemokraterna.se\\\/gnesta\\\/kommunens-ekonomi-kommunen-som-arbetsgivare\\\/\",\"name\":\"Kommunens ekonomi, kommunen som arbetsgivare - Kristdemokraterna | Gnesta\",\"isPartOf\":{\"@id\":\"https:\\\/\\\/wp.kristdemokraterna.se\\\/gnesta\\\/#website\"},\"primaryImageOfPage\":{\"@id\":\"https:\\\/\\\/wp.kristdemokraterna.se\\\/gnesta\\\/kommunens-ekonomi-kommunen-som-arbetsgivare\\\/#primaryimage\"},\"image\":{\"@id\":\"https:\\\/\\\/wp.kristdemokraterna.se\\\/gnesta\\\/kommunens-ekonomi-kommunen-som-arbetsgivare\\\/#primaryimage\"},\"thumbnailUrl\":\"\",\"datePublished\":\"2022-02-08T12:10:01+00:00\",\"author\":{\"@id\":\"https:\\\/\\\/wp.kristdemokraterna.se\\\/gnesta\\\/#\\\/schema\\\/person\\\/fb52f73aba790dfb046189d553d0fce2\"},\"breadcrumb\":{\"@id\":\"https:\\\/\\\/wp.kristdemokraterna.se\\\/gnesta\\\/kommunens-ekonomi-kommunen-som-arbetsgivare\\\/#breadcrumb\"},\"inLanguage\":\"sv-SE\",\"potentialAction\":[{\"@type\":\"ReadAction\",\"target\":[\"https:\\\/\\\/wp.kristdemokraterna.se\\\/gnesta\\\/kommunens-ekonomi-kommunen-som-arbetsgivare\\\/\"]}]},{\"@type\":\"ImageObject\",\"inLanguage\":\"sv-SE\",\"@id\":\"https:\\\/\\\/wp.kristdemokraterna.se\\\/gnesta\\\/kommunens-ekonomi-kommunen-som-arbetsgivare\\\/#primaryimage\",\"url\":\"\",\"contentUrl\":\"\"},{\"@type\":\"BreadcrumbList\",\"@id\":\"https:\\\/\\\/wp.kristdemokraterna.se\\\/gnesta\\\/kommunens-ekonomi-kommunen-som-arbetsgivare\\\/#breadcrumb\",\"itemListElement\":[{\"@type\":\"ListItem\",\"position\":1,\"name\":\"Hem\",\"item\":\"https:\\\/\\\/wp.kristdemokraterna.se\\\/gnesta\\\/\"},{\"@type\":\"ListItem\",\"position\":2,\"name\":\"Kommunens ekonomi, kommunen som arbetsgivare\"}]},{\"@type\":\"WebSite\",\"@id\":\"https:\\\/\\\/wp.kristdemokraterna.se\\\/gnesta\\\/#website\",\"url\":\"https:\\\/\\\/wp.kristdemokraterna.se\\\/gnesta\\\/\",\"name\":\"Kristdemokraterna | Gnesta\",\"description\":\"Med k\u00e4nsla f\u00f6r Gnesta\",\"inLanguage\":\"sv-SE\"},{\"@type\":\"Person\",\"@id\":\"https:\\\/\\\/wp.kristdemokraterna.se\\\/gnesta\\\/#\\\/schema\\\/person\\\/fb52f73aba790dfb046189d553d0fce2\",\"name\":\"Jonas \u00d6berg\",\"image\":{\"@type\":\"ImageObject\",\"inLanguage\":\"sv-SE\",\"@id\":\"https:\\\/\\\/secure.gravatar.com\\\/avatar\\\/02ae8e9f1b03cc83dfbbe03f161c5d464d1ee9bcce564ccd313bb4ce22026939?s=96&d=mm&r=g\",\"url\":\"https:\\\/\\\/secure.gravatar.com\\\/avatar\\\/02ae8e9f1b03cc83dfbbe03f161c5d464d1ee9bcce564ccd313bb4ce22026939?s=96&d=mm&r=g\",\"contentUrl\":\"https:\\\/\\\/secure.gravatar.com\\\/avatar\\\/02ae8e9f1b03cc83dfbbe03f161c5d464d1ee9bcce564ccd313bb4ce22026939?s=96&d=mm&r=g\",\"caption\":\"Jonas \u00d6berg\"},\"url\":\"https:\\\/\\\/wp.kristdemokraterna.se\\\/gnesta\\\/author\\\/jonasgnesta\\\/\"}]}<\/script>\n<!-- \/ Yoast SEO plugin. -->","yoast_head_json":{"title":"Kommunens ekonomi, kommunen som arbetsgivare - Kristdemokraterna | Gnesta","robots":{"index":"index","follow":"follow","max-snippet":"max-snippet:-1","max-image-preview":"max-image-preview:large","max-video-preview":"max-video-preview:-1"},"canonical":"https:\/\/wp.kristdemokraterna.se\/gnesta\/kommunens-ekonomi-kommunen-som-arbetsgivare\/","og_locale":"sv_SE","og_type":"article","og_title":"Kommunens ekonomi, kommunen som arbetsgivare - Kristdemokraterna | Gnesta","og_description":"Politik m\u00e5ste vara n\u00e5got mer \u00e4n att r\u00e4kna pengar och ha ett kameralt t\u00e4nkande. F\u00f6r att kunna skapa ett gott samh\u00e4lle m\u00e5ste det finnas en ekonomi som ger de politiska visionerna muskler. Det \u00e4r ett v\u00e4lfungerande n\u00e4ringsliv och fler personer i arbete som genererar de skatteint\u00e4kter som g\u00f6r det m\u00f6jligt med en god v\u00e4lf\u00e4rd f\u00f6r L\u00e4s mer","og_url":"https:\/\/wp.kristdemokraterna.se\/gnesta\/kommunens-ekonomi-kommunen-som-arbetsgivare\/","og_site_name":"Kristdemokraterna | Gnesta","article_published_time":"2022-02-08T12:10:01+00:00","author":"Jonas \u00d6berg","twitter_card":"summary_large_image","twitter_misc":{"Skriven av":"Jonas \u00d6berg","Ber\u00e4knad l\u00e4stid":"2 minuter"},"schema":{"@context":"https:\/\/schema.org","@graph":[{"@type":"Article","@id":"https:\/\/wp.kristdemokraterna.se\/gnesta\/kommunens-ekonomi-kommunen-som-arbetsgivare\/#article","isPartOf":{"@id":"https:\/\/wp.kristdemokraterna.se\/gnesta\/kommunens-ekonomi-kommunen-som-arbetsgivare\/"},"author":{"name":"Jonas \u00d6berg","@id":"https:\/\/wp.kristdemokraterna.se\/gnesta\/#\/schema\/person\/fb52f73aba790dfb046189d553d0fce2"},"headline":"Kommunens ekonomi, kommunen som arbetsgivare","datePublished":"2022-02-08T12:10:01+00:00","mainEntityOfPage":{"@id":"https:\/\/wp.kristdemokraterna.se\/gnesta\/kommunens-ekonomi-kommunen-som-arbetsgivare\/"},"wordCount":444,"image":{"@id":"https:\/\/wp.kristdemokraterna.se\/gnesta\/kommunens-ekonomi-kommunen-som-arbetsgivare\/#primaryimage"},"thumbnailUrl":"","articleSection":["V\u00e5r politik"],"inLanguage":"sv-SE"},{"@type":"WebPage","@id":"https:\/\/wp.kristdemokraterna.se\/gnesta\/kommunens-ekonomi-kommunen-som-arbetsgivare\/","url":"https:\/\/wp.kristdemokraterna.se\/gnesta\/kommunens-ekonomi-kommunen-som-arbetsgivare\/","name":"Kommunens ekonomi, kommunen som arbetsgivare - Kristdemokraterna | Gnesta","isPartOf":{"@id":"https:\/\/wp.kristdemokraterna.se\/gnesta\/#website"},"primaryImageOfPage":{"@id":"https:\/\/wp.kristdemokraterna.se\/gnesta\/kommunens-ekonomi-kommunen-som-arbetsgivare\/#primaryimage"},"image":{"@id":"https:\/\/wp.kristdemokraterna.se\/gnesta\/kommunens-ekonomi-kommunen-som-arbetsgivare\/#primaryimage"},"thumbnailUrl":"","datePublished":"2022-02-08T12:10:01+00:00","author":{"@id":"https:\/\/wp.kristdemokraterna.se\/gnesta\/#\/schema\/person\/fb52f73aba790dfb046189d553d0fce2"},"breadcrumb":{"@id":"https:\/\/wp.kristdemokraterna.se\/gnesta\/kommunens-ekonomi-kommunen-som-arbetsgivare\/#breadcrumb"},"inLanguage":"sv-SE","potentialAction":[{"@type":"ReadAction","target":["https:\/\/wp.kristdemokraterna.se\/gnesta\/kommunens-ekonomi-kommunen-som-arbetsgivare\/"]}]},{"@type":"ImageObject","inLanguage":"sv-SE","@id":"https:\/\/wp.kristdemokraterna.se\/gnesta\/kommunens-ekonomi-kommunen-som-arbetsgivare\/#primaryimage","url":"","contentUrl":""},{"@type":"BreadcrumbList","@id":"https:\/\/wp.kristdemokraterna.se\/gnesta\/kommunens-ekonomi-kommunen-som-arbetsgivare\/#breadcrumb","itemListElement":[{"@type":"ListItem","position":1,"name":"Hem","item":"https:\/\/wp.kristdemokraterna.se\/gnesta\/"},{"@type":"ListItem","position":2,"name":"Kommunens ekonomi, kommunen som arbetsgivare"}]},{"@type":"WebSite","@id":"https:\/\/wp.kristdemokraterna.se\/gnesta\/#website","url":"https:\/\/wp.kristdemokraterna.se\/gnesta\/","name":"Kristdemokraterna | Gnesta","description":"Med k\u00e4nsla f\u00f6r Gnesta","inLanguage":"sv-SE"},{"@type":"Person","@id":"https:\/\/wp.kristdemokraterna.se\/gnesta\/#\/schema\/person\/fb52f73aba790dfb046189d553d0fce2","name":"Jonas \u00d6berg","image":{"@type":"ImageObject","inLanguage":"sv-SE","@id":"https:\/\/secure.gravatar.com\/avatar\/02ae8e9f1b03cc83dfbbe03f161c5d464d1ee9bcce564ccd313bb4ce22026939?s=96&d=mm&r=g","url":"https:\/\/secure.gravatar.com\/avatar\/02ae8e9f1b03cc83dfbbe03f161c5d464d1ee9bcce564ccd313bb4ce22026939?s=96&d=mm&r=g","contentUrl":"https:\/\/secure.gravatar.com\/avatar\/02ae8e9f1b03cc83dfbbe03f161c5d464d1ee9bcce564ccd313bb4ce22026939?s=96&d=mm&r=g","caption":"Jonas \u00d6berg"},"url":"https:\/\/wp.kristdemokraterna.se\/gnesta\/author\/jonasgnesta\/"}]}},"_links":{"self":[{"href":"https:\/\/wp.kristdemokraterna.se\/gnesta\/wp-json\/wp\/v2\/posts\/609","targetHints":{"allow":["GET"]}}],"collection":[{"href":"https:\/\/wp.kristdemokraterna.se\/gnesta\/wp-json\/wp\/v2\/posts"}],"about":[{"href":"https:\/\/wp.kristdemokraterna.se\/gnesta\/wp-json\/wp\/v2\/types\/post"}],"author":[{"embeddable":true,"href":"https:\/\/wp.kristdemokraterna.se\/gnesta\/wp-json\/wp\/v2\/users\/974"}],"replies":[{"embeddable":true,"href":"https:\/\/wp.kristdemokraterna.se\/gnesta\/wp-json\/wp\/v2\/comments?post=609"}],"version-history":[{"count":1,"href":"https:\/\/wp.kristdemokraterna.se\/gnesta\/wp-json\/wp\/v2\/posts\/609\/revisions"}],"predecessor-version":[{"id":610,"href":"https:\/\/wp.kristdemokraterna.se\/gnesta\/wp-json\/wp\/v2\/posts\/609\/revisions\/610"}],"wp:featuredmedia":[{"embeddable":true,"href":"https:\/\/wp.kristdemokraterna.se\/gnesta\/wp-json\/"}],"wp:attachment":[{"href":"https:\/\/wp.kristdemokraterna.se\/gnesta\/wp-json\/wp\/v2\/media?parent=609"}],"wp:term":[{"taxonomy":"category","embeddable":true,"href":"https:\/\/wp.kristdemokraterna.se\/gnesta\/wp-json\/wp\/v2\/categories?post=609"},{"taxonomy":"post_tag","embeddable":true,"href":"https:\/\/wp.kristdemokraterna.se\/gnesta\/wp-json\/wp\/v2\/tags?post=609"}],"curies":[{"name":"wp","href":"https:\/\/api.w.org\/{rel}","templated":true}]}}