{"id":1601,"date":"2023-05-30T09:30:00","date_gmt":"2023-05-30T07:30:00","guid":{"rendered":"https:\/\/wp.kristdemokraterna.se\/gotland\/?p=1601"},"modified":"2023-06-02T14:51:18","modified_gmt":"2023-06-02T12:51:18","slug":"grattis-gotland-robust-elsystem-pa-vag","status":"publish","type":"post","link":"https:\/\/wp.kristdemokraterna.se\/gotland\/grattis-gotland-robust-elsystem-pa-vag\/","title":{"rendered":"Grattis Gotland &#8211; robust elsystem p\u00e5 v\u00e4g"},"content":{"rendered":"<p>Nya elkablar till Gotland och d\u00e4rmed anslutning till elstamn\u00e4tet \u00e4r en fr\u00e5ga vi kristdemokrater jobbat f\u00f6r under m\u00e5nga \u00e5r. \u00c4ntligen har vi en regering som g\u00e5r fr\u00e5n ord till handling. Nya kablar \u00e4r viktigt f\u00f6r b\u00e5de industrin och f\u00f6r Gotlands inv\u00e5nare.<\/p>\n<p>En robust elf\u00f6rs\u00f6rjning beh\u00f6vs f\u00f6r att kunna st\u00e4lla om och byta ut smutsig tillverkning till ren, kunna lita p\u00e5 att elen finns tillg\u00e4nglig och f\u00f6r att \u00f6ns placering \u00e4r en strategisk punkt i ett totalf\u00f6rsvarsperspektiv.<\/p>\n<p>Camilla Brodin (KD) , energipolitisk talesperson och gruppledare f\u00f6r Kristdemokraterna i riksdagen<br \/>\nSara Lidqvist (KD), gruppledare och ordf\u00f6rande f\u00f6r Kristdemokraterna p\u00e5 Gotland<\/p>\n","protected":false},"excerpt":{"rendered":"<p>Nya elkablar till Gotland och d\u00e4rmed anslutning till elstamn\u00e4tet \u00e4r en fr\u00e5ga vi kristdemokrater jobbat f\u00f6r under m\u00e5nga \u00e5r. \u00c4ntligen har vi en regering som g\u00e5r fr\u00e5n ord till handling. Nya kablar \u00e4r viktigt f\u00f6r b\u00e5de industrin och f\u00f6r Gotlands inv\u00e5nare. En robust elf\u00f6rs\u00f6rjning beh\u00f6vs f\u00f6r att kunna st\u00e4lla om och byta ut smutsig tillverkning <a class=\"read-more-link\" href=\"https:\/\/wp.kristdemokraterna.se\/gotland\/grattis-gotland-robust-elsystem-pa-vag\/\">Read More<\/a><\/p>\n","protected":false},"author":422,"featured_media":0,"comment_status":"closed","ping_status":"closed","sticky":false,"template":"","format":"standard","meta":{"_acf_changed":false,"footnotes":""},"categories":[7,1,18,9,15,17],"tags":[],"class_list":["post-1601","post","type-post","status-publish","format-standard","hentry","category-aktuellainlagg","category-allainlagg","category-energigotland","category-gotlandskpolitik","category-insandare","category-rikspolitik"],"acf":[],"yoast_head":"<!-- This site is optimized with the Yoast SEO plugin v27.4 - https:\/\/yoast.com\/product\/yoast-seo-wordpress\/ -->\n<title>Grattis Gotland - robust elsystem p\u00e5 v\u00e4g - Kristdemokraterna Gotland<\/title>\n<meta name=\"robots\" content=\"index, follow, max-snippet:-1, max-image-preview:large, max-video-preview:-1\" \/>\n<link rel=\"canonical\" href=\"https:\/\/wp.kristdemokraterna.se\/gotland\/grattis-gotland-robust-elsystem-pa-vag\/\" \/>\n<meta property=\"og:locale\" content=\"sv_SE\" \/>\n<meta property=\"og:type\" content=\"article\" \/>\n<meta property=\"og:title\" content=\"Grattis Gotland - robust elsystem p\u00e5 v\u00e4g - Kristdemokraterna Gotland\" \/>\n<meta property=\"og:description\" content=\"Nya elkablar till Gotland och d\u00e4rmed anslutning till elstamn\u00e4tet \u00e4r en fr\u00e5ga vi kristdemokrater jobbat f\u00f6r under m\u00e5nga \u00e5r. \u00c4ntligen har vi en regering som g\u00e5r fr\u00e5n ord till handling. Nya kablar \u00e4r viktigt f\u00f6r b\u00e5de industrin och f\u00f6r Gotlands inv\u00e5nare. En robust elf\u00f6rs\u00f6rjning beh\u00f6vs f\u00f6r att kunna st\u00e4lla om och byta ut smutsig tillverkning Read More\" \/>\n<meta property=\"og:url\" content=\"https:\/\/wp.kristdemokraterna.se\/gotland\/grattis-gotland-robust-elsystem-pa-vag\/\" \/>\n<meta property=\"og:site_name\" content=\"Kristdemokraterna Gotland\" \/>\n<meta property=\"article:published_time\" content=\"2023-05-30T07:30:00+00:00\" \/>\n<meta property=\"article:modified_time\" content=\"2023-06-02T12:51:18+00:00\" \/>\n<meta name=\"author\" content=\"Sara Lidqvist\" \/>\n<meta name=\"twitter:card\" content=\"summary_large_image\" \/>\n<meta name=\"twitter:label1\" content=\"Skriven av\" \/>\n\t<meta name=\"twitter:data1\" content=\"Sara Lidqvist\" \/>\n\t<meta name=\"twitter:label2\" content=\"Ber\u00e4knad l\u00e4stid\" \/>\n\t<meta name=\"twitter:data2\" content=\"1 minut\" \/>\n<script type=\"application\/ld+json\" class=\"yoast-schema-graph\">{\"@context\":\"https:\\\/\\\/schema.org\",\"@graph\":[{\"@type\":\"Article\",\"@id\":\"https:\\\/\\\/wp.kristdemokraterna.se\\\/gotland\\\/grattis-gotland-robust-elsystem-pa-vag\\\/#article\",\"isPartOf\":{\"@id\":\"https:\\\/\\\/wp.kristdemokraterna.se\\\/gotland\\\/grattis-gotland-robust-elsystem-pa-vag\\\/\"},\"author\":{\"name\":\"Sara Lidqvist\",\"@id\":\"https:\\\/\\\/wp.kristdemokraterna.se\\\/gotland\\\/#\\\/schema\\\/person\\\/7ba4e4a45b5d94cc54dea86028385190\"},\"headline\":\"Grattis Gotland &#8211; robust elsystem p\u00e5 v\u00e4g\",\"datePublished\":\"2023-05-30T07:30:00+00:00\",\"dateModified\":\"2023-06-02T12:51:18+00:00\",\"mainEntityOfPage\":{\"@id\":\"https:\\\/\\\/wp.kristdemokraterna.se\\\/gotland\\\/grattis-gotland-robust-elsystem-pa-vag\\\/\"},\"wordCount\":127,\"articleSection\":[\"Aktuella inl\u00e4gg\",\"Alla inl\u00e4gg\",\"Energipolitik\",\"Gotl\u00e4ndsk politik\",\"Ins\u00e4ndare\",\"Rikspolitik\"],\"inLanguage\":\"sv-SE\"},{\"@type\":\"WebPage\",\"@id\":\"https:\\\/\\\/wp.kristdemokraterna.se\\\/gotland\\\/grattis-gotland-robust-elsystem-pa-vag\\\/\",\"url\":\"https:\\\/\\\/wp.kristdemokraterna.se\\\/gotland\\\/grattis-gotland-robust-elsystem-pa-vag\\\/\",\"name\":\"Grattis Gotland - robust elsystem p\u00e5 v\u00e4g - Kristdemokraterna Gotland\",\"isPartOf\":{\"@id\":\"https:\\\/\\\/wp.kristdemokraterna.se\\\/gotland\\\/#website\"},\"datePublished\":\"2023-05-30T07:30:00+00:00\",\"dateModified\":\"2023-06-02T12:51:18+00:00\",\"author\":{\"@id\":\"https:\\\/\\\/wp.kristdemokraterna.se\\\/gotland\\\/#\\\/schema\\\/person\\\/7ba4e4a45b5d94cc54dea86028385190\"},\"breadcrumb\":{\"@id\":\"https:\\\/\\\/wp.kristdemokraterna.se\\\/gotland\\\/grattis-gotland-robust-elsystem-pa-vag\\\/#breadcrumb\"},\"inLanguage\":\"sv-SE\",\"potentialAction\":[{\"@type\":\"ReadAction\",\"target\":[\"https:\\\/\\\/wp.kristdemokraterna.se\\\/gotland\\\/grattis-gotland-robust-elsystem-pa-vag\\\/\"]}]},{\"@type\":\"BreadcrumbList\",\"@id\":\"https:\\\/\\\/wp.kristdemokraterna.se\\\/gotland\\\/grattis-gotland-robust-elsystem-pa-vag\\\/#breadcrumb\",\"itemListElement\":[{\"@type\":\"ListItem\",\"position\":1,\"name\":\"Hem\",\"item\":\"https:\\\/\\\/wp.kristdemokraterna.se\\\/gotland\\\/\"},{\"@type\":\"ListItem\",\"position\":2,\"name\":\"Grattis Gotland &#8211; robust elsystem p\u00e5 v\u00e4g\"}]},{\"@type\":\"WebSite\",\"@id\":\"https:\\\/\\\/wp.kristdemokraterna.se\\\/gotland\\\/#website\",\"url\":\"https:\\\/\\\/wp.kristdemokraterna.se\\\/gotland\\\/\",\"name\":\"Kristdemokraterna Gotland\",\"description\":\"Kristdemokraterna p\u00e5 Gotland\",\"inLanguage\":\"sv-SE\"},{\"@type\":\"Person\",\"@id\":\"https:\\\/\\\/wp.kristdemokraterna.se\\\/gotland\\\/#\\\/schema\\\/person\\\/7ba4e4a45b5d94cc54dea86028385190\",\"name\":\"Sara Lidqvist\",\"image\":{\"@type\":\"ImageObject\",\"inLanguage\":\"sv-SE\",\"@id\":\"https:\\\/\\\/secure.gravatar.com\\\/avatar\\\/d1f396d141dda335b59d79d9f0d0aed02fcc4bf10f7eca766efc7fdf69bd82ba?s=96&r=g\",\"url\":\"https:\\\/\\\/secure.gravatar.com\\\/avatar\\\/d1f396d141dda335b59d79d9f0d0aed02fcc4bf10f7eca766efc7fdf69bd82ba?s=96&r=g\",\"contentUrl\":\"https:\\\/\\\/secure.gravatar.com\\\/avatar\\\/d1f396d141dda335b59d79d9f0d0aed02fcc4bf10f7eca766efc7fdf69bd82ba?s=96&r=g\",\"caption\":\"Sara Lidqvist\"},\"url\":\"https:\\\/\\\/wp.kristdemokraterna.se\\\/gotland\\\/author\\\/salt05\\\/\"}]}<\/script>\n<!-- \/ Yoast SEO plugin. -->","yoast_head_json":{"title":"Grattis Gotland - robust elsystem p\u00e5 v\u00e4g - Kristdemokraterna Gotland","robots":{"index":"index","follow":"follow","max-snippet":"max-snippet:-1","max-image-preview":"max-image-preview:large","max-video-preview":"max-video-preview:-1"},"canonical":"https:\/\/wp.kristdemokraterna.se\/gotland\/grattis-gotland-robust-elsystem-pa-vag\/","og_locale":"sv_SE","og_type":"article","og_title":"Grattis Gotland - robust elsystem p\u00e5 v\u00e4g - Kristdemokraterna Gotland","og_description":"Nya elkablar till Gotland och d\u00e4rmed anslutning till elstamn\u00e4tet \u00e4r en fr\u00e5ga vi kristdemokrater jobbat f\u00f6r under m\u00e5nga \u00e5r. \u00c4ntligen har vi en regering som g\u00e5r fr\u00e5n ord till handling. Nya kablar \u00e4r viktigt f\u00f6r b\u00e5de industrin och f\u00f6r Gotlands inv\u00e5nare. En robust elf\u00f6rs\u00f6rjning beh\u00f6vs f\u00f6r att kunna st\u00e4lla om och byta ut smutsig tillverkning Read More","og_url":"https:\/\/wp.kristdemokraterna.se\/gotland\/grattis-gotland-robust-elsystem-pa-vag\/","og_site_name":"Kristdemokraterna Gotland","article_published_time":"2023-05-30T07:30:00+00:00","article_modified_time":"2023-06-02T12:51:18+00:00","author":"Sara Lidqvist","twitter_card":"summary_large_image","twitter_misc":{"Skriven av":"Sara Lidqvist","Ber\u00e4knad l\u00e4stid":"1 minut"},"schema":{"@context":"https:\/\/schema.org","@graph":[{"@type":"Article","@id":"https:\/\/wp.kristdemokraterna.se\/gotland\/grattis-gotland-robust-elsystem-pa-vag\/#article","isPartOf":{"@id":"https:\/\/wp.kristdemokraterna.se\/gotland\/grattis-gotland-robust-elsystem-pa-vag\/"},"author":{"name":"Sara Lidqvist","@id":"https:\/\/wp.kristdemokraterna.se\/gotland\/#\/schema\/person\/7ba4e4a45b5d94cc54dea86028385190"},"headline":"Grattis Gotland &#8211; robust elsystem p\u00e5 v\u00e4g","datePublished":"2023-05-30T07:30:00+00:00","dateModified":"2023-06-02T12:51:18+00:00","mainEntityOfPage":{"@id":"https:\/\/wp.kristdemokraterna.se\/gotland\/grattis-gotland-robust-elsystem-pa-vag\/"},"wordCount":127,"articleSection":["Aktuella inl\u00e4gg","Alla inl\u00e4gg","Energipolitik","Gotl\u00e4ndsk politik","Ins\u00e4ndare","Rikspolitik"],"inLanguage":"sv-SE"},{"@type":"WebPage","@id":"https:\/\/wp.kristdemokraterna.se\/gotland\/grattis-gotland-robust-elsystem-pa-vag\/","url":"https:\/\/wp.kristdemokraterna.se\/gotland\/grattis-gotland-robust-elsystem-pa-vag\/","name":"Grattis Gotland - robust elsystem p\u00e5 v\u00e4g - Kristdemokraterna Gotland","isPartOf":{"@id":"https:\/\/wp.kristdemokraterna.se\/gotland\/#website"},"datePublished":"2023-05-30T07:30:00+00:00","dateModified":"2023-06-02T12:51:18+00:00","author":{"@id":"https:\/\/wp.kristdemokraterna.se\/gotland\/#\/schema\/person\/7ba4e4a45b5d94cc54dea86028385190"},"breadcrumb":{"@id":"https:\/\/wp.kristdemokraterna.se\/gotland\/grattis-gotland-robust-elsystem-pa-vag\/#breadcrumb"},"inLanguage":"sv-SE","potentialAction":[{"@type":"ReadAction","target":["https:\/\/wp.kristdemokraterna.se\/gotland\/grattis-gotland-robust-elsystem-pa-vag\/"]}]},{"@type":"BreadcrumbList","@id":"https:\/\/wp.kristdemokraterna.se\/gotland\/grattis-gotland-robust-elsystem-pa-vag\/#breadcrumb","itemListElement":[{"@type":"ListItem","position":1,"name":"Hem","item":"https:\/\/wp.kristdemokraterna.se\/gotland\/"},{"@type":"ListItem","position":2,"name":"Grattis Gotland &#8211; robust elsystem p\u00e5 v\u00e4g"}]},{"@type":"WebSite","@id":"https:\/\/wp.kristdemokraterna.se\/gotland\/#website","url":"https:\/\/wp.kristdemokraterna.se\/gotland\/","name":"Kristdemokraterna Gotland","description":"Kristdemokraterna p\u00e5 Gotland","inLanguage":"sv-SE"},{"@type":"Person","@id":"https:\/\/wp.kristdemokraterna.se\/gotland\/#\/schema\/person\/7ba4e4a45b5d94cc54dea86028385190","name":"Sara Lidqvist","image":{"@type":"ImageObject","inLanguage":"sv-SE","@id":"https:\/\/secure.gravatar.com\/avatar\/d1f396d141dda335b59d79d9f0d0aed02fcc4bf10f7eca766efc7fdf69bd82ba?s=96&r=g","url":"https:\/\/secure.gravatar.com\/avatar\/d1f396d141dda335b59d79d9f0d0aed02fcc4bf10f7eca766efc7fdf69bd82ba?s=96&r=g","contentUrl":"https:\/\/secure.gravatar.com\/avatar\/d1f396d141dda335b59d79d9f0d0aed02fcc4bf10f7eca766efc7fdf69bd82ba?s=96&r=g","caption":"Sara Lidqvist"},"url":"https:\/\/wp.kristdemokraterna.se\/gotland\/author\/salt05\/"}]}},"_links":{"self":[{"href":"https:\/\/wp.kristdemokraterna.se\/gotland\/wp-json\/wp\/v2\/posts\/1601","targetHints":{"allow":["GET"]}}],"collection":[{"href":"https:\/\/wp.kristdemokraterna.se\/gotland\/wp-json\/wp\/v2\/posts"}],"about":[{"href":"https:\/\/wp.kristdemokraterna.se\/gotland\/wp-json\/wp\/v2\/types\/post"}],"author":[{"embeddable":true,"href":"https:\/\/wp.kristdemokraterna.se\/gotland\/wp-json\/wp\/v2\/users\/422"}],"replies":[{"embeddable":true,"href":"https:\/\/wp.kristdemokraterna.se\/gotland\/wp-json\/wp\/v2\/comments?post=1601"}],"version-history":[{"count":3,"href":"https:\/\/wp.kristdemokraterna.se\/gotland\/wp-json\/wp\/v2\/posts\/1601\/revisions"}],"predecessor-version":[{"id":1610,"href":"https:\/\/wp.kristdemokraterna.se\/gotland\/wp-json\/wp\/v2\/posts\/1601\/revisions\/1610"}],"wp:attachment":[{"href":"https:\/\/wp.kristdemokraterna.se\/gotland\/wp-json\/wp\/v2\/media?parent=1601"}],"wp:term":[{"taxonomy":"category","embeddable":true,"href":"https:\/\/wp.kristdemokraterna.se\/gotland\/wp-json\/wp\/v2\/categories?post=1601"},{"taxonomy":"post_tag","embeddable":true,"href":"https:\/\/wp.kristdemokraterna.se\/gotland\/wp-json\/wp\/v2\/tags?post=1601"}],"curies":[{"name":"wp","href":"https:\/\/api.w.org\/{rel}","templated":true}]}}