{"id":1817,"date":"2025-02-10T22:30:51","date_gmt":"2025-02-10T21:30:51","guid":{"rendered":"https:\/\/wp.kristdemokraterna.se\/gotland\/?p=1817"},"modified":"2025-02-10T22:32:10","modified_gmt":"2025-02-10T21:32:10","slug":"sluta-forsvara-for-familjer-pa-landsbygden","status":"publish","type":"post","link":"https:\/\/wp.kristdemokraterna.se\/gotland\/sluta-forsvara-for-familjer-pa-landsbygden\/","title":{"rendered":"Sluta f\u00f6rsv\u00e5ra f\u00f6r familjer p\u00e5 landsbygden"},"content":{"rendered":"<p>Vi kristdemokrater mots\u00e4tter oss starkt nedl\u00e4ggningen av Eskelhems f\u00f6rskola. Det \u00e4r sant att det kostar, och \u00e4ven fram\u00f6ver kan komma att kosta mer, att ha sm\u00e5 enheter av skolor och f\u00f6rskolor p\u00e5 v\u00e5r landsbygd. Men h\u00e4r m\u00e5ste vi ta ett ideologiskt beslut som v\u00e5ra medborgare ska kunna lita p\u00e5: vill vi ha en levande och blomstrande landsbygd eller inte? Vill vi att m\u00e4nniskor, inf\u00f6dda gotl\u00e4nningar eller hitflyttade, ska kunna lita p\u00e5 att vi \u00e4ven i framtiden kommer att ha skolor p\u00e5 landsbygden? Att st\u00e4nga Eskelhems f\u00f6rskola s\u00e4nder en tydlig signal och riskerar att bli startskottet f\u00f6r en ned\u00e5tg\u00e5ende spiral av dr\u00e4nering av liv och b\u00e4rkraft p\u00e5 v\u00e5r gotl\u00e4ndska landsbygd. Det st\u00e4ller vi kristdemokrater oss starkt emot. Och ekonomiskt d\u00e5? Ja, i valet mellan stora sportanl\u00e4ggningar och skolor och f\u00f6rskolor till landsbygdens barn, s\u00e5 \u00e4r v\u00e5rt val enkelt.<\/p>\n<p>&nbsp;<\/p>\n<p><strong>Kickan Enman (KD)<\/strong><br \/>\n<strong>Anna Haack (KD)<\/strong><br \/>\n<strong>Sara Lidqvist (KD)<\/strong><br \/>\n<strong>Leif Nellmer (KD)<\/strong><br \/>\n<strong>Grym Sara Westberger (KD)<\/strong><\/p>\n","protected":false},"excerpt":{"rendered":"<p>Vi kristdemokrater mots\u00e4tter oss starkt nedl\u00e4ggningen av Eskelhems f\u00f6rskola. Det \u00e4r sant att det kostar, och \u00e4ven fram\u00f6ver kan komma att kosta mer, att ha sm\u00e5 enheter av skolor och f\u00f6rskolor p\u00e5 v\u00e5r landsbygd. Men h\u00e4r m\u00e5ste vi ta ett ideologiskt beslut som v\u00e5ra medborgare ska kunna lita p\u00e5: vill vi ha en levande och <a class=\"read-more-link\" href=\"https:\/\/wp.kristdemokraterna.se\/gotland\/sluta-forsvara-for-familjer-pa-landsbygden\/\">Read More<\/a><\/p>\n","protected":false},"author":422,"featured_media":0,"comment_status":"closed","ping_status":"closed","sticky":false,"template":"","format":"standard","meta":{"_acf_changed":false,"footnotes":""},"categories":[7,1,9,15],"tags":[],"class_list":["post-1817","post","type-post","status-publish","format-standard","hentry","category-aktuellainlagg","category-allainlagg","category-gotlandskpolitik","category-insandare"],"acf":[],"yoast_head":"<!-- This site is optimized with the Yoast SEO plugin v27.4 - https:\/\/yoast.com\/product\/yoast-seo-wordpress\/ -->\n<title>Sluta f\u00f6rsv\u00e5ra f\u00f6r familjer p\u00e5 landsbygden - Kristdemokraterna Gotland<\/title>\n<meta name=\"robots\" content=\"index, follow, max-snippet:-1, max-image-preview:large, max-video-preview:-1\" \/>\n<link rel=\"canonical\" href=\"https:\/\/wp.kristdemokraterna.se\/gotland\/sluta-forsvara-for-familjer-pa-landsbygden\/\" \/>\n<meta property=\"og:locale\" content=\"sv_SE\" \/>\n<meta property=\"og:type\" content=\"article\" \/>\n<meta property=\"og:title\" content=\"Sluta f\u00f6rsv\u00e5ra f\u00f6r familjer p\u00e5 landsbygden - Kristdemokraterna Gotland\" \/>\n<meta property=\"og:description\" content=\"Vi kristdemokrater mots\u00e4tter oss starkt nedl\u00e4ggningen av Eskelhems f\u00f6rskola. Det \u00e4r sant att det kostar, och \u00e4ven fram\u00f6ver kan komma att kosta mer, att ha sm\u00e5 enheter av skolor och f\u00f6rskolor p\u00e5 v\u00e5r landsbygd. Men h\u00e4r m\u00e5ste vi ta ett ideologiskt beslut som v\u00e5ra medborgare ska kunna lita p\u00e5: vill vi ha en levande och Read More\" \/>\n<meta property=\"og:url\" content=\"https:\/\/wp.kristdemokraterna.se\/gotland\/sluta-forsvara-for-familjer-pa-landsbygden\/\" \/>\n<meta property=\"og:site_name\" content=\"Kristdemokraterna Gotland\" \/>\n<meta property=\"article:published_time\" content=\"2025-02-10T21:30:51+00:00\" \/>\n<meta property=\"article:modified_time\" content=\"2025-02-10T21:32:10+00:00\" \/>\n<meta name=\"author\" content=\"Sara Lidqvist\" \/>\n<meta name=\"twitter:card\" content=\"summary_large_image\" \/>\n<meta name=\"twitter:label1\" content=\"Skriven av\" \/>\n\t<meta name=\"twitter:data1\" content=\"Sara Lidqvist\" \/>\n\t<meta name=\"twitter:label2\" content=\"Ber\u00e4knad l\u00e4stid\" \/>\n\t<meta name=\"twitter:data2\" content=\"1 minut\" \/>\n<script type=\"application\/ld+json\" class=\"yoast-schema-graph\">{\"@context\":\"https:\\\/\\\/schema.org\",\"@graph\":[{\"@type\":\"Article\",\"@id\":\"https:\\\/\\\/wp.kristdemokraterna.se\\\/gotland\\\/sluta-forsvara-for-familjer-pa-landsbygden\\\/#article\",\"isPartOf\":{\"@id\":\"https:\\\/\\\/wp.kristdemokraterna.se\\\/gotland\\\/sluta-forsvara-for-familjer-pa-landsbygden\\\/\"},\"author\":{\"name\":\"Sara Lidqvist\",\"@id\":\"https:\\\/\\\/wp.kristdemokraterna.se\\\/gotland\\\/#\\\/schema\\\/person\\\/7ba4e4a45b5d94cc54dea86028385190\"},\"headline\":\"Sluta f\u00f6rsv\u00e5ra f\u00f6r familjer p\u00e5 landsbygden\",\"datePublished\":\"2025-02-10T21:30:51+00:00\",\"dateModified\":\"2025-02-10T21:32:10+00:00\",\"mainEntityOfPage\":{\"@id\":\"https:\\\/\\\/wp.kristdemokraterna.se\\\/gotland\\\/sluta-forsvara-for-familjer-pa-landsbygden\\\/\"},\"wordCount\":189,\"articleSection\":[\"Aktuella inl\u00e4gg\",\"Alla inl\u00e4gg\",\"Gotl\u00e4ndsk politik\",\"Ins\u00e4ndare\"],\"inLanguage\":\"sv-SE\"},{\"@type\":\"WebPage\",\"@id\":\"https:\\\/\\\/wp.kristdemokraterna.se\\\/gotland\\\/sluta-forsvara-for-familjer-pa-landsbygden\\\/\",\"url\":\"https:\\\/\\\/wp.kristdemokraterna.se\\\/gotland\\\/sluta-forsvara-for-familjer-pa-landsbygden\\\/\",\"name\":\"Sluta f\u00f6rsv\u00e5ra f\u00f6r familjer p\u00e5 landsbygden - Kristdemokraterna Gotland\",\"isPartOf\":{\"@id\":\"https:\\\/\\\/wp.kristdemokraterna.se\\\/gotland\\\/#website\"},\"datePublished\":\"2025-02-10T21:30:51+00:00\",\"dateModified\":\"2025-02-10T21:32:10+00:00\",\"author\":{\"@id\":\"https:\\\/\\\/wp.kristdemokraterna.se\\\/gotland\\\/#\\\/schema\\\/person\\\/7ba4e4a45b5d94cc54dea86028385190\"},\"breadcrumb\":{\"@id\":\"https:\\\/\\\/wp.kristdemokraterna.se\\\/gotland\\\/sluta-forsvara-for-familjer-pa-landsbygden\\\/#breadcrumb\"},\"inLanguage\":\"sv-SE\",\"potentialAction\":[{\"@type\":\"ReadAction\",\"target\":[\"https:\\\/\\\/wp.kristdemokraterna.se\\\/gotland\\\/sluta-forsvara-for-familjer-pa-landsbygden\\\/\"]}]},{\"@type\":\"BreadcrumbList\",\"@id\":\"https:\\\/\\\/wp.kristdemokraterna.se\\\/gotland\\\/sluta-forsvara-for-familjer-pa-landsbygden\\\/#breadcrumb\",\"itemListElement\":[{\"@type\":\"ListItem\",\"position\":1,\"name\":\"Hem\",\"item\":\"https:\\\/\\\/wp.kristdemokraterna.se\\\/gotland\\\/\"},{\"@type\":\"ListItem\",\"position\":2,\"name\":\"Sluta f\u00f6rsv\u00e5ra f\u00f6r familjer p\u00e5 landsbygden\"}]},{\"@type\":\"WebSite\",\"@id\":\"https:\\\/\\\/wp.kristdemokraterna.se\\\/gotland\\\/#website\",\"url\":\"https:\\\/\\\/wp.kristdemokraterna.se\\\/gotland\\\/\",\"name\":\"Kristdemokraterna Gotland\",\"description\":\"Kristdemokraterna p\u00e5 Gotland\",\"inLanguage\":\"sv-SE\"},{\"@type\":\"Person\",\"@id\":\"https:\\\/\\\/wp.kristdemokraterna.se\\\/gotland\\\/#\\\/schema\\\/person\\\/7ba4e4a45b5d94cc54dea86028385190\",\"name\":\"Sara Lidqvist\",\"image\":{\"@type\":\"ImageObject\",\"inLanguage\":\"sv-SE\",\"@id\":\"https:\\\/\\\/secure.gravatar.com\\\/avatar\\\/d1f396d141dda335b59d79d9f0d0aed02fcc4bf10f7eca766efc7fdf69bd82ba?s=96&r=g\",\"url\":\"https:\\\/\\\/secure.gravatar.com\\\/avatar\\\/d1f396d141dda335b59d79d9f0d0aed02fcc4bf10f7eca766efc7fdf69bd82ba?s=96&r=g\",\"contentUrl\":\"https:\\\/\\\/secure.gravatar.com\\\/avatar\\\/d1f396d141dda335b59d79d9f0d0aed02fcc4bf10f7eca766efc7fdf69bd82ba?s=96&r=g\",\"caption\":\"Sara Lidqvist\"},\"url\":\"https:\\\/\\\/wp.kristdemokraterna.se\\\/gotland\\\/author\\\/salt05\\\/\"}]}<\/script>\n<!-- \/ Yoast SEO plugin. -->","yoast_head_json":{"title":"Sluta f\u00f6rsv\u00e5ra f\u00f6r familjer p\u00e5 landsbygden - Kristdemokraterna Gotland","robots":{"index":"index","follow":"follow","max-snippet":"max-snippet:-1","max-image-preview":"max-image-preview:large","max-video-preview":"max-video-preview:-1"},"canonical":"https:\/\/wp.kristdemokraterna.se\/gotland\/sluta-forsvara-for-familjer-pa-landsbygden\/","og_locale":"sv_SE","og_type":"article","og_title":"Sluta f\u00f6rsv\u00e5ra f\u00f6r familjer p\u00e5 landsbygden - Kristdemokraterna Gotland","og_description":"Vi kristdemokrater mots\u00e4tter oss starkt nedl\u00e4ggningen av Eskelhems f\u00f6rskola. Det \u00e4r sant att det kostar, och \u00e4ven fram\u00f6ver kan komma att kosta mer, att ha sm\u00e5 enheter av skolor och f\u00f6rskolor p\u00e5 v\u00e5r landsbygd. Men h\u00e4r m\u00e5ste vi ta ett ideologiskt beslut som v\u00e5ra medborgare ska kunna lita p\u00e5: vill vi ha en levande och Read More","og_url":"https:\/\/wp.kristdemokraterna.se\/gotland\/sluta-forsvara-for-familjer-pa-landsbygden\/","og_site_name":"Kristdemokraterna Gotland","article_published_time":"2025-02-10T21:30:51+00:00","article_modified_time":"2025-02-10T21:32:10+00:00","author":"Sara Lidqvist","twitter_card":"summary_large_image","twitter_misc":{"Skriven av":"Sara Lidqvist","Ber\u00e4knad l\u00e4stid":"1 minut"},"schema":{"@context":"https:\/\/schema.org","@graph":[{"@type":"Article","@id":"https:\/\/wp.kristdemokraterna.se\/gotland\/sluta-forsvara-for-familjer-pa-landsbygden\/#article","isPartOf":{"@id":"https:\/\/wp.kristdemokraterna.se\/gotland\/sluta-forsvara-for-familjer-pa-landsbygden\/"},"author":{"name":"Sara Lidqvist","@id":"https:\/\/wp.kristdemokraterna.se\/gotland\/#\/schema\/person\/7ba4e4a45b5d94cc54dea86028385190"},"headline":"Sluta f\u00f6rsv\u00e5ra f\u00f6r familjer p\u00e5 landsbygden","datePublished":"2025-02-10T21:30:51+00:00","dateModified":"2025-02-10T21:32:10+00:00","mainEntityOfPage":{"@id":"https:\/\/wp.kristdemokraterna.se\/gotland\/sluta-forsvara-for-familjer-pa-landsbygden\/"},"wordCount":189,"articleSection":["Aktuella inl\u00e4gg","Alla inl\u00e4gg","Gotl\u00e4ndsk politik","Ins\u00e4ndare"],"inLanguage":"sv-SE"},{"@type":"WebPage","@id":"https:\/\/wp.kristdemokraterna.se\/gotland\/sluta-forsvara-for-familjer-pa-landsbygden\/","url":"https:\/\/wp.kristdemokraterna.se\/gotland\/sluta-forsvara-for-familjer-pa-landsbygden\/","name":"Sluta f\u00f6rsv\u00e5ra f\u00f6r familjer p\u00e5 landsbygden - Kristdemokraterna Gotland","isPartOf":{"@id":"https:\/\/wp.kristdemokraterna.se\/gotland\/#website"},"datePublished":"2025-02-10T21:30:51+00:00","dateModified":"2025-02-10T21:32:10+00:00","author":{"@id":"https:\/\/wp.kristdemokraterna.se\/gotland\/#\/schema\/person\/7ba4e4a45b5d94cc54dea86028385190"},"breadcrumb":{"@id":"https:\/\/wp.kristdemokraterna.se\/gotland\/sluta-forsvara-for-familjer-pa-landsbygden\/#breadcrumb"},"inLanguage":"sv-SE","potentialAction":[{"@type":"ReadAction","target":["https:\/\/wp.kristdemokraterna.se\/gotland\/sluta-forsvara-for-familjer-pa-landsbygden\/"]}]},{"@type":"BreadcrumbList","@id":"https:\/\/wp.kristdemokraterna.se\/gotland\/sluta-forsvara-for-familjer-pa-landsbygden\/#breadcrumb","itemListElement":[{"@type":"ListItem","position":1,"name":"Hem","item":"https:\/\/wp.kristdemokraterna.se\/gotland\/"},{"@type":"ListItem","position":2,"name":"Sluta f\u00f6rsv\u00e5ra f\u00f6r familjer p\u00e5 landsbygden"}]},{"@type":"WebSite","@id":"https:\/\/wp.kristdemokraterna.se\/gotland\/#website","url":"https:\/\/wp.kristdemokraterna.se\/gotland\/","name":"Kristdemokraterna Gotland","description":"Kristdemokraterna p\u00e5 Gotland","inLanguage":"sv-SE"},{"@type":"Person","@id":"https:\/\/wp.kristdemokraterna.se\/gotland\/#\/schema\/person\/7ba4e4a45b5d94cc54dea86028385190","name":"Sara Lidqvist","image":{"@type":"ImageObject","inLanguage":"sv-SE","@id":"https:\/\/secure.gravatar.com\/avatar\/d1f396d141dda335b59d79d9f0d0aed02fcc4bf10f7eca766efc7fdf69bd82ba?s=96&r=g","url":"https:\/\/secure.gravatar.com\/avatar\/d1f396d141dda335b59d79d9f0d0aed02fcc4bf10f7eca766efc7fdf69bd82ba?s=96&r=g","contentUrl":"https:\/\/secure.gravatar.com\/avatar\/d1f396d141dda335b59d79d9f0d0aed02fcc4bf10f7eca766efc7fdf69bd82ba?s=96&r=g","caption":"Sara Lidqvist"},"url":"https:\/\/wp.kristdemokraterna.se\/gotland\/author\/salt05\/"}]}},"_links":{"self":[{"href":"https:\/\/wp.kristdemokraterna.se\/gotland\/wp-json\/wp\/v2\/posts\/1817","targetHints":{"allow":["GET"]}}],"collection":[{"href":"https:\/\/wp.kristdemokraterna.se\/gotland\/wp-json\/wp\/v2\/posts"}],"about":[{"href":"https:\/\/wp.kristdemokraterna.se\/gotland\/wp-json\/wp\/v2\/types\/post"}],"author":[{"embeddable":true,"href":"https:\/\/wp.kristdemokraterna.se\/gotland\/wp-json\/wp\/v2\/users\/422"}],"replies":[{"embeddable":true,"href":"https:\/\/wp.kristdemokraterna.se\/gotland\/wp-json\/wp\/v2\/comments?post=1817"}],"version-history":[{"count":2,"href":"https:\/\/wp.kristdemokraterna.se\/gotland\/wp-json\/wp\/v2\/posts\/1817\/revisions"}],"predecessor-version":[{"id":1819,"href":"https:\/\/wp.kristdemokraterna.se\/gotland\/wp-json\/wp\/v2\/posts\/1817\/revisions\/1819"}],"wp:attachment":[{"href":"https:\/\/wp.kristdemokraterna.se\/gotland\/wp-json\/wp\/v2\/media?parent=1817"}],"wp:term":[{"taxonomy":"category","embeddable":true,"href":"https:\/\/wp.kristdemokraterna.se\/gotland\/wp-json\/wp\/v2\/categories?post=1817"},{"taxonomy":"post_tag","embeddable":true,"href":"https:\/\/wp.kristdemokraterna.se\/gotland\/wp-json\/wp\/v2\/tags?post=1817"}],"curies":[{"name":"wp","href":"https:\/\/api.w.org\/{rel}","templated":true}]}}