{"id":1837,"date":"2025-03-31T17:33:38","date_gmt":"2025-03-31T15:33:38","guid":{"rendered":"https:\/\/wp.kristdemokraterna.se\/gotland\/?p=1837"},"modified":"2025-03-31T17:33:38","modified_gmt":"2025-03-31T15:33:38","slug":"nu-raddar-vi-gotlands-almar","status":"publish","type":"post","link":"https:\/\/wp.kristdemokraterna.se\/gotland\/nu-raddar-vi-gotlands-almar\/","title":{"rendered":"Nu r\u00e4ddar vi Gotlands almar!"},"content":{"rendered":"<p>F\u00f6r 20 \u00e5r sedan uppt\u00e4cktes almsjukan h\u00e4r p\u00e5 Gotland. Tack vare tidiga och framg\u00e5ngsrika insatser f\u00f6r att bek\u00e4mpa smittan, har vi p\u00e5 Gotland idag Sveriges, och kanske Europas, st\u00f6rsta koncentration av vilda almar. Det ska vi vara stolta och glada \u00f6ver. Almen \u00e4r b\u00e5de ett vackert tr\u00e4d och v\u00e4rd f\u00f6r hundratals olika sm\u00e5kryp, och d\u00e4rmed viktig f\u00f6r den biologiska m\u00e5ngfalden.<\/p>\n<p>Men kampen mot almsjukan \u00e4r inte \u00f6ver \u00e4n. Det beh\u00f6vs fortfarande insatser f\u00f6r att hejda spridningen och utrota smittan. D\u00e4rf\u00f6r har regeringen, med landsbygdsminister Peter Kullgren (KD) i spetsen, beslutat att tillf\u00f6ra 6,5 miljoner f\u00f6r \u00e5r 2025 f\u00f6r att inventera, avverka och f\u00f6ra bort sjuka tr\u00e4d och risktr\u00e4d, \u00f6ka informationsinsatser och utveckla metoder f\u00f6r inventering.<\/p>\n<p>Nu r\u00e4ddar vi Gotlands almar!<\/p>\n<p>Sara Lidqvist (KD), gruppledare regionfullm\u00e4ktige<br \/>\nLeif Nellmer (KD), milj\u00f6- och byggn\u00e4mnden<\/p>\n","protected":false},"excerpt":{"rendered":"<p>F\u00f6r 20 \u00e5r sedan uppt\u00e4cktes almsjukan h\u00e4r p\u00e5 Gotland. Tack vare tidiga och framg\u00e5ngsrika insatser f\u00f6r att bek\u00e4mpa smittan, har vi p\u00e5 Gotland idag Sveriges, och kanske Europas, st\u00f6rsta koncentration av vilda almar. Det ska vi vara stolta och glada \u00f6ver. Almen \u00e4r b\u00e5de ett vackert tr\u00e4d och v\u00e4rd f\u00f6r hundratals olika sm\u00e5kryp, och d\u00e4rmed <a class=\"read-more-link\" href=\"https:\/\/wp.kristdemokraterna.se\/gotland\/nu-raddar-vi-gotlands-almar\/\">Read More<\/a><\/p>\n","protected":false},"author":422,"featured_media":0,"comment_status":"closed","ping_status":"closed","sticky":false,"template":"","format":"standard","meta":{"_acf_changed":false,"footnotes":""},"categories":[1],"tags":[],"class_list":["post-1837","post","type-post","status-publish","format-standard","hentry","category-allainlagg"],"acf":[],"yoast_head":"<!-- This site is optimized with the Yoast SEO plugin v27.5 - https:\/\/yoast.com\/product\/yoast-seo-wordpress\/ -->\n<title>Nu r\u00e4ddar vi Gotlands almar! - Kristdemokraterna Gotland<\/title>\n<meta name=\"robots\" content=\"index, follow, max-snippet:-1, max-image-preview:large, max-video-preview:-1\" \/>\n<link rel=\"canonical\" href=\"https:\/\/wp.kristdemokraterna.se\/gotland\/nu-raddar-vi-gotlands-almar\/\" \/>\n<meta property=\"og:locale\" content=\"sv_SE\" \/>\n<meta property=\"og:type\" content=\"article\" \/>\n<meta property=\"og:title\" content=\"Nu r\u00e4ddar vi Gotlands almar! - Kristdemokraterna Gotland\" \/>\n<meta property=\"og:description\" content=\"F\u00f6r 20 \u00e5r sedan uppt\u00e4cktes almsjukan h\u00e4r p\u00e5 Gotland. Tack vare tidiga och framg\u00e5ngsrika insatser f\u00f6r att bek\u00e4mpa smittan, har vi p\u00e5 Gotland idag Sveriges, och kanske Europas, st\u00f6rsta koncentration av vilda almar. Det ska vi vara stolta och glada \u00f6ver. Almen \u00e4r b\u00e5de ett vackert tr\u00e4d och v\u00e4rd f\u00f6r hundratals olika sm\u00e5kryp, och d\u00e4rmed Read More\" \/>\n<meta property=\"og:url\" content=\"https:\/\/wp.kristdemokraterna.se\/gotland\/nu-raddar-vi-gotlands-almar\/\" \/>\n<meta property=\"og:site_name\" content=\"Kristdemokraterna Gotland\" \/>\n<meta property=\"article:published_time\" content=\"2025-03-31T15:33:38+00:00\" \/>\n<meta name=\"author\" content=\"Sara Lidqvist\" \/>\n<meta name=\"twitter:card\" content=\"summary_large_image\" \/>\n<meta name=\"twitter:label1\" content=\"Skriven av\" \/>\n\t<meta name=\"twitter:data1\" content=\"Sara Lidqvist\" \/>\n\t<meta name=\"twitter:label2\" content=\"Ber\u00e4knad l\u00e4stid\" \/>\n\t<meta name=\"twitter:data2\" content=\"1 minut\" \/>\n<script type=\"application\/ld+json\" class=\"yoast-schema-graph\">{\"@context\":\"https:\\\/\\\/schema.org\",\"@graph\":[{\"@type\":\"Article\",\"@id\":\"https:\\\/\\\/wp.kristdemokraterna.se\\\/gotland\\\/nu-raddar-vi-gotlands-almar\\\/#article\",\"isPartOf\":{\"@id\":\"https:\\\/\\\/wp.kristdemokraterna.se\\\/gotland\\\/nu-raddar-vi-gotlands-almar\\\/\"},\"author\":{\"name\":\"Sara Lidqvist\",\"@id\":\"https:\\\/\\\/wp.kristdemokraterna.se\\\/gotland\\\/#\\\/schema\\\/person\\\/7ba4e4a45b5d94cc54dea86028385190\"},\"headline\":\"Nu r\u00e4ddar vi Gotlands almar!\",\"datePublished\":\"2025-03-31T15:33:38+00:00\",\"mainEntityOfPage\":{\"@id\":\"https:\\\/\\\/wp.kristdemokraterna.se\\\/gotland\\\/nu-raddar-vi-gotlands-almar\\\/\"},\"wordCount\":164,\"articleSection\":[\"Alla inl\u00e4gg\"],\"inLanguage\":\"sv-SE\"},{\"@type\":\"WebPage\",\"@id\":\"https:\\\/\\\/wp.kristdemokraterna.se\\\/gotland\\\/nu-raddar-vi-gotlands-almar\\\/\",\"url\":\"https:\\\/\\\/wp.kristdemokraterna.se\\\/gotland\\\/nu-raddar-vi-gotlands-almar\\\/\",\"name\":\"Nu r\u00e4ddar vi Gotlands almar! - Kristdemokraterna Gotland\",\"isPartOf\":{\"@id\":\"https:\\\/\\\/wp.kristdemokraterna.se\\\/gotland\\\/#website\"},\"datePublished\":\"2025-03-31T15:33:38+00:00\",\"author\":{\"@id\":\"https:\\\/\\\/wp.kristdemokraterna.se\\\/gotland\\\/#\\\/schema\\\/person\\\/7ba4e4a45b5d94cc54dea86028385190\"},\"breadcrumb\":{\"@id\":\"https:\\\/\\\/wp.kristdemokraterna.se\\\/gotland\\\/nu-raddar-vi-gotlands-almar\\\/#breadcrumb\"},\"inLanguage\":\"sv-SE\",\"potentialAction\":[{\"@type\":\"ReadAction\",\"target\":[\"https:\\\/\\\/wp.kristdemokraterna.se\\\/gotland\\\/nu-raddar-vi-gotlands-almar\\\/\"]}]},{\"@type\":\"BreadcrumbList\",\"@id\":\"https:\\\/\\\/wp.kristdemokraterna.se\\\/gotland\\\/nu-raddar-vi-gotlands-almar\\\/#breadcrumb\",\"itemListElement\":[{\"@type\":\"ListItem\",\"position\":1,\"name\":\"Hem\",\"item\":\"https:\\\/\\\/wp.kristdemokraterna.se\\\/gotland\\\/\"},{\"@type\":\"ListItem\",\"position\":2,\"name\":\"Nu r\u00e4ddar vi Gotlands almar!\"}]},{\"@type\":\"WebSite\",\"@id\":\"https:\\\/\\\/wp.kristdemokraterna.se\\\/gotland\\\/#website\",\"url\":\"https:\\\/\\\/wp.kristdemokraterna.se\\\/gotland\\\/\",\"name\":\"Kristdemokraterna Gotland\",\"description\":\"Kristdemokraterna p\u00e5 Gotland\",\"inLanguage\":\"sv-SE\"},{\"@type\":\"Person\",\"@id\":\"https:\\\/\\\/wp.kristdemokraterna.se\\\/gotland\\\/#\\\/schema\\\/person\\\/7ba4e4a45b5d94cc54dea86028385190\",\"name\":\"Sara Lidqvist\",\"image\":{\"@type\":\"ImageObject\",\"inLanguage\":\"sv-SE\",\"@id\":\"https:\\\/\\\/secure.gravatar.com\\\/avatar\\\/d1f396d141dda335b59d79d9f0d0aed02fcc4bf10f7eca766efc7fdf69bd82ba?s=96&r=g\",\"url\":\"https:\\\/\\\/secure.gravatar.com\\\/avatar\\\/d1f396d141dda335b59d79d9f0d0aed02fcc4bf10f7eca766efc7fdf69bd82ba?s=96&r=g\",\"contentUrl\":\"https:\\\/\\\/secure.gravatar.com\\\/avatar\\\/d1f396d141dda335b59d79d9f0d0aed02fcc4bf10f7eca766efc7fdf69bd82ba?s=96&r=g\",\"caption\":\"Sara Lidqvist\"},\"url\":\"https:\\\/\\\/wp.kristdemokraterna.se\\\/gotland\\\/author\\\/salt05\\\/\"}]}<\/script>\n<!-- \/ Yoast SEO plugin. -->","yoast_head_json":{"title":"Nu r\u00e4ddar vi Gotlands almar! - Kristdemokraterna Gotland","robots":{"index":"index","follow":"follow","max-snippet":"max-snippet:-1","max-image-preview":"max-image-preview:large","max-video-preview":"max-video-preview:-1"},"canonical":"https:\/\/wp.kristdemokraterna.se\/gotland\/nu-raddar-vi-gotlands-almar\/","og_locale":"sv_SE","og_type":"article","og_title":"Nu r\u00e4ddar vi Gotlands almar! - Kristdemokraterna Gotland","og_description":"F\u00f6r 20 \u00e5r sedan uppt\u00e4cktes almsjukan h\u00e4r p\u00e5 Gotland. Tack vare tidiga och framg\u00e5ngsrika insatser f\u00f6r att bek\u00e4mpa smittan, har vi p\u00e5 Gotland idag Sveriges, och kanske Europas, st\u00f6rsta koncentration av vilda almar. Det ska vi vara stolta och glada \u00f6ver. Almen \u00e4r b\u00e5de ett vackert tr\u00e4d och v\u00e4rd f\u00f6r hundratals olika sm\u00e5kryp, och d\u00e4rmed Read More","og_url":"https:\/\/wp.kristdemokraterna.se\/gotland\/nu-raddar-vi-gotlands-almar\/","og_site_name":"Kristdemokraterna Gotland","article_published_time":"2025-03-31T15:33:38+00:00","author":"Sara Lidqvist","twitter_card":"summary_large_image","twitter_misc":{"Skriven av":"Sara Lidqvist","Ber\u00e4knad l\u00e4stid":"1 minut"},"schema":{"@context":"https:\/\/schema.org","@graph":[{"@type":"Article","@id":"https:\/\/wp.kristdemokraterna.se\/gotland\/nu-raddar-vi-gotlands-almar\/#article","isPartOf":{"@id":"https:\/\/wp.kristdemokraterna.se\/gotland\/nu-raddar-vi-gotlands-almar\/"},"author":{"name":"Sara Lidqvist","@id":"https:\/\/wp.kristdemokraterna.se\/gotland\/#\/schema\/person\/7ba4e4a45b5d94cc54dea86028385190"},"headline":"Nu r\u00e4ddar vi Gotlands almar!","datePublished":"2025-03-31T15:33:38+00:00","mainEntityOfPage":{"@id":"https:\/\/wp.kristdemokraterna.se\/gotland\/nu-raddar-vi-gotlands-almar\/"},"wordCount":164,"articleSection":["Alla inl\u00e4gg"],"inLanguage":"sv-SE"},{"@type":"WebPage","@id":"https:\/\/wp.kristdemokraterna.se\/gotland\/nu-raddar-vi-gotlands-almar\/","url":"https:\/\/wp.kristdemokraterna.se\/gotland\/nu-raddar-vi-gotlands-almar\/","name":"Nu r\u00e4ddar vi Gotlands almar! - Kristdemokraterna Gotland","isPartOf":{"@id":"https:\/\/wp.kristdemokraterna.se\/gotland\/#website"},"datePublished":"2025-03-31T15:33:38+00:00","author":{"@id":"https:\/\/wp.kristdemokraterna.se\/gotland\/#\/schema\/person\/7ba4e4a45b5d94cc54dea86028385190"},"breadcrumb":{"@id":"https:\/\/wp.kristdemokraterna.se\/gotland\/nu-raddar-vi-gotlands-almar\/#breadcrumb"},"inLanguage":"sv-SE","potentialAction":[{"@type":"ReadAction","target":["https:\/\/wp.kristdemokraterna.se\/gotland\/nu-raddar-vi-gotlands-almar\/"]}]},{"@type":"BreadcrumbList","@id":"https:\/\/wp.kristdemokraterna.se\/gotland\/nu-raddar-vi-gotlands-almar\/#breadcrumb","itemListElement":[{"@type":"ListItem","position":1,"name":"Hem","item":"https:\/\/wp.kristdemokraterna.se\/gotland\/"},{"@type":"ListItem","position":2,"name":"Nu r\u00e4ddar vi Gotlands almar!"}]},{"@type":"WebSite","@id":"https:\/\/wp.kristdemokraterna.se\/gotland\/#website","url":"https:\/\/wp.kristdemokraterna.se\/gotland\/","name":"Kristdemokraterna Gotland","description":"Kristdemokraterna p\u00e5 Gotland","inLanguage":"sv-SE"},{"@type":"Person","@id":"https:\/\/wp.kristdemokraterna.se\/gotland\/#\/schema\/person\/7ba4e4a45b5d94cc54dea86028385190","name":"Sara Lidqvist","image":{"@type":"ImageObject","inLanguage":"sv-SE","@id":"https:\/\/secure.gravatar.com\/avatar\/d1f396d141dda335b59d79d9f0d0aed02fcc4bf10f7eca766efc7fdf69bd82ba?s=96&r=g","url":"https:\/\/secure.gravatar.com\/avatar\/d1f396d141dda335b59d79d9f0d0aed02fcc4bf10f7eca766efc7fdf69bd82ba?s=96&r=g","contentUrl":"https:\/\/secure.gravatar.com\/avatar\/d1f396d141dda335b59d79d9f0d0aed02fcc4bf10f7eca766efc7fdf69bd82ba?s=96&r=g","caption":"Sara Lidqvist"},"url":"https:\/\/wp.kristdemokraterna.se\/gotland\/author\/salt05\/"}]}},"_links":{"self":[{"href":"https:\/\/wp.kristdemokraterna.se\/gotland\/wp-json\/wp\/v2\/posts\/1837","targetHints":{"allow":["GET"]}}],"collection":[{"href":"https:\/\/wp.kristdemokraterna.se\/gotland\/wp-json\/wp\/v2\/posts"}],"about":[{"href":"https:\/\/wp.kristdemokraterna.se\/gotland\/wp-json\/wp\/v2\/types\/post"}],"author":[{"embeddable":true,"href":"https:\/\/wp.kristdemokraterna.se\/gotland\/wp-json\/wp\/v2\/users\/422"}],"replies":[{"embeddable":true,"href":"https:\/\/wp.kristdemokraterna.se\/gotland\/wp-json\/wp\/v2\/comments?post=1837"}],"version-history":[{"count":1,"href":"https:\/\/wp.kristdemokraterna.se\/gotland\/wp-json\/wp\/v2\/posts\/1837\/revisions"}],"predecessor-version":[{"id":1839,"href":"https:\/\/wp.kristdemokraterna.se\/gotland\/wp-json\/wp\/v2\/posts\/1837\/revisions\/1839"}],"wp:attachment":[{"href":"https:\/\/wp.kristdemokraterna.se\/gotland\/wp-json\/wp\/v2\/media?parent=1837"}],"wp:term":[{"taxonomy":"category","embeddable":true,"href":"https:\/\/wp.kristdemokraterna.se\/gotland\/wp-json\/wp\/v2\/categories?post=1837"},{"taxonomy":"post_tag","embeddable":true,"href":"https:\/\/wp.kristdemokraterna.se\/gotland\/wp-json\/wp\/v2\/tags?post=1837"}],"curies":[{"name":"wp","href":"https:\/\/api.w.org\/{rel}","templated":true}]}}