{"id":1967,"date":"2026-02-28T22:05:12","date_gmt":"2026-02-28T21:05:12","guid":{"rendered":"https:\/\/wp.kristdemokraterna.se\/gotland\/?p=1967"},"modified":"2026-04-28T22:09:20","modified_gmt":"2026-04-28T20:09:20","slug":"motion-motverka-vald-mot-aldre","status":"publish","type":"post","link":"https:\/\/wp.kristdemokraterna.se\/gotland\/motion-motverka-vald-mot-aldre\/","title":{"rendered":"Motion: Motverka v\u00e5ld mot \u00e4ldre"},"content":{"rendered":"<p>MOTION<br \/>\nTill fullm\u00e4ktige i Region Gotland, sammantr\u00e4det den 16 februari 2026<\/p>\n<p><strong>Motverka v\u00e5ld mot \u00e4ldre<\/strong><\/p>\n<p>V\u00e5ld mot \u00e4ldre \u00e4r ett samh\u00e4llsproblem som ofta f\u00f6rbises. Psykiska \u00f6vergrepp mot \u00e4ldre personer \u00e4r mest f\u00f6rekommande. Men v\u00e5ldet kan \u00e4ven vara fysiskt, sexuellt, ekonomiskt, eller yttra sig i olika former av kr\u00e4nkningar. N\u00e4r \u00e4ldre uts\u00e4tts f\u00f6r v\u00e5ld i n\u00e5gon form \u00e4r det vanligtvis fr\u00e5n personer i deras n\u00e4rhet. Det kan vara familjemedlemmar eller v\u00e5rdgivare inom hemtj\u00e4nst och olika boenden. Problemet \u00e4r ofta dolt p\u00e5 grund av skam, r\u00e4dsla eller beroendef\u00f6rh\u00e5llanden. Det kan g\u00f6ra det extra sv\u00e5rt att uppt\u00e4cka och rapportera om.<\/p>\n<p>Att v\u00e5ld och sexuella \u00f6vergrepp f\u00f6rekommer inom hemtj\u00e4nsten och omsorgerna i v\u00e5rt land har uppm\u00e4rksammats i media flera g\u00e5nger p\u00e5 senare tid men m\u00f6rkertalet f\u00f6r sexuella \u00f6vergrepp \u00e4r antagligen stort. Det f\u00f6rtj\u00e4nar ocks\u00e5 att p\u00e5minnas om att v\u00e5ld f\u00f6rekommer i m\u00e5nga olika former och \u00e4ven m\u00e4n blir utsatta f\u00f6r \u00f6vergrepp.<\/p>\n<p>I enlighet med m\u00e5nga forskningsresultat anges i J\u00e4mst\u00e4lldhetsmyndighetens rapport (2024:11) att uppemot 15 procent av alla \u00e4ldre \u00f6ver 60 \u00e5r har utsatts f\u00f6r v\u00e5ld de senaste 12 m\u00e5naderna. Det skulle inneb\u00e4ra ca 300 000 \u00e4ldre utsatta i Sverige. Bland \u00e4ldre finns vissa grupper som \u00e4r s\u00e4rskilt utsatta, till exempel personer med funktionsneds\u00e4ttning, kognitiv svikt och de som lever i missbruksrelationer eller \u00e4r isolerade. J\u00e4mst\u00e4lldhetsmyndigheten menar att kunskapen om detta \u00e4r f\u00f6r d\u00e5lig, b\u00e5de inom \u00e4ldrev\u00e5rden och h\u00e4lso- och sjukv\u00e5rden men \u00e4ven hos allm\u00e4nheten och de som uts\u00e4tts f\u00f6r v\u00e5ldet. Det finns ingen specifik statistik tillg\u00e4nglig som visar p\u00e5 hur m\u00e5nga personer som straffats f\u00f6r v\u00e5ld mot \u00e4ldre i Sverige, bl.a. p\u00e5 grund av att f\u00e5 fall leder till polisanm\u00e4lan.<\/p>\n<p>Jag f\u00f6resl\u00e5r d\u00e4rf\u00f6r att:<\/p>\n<p>\u2022 Socialn\u00e4mnden g\u00f6r en riktad satsning f\u00f6r att utbilda personal, b\u00e5de egen och via entreprenad, i syfte att \u00f6ka kunskapen om v\u00e5ld mot \u00e4ldre.<br \/>\n\u2022 Region Gotland g\u00f6r en riktad satsning f\u00f6r att informera anh\u00f6riga om risken f\u00f6r v\u00e5ld mot \u00e4ldre och inr\u00e4ttar n\u00e5gon form av visselbl\u00e5sarfunktion med syfte att g\u00f6ra det l\u00e4ttare att anm\u00e4la misstanke om v\u00e5ld mot \u00e4ldre.<br \/>\n\u2022 Personer med hemtj\u00e4nst ska ha r\u00e4tt att v\u00e4lja att f\u00e5 hj\u00e4lp av en person av samma k\u00f6n i intima omsorgssituationer.<\/p>\n<p>F\u00f6r Kristdemokraterna p\u00e5 Gotland<br \/>\nSara Lidqvist (KD)<\/p>\n","protected":false},"excerpt":{"rendered":"<p>MOTION Till fullm\u00e4ktige i Region Gotland, sammantr\u00e4det den 16 februari 2026 Motverka v\u00e5ld mot \u00e4ldre V\u00e5ld mot \u00e4ldre \u00e4r ett samh\u00e4llsproblem som ofta f\u00f6rbises. Psykiska \u00f6vergrepp mot \u00e4ldre personer \u00e4r mest f\u00f6rekommande. Men v\u00e5ldet kan \u00e4ven vara fysiskt, sexuellt, ekonomiskt, eller yttra sig i olika former av kr\u00e4nkningar. N\u00e4r \u00e4ldre uts\u00e4tts f\u00f6r v\u00e5ld i n\u00e5gon <a class=\"read-more-link\" href=\"https:\/\/wp.kristdemokraterna.se\/gotland\/motion-motverka-vald-mot-aldre\/\">Read More<\/a><\/p>\n","protected":false},"author":422,"featured_media":0,"comment_status":"closed","ping_status":"closed","sticky":false,"template":"","format":"standard","meta":{"_acf_changed":false,"footnotes":""},"categories":[1,9],"tags":[],"class_list":["post-1967","post","type-post","status-publish","format-standard","hentry","category-allainlagg","category-gotlandskpolitik"],"acf":[],"yoast_head":"<!-- This site is optimized with the Yoast SEO plugin v27.4 - https:\/\/yoast.com\/product\/yoast-seo-wordpress\/ -->\n<title>Motion: Motverka v\u00e5ld mot \u00e4ldre - Kristdemokraterna Gotland<\/title>\n<meta name=\"robots\" content=\"index, follow, max-snippet:-1, max-image-preview:large, max-video-preview:-1\" \/>\n<link rel=\"canonical\" href=\"https:\/\/wp.kristdemokraterna.se\/gotland\/motion-motverka-vald-mot-aldre\/\" \/>\n<meta property=\"og:locale\" content=\"sv_SE\" \/>\n<meta property=\"og:type\" content=\"article\" \/>\n<meta property=\"og:title\" content=\"Motion: Motverka v\u00e5ld mot \u00e4ldre - Kristdemokraterna Gotland\" \/>\n<meta property=\"og:description\" content=\"MOTION Till fullm\u00e4ktige i Region Gotland, sammantr\u00e4det den 16 februari 2026 Motverka v\u00e5ld mot \u00e4ldre V\u00e5ld mot \u00e4ldre \u00e4r ett samh\u00e4llsproblem som ofta f\u00f6rbises. Psykiska \u00f6vergrepp mot \u00e4ldre personer \u00e4r mest f\u00f6rekommande. Men v\u00e5ldet kan \u00e4ven vara fysiskt, sexuellt, ekonomiskt, eller yttra sig i olika former av kr\u00e4nkningar. N\u00e4r \u00e4ldre uts\u00e4tts f\u00f6r v\u00e5ld i n\u00e5gon Read More\" \/>\n<meta property=\"og:url\" content=\"https:\/\/wp.kristdemokraterna.se\/gotland\/motion-motverka-vald-mot-aldre\/\" \/>\n<meta property=\"og:site_name\" content=\"Kristdemokraterna Gotland\" \/>\n<meta property=\"article:published_time\" content=\"2026-02-28T21:05:12+00:00\" \/>\n<meta property=\"article:modified_time\" content=\"2026-04-28T20:09:20+00:00\" \/>\n<meta name=\"author\" content=\"Sara Lidqvist\" \/>\n<meta name=\"twitter:card\" content=\"summary_large_image\" \/>\n<meta name=\"twitter:label1\" content=\"Skriven av\" \/>\n\t<meta name=\"twitter:data1\" content=\"Sara Lidqvist\" \/>\n\t<meta name=\"twitter:label2\" content=\"Ber\u00e4knad l\u00e4stid\" \/>\n\t<meta name=\"twitter:data2\" content=\"2 minuter\" \/>\n<script type=\"application\/ld+json\" class=\"yoast-schema-graph\">{\"@context\":\"https:\\\/\\\/schema.org\",\"@graph\":[{\"@type\":\"Article\",\"@id\":\"https:\\\/\\\/wp.kristdemokraterna.se\\\/gotland\\\/motion-motverka-vald-mot-aldre\\\/#article\",\"isPartOf\":{\"@id\":\"https:\\\/\\\/wp.kristdemokraterna.se\\\/gotland\\\/motion-motverka-vald-mot-aldre\\\/\"},\"author\":{\"name\":\"Sara Lidqvist\",\"@id\":\"https:\\\/\\\/wp.kristdemokraterna.se\\\/gotland\\\/#\\\/schema\\\/person\\\/7ba4e4a45b5d94cc54dea86028385190\"},\"headline\":\"Motion: Motverka v\u00e5ld mot \u00e4ldre\",\"datePublished\":\"2026-02-28T21:05:12+00:00\",\"dateModified\":\"2026-04-28T20:09:20+00:00\",\"mainEntityOfPage\":{\"@id\":\"https:\\\/\\\/wp.kristdemokraterna.se\\\/gotland\\\/motion-motverka-vald-mot-aldre\\\/\"},\"wordCount\":447,\"articleSection\":[\"Alla inl\u00e4gg\",\"Gotl\u00e4ndsk politik\"],\"inLanguage\":\"sv-SE\"},{\"@type\":\"WebPage\",\"@id\":\"https:\\\/\\\/wp.kristdemokraterna.se\\\/gotland\\\/motion-motverka-vald-mot-aldre\\\/\",\"url\":\"https:\\\/\\\/wp.kristdemokraterna.se\\\/gotland\\\/motion-motverka-vald-mot-aldre\\\/\",\"name\":\"Motion: Motverka v\u00e5ld mot \u00e4ldre - Kristdemokraterna Gotland\",\"isPartOf\":{\"@id\":\"https:\\\/\\\/wp.kristdemokraterna.se\\\/gotland\\\/#website\"},\"datePublished\":\"2026-02-28T21:05:12+00:00\",\"dateModified\":\"2026-04-28T20:09:20+00:00\",\"author\":{\"@id\":\"https:\\\/\\\/wp.kristdemokraterna.se\\\/gotland\\\/#\\\/schema\\\/person\\\/7ba4e4a45b5d94cc54dea86028385190\"},\"breadcrumb\":{\"@id\":\"https:\\\/\\\/wp.kristdemokraterna.se\\\/gotland\\\/motion-motverka-vald-mot-aldre\\\/#breadcrumb\"},\"inLanguage\":\"sv-SE\",\"potentialAction\":[{\"@type\":\"ReadAction\",\"target\":[\"https:\\\/\\\/wp.kristdemokraterna.se\\\/gotland\\\/motion-motverka-vald-mot-aldre\\\/\"]}]},{\"@type\":\"BreadcrumbList\",\"@id\":\"https:\\\/\\\/wp.kristdemokraterna.se\\\/gotland\\\/motion-motverka-vald-mot-aldre\\\/#breadcrumb\",\"itemListElement\":[{\"@type\":\"ListItem\",\"position\":1,\"name\":\"Hem\",\"item\":\"https:\\\/\\\/wp.kristdemokraterna.se\\\/gotland\\\/\"},{\"@type\":\"ListItem\",\"position\":2,\"name\":\"Motion: Motverka v\u00e5ld mot \u00e4ldre\"}]},{\"@type\":\"WebSite\",\"@id\":\"https:\\\/\\\/wp.kristdemokraterna.se\\\/gotland\\\/#website\",\"url\":\"https:\\\/\\\/wp.kristdemokraterna.se\\\/gotland\\\/\",\"name\":\"Kristdemokraterna Gotland\",\"description\":\"Kristdemokraterna p\u00e5 Gotland\",\"inLanguage\":\"sv-SE\"},{\"@type\":\"Person\",\"@id\":\"https:\\\/\\\/wp.kristdemokraterna.se\\\/gotland\\\/#\\\/schema\\\/person\\\/7ba4e4a45b5d94cc54dea86028385190\",\"name\":\"Sara Lidqvist\",\"image\":{\"@type\":\"ImageObject\",\"inLanguage\":\"sv-SE\",\"@id\":\"https:\\\/\\\/secure.gravatar.com\\\/avatar\\\/d1f396d141dda335b59d79d9f0d0aed02fcc4bf10f7eca766efc7fdf69bd82ba?s=96&r=g\",\"url\":\"https:\\\/\\\/secure.gravatar.com\\\/avatar\\\/d1f396d141dda335b59d79d9f0d0aed02fcc4bf10f7eca766efc7fdf69bd82ba?s=96&r=g\",\"contentUrl\":\"https:\\\/\\\/secure.gravatar.com\\\/avatar\\\/d1f396d141dda335b59d79d9f0d0aed02fcc4bf10f7eca766efc7fdf69bd82ba?s=96&r=g\",\"caption\":\"Sara Lidqvist\"},\"url\":\"https:\\\/\\\/wp.kristdemokraterna.se\\\/gotland\\\/author\\\/salt05\\\/\"}]}<\/script>\n<!-- \/ Yoast SEO plugin. -->","yoast_head_json":{"title":"Motion: Motverka v\u00e5ld mot \u00e4ldre - Kristdemokraterna Gotland","robots":{"index":"index","follow":"follow","max-snippet":"max-snippet:-1","max-image-preview":"max-image-preview:large","max-video-preview":"max-video-preview:-1"},"canonical":"https:\/\/wp.kristdemokraterna.se\/gotland\/motion-motverka-vald-mot-aldre\/","og_locale":"sv_SE","og_type":"article","og_title":"Motion: Motverka v\u00e5ld mot \u00e4ldre - Kristdemokraterna Gotland","og_description":"MOTION Till fullm\u00e4ktige i Region Gotland, sammantr\u00e4det den 16 februari 2026 Motverka v\u00e5ld mot \u00e4ldre V\u00e5ld mot \u00e4ldre \u00e4r ett samh\u00e4llsproblem som ofta f\u00f6rbises. Psykiska \u00f6vergrepp mot \u00e4ldre personer \u00e4r mest f\u00f6rekommande. Men v\u00e5ldet kan \u00e4ven vara fysiskt, sexuellt, ekonomiskt, eller yttra sig i olika former av kr\u00e4nkningar. N\u00e4r \u00e4ldre uts\u00e4tts f\u00f6r v\u00e5ld i n\u00e5gon Read More","og_url":"https:\/\/wp.kristdemokraterna.se\/gotland\/motion-motverka-vald-mot-aldre\/","og_site_name":"Kristdemokraterna Gotland","article_published_time":"2026-02-28T21:05:12+00:00","article_modified_time":"2026-04-28T20:09:20+00:00","author":"Sara Lidqvist","twitter_card":"summary_large_image","twitter_misc":{"Skriven av":"Sara Lidqvist","Ber\u00e4knad l\u00e4stid":"2 minuter"},"schema":{"@context":"https:\/\/schema.org","@graph":[{"@type":"Article","@id":"https:\/\/wp.kristdemokraterna.se\/gotland\/motion-motverka-vald-mot-aldre\/#article","isPartOf":{"@id":"https:\/\/wp.kristdemokraterna.se\/gotland\/motion-motverka-vald-mot-aldre\/"},"author":{"name":"Sara Lidqvist","@id":"https:\/\/wp.kristdemokraterna.se\/gotland\/#\/schema\/person\/7ba4e4a45b5d94cc54dea86028385190"},"headline":"Motion: Motverka v\u00e5ld mot \u00e4ldre","datePublished":"2026-02-28T21:05:12+00:00","dateModified":"2026-04-28T20:09:20+00:00","mainEntityOfPage":{"@id":"https:\/\/wp.kristdemokraterna.se\/gotland\/motion-motverka-vald-mot-aldre\/"},"wordCount":447,"articleSection":["Alla inl\u00e4gg","Gotl\u00e4ndsk politik"],"inLanguage":"sv-SE"},{"@type":"WebPage","@id":"https:\/\/wp.kristdemokraterna.se\/gotland\/motion-motverka-vald-mot-aldre\/","url":"https:\/\/wp.kristdemokraterna.se\/gotland\/motion-motverka-vald-mot-aldre\/","name":"Motion: Motverka v\u00e5ld mot \u00e4ldre - Kristdemokraterna Gotland","isPartOf":{"@id":"https:\/\/wp.kristdemokraterna.se\/gotland\/#website"},"datePublished":"2026-02-28T21:05:12+00:00","dateModified":"2026-04-28T20:09:20+00:00","author":{"@id":"https:\/\/wp.kristdemokraterna.se\/gotland\/#\/schema\/person\/7ba4e4a45b5d94cc54dea86028385190"},"breadcrumb":{"@id":"https:\/\/wp.kristdemokraterna.se\/gotland\/motion-motverka-vald-mot-aldre\/#breadcrumb"},"inLanguage":"sv-SE","potentialAction":[{"@type":"ReadAction","target":["https:\/\/wp.kristdemokraterna.se\/gotland\/motion-motverka-vald-mot-aldre\/"]}]},{"@type":"BreadcrumbList","@id":"https:\/\/wp.kristdemokraterna.se\/gotland\/motion-motverka-vald-mot-aldre\/#breadcrumb","itemListElement":[{"@type":"ListItem","position":1,"name":"Hem","item":"https:\/\/wp.kristdemokraterna.se\/gotland\/"},{"@type":"ListItem","position":2,"name":"Motion: Motverka v\u00e5ld mot \u00e4ldre"}]},{"@type":"WebSite","@id":"https:\/\/wp.kristdemokraterna.se\/gotland\/#website","url":"https:\/\/wp.kristdemokraterna.se\/gotland\/","name":"Kristdemokraterna Gotland","description":"Kristdemokraterna p\u00e5 Gotland","inLanguage":"sv-SE"},{"@type":"Person","@id":"https:\/\/wp.kristdemokraterna.se\/gotland\/#\/schema\/person\/7ba4e4a45b5d94cc54dea86028385190","name":"Sara Lidqvist","image":{"@type":"ImageObject","inLanguage":"sv-SE","@id":"https:\/\/secure.gravatar.com\/avatar\/d1f396d141dda335b59d79d9f0d0aed02fcc4bf10f7eca766efc7fdf69bd82ba?s=96&r=g","url":"https:\/\/secure.gravatar.com\/avatar\/d1f396d141dda335b59d79d9f0d0aed02fcc4bf10f7eca766efc7fdf69bd82ba?s=96&r=g","contentUrl":"https:\/\/secure.gravatar.com\/avatar\/d1f396d141dda335b59d79d9f0d0aed02fcc4bf10f7eca766efc7fdf69bd82ba?s=96&r=g","caption":"Sara Lidqvist"},"url":"https:\/\/wp.kristdemokraterna.se\/gotland\/author\/salt05\/"}]}},"_links":{"self":[{"href":"https:\/\/wp.kristdemokraterna.se\/gotland\/wp-json\/wp\/v2\/posts\/1967","targetHints":{"allow":["GET"]}}],"collection":[{"href":"https:\/\/wp.kristdemokraterna.se\/gotland\/wp-json\/wp\/v2\/posts"}],"about":[{"href":"https:\/\/wp.kristdemokraterna.se\/gotland\/wp-json\/wp\/v2\/types\/post"}],"author":[{"embeddable":true,"href":"https:\/\/wp.kristdemokraterna.se\/gotland\/wp-json\/wp\/v2\/users\/422"}],"replies":[{"embeddable":true,"href":"https:\/\/wp.kristdemokraterna.se\/gotland\/wp-json\/wp\/v2\/comments?post=1967"}],"version-history":[{"count":1,"href":"https:\/\/wp.kristdemokraterna.se\/gotland\/wp-json\/wp\/v2\/posts\/1967\/revisions"}],"predecessor-version":[{"id":1968,"href":"https:\/\/wp.kristdemokraterna.se\/gotland\/wp-json\/wp\/v2\/posts\/1967\/revisions\/1968"}],"wp:attachment":[{"href":"https:\/\/wp.kristdemokraterna.se\/gotland\/wp-json\/wp\/v2\/media?parent=1967"}],"wp:term":[{"taxonomy":"category","embeddable":true,"href":"https:\/\/wp.kristdemokraterna.se\/gotland\/wp-json\/wp\/v2\/categories?post=1967"},{"taxonomy":"post_tag","embeddable":true,"href":"https:\/\/wp.kristdemokraterna.se\/gotland\/wp-json\/wp\/v2\/tags?post=1967"}],"curies":[{"name":"wp","href":"https:\/\/api.w.org\/{rel}","templated":true}]}}