{"id":551,"date":"2018-04-12T11:07:29","date_gmt":"2018-04-12T09:07:29","guid":{"rendered":"http:\/\/wp.kristdemokraterna.se\/gotland\/?p=551"},"modified":"2019-02-09T12:27:20","modified_gmt":"2019-02-09T11:27:20","slug":"vi-star-upp-for-valfrihet-och-mangfald-2","status":"publish","type":"post","link":"https:\/\/wp.kristdemokraterna.se\/gotland\/vi-star-upp-for-valfrihet-och-mangfald-2\/","title":{"rendered":"Vi st\u00e5r upp f\u00f6r valfrihet och m\u00e5ngfald"},"content":{"rendered":"<p><strong>Vid senaste fullm\u00e4ktigem\u00f6tet blev synen p\u00e5 valfrihet och privata alternativ i v\u00e4lf\u00e4rden tydlig mellan oss i Alliansen p\u00e5 Gotland och de r\u00f6dgr\u00f6na partierna. Regeringen och v\u00e4nsterpartiet \u00e4r nu \u00f6verens om hur de vill stoppa vinster i v\u00e4lf\u00e4rden. Ett f\u00f6rslag som i praktiken skulle inneb\u00e4ra vinststopp f\u00f6r m\u00e5nga av de privata v\u00e4lf\u00e4rdsf\u00f6retagen som idag erbjuder f\u00f6rskola, skola och omsorg p\u00e5 Gotland.<\/strong><\/p>\n<p>Detta skapar stor oro, inte bara i f\u00f6retagen utan ocks\u00e5 hos enskilda gotl\u00e4nningar: Kommer barnen kunna g\u00e5 kvar i sin f\u00f6rskola? Kan gammelmormor bo kvar p\u00e5 \u00e4ldreboendet?<\/p>\n<p>Vi i Alliansen s\u00e4tter brukaren, patienten och eleven i centrum. F\u00f6r oss \u00e4r det avg\u00f6rande att m\u00e4nniskors r\u00e4tt att v\u00e4lja sin v\u00e4lf\u00e4rd best\u00e5r. Regeringens f\u00f6rslag om \u201dvinstf\u00f6rbud\u201d \u00e4r en attack mot valfriheten och de m\u00e5nga duktiga och engagerade entrepren\u00f6rer &#8211; m\u00e5nga kvinnor &#8211; som driver uppskattade verksamheter idag.<\/p>\n<div id=\"attachment_517\" style=\"width: 310px\" class=\"wp-caption alignleft\"><a href=\"http:\/\/wp.kristdemokraterna.se\/gotland\/files\/2018\/04\/alliansen-gotland-180406.jpg\"><img loading=\"lazy\" decoding=\"async\" aria-describedby=\"caption-attachment-517\" class=\"size-medium wp-image-517\" src=\"http:\/\/wp.kristdemokraterna.se\/gotland\/files\/2018\/04\/alliansen-gotland-180406-300x282.jpg\" alt=\"\" width=\"300\" height=\"282\" srcset=\"https:\/\/wp.kristdemokraterna.se\/gotland\/files\/2018\/04\/alliansen-gotland-180406-300x282.jpg 300w, https:\/\/wp.kristdemokraterna.se\/gotland\/files\/2018\/04\/alliansen-gotland-180406-768x723.jpg 768w, https:\/\/wp.kristdemokraterna.se\/gotland\/files\/2018\/04\/alliansen-gotland-180406-540x508.jpg 540w, https:\/\/wp.kristdemokraterna.se\/gotland\/files\/2018\/04\/alliansen-gotland-180406-368x346.jpg 368w, https:\/\/wp.kristdemokraterna.se\/gotland\/files\/2018\/04\/alliansen-gotland-180406-119x112.jpg 119w, https:\/\/wp.kristdemokraterna.se\/gotland\/files\/2018\/04\/alliansen-gotland-180406.jpg 2048w\" sizes=\"auto, (max-width: 300px) 100vw, 300px\" \/><\/a><p id=\"caption-attachment-517\" class=\"wp-caption-text\">Alliansen Gotland: Sara Lidqvist (KD), Anna Hrdli\u010dka (M), Johan Thomasson (L), Eva Nypelius (C)<\/p><\/div>\n<p class=\"font-normal\">Vi vet att valfrihet i v\u00e4lf\u00e4rden \u00e4r n\u00e5got som m\u00e4nniskor v\u00e4rderar h\u00f6gt enligt olika m\u00e4tningar. Att l\u00e5ta privata entrepren\u00f6rer verka inom skola, v\u00e5rd och omsorg p\u00e5 lika villkor som offentliga utf\u00f6rare \u00e4r viktigt f\u00f6r s\u00e5v\u00e4l kvalitet som valfrihet. N\u00e4r det finns flera utf\u00f6rare att v\u00e4lja mellan stimulerar det till att h\u00f6ja kvaliteten i verksamheterna.<\/p>\n<p class=\"font-normal\">Ett exempel \u00e4r det m\u00e5ngfaldigt prisbel\u00f6nade Hattstugan i N\u00e4r. Alla uppskattar dem och s\u00e4ger sig vilja v\u00e4rna deras existens. Men, med de r\u00f6dgr\u00f6nas f\u00f6rslag har Hattstugans \u00e4gare sj\u00e4lv r\u00e4knat ut att detta kan bli spiken i kistan. F\u00f6rslaget skulle f\u00f6r deras del m\u00f6jligg\u00f6ra vinst med bara 50 000 kronor per \u00e5r \u2013 det kan man inte bygga ett l\u00e5ngsiktigt h\u00e5llbart f\u00f6retag p\u00e5. Det m\u00e5ste finnas utrymme f\u00f6r of\u00f6rutsedda kostnader och att kunna s\u00e4tta in extra resurser vid t ex. \u00f6kat v\u00e5rdbehov.<\/p>\n<p class=\"font-normal\">Samtidigt beh\u00f6ver dagens system ses \u00f6ver och f\u00e5 tydligare nationella riktlinjer &#8211; stor valfrihet kr\u00e4ver noggrann kontroll och h\u00f6ga kvalitetskrav. I den svenska v\u00e4lf\u00e4rden finns riktiga problem som v\u00e4xande v\u00e5rdk\u00f6er, brister i \u00e4ldreomsorgen och otillr\u00e4ckliga kunskapsresultat i skolan. Inget av dessa problem l\u00f6ses med f\u00f6rslaget om vinstbegr\u00e4nsning som ist\u00e4llet kommer begr\u00e4nsa valfriheten.<\/p>\n<p class=\"font-normal\">V\u00e5rt m\u00e5l i Alliansen \u00e4r att s\u00e4kra en v\u00e4lfungerande v\u00e4lf\u00e4rd av h\u00f6g kvalitet med valfrihet d\u00e4r vi st\u00e4ller tydliga kvalitetskrav p\u00e5 samtliga verksamheter och ocks\u00e5 f\u00f6ljer upp detta.<\/p>\n<p class=\"font-normal\"><em>Eva Nypelius, Centerpartiet<br \/>\n<\/em><em>Anna Hrdlicka, Moderaterna<br \/>\n<\/em><em>Johan Thomasson, Liberalerna<br \/>\n<\/em><em>Sara Lidqvist, Kristdemokraterna<\/em><\/p>\n<p>&nbsp;<\/p>\n","protected":false},"excerpt":{"rendered":"<p>Vid senaste fullm\u00e4ktigem\u00f6tet blev synen p\u00e5 valfrihet och privata alternativ i v\u00e4lf\u00e4rden tydlig mellan oss i Alliansen p\u00e5 Gotland och de r\u00f6dgr\u00f6na partierna. Regeringen och v\u00e4nsterpartiet \u00e4r nu \u00f6verens om hur de vill stoppa vinster i v\u00e4lf\u00e4rden. Ett f\u00f6rslag som i praktiken skulle inneb\u00e4ra vinststopp f\u00f6r m\u00e5nga av de privata v\u00e4lf\u00e4rdsf\u00f6retagen som idag erbjuder f\u00f6rskola, <a class=\"read-more-link\" href=\"https:\/\/wp.kristdemokraterna.se\/gotland\/vi-star-upp-for-valfrihet-och-mangfald-2\/\">Read More<\/a><\/p>\n","protected":false},"author":422,"featured_media":0,"comment_status":"closed","ping_status":"closed","sticky":false,"template":"","format":"standard","meta":{"_acf_changed":false,"footnotes":""},"categories":[7],"tags":[],"class_list":["post-551","post","type-post","status-publish","format-standard","hentry","category-aktuellainlagg"],"acf":[],"yoast_head":"<!-- This site is optimized with the Yoast SEO plugin v27.4 - https:\/\/yoast.com\/product\/yoast-seo-wordpress\/ -->\n<title>Vi st\u00e5r upp f\u00f6r valfrihet och m\u00e5ngfald - Kristdemokraterna Gotland<\/title>\n<meta name=\"robots\" content=\"index, follow, max-snippet:-1, max-image-preview:large, max-video-preview:-1\" \/>\n<link rel=\"canonical\" href=\"https:\/\/wp.kristdemokraterna.se\/gotland\/vi-star-upp-for-valfrihet-och-mangfald-2\/\" \/>\n<meta property=\"og:locale\" content=\"sv_SE\" \/>\n<meta property=\"og:type\" content=\"article\" \/>\n<meta property=\"og:title\" content=\"Vi st\u00e5r upp f\u00f6r valfrihet och m\u00e5ngfald - Kristdemokraterna Gotland\" \/>\n<meta property=\"og:description\" content=\"Vid senaste fullm\u00e4ktigem\u00f6tet blev synen p\u00e5 valfrihet och privata alternativ i v\u00e4lf\u00e4rden tydlig mellan oss i Alliansen p\u00e5 Gotland och de r\u00f6dgr\u00f6na partierna. Regeringen och v\u00e4nsterpartiet \u00e4r nu \u00f6verens om hur de vill stoppa vinster i v\u00e4lf\u00e4rden. Ett f\u00f6rslag som i praktiken skulle inneb\u00e4ra vinststopp f\u00f6r m\u00e5nga av de privata v\u00e4lf\u00e4rdsf\u00f6retagen som idag erbjuder f\u00f6rskola, Read More\" \/>\n<meta property=\"og:url\" content=\"https:\/\/wp.kristdemokraterna.se\/gotland\/vi-star-upp-for-valfrihet-och-mangfald-2\/\" \/>\n<meta property=\"og:site_name\" content=\"Kristdemokraterna Gotland\" \/>\n<meta property=\"article:published_time\" content=\"2018-04-12T09:07:29+00:00\" \/>\n<meta property=\"article:modified_time\" content=\"2019-02-09T11:27:20+00:00\" \/>\n<meta property=\"og:image\" content=\"http:\/\/wp.kristdemokraterna.se\/gotland\/files\/2018\/04\/alliansen-gotland-180406-300x282.jpg\" \/>\n<meta name=\"author\" content=\"Sara Lidqvist\" \/>\n<meta name=\"twitter:card\" content=\"summary_large_image\" \/>\n<meta name=\"twitter:label1\" content=\"Skriven av\" \/>\n\t<meta name=\"twitter:data1\" content=\"Sara Lidqvist\" \/>\n\t<meta name=\"twitter:label2\" content=\"Ber\u00e4knad l\u00e4stid\" \/>\n\t<meta name=\"twitter:data2\" content=\"2 minuter\" \/>\n<script type=\"application\/ld+json\" class=\"yoast-schema-graph\">{\"@context\":\"https:\\\/\\\/schema.org\",\"@graph\":[{\"@type\":\"Article\",\"@id\":\"https:\\\/\\\/wp.kristdemokraterna.se\\\/gotland\\\/vi-star-upp-for-valfrihet-och-mangfald-2\\\/#article\",\"isPartOf\":{\"@id\":\"https:\\\/\\\/wp.kristdemokraterna.se\\\/gotland\\\/vi-star-upp-for-valfrihet-och-mangfald-2\\\/\"},\"author\":{\"name\":\"Sara Lidqvist\",\"@id\":\"https:\\\/\\\/wp.kristdemokraterna.se\\\/gotland\\\/#\\\/schema\\\/person\\\/7ba4e4a45b5d94cc54dea86028385190\"},\"headline\":\"Vi st\u00e5r upp f\u00f6r valfrihet och m\u00e5ngfald\",\"datePublished\":\"2018-04-12T09:07:29+00:00\",\"dateModified\":\"2019-02-09T11:27:20+00:00\",\"mainEntityOfPage\":{\"@id\":\"https:\\\/\\\/wp.kristdemokraterna.se\\\/gotland\\\/vi-star-upp-for-valfrihet-och-mangfald-2\\\/\"},\"wordCount\":490,\"image\":{\"@id\":\"https:\\\/\\\/wp.kristdemokraterna.se\\\/gotland\\\/vi-star-upp-for-valfrihet-och-mangfald-2\\\/#primaryimage\"},\"thumbnailUrl\":\"http:\\\/\\\/wp.kristdemokraterna.se\\\/gotland\\\/files\\\/2018\\\/04\\\/alliansen-gotland-180406-300x282.jpg\",\"articleSection\":[\"Aktuella inl\u00e4gg\"],\"inLanguage\":\"sv-SE\"},{\"@type\":\"WebPage\",\"@id\":\"https:\\\/\\\/wp.kristdemokraterna.se\\\/gotland\\\/vi-star-upp-for-valfrihet-och-mangfald-2\\\/\",\"url\":\"https:\\\/\\\/wp.kristdemokraterna.se\\\/gotland\\\/vi-star-upp-for-valfrihet-och-mangfald-2\\\/\",\"name\":\"Vi st\u00e5r upp f\u00f6r valfrihet och m\u00e5ngfald - Kristdemokraterna Gotland\",\"isPartOf\":{\"@id\":\"https:\\\/\\\/wp.kristdemokraterna.se\\\/gotland\\\/#website\"},\"primaryImageOfPage\":{\"@id\":\"https:\\\/\\\/wp.kristdemokraterna.se\\\/gotland\\\/vi-star-upp-for-valfrihet-och-mangfald-2\\\/#primaryimage\"},\"image\":{\"@id\":\"https:\\\/\\\/wp.kristdemokraterna.se\\\/gotland\\\/vi-star-upp-for-valfrihet-och-mangfald-2\\\/#primaryimage\"},\"thumbnailUrl\":\"http:\\\/\\\/wp.kristdemokraterna.se\\\/gotland\\\/files\\\/2018\\\/04\\\/alliansen-gotland-180406-300x282.jpg\",\"datePublished\":\"2018-04-12T09:07:29+00:00\",\"dateModified\":\"2019-02-09T11:27:20+00:00\",\"author\":{\"@id\":\"https:\\\/\\\/wp.kristdemokraterna.se\\\/gotland\\\/#\\\/schema\\\/person\\\/7ba4e4a45b5d94cc54dea86028385190\"},\"breadcrumb\":{\"@id\":\"https:\\\/\\\/wp.kristdemokraterna.se\\\/gotland\\\/vi-star-upp-for-valfrihet-och-mangfald-2\\\/#breadcrumb\"},\"inLanguage\":\"sv-SE\",\"potentialAction\":[{\"@type\":\"ReadAction\",\"target\":[\"https:\\\/\\\/wp.kristdemokraterna.se\\\/gotland\\\/vi-star-upp-for-valfrihet-och-mangfald-2\\\/\"]}]},{\"@type\":\"ImageObject\",\"inLanguage\":\"sv-SE\",\"@id\":\"https:\\\/\\\/wp.kristdemokraterna.se\\\/gotland\\\/vi-star-upp-for-valfrihet-och-mangfald-2\\\/#primaryimage\",\"url\":\"https:\\\/\\\/wp.kristdemokraterna.se\\\/gotland\\\/files\\\/2018\\\/04\\\/alliansen-gotland-180406.jpg\",\"contentUrl\":\"https:\\\/\\\/wp.kristdemokraterna.se\\\/gotland\\\/files\\\/2018\\\/04\\\/alliansen-gotland-180406.jpg\",\"width\":2048,\"height\":1927,\"caption\":\"Alliansen Gotland: Sara Lidqvist (KD), Anna Hrdli\u010dka (M), Johan Thomasson (L), Eva Nypelius (C)\"},{\"@type\":\"BreadcrumbList\",\"@id\":\"https:\\\/\\\/wp.kristdemokraterna.se\\\/gotland\\\/vi-star-upp-for-valfrihet-och-mangfald-2\\\/#breadcrumb\",\"itemListElement\":[{\"@type\":\"ListItem\",\"position\":1,\"name\":\"Hem\",\"item\":\"https:\\\/\\\/wp.kristdemokraterna.se\\\/gotland\\\/\"},{\"@type\":\"ListItem\",\"position\":2,\"name\":\"Vi st\u00e5r upp f\u00f6r valfrihet och m\u00e5ngfald\"}]},{\"@type\":\"WebSite\",\"@id\":\"https:\\\/\\\/wp.kristdemokraterna.se\\\/gotland\\\/#website\",\"url\":\"https:\\\/\\\/wp.kristdemokraterna.se\\\/gotland\\\/\",\"name\":\"Kristdemokraterna Gotland\",\"description\":\"Kristdemokraterna p\u00e5 Gotland\",\"inLanguage\":\"sv-SE\"},{\"@type\":\"Person\",\"@id\":\"https:\\\/\\\/wp.kristdemokraterna.se\\\/gotland\\\/#\\\/schema\\\/person\\\/7ba4e4a45b5d94cc54dea86028385190\",\"name\":\"Sara Lidqvist\",\"image\":{\"@type\":\"ImageObject\",\"inLanguage\":\"sv-SE\",\"@id\":\"https:\\\/\\\/secure.gravatar.com\\\/avatar\\\/d1f396d141dda335b59d79d9f0d0aed02fcc4bf10f7eca766efc7fdf69bd82ba?s=96&r=g\",\"url\":\"https:\\\/\\\/secure.gravatar.com\\\/avatar\\\/d1f396d141dda335b59d79d9f0d0aed02fcc4bf10f7eca766efc7fdf69bd82ba?s=96&r=g\",\"contentUrl\":\"https:\\\/\\\/secure.gravatar.com\\\/avatar\\\/d1f396d141dda335b59d79d9f0d0aed02fcc4bf10f7eca766efc7fdf69bd82ba?s=96&r=g\",\"caption\":\"Sara Lidqvist\"},\"url\":\"https:\\\/\\\/wp.kristdemokraterna.se\\\/gotland\\\/author\\\/salt05\\\/\"}]}<\/script>\n<!-- \/ Yoast SEO plugin. -->","yoast_head_json":{"title":"Vi st\u00e5r upp f\u00f6r valfrihet och m\u00e5ngfald - Kristdemokraterna Gotland","robots":{"index":"index","follow":"follow","max-snippet":"max-snippet:-1","max-image-preview":"max-image-preview:large","max-video-preview":"max-video-preview:-1"},"canonical":"https:\/\/wp.kristdemokraterna.se\/gotland\/vi-star-upp-for-valfrihet-och-mangfald-2\/","og_locale":"sv_SE","og_type":"article","og_title":"Vi st\u00e5r upp f\u00f6r valfrihet och m\u00e5ngfald - Kristdemokraterna Gotland","og_description":"Vid senaste fullm\u00e4ktigem\u00f6tet blev synen p\u00e5 valfrihet och privata alternativ i v\u00e4lf\u00e4rden tydlig mellan oss i Alliansen p\u00e5 Gotland och de r\u00f6dgr\u00f6na partierna. Regeringen och v\u00e4nsterpartiet \u00e4r nu \u00f6verens om hur de vill stoppa vinster i v\u00e4lf\u00e4rden. Ett f\u00f6rslag som i praktiken skulle inneb\u00e4ra vinststopp f\u00f6r m\u00e5nga av de privata v\u00e4lf\u00e4rdsf\u00f6retagen som idag erbjuder f\u00f6rskola, Read More","og_url":"https:\/\/wp.kristdemokraterna.se\/gotland\/vi-star-upp-for-valfrihet-och-mangfald-2\/","og_site_name":"Kristdemokraterna Gotland","article_published_time":"2018-04-12T09:07:29+00:00","article_modified_time":"2019-02-09T11:27:20+00:00","og_image":[{"url":"http:\/\/wp.kristdemokraterna.se\/gotland\/files\/2018\/04\/alliansen-gotland-180406-300x282.jpg","type":"","width":"","height":""}],"author":"Sara Lidqvist","twitter_card":"summary_large_image","twitter_misc":{"Skriven av":"Sara Lidqvist","Ber\u00e4knad l\u00e4stid":"2 minuter"},"schema":{"@context":"https:\/\/schema.org","@graph":[{"@type":"Article","@id":"https:\/\/wp.kristdemokraterna.se\/gotland\/vi-star-upp-for-valfrihet-och-mangfald-2\/#article","isPartOf":{"@id":"https:\/\/wp.kristdemokraterna.se\/gotland\/vi-star-upp-for-valfrihet-och-mangfald-2\/"},"author":{"name":"Sara Lidqvist","@id":"https:\/\/wp.kristdemokraterna.se\/gotland\/#\/schema\/person\/7ba4e4a45b5d94cc54dea86028385190"},"headline":"Vi st\u00e5r upp f\u00f6r valfrihet och m\u00e5ngfald","datePublished":"2018-04-12T09:07:29+00:00","dateModified":"2019-02-09T11:27:20+00:00","mainEntityOfPage":{"@id":"https:\/\/wp.kristdemokraterna.se\/gotland\/vi-star-upp-for-valfrihet-och-mangfald-2\/"},"wordCount":490,"image":{"@id":"https:\/\/wp.kristdemokraterna.se\/gotland\/vi-star-upp-for-valfrihet-och-mangfald-2\/#primaryimage"},"thumbnailUrl":"http:\/\/wp.kristdemokraterna.se\/gotland\/files\/2018\/04\/alliansen-gotland-180406-300x282.jpg","articleSection":["Aktuella inl\u00e4gg"],"inLanguage":"sv-SE"},{"@type":"WebPage","@id":"https:\/\/wp.kristdemokraterna.se\/gotland\/vi-star-upp-for-valfrihet-och-mangfald-2\/","url":"https:\/\/wp.kristdemokraterna.se\/gotland\/vi-star-upp-for-valfrihet-och-mangfald-2\/","name":"Vi st\u00e5r upp f\u00f6r valfrihet och m\u00e5ngfald - Kristdemokraterna Gotland","isPartOf":{"@id":"https:\/\/wp.kristdemokraterna.se\/gotland\/#website"},"primaryImageOfPage":{"@id":"https:\/\/wp.kristdemokraterna.se\/gotland\/vi-star-upp-for-valfrihet-och-mangfald-2\/#primaryimage"},"image":{"@id":"https:\/\/wp.kristdemokraterna.se\/gotland\/vi-star-upp-for-valfrihet-och-mangfald-2\/#primaryimage"},"thumbnailUrl":"http:\/\/wp.kristdemokraterna.se\/gotland\/files\/2018\/04\/alliansen-gotland-180406-300x282.jpg","datePublished":"2018-04-12T09:07:29+00:00","dateModified":"2019-02-09T11:27:20+00:00","author":{"@id":"https:\/\/wp.kristdemokraterna.se\/gotland\/#\/schema\/person\/7ba4e4a45b5d94cc54dea86028385190"},"breadcrumb":{"@id":"https:\/\/wp.kristdemokraterna.se\/gotland\/vi-star-upp-for-valfrihet-och-mangfald-2\/#breadcrumb"},"inLanguage":"sv-SE","potentialAction":[{"@type":"ReadAction","target":["https:\/\/wp.kristdemokraterna.se\/gotland\/vi-star-upp-for-valfrihet-och-mangfald-2\/"]}]},{"@type":"ImageObject","inLanguage":"sv-SE","@id":"https:\/\/wp.kristdemokraterna.se\/gotland\/vi-star-upp-for-valfrihet-och-mangfald-2\/#primaryimage","url":"https:\/\/wp.kristdemokraterna.se\/gotland\/files\/2018\/04\/alliansen-gotland-180406.jpg","contentUrl":"https:\/\/wp.kristdemokraterna.se\/gotland\/files\/2018\/04\/alliansen-gotland-180406.jpg","width":2048,"height":1927,"caption":"Alliansen Gotland: Sara Lidqvist (KD), Anna Hrdli\u010dka (M), Johan Thomasson (L), Eva Nypelius (C)"},{"@type":"BreadcrumbList","@id":"https:\/\/wp.kristdemokraterna.se\/gotland\/vi-star-upp-for-valfrihet-och-mangfald-2\/#breadcrumb","itemListElement":[{"@type":"ListItem","position":1,"name":"Hem","item":"https:\/\/wp.kristdemokraterna.se\/gotland\/"},{"@type":"ListItem","position":2,"name":"Vi st\u00e5r upp f\u00f6r valfrihet och m\u00e5ngfald"}]},{"@type":"WebSite","@id":"https:\/\/wp.kristdemokraterna.se\/gotland\/#website","url":"https:\/\/wp.kristdemokraterna.se\/gotland\/","name":"Kristdemokraterna Gotland","description":"Kristdemokraterna p\u00e5 Gotland","inLanguage":"sv-SE"},{"@type":"Person","@id":"https:\/\/wp.kristdemokraterna.se\/gotland\/#\/schema\/person\/7ba4e4a45b5d94cc54dea86028385190","name":"Sara Lidqvist","image":{"@type":"ImageObject","inLanguage":"sv-SE","@id":"https:\/\/secure.gravatar.com\/avatar\/d1f396d141dda335b59d79d9f0d0aed02fcc4bf10f7eca766efc7fdf69bd82ba?s=96&r=g","url":"https:\/\/secure.gravatar.com\/avatar\/d1f396d141dda335b59d79d9f0d0aed02fcc4bf10f7eca766efc7fdf69bd82ba?s=96&r=g","contentUrl":"https:\/\/secure.gravatar.com\/avatar\/d1f396d141dda335b59d79d9f0d0aed02fcc4bf10f7eca766efc7fdf69bd82ba?s=96&r=g","caption":"Sara Lidqvist"},"url":"https:\/\/wp.kristdemokraterna.se\/gotland\/author\/salt05\/"}]}},"_links":{"self":[{"href":"https:\/\/wp.kristdemokraterna.se\/gotland\/wp-json\/wp\/v2\/posts\/551","targetHints":{"allow":["GET"]}}],"collection":[{"href":"https:\/\/wp.kristdemokraterna.se\/gotland\/wp-json\/wp\/v2\/posts"}],"about":[{"href":"https:\/\/wp.kristdemokraterna.se\/gotland\/wp-json\/wp\/v2\/types\/post"}],"author":[{"embeddable":true,"href":"https:\/\/wp.kristdemokraterna.se\/gotland\/wp-json\/wp\/v2\/users\/422"}],"replies":[{"embeddable":true,"href":"https:\/\/wp.kristdemokraterna.se\/gotland\/wp-json\/wp\/v2\/comments?post=551"}],"version-history":[{"count":5,"href":"https:\/\/wp.kristdemokraterna.se\/gotland\/wp-json\/wp\/v2\/posts\/551\/revisions"}],"predecessor-version":[{"id":556,"href":"https:\/\/wp.kristdemokraterna.se\/gotland\/wp-json\/wp\/v2\/posts\/551\/revisions\/556"}],"wp:attachment":[{"href":"https:\/\/wp.kristdemokraterna.se\/gotland\/wp-json\/wp\/v2\/media?parent=551"}],"wp:term":[{"taxonomy":"category","embeddable":true,"href":"https:\/\/wp.kristdemokraterna.se\/gotland\/wp-json\/wp\/v2\/categories?post=551"},{"taxonomy":"post_tag","embeddable":true,"href":"https:\/\/wp.kristdemokraterna.se\/gotland\/wp-json\/wp\/v2\/tags?post=551"}],"curies":[{"name":"wp","href":"https:\/\/api.w.org\/{rel}","templated":true}]}}