{"id":1160,"date":"2016-06-23T18:19:40","date_gmt":"2016-06-23T16:19:40","guid":{"rendered":"http:\/\/wp.kristdemokraterna.se\/habo\/?p=1160"},"modified":"2016-06-23T18:19:40","modified_gmt":"2016-06-23T16:19:40","slug":"vi-rostade-for-ratten-till-familjeaterforening","status":"publish","type":"post","link":"https:\/\/wp.kristdemokraterna.se\/habo\/vi-rostade-for-ratten-till-familjeaterforening\/","title":{"rendered":"Vi r\u00f6stade f\u00f6r r\u00e4tten till familje\u00e5terf\u00f6rening"},"content":{"rendered":"<p><span style=\"font-family: Verdana;font-size: xx-large\">Vi r\u00f6stade f\u00f6r r\u00e4tten till familje\u00e5terf\u00f6rening<\/span><\/p>\n<ul>\n<li>Vi har f\u00e5tt en del fr\u00e5gor om Kristdemokraternas agerande i voteringarna g\u00e4llande regeringens proposition om begr\u00e4nsningarna kring uppeh\u00e5llstillst\u00e5nd som behandlades i riksdagen ig\u00e5r. Riksdagens omr\u00f6stningar kan vara lite sn\u00e5riga men vi vill f\u00f6rtydliga att vi r\u00f6stade f\u00f6r r\u00e4tten till familje\u00e5terf\u00f6rening.<\/li>\n<\/ul>\n<p>&nbsp;<\/p>\n<p><a href=\"\/\/@82.182.190.220,%231002455\/Forum\/Anslagstavla\/%2394978502\"><u><span style=\"color: #0000ff\"><span style=\"color: #0000ff;font-family: Verdana\">L\u00e4s mer h\u00e4r om hur vi r\u00f6stade samt v\u00e5r f\u00f6ljdmotion.<\/span><\/span><\/u><\/a><\/p>\n","protected":false},"excerpt":{"rendered":"<p>Vi r\u00f6stade f\u00f6r r\u00e4tten till familje\u00e5terf\u00f6rening Vi har f\u00e5tt en del fr\u00e5gor om Kristdemokraternas agerande i voteringarna g\u00e4llande regeringens proposition om begr\u00e4nsningarna kring uppeh\u00e5llstillst\u00e5nd som behandlades i riksdagen ig\u00e5r. Riksdagens omr\u00f6stningar kan vara lite sn\u00e5riga men vi vill f\u00f6rtydliga att vi r\u00f6stade f\u00f6r r\u00e4tten till familje\u00e5terf\u00f6rening. &nbsp; L\u00e4s mer h\u00e4r om hur vi r\u00f6stade samt <a class=\"read-more-link\" href=\"https:\/\/wp.kristdemokraterna.se\/habo\/vi-rostade-for-ratten-till-familjeaterforening\/\">Read More<\/a><\/p>\n","protected":false},"author":402,"featured_media":0,"comment_status":"closed","ping_status":"closed","sticky":false,"template":"","format":"standard","meta":{"_acf_changed":false,"footnotes":""},"categories":[1],"tags":[],"class_list":["post-1160","post","type-post","status-publish","format-standard","hentry","category-inget"],"acf":[],"yoast_head":"<!-- This site is optimized with the Yoast SEO plugin v27.4 - https:\/\/yoast.com\/product\/yoast-seo-wordpress\/ -->\n<title>Vi r\u00f6stade f\u00f6r r\u00e4tten till familje\u00e5terf\u00f6rening - V\u00e4lkommen till KD i Habo<\/title>\n<meta name=\"robots\" content=\"index, follow, max-snippet:-1, max-image-preview:large, max-video-preview:-1\" \/>\n<link rel=\"canonical\" href=\"https:\/\/wp.kristdemokraterna.se\/habo\/vi-rostade-for-ratten-till-familjeaterforening\/\" \/>\n<meta property=\"og:locale\" content=\"sv_SE\" \/>\n<meta property=\"og:type\" content=\"article\" \/>\n<meta property=\"og:title\" content=\"Vi r\u00f6stade f\u00f6r r\u00e4tten till familje\u00e5terf\u00f6rening - V\u00e4lkommen till KD i Habo\" \/>\n<meta property=\"og:description\" content=\"Vi r\u00f6stade f\u00f6r r\u00e4tten till familje\u00e5terf\u00f6rening Vi har f\u00e5tt en del fr\u00e5gor om Kristdemokraternas agerande i voteringarna g\u00e4llande regeringens proposition om begr\u00e4nsningarna kring uppeh\u00e5llstillst\u00e5nd som behandlades i riksdagen ig\u00e5r. Riksdagens omr\u00f6stningar kan vara lite sn\u00e5riga men vi vill f\u00f6rtydliga att vi r\u00f6stade f\u00f6r r\u00e4tten till familje\u00e5terf\u00f6rening. &nbsp; L\u00e4s mer h\u00e4r om hur vi r\u00f6stade samt Read More\" \/>\n<meta property=\"og:url\" content=\"https:\/\/wp.kristdemokraterna.se\/habo\/vi-rostade-for-ratten-till-familjeaterforening\/\" \/>\n<meta property=\"og:site_name\" content=\"V\u00e4lkommen till KD i Habo\" \/>\n<meta property=\"article:published_time\" content=\"2016-06-23T16:19:40+00:00\" \/>\n<meta name=\"author\" content=\"habo\" \/>\n<meta name=\"twitter:card\" content=\"summary_large_image\" \/>\n<meta name=\"twitter:label1\" content=\"Skriven av\" \/>\n\t<meta name=\"twitter:data1\" content=\"habo\" \/>\n<script type=\"application\/ld+json\" class=\"yoast-schema-graph\">{\"@context\":\"https:\\\/\\\/schema.org\",\"@graph\":[{\"@type\":\"Article\",\"@id\":\"https:\\\/\\\/wp.kristdemokraterna.se\\\/habo\\\/vi-rostade-for-ratten-till-familjeaterforening\\\/#article\",\"isPartOf\":{\"@id\":\"https:\\\/\\\/wp.kristdemokraterna.se\\\/habo\\\/vi-rostade-for-ratten-till-familjeaterforening\\\/\"},\"author\":{\"name\":\"habo\",\"@id\":\"https:\\\/\\\/wp.kristdemokraterna.se\\\/habo\\\/#\\\/schema\\\/person\\\/14d868c2b996179ce41f5e75e961672f\"},\"headline\":\"Vi r\u00f6stade f\u00f6r r\u00e4tten till familje\u00e5terf\u00f6rening\",\"datePublished\":\"2016-06-23T16:19:40+00:00\",\"mainEntityOfPage\":{\"@id\":\"https:\\\/\\\/wp.kristdemokraterna.se\\\/habo\\\/vi-rostade-for-ratten-till-familjeaterforening\\\/\"},\"wordCount\":93,\"articleSection\":[\"Senaste Nytt\"],\"inLanguage\":\"sv-SE\"},{\"@type\":\"WebPage\",\"@id\":\"https:\\\/\\\/wp.kristdemokraterna.se\\\/habo\\\/vi-rostade-for-ratten-till-familjeaterforening\\\/\",\"url\":\"https:\\\/\\\/wp.kristdemokraterna.se\\\/habo\\\/vi-rostade-for-ratten-till-familjeaterforening\\\/\",\"name\":\"Vi r\u00f6stade f\u00f6r r\u00e4tten till familje\u00e5terf\u00f6rening - V\u00e4lkommen till KD i Habo\",\"isPartOf\":{\"@id\":\"https:\\\/\\\/wp.kristdemokraterna.se\\\/habo\\\/#website\"},\"datePublished\":\"2016-06-23T16:19:40+00:00\",\"author\":{\"@id\":\"https:\\\/\\\/wp.kristdemokraterna.se\\\/habo\\\/#\\\/schema\\\/person\\\/14d868c2b996179ce41f5e75e961672f\"},\"breadcrumb\":{\"@id\":\"https:\\\/\\\/wp.kristdemokraterna.se\\\/habo\\\/vi-rostade-for-ratten-till-familjeaterforening\\\/#breadcrumb\"},\"inLanguage\":\"sv-SE\",\"potentialAction\":[{\"@type\":\"ReadAction\",\"target\":[\"https:\\\/\\\/wp.kristdemokraterna.se\\\/habo\\\/vi-rostade-for-ratten-till-familjeaterforening\\\/\"]}]},{\"@type\":\"BreadcrumbList\",\"@id\":\"https:\\\/\\\/wp.kristdemokraterna.se\\\/habo\\\/vi-rostade-for-ratten-till-familjeaterforening\\\/#breadcrumb\",\"itemListElement\":[{\"@type\":\"ListItem\",\"position\":1,\"name\":\"Hem\",\"item\":\"https:\\\/\\\/wp.kristdemokraterna.se\\\/habo\\\/\"},{\"@type\":\"ListItem\",\"position\":2,\"name\":\"Vi r\u00f6stade f\u00f6r r\u00e4tten till familje\u00e5terf\u00f6rening\"}]},{\"@type\":\"WebSite\",\"@id\":\"https:\\\/\\\/wp.kristdemokraterna.se\\\/habo\\\/#website\",\"url\":\"https:\\\/\\\/wp.kristdemokraterna.se\\\/habo\\\/\",\"name\":\"V\u00e4lkommen till KD i Habo\",\"description\":\"Politiken ska st\u00f6dja och ge f\u00f6ruts\u00e4ttningar\",\"inLanguage\":\"sv-SE\"},{\"@type\":\"Person\",\"@id\":\"https:\\\/\\\/wp.kristdemokraterna.se\\\/habo\\\/#\\\/schema\\\/person\\\/14d868c2b996179ce41f5e75e961672f\",\"name\":\"habo\",\"image\":{\"@type\":\"ImageObject\",\"inLanguage\":\"sv-SE\",\"@id\":\"https:\\\/\\\/secure.gravatar.com\\\/avatar\\\/dd061c12227ea8e61f3c2fbb4ffe1ea27da3da69fdf892557ac2ff369959d9f4?s=96&r=g\",\"url\":\"https:\\\/\\\/secure.gravatar.com\\\/avatar\\\/dd061c12227ea8e61f3c2fbb4ffe1ea27da3da69fdf892557ac2ff369959d9f4?s=96&r=g\",\"contentUrl\":\"https:\\\/\\\/secure.gravatar.com\\\/avatar\\\/dd061c12227ea8e61f3c2fbb4ffe1ea27da3da69fdf892557ac2ff369959d9f4?s=96&r=g\",\"caption\":\"habo\"},\"url\":\"https:\\\/\\\/wp.kristdemokraterna.se\\\/habo\\\/author\\\/habo\\\/\"}]}<\/script>\n<!-- \/ Yoast SEO plugin. -->","yoast_head_json":{"title":"Vi r\u00f6stade f\u00f6r r\u00e4tten till familje\u00e5terf\u00f6rening - V\u00e4lkommen till KD i Habo","robots":{"index":"index","follow":"follow","max-snippet":"max-snippet:-1","max-image-preview":"max-image-preview:large","max-video-preview":"max-video-preview:-1"},"canonical":"https:\/\/wp.kristdemokraterna.se\/habo\/vi-rostade-for-ratten-till-familjeaterforening\/","og_locale":"sv_SE","og_type":"article","og_title":"Vi r\u00f6stade f\u00f6r r\u00e4tten till familje\u00e5terf\u00f6rening - V\u00e4lkommen till KD i Habo","og_description":"Vi r\u00f6stade f\u00f6r r\u00e4tten till familje\u00e5terf\u00f6rening Vi har f\u00e5tt en del fr\u00e5gor om Kristdemokraternas agerande i voteringarna g\u00e4llande regeringens proposition om begr\u00e4nsningarna kring uppeh\u00e5llstillst\u00e5nd som behandlades i riksdagen ig\u00e5r. Riksdagens omr\u00f6stningar kan vara lite sn\u00e5riga men vi vill f\u00f6rtydliga att vi r\u00f6stade f\u00f6r r\u00e4tten till familje\u00e5terf\u00f6rening. &nbsp; L\u00e4s mer h\u00e4r om hur vi r\u00f6stade samt Read More","og_url":"https:\/\/wp.kristdemokraterna.se\/habo\/vi-rostade-for-ratten-till-familjeaterforening\/","og_site_name":"V\u00e4lkommen till KD i Habo","article_published_time":"2016-06-23T16:19:40+00:00","author":"habo","twitter_card":"summary_large_image","twitter_misc":{"Skriven av":"habo"},"schema":{"@context":"https:\/\/schema.org","@graph":[{"@type":"Article","@id":"https:\/\/wp.kristdemokraterna.se\/habo\/vi-rostade-for-ratten-till-familjeaterforening\/#article","isPartOf":{"@id":"https:\/\/wp.kristdemokraterna.se\/habo\/vi-rostade-for-ratten-till-familjeaterforening\/"},"author":{"name":"habo","@id":"https:\/\/wp.kristdemokraterna.se\/habo\/#\/schema\/person\/14d868c2b996179ce41f5e75e961672f"},"headline":"Vi r\u00f6stade f\u00f6r r\u00e4tten till familje\u00e5terf\u00f6rening","datePublished":"2016-06-23T16:19:40+00:00","mainEntityOfPage":{"@id":"https:\/\/wp.kristdemokraterna.se\/habo\/vi-rostade-for-ratten-till-familjeaterforening\/"},"wordCount":93,"articleSection":["Senaste Nytt"],"inLanguage":"sv-SE"},{"@type":"WebPage","@id":"https:\/\/wp.kristdemokraterna.se\/habo\/vi-rostade-for-ratten-till-familjeaterforening\/","url":"https:\/\/wp.kristdemokraterna.se\/habo\/vi-rostade-for-ratten-till-familjeaterforening\/","name":"Vi r\u00f6stade f\u00f6r r\u00e4tten till familje\u00e5terf\u00f6rening - V\u00e4lkommen till KD i Habo","isPartOf":{"@id":"https:\/\/wp.kristdemokraterna.se\/habo\/#website"},"datePublished":"2016-06-23T16:19:40+00:00","author":{"@id":"https:\/\/wp.kristdemokraterna.se\/habo\/#\/schema\/person\/14d868c2b996179ce41f5e75e961672f"},"breadcrumb":{"@id":"https:\/\/wp.kristdemokraterna.se\/habo\/vi-rostade-for-ratten-till-familjeaterforening\/#breadcrumb"},"inLanguage":"sv-SE","potentialAction":[{"@type":"ReadAction","target":["https:\/\/wp.kristdemokraterna.se\/habo\/vi-rostade-for-ratten-till-familjeaterforening\/"]}]},{"@type":"BreadcrumbList","@id":"https:\/\/wp.kristdemokraterna.se\/habo\/vi-rostade-for-ratten-till-familjeaterforening\/#breadcrumb","itemListElement":[{"@type":"ListItem","position":1,"name":"Hem","item":"https:\/\/wp.kristdemokraterna.se\/habo\/"},{"@type":"ListItem","position":2,"name":"Vi r\u00f6stade f\u00f6r r\u00e4tten till familje\u00e5terf\u00f6rening"}]},{"@type":"WebSite","@id":"https:\/\/wp.kristdemokraterna.se\/habo\/#website","url":"https:\/\/wp.kristdemokraterna.se\/habo\/","name":"V\u00e4lkommen till KD i Habo","description":"Politiken ska st\u00f6dja och ge f\u00f6ruts\u00e4ttningar","inLanguage":"sv-SE"},{"@type":"Person","@id":"https:\/\/wp.kristdemokraterna.se\/habo\/#\/schema\/person\/14d868c2b996179ce41f5e75e961672f","name":"habo","image":{"@type":"ImageObject","inLanguage":"sv-SE","@id":"https:\/\/secure.gravatar.com\/avatar\/dd061c12227ea8e61f3c2fbb4ffe1ea27da3da69fdf892557ac2ff369959d9f4?s=96&r=g","url":"https:\/\/secure.gravatar.com\/avatar\/dd061c12227ea8e61f3c2fbb4ffe1ea27da3da69fdf892557ac2ff369959d9f4?s=96&r=g","contentUrl":"https:\/\/secure.gravatar.com\/avatar\/dd061c12227ea8e61f3c2fbb4ffe1ea27da3da69fdf892557ac2ff369959d9f4?s=96&r=g","caption":"habo"},"url":"https:\/\/wp.kristdemokraterna.se\/habo\/author\/habo\/"}]}},"_links":{"self":[{"href":"https:\/\/wp.kristdemokraterna.se\/habo\/wp-json\/wp\/v2\/posts\/1160","targetHints":{"allow":["GET"]}}],"collection":[{"href":"https:\/\/wp.kristdemokraterna.se\/habo\/wp-json\/wp\/v2\/posts"}],"about":[{"href":"https:\/\/wp.kristdemokraterna.se\/habo\/wp-json\/wp\/v2\/types\/post"}],"author":[{"embeddable":true,"href":"https:\/\/wp.kristdemokraterna.se\/habo\/wp-json\/wp\/v2\/users\/402"}],"replies":[{"embeddable":true,"href":"https:\/\/wp.kristdemokraterna.se\/habo\/wp-json\/wp\/v2\/comments?post=1160"}],"version-history":[{"count":1,"href":"https:\/\/wp.kristdemokraterna.se\/habo\/wp-json\/wp\/v2\/posts\/1160\/revisions"}],"predecessor-version":[{"id":1161,"href":"https:\/\/wp.kristdemokraterna.se\/habo\/wp-json\/wp\/v2\/posts\/1160\/revisions\/1161"}],"wp:attachment":[{"href":"https:\/\/wp.kristdemokraterna.se\/habo\/wp-json\/wp\/v2\/media?parent=1160"}],"wp:term":[{"taxonomy":"category","embeddable":true,"href":"https:\/\/wp.kristdemokraterna.se\/habo\/wp-json\/wp\/v2\/categories?post=1160"},{"taxonomy":"post_tag","embeddable":true,"href":"https:\/\/wp.kristdemokraterna.se\/habo\/wp-json\/wp\/v2\/tags?post=1160"}],"curies":[{"name":"wp","href":"https:\/\/api.w.org\/{rel}","templated":true}]}}