{"id":1192,"date":"2016-10-22T13:40:34","date_gmt":"2016-10-22T11:40:34","guid":{"rendered":"http:\/\/wp.kristdemokraterna.se\/habo\/?p=1192"},"modified":"2016-10-22T13:42:43","modified_gmt":"2016-10-22T11:42:43","slug":"vi-satsar-pa-barnfamiljer-och-pensionarer","status":"publish","type":"post","link":"https:\/\/wp.kristdemokraterna.se\/habo\/vi-satsar-pa-barnfamiljer-och-pensionarer\/","title":{"rendered":"Vi satsar p\u00e5 barnfamiljer, pension\u00e4rer och centrala v\u00e4lf\u00e4rdsfunktioner"},"content":{"rendered":"<p><a id=\"ctl00_AllAreaPlaceHolder_MainContentArea_MainContentArea_ctl05_MainIntroHeading\" href=\"https:\/\/www.kristdemokraterna.se\/Media\/Nyhetsarkiv\/Budget-for-okad-tillit-Vi-satsar-pa-barnfamiljer-pensionarer-och-centrala-valfardsfunktioner\/\"><u><span style=\"color: #0066cc\">Budget f\u00f6r \u00f6kad tillit: Vi satsar p\u00e5 barnfamiljer, pension\u00e4rer och centrala v\u00e4lf\u00e4rdsfunktioner<\/span><\/u><\/a> https:\/\/www.kristdemokraterna.se\/<i class=\"newsDate\">Publicerat 2016-10-03<\/i><\/p>\n<p class=\"clearfix\"><span style=\"color: #000000\">\u2013 Vi ser hur barnfamiljer och pension\u00e4rer halkat efter ekonomiskt j\u00e4mf\u00f6rt med andra och d\u00e4rf\u00f6r f\u00f6resl\u00e5r vi nu m\u00e4rkbara f\u00f6rb\u00e4ttringar av deras ekonomi. Vi tar krafttag mot tudelningen p\u00e5 arbetsmarknaden genom skattes\u00e4nkningar f\u00f6r dem som g\u00e5r fr\u00e5n bidrag till arbete. Tilliten till polisens f\u00f6rm\u00e5ga har minskat och s\u00e5v\u00e4l v\u00e5rden som \u00e4ldrev\u00e5rden st\u00e5r inf\u00f6r utmaningar som vi nu tar ansvar f\u00f6r att hantera. Det s\u00e4ger partiordf\u00f6rande Ebba Busch Thor med anledning av att Kristdemokraterna presenterar sin budgetmotion. <\/span><\/p>\n","protected":false},"excerpt":{"rendered":"<p>Budget f\u00f6r \u00f6kad tillit: Vi satsar p\u00e5 barnfamiljer, pension\u00e4rer och centrala v\u00e4lf\u00e4rdsfunktioner https:\/\/www.kristdemokraterna.se\/Publicerat 2016-10-03 \u2013 Vi ser hur barnfamiljer och pension\u00e4rer halkat efter ekonomiskt j\u00e4mf\u00f6rt med andra och d\u00e4rf\u00f6r f\u00f6resl\u00e5r vi nu m\u00e4rkbara f\u00f6rb\u00e4ttringar av deras ekonomi. Vi tar krafttag mot tudelningen p\u00e5 arbetsmarknaden genom skattes\u00e4nkningar f\u00f6r dem som g\u00e5r fr\u00e5n bidrag till arbete. Tilliten <a class=\"read-more-link\" href=\"https:\/\/wp.kristdemokraterna.se\/habo\/vi-satsar-pa-barnfamiljer-och-pensionarer\/\">Read More<\/a><\/p>\n","protected":false},"author":402,"featured_media":0,"comment_status":"closed","ping_status":"closed","sticky":false,"template":"","format":"standard","meta":{"_acf_changed":false,"footnotes":""},"categories":[1],"tags":[],"class_list":["post-1192","post","type-post","status-publish","format-standard","hentry","category-inget"],"acf":[],"yoast_head":"<!-- This site is optimized with the Yoast SEO plugin v27.4 - https:\/\/yoast.com\/product\/yoast-seo-wordpress\/ -->\n<title>Vi satsar p\u00e5 barnfamiljer, pension\u00e4rer och centrala v\u00e4lf\u00e4rdsfunktioner - V\u00e4lkommen till KD i Habo<\/title>\n<meta name=\"robots\" content=\"index, follow, max-snippet:-1, max-image-preview:large, max-video-preview:-1\" \/>\n<link rel=\"canonical\" href=\"https:\/\/wp.kristdemokraterna.se\/habo\/vi-satsar-pa-barnfamiljer-och-pensionarer\/\" \/>\n<meta property=\"og:locale\" content=\"sv_SE\" \/>\n<meta property=\"og:type\" content=\"article\" \/>\n<meta property=\"og:title\" content=\"Vi satsar p\u00e5 barnfamiljer, pension\u00e4rer och centrala v\u00e4lf\u00e4rdsfunktioner - V\u00e4lkommen till KD i Habo\" \/>\n<meta property=\"og:description\" content=\"Budget f\u00f6r \u00f6kad tillit: Vi satsar p\u00e5 barnfamiljer, pension\u00e4rer och centrala v\u00e4lf\u00e4rdsfunktioner https:\/\/www.kristdemokraterna.se\/Publicerat 2016-10-03 \u2013 Vi ser hur barnfamiljer och pension\u00e4rer halkat efter ekonomiskt j\u00e4mf\u00f6rt med andra och d\u00e4rf\u00f6r f\u00f6resl\u00e5r vi nu m\u00e4rkbara f\u00f6rb\u00e4ttringar av deras ekonomi. Vi tar krafttag mot tudelningen p\u00e5 arbetsmarknaden genom skattes\u00e4nkningar f\u00f6r dem som g\u00e5r fr\u00e5n bidrag till arbete. Tilliten Read More\" \/>\n<meta property=\"og:url\" content=\"https:\/\/wp.kristdemokraterna.se\/habo\/vi-satsar-pa-barnfamiljer-och-pensionarer\/\" \/>\n<meta property=\"og:site_name\" content=\"V\u00e4lkommen till KD i Habo\" \/>\n<meta property=\"article:published_time\" content=\"2016-10-22T11:40:34+00:00\" \/>\n<meta property=\"article:modified_time\" content=\"2016-10-22T11:42:43+00:00\" \/>\n<meta name=\"author\" content=\"habo\" \/>\n<meta name=\"twitter:card\" content=\"summary_large_image\" \/>\n<meta name=\"twitter:label1\" content=\"Skriven av\" \/>\n\t<meta name=\"twitter:data1\" content=\"habo\" \/>\n\t<meta name=\"twitter:label2\" content=\"Ber\u00e4knad l\u00e4stid\" \/>\n\t<meta name=\"twitter:data2\" content=\"1 minut\" \/>\n<script type=\"application\/ld+json\" class=\"yoast-schema-graph\">{\"@context\":\"https:\\\/\\\/schema.org\",\"@graph\":[{\"@type\":\"Article\",\"@id\":\"https:\\\/\\\/wp.kristdemokraterna.se\\\/habo\\\/vi-satsar-pa-barnfamiljer-och-pensionarer\\\/#article\",\"isPartOf\":{\"@id\":\"https:\\\/\\\/wp.kristdemokraterna.se\\\/habo\\\/vi-satsar-pa-barnfamiljer-och-pensionarer\\\/\"},\"author\":{\"name\":\"habo\",\"@id\":\"https:\\\/\\\/wp.kristdemokraterna.se\\\/habo\\\/#\\\/schema\\\/person\\\/14d868c2b996179ce41f5e75e961672f\"},\"headline\":\"Vi satsar p\u00e5 barnfamiljer, pension\u00e4rer och centrala v\u00e4lf\u00e4rdsfunktioner\",\"datePublished\":\"2016-10-22T11:40:34+00:00\",\"dateModified\":\"2016-10-22T11:42:43+00:00\",\"mainEntityOfPage\":{\"@id\":\"https:\\\/\\\/wp.kristdemokraterna.se\\\/habo\\\/vi-satsar-pa-barnfamiljer-och-pensionarer\\\/\"},\"wordCount\":134,\"articleSection\":[\"Senaste Nytt\"],\"inLanguage\":\"sv-SE\"},{\"@type\":\"WebPage\",\"@id\":\"https:\\\/\\\/wp.kristdemokraterna.se\\\/habo\\\/vi-satsar-pa-barnfamiljer-och-pensionarer\\\/\",\"url\":\"https:\\\/\\\/wp.kristdemokraterna.se\\\/habo\\\/vi-satsar-pa-barnfamiljer-och-pensionarer\\\/\",\"name\":\"Vi satsar p\u00e5 barnfamiljer, pension\u00e4rer och centrala v\u00e4lf\u00e4rdsfunktioner - V\u00e4lkommen till KD i Habo\",\"isPartOf\":{\"@id\":\"https:\\\/\\\/wp.kristdemokraterna.se\\\/habo\\\/#website\"},\"datePublished\":\"2016-10-22T11:40:34+00:00\",\"dateModified\":\"2016-10-22T11:42:43+00:00\",\"author\":{\"@id\":\"https:\\\/\\\/wp.kristdemokraterna.se\\\/habo\\\/#\\\/schema\\\/person\\\/14d868c2b996179ce41f5e75e961672f\"},\"breadcrumb\":{\"@id\":\"https:\\\/\\\/wp.kristdemokraterna.se\\\/habo\\\/vi-satsar-pa-barnfamiljer-och-pensionarer\\\/#breadcrumb\"},\"inLanguage\":\"sv-SE\",\"potentialAction\":[{\"@type\":\"ReadAction\",\"target\":[\"https:\\\/\\\/wp.kristdemokraterna.se\\\/habo\\\/vi-satsar-pa-barnfamiljer-och-pensionarer\\\/\"]}]},{\"@type\":\"BreadcrumbList\",\"@id\":\"https:\\\/\\\/wp.kristdemokraterna.se\\\/habo\\\/vi-satsar-pa-barnfamiljer-och-pensionarer\\\/#breadcrumb\",\"itemListElement\":[{\"@type\":\"ListItem\",\"position\":1,\"name\":\"Hem\",\"item\":\"https:\\\/\\\/wp.kristdemokraterna.se\\\/habo\\\/\"},{\"@type\":\"ListItem\",\"position\":2,\"name\":\"Vi satsar p\u00e5 barnfamiljer, pension\u00e4rer och centrala v\u00e4lf\u00e4rdsfunktioner\"}]},{\"@type\":\"WebSite\",\"@id\":\"https:\\\/\\\/wp.kristdemokraterna.se\\\/habo\\\/#website\",\"url\":\"https:\\\/\\\/wp.kristdemokraterna.se\\\/habo\\\/\",\"name\":\"V\u00e4lkommen till KD i Habo\",\"description\":\"Politiken ska st\u00f6dja och ge f\u00f6ruts\u00e4ttningar\",\"inLanguage\":\"sv-SE\"},{\"@type\":\"Person\",\"@id\":\"https:\\\/\\\/wp.kristdemokraterna.se\\\/habo\\\/#\\\/schema\\\/person\\\/14d868c2b996179ce41f5e75e961672f\",\"name\":\"habo\",\"image\":{\"@type\":\"ImageObject\",\"inLanguage\":\"sv-SE\",\"@id\":\"https:\\\/\\\/secure.gravatar.com\\\/avatar\\\/dd061c12227ea8e61f3c2fbb4ffe1ea27da3da69fdf892557ac2ff369959d9f4?s=96&r=g\",\"url\":\"https:\\\/\\\/secure.gravatar.com\\\/avatar\\\/dd061c12227ea8e61f3c2fbb4ffe1ea27da3da69fdf892557ac2ff369959d9f4?s=96&r=g\",\"contentUrl\":\"https:\\\/\\\/secure.gravatar.com\\\/avatar\\\/dd061c12227ea8e61f3c2fbb4ffe1ea27da3da69fdf892557ac2ff369959d9f4?s=96&r=g\",\"caption\":\"habo\"},\"url\":\"https:\\\/\\\/wp.kristdemokraterna.se\\\/habo\\\/author\\\/habo\\\/\"}]}<\/script>\n<!-- \/ Yoast SEO plugin. -->","yoast_head_json":{"title":"Vi satsar p\u00e5 barnfamiljer, pension\u00e4rer och centrala v\u00e4lf\u00e4rdsfunktioner - V\u00e4lkommen till KD i Habo","robots":{"index":"index","follow":"follow","max-snippet":"max-snippet:-1","max-image-preview":"max-image-preview:large","max-video-preview":"max-video-preview:-1"},"canonical":"https:\/\/wp.kristdemokraterna.se\/habo\/vi-satsar-pa-barnfamiljer-och-pensionarer\/","og_locale":"sv_SE","og_type":"article","og_title":"Vi satsar p\u00e5 barnfamiljer, pension\u00e4rer och centrala v\u00e4lf\u00e4rdsfunktioner - V\u00e4lkommen till KD i Habo","og_description":"Budget f\u00f6r \u00f6kad tillit: Vi satsar p\u00e5 barnfamiljer, pension\u00e4rer och centrala v\u00e4lf\u00e4rdsfunktioner https:\/\/www.kristdemokraterna.se\/Publicerat 2016-10-03 \u2013 Vi ser hur barnfamiljer och pension\u00e4rer halkat efter ekonomiskt j\u00e4mf\u00f6rt med andra och d\u00e4rf\u00f6r f\u00f6resl\u00e5r vi nu m\u00e4rkbara f\u00f6rb\u00e4ttringar av deras ekonomi. Vi tar krafttag mot tudelningen p\u00e5 arbetsmarknaden genom skattes\u00e4nkningar f\u00f6r dem som g\u00e5r fr\u00e5n bidrag till arbete. Tilliten Read More","og_url":"https:\/\/wp.kristdemokraterna.se\/habo\/vi-satsar-pa-barnfamiljer-och-pensionarer\/","og_site_name":"V\u00e4lkommen till KD i Habo","article_published_time":"2016-10-22T11:40:34+00:00","article_modified_time":"2016-10-22T11:42:43+00:00","author":"habo","twitter_card":"summary_large_image","twitter_misc":{"Skriven av":"habo","Ber\u00e4knad l\u00e4stid":"1 minut"},"schema":{"@context":"https:\/\/schema.org","@graph":[{"@type":"Article","@id":"https:\/\/wp.kristdemokraterna.se\/habo\/vi-satsar-pa-barnfamiljer-och-pensionarer\/#article","isPartOf":{"@id":"https:\/\/wp.kristdemokraterna.se\/habo\/vi-satsar-pa-barnfamiljer-och-pensionarer\/"},"author":{"name":"habo","@id":"https:\/\/wp.kristdemokraterna.se\/habo\/#\/schema\/person\/14d868c2b996179ce41f5e75e961672f"},"headline":"Vi satsar p\u00e5 barnfamiljer, pension\u00e4rer och centrala v\u00e4lf\u00e4rdsfunktioner","datePublished":"2016-10-22T11:40:34+00:00","dateModified":"2016-10-22T11:42:43+00:00","mainEntityOfPage":{"@id":"https:\/\/wp.kristdemokraterna.se\/habo\/vi-satsar-pa-barnfamiljer-och-pensionarer\/"},"wordCount":134,"articleSection":["Senaste Nytt"],"inLanguage":"sv-SE"},{"@type":"WebPage","@id":"https:\/\/wp.kristdemokraterna.se\/habo\/vi-satsar-pa-barnfamiljer-och-pensionarer\/","url":"https:\/\/wp.kristdemokraterna.se\/habo\/vi-satsar-pa-barnfamiljer-och-pensionarer\/","name":"Vi satsar p\u00e5 barnfamiljer, pension\u00e4rer och centrala v\u00e4lf\u00e4rdsfunktioner - V\u00e4lkommen till KD i Habo","isPartOf":{"@id":"https:\/\/wp.kristdemokraterna.se\/habo\/#website"},"datePublished":"2016-10-22T11:40:34+00:00","dateModified":"2016-10-22T11:42:43+00:00","author":{"@id":"https:\/\/wp.kristdemokraterna.se\/habo\/#\/schema\/person\/14d868c2b996179ce41f5e75e961672f"},"breadcrumb":{"@id":"https:\/\/wp.kristdemokraterna.se\/habo\/vi-satsar-pa-barnfamiljer-och-pensionarer\/#breadcrumb"},"inLanguage":"sv-SE","potentialAction":[{"@type":"ReadAction","target":["https:\/\/wp.kristdemokraterna.se\/habo\/vi-satsar-pa-barnfamiljer-och-pensionarer\/"]}]},{"@type":"BreadcrumbList","@id":"https:\/\/wp.kristdemokraterna.se\/habo\/vi-satsar-pa-barnfamiljer-och-pensionarer\/#breadcrumb","itemListElement":[{"@type":"ListItem","position":1,"name":"Hem","item":"https:\/\/wp.kristdemokraterna.se\/habo\/"},{"@type":"ListItem","position":2,"name":"Vi satsar p\u00e5 barnfamiljer, pension\u00e4rer och centrala v\u00e4lf\u00e4rdsfunktioner"}]},{"@type":"WebSite","@id":"https:\/\/wp.kristdemokraterna.se\/habo\/#website","url":"https:\/\/wp.kristdemokraterna.se\/habo\/","name":"V\u00e4lkommen till KD i Habo","description":"Politiken ska st\u00f6dja och ge f\u00f6ruts\u00e4ttningar","inLanguage":"sv-SE"},{"@type":"Person","@id":"https:\/\/wp.kristdemokraterna.se\/habo\/#\/schema\/person\/14d868c2b996179ce41f5e75e961672f","name":"habo","image":{"@type":"ImageObject","inLanguage":"sv-SE","@id":"https:\/\/secure.gravatar.com\/avatar\/dd061c12227ea8e61f3c2fbb4ffe1ea27da3da69fdf892557ac2ff369959d9f4?s=96&r=g","url":"https:\/\/secure.gravatar.com\/avatar\/dd061c12227ea8e61f3c2fbb4ffe1ea27da3da69fdf892557ac2ff369959d9f4?s=96&r=g","contentUrl":"https:\/\/secure.gravatar.com\/avatar\/dd061c12227ea8e61f3c2fbb4ffe1ea27da3da69fdf892557ac2ff369959d9f4?s=96&r=g","caption":"habo"},"url":"https:\/\/wp.kristdemokraterna.se\/habo\/author\/habo\/"}]}},"_links":{"self":[{"href":"https:\/\/wp.kristdemokraterna.se\/habo\/wp-json\/wp\/v2\/posts\/1192","targetHints":{"allow":["GET"]}}],"collection":[{"href":"https:\/\/wp.kristdemokraterna.se\/habo\/wp-json\/wp\/v2\/posts"}],"about":[{"href":"https:\/\/wp.kristdemokraterna.se\/habo\/wp-json\/wp\/v2\/types\/post"}],"author":[{"embeddable":true,"href":"https:\/\/wp.kristdemokraterna.se\/habo\/wp-json\/wp\/v2\/users\/402"}],"replies":[{"embeddable":true,"href":"https:\/\/wp.kristdemokraterna.se\/habo\/wp-json\/wp\/v2\/comments?post=1192"}],"version-history":[{"count":3,"href":"https:\/\/wp.kristdemokraterna.se\/habo\/wp-json\/wp\/v2\/posts\/1192\/revisions"}],"predecessor-version":[{"id":1195,"href":"https:\/\/wp.kristdemokraterna.se\/habo\/wp-json\/wp\/v2\/posts\/1192\/revisions\/1195"}],"wp:attachment":[{"href":"https:\/\/wp.kristdemokraterna.se\/habo\/wp-json\/wp\/v2\/media?parent=1192"}],"wp:term":[{"taxonomy":"category","embeddable":true,"href":"https:\/\/wp.kristdemokraterna.se\/habo\/wp-json\/wp\/v2\/categories?post=1192"},{"taxonomy":"post_tag","embeddable":true,"href":"https:\/\/wp.kristdemokraterna.se\/habo\/wp-json\/wp\/v2\/tags?post=1192"}],"curies":[{"name":"wp","href":"https:\/\/api.w.org\/{rel}","templated":true}]}}