{"id":1212,"date":"2016-11-20T18:24:20","date_gmt":"2016-11-20T17:24:20","guid":{"rendered":"http:\/\/wp.kristdemokraterna.se\/habo\/?p=1212"},"modified":"2016-11-20T18:24:20","modified_gmt":"2016-11-20T17:24:20","slug":"hostkonvent-i-habo-f-lan","status":"publish","type":"post","link":"https:\/\/wp.kristdemokraterna.se\/habo\/hostkonvent-i-habo-f-lan\/","title":{"rendered":"H\u00f6stkonvent i Habo F-l\u00e4n"},"content":{"rendered":"<p>Kristdemokraterna h\u00f6stkonvent i Habo f\u00f6r J\u00f6nk\u00f6pings l\u00e4n.<br \/>\nKommunchef Jan Sundman presenterade kommunen och talade om vilken fantastisk fin kommun det \u00e4r. Panelsamtal med Mia Frisk, Hans Jarstig, Jacob Forsmed. Emma Henriksson talade om v\u00e5rden och de utmaningar som finns. Jacob Forsmed talade om v\u00e4lf\u00e4rdens utmaningar och Kristdemokratiska l\u00f6sningar<img loading=\"lazy\" decoding=\"async\" class=\"size-full wp-image-1214 alignnone\" src=\"http:\/\/wp.kristdemokraterna.se\/habo\/files\/2016\/11\/15123378_531763177034484_2677221066755894309_o.jpg\" alt=\"15123378-531763177034484-2677221066755894309-o\" width=\"2048\" height=\"1536\" srcset=\"https:\/\/wp.kristdemokraterna.se\/habo\/files\/2016\/11\/15123378_531763177034484_2677221066755894309_o.jpg 2048w, https:\/\/wp.kristdemokraterna.se\/habo\/files\/2016\/11\/15123378_531763177034484_2677221066755894309_o-300x225.jpg 300w, https:\/\/wp.kristdemokraterna.se\/habo\/files\/2016\/11\/15123378_531763177034484_2677221066755894309_o-768x576.jpg 768w, https:\/\/wp.kristdemokraterna.se\/habo\/files\/2016\/11\/15123378_531763177034484_2677221066755894309_o-540x405.jpg 540w, https:\/\/wp.kristdemokraterna.se\/habo\/files\/2016\/11\/15123378_531763177034484_2677221066755894309_o-461x346.jpg 461w, https:\/\/wp.kristdemokraterna.se\/habo\/files\/2016\/11\/15123378_531763177034484_2677221066755894309_o-149x112.jpg 149w\" sizes=\"auto, (max-width: 2048px) 100vw, 2048px\" \/> <img loading=\"lazy\" decoding=\"async\" class=\"alignnone size-full wp-image-1213\" src=\"http:\/\/wp.kristdemokraterna.se\/habo\/files\/2016\/11\/15094326_531763170367818_4275421387416640264_n.jpg\" alt=\"15094326-531763170367818-4275421387416640264-n\" width=\"720\" height=\"960\" srcset=\"https:\/\/wp.kristdemokraterna.se\/habo\/files\/2016\/11\/15094326_531763170367818_4275421387416640264_n.jpg 720w, https:\/\/wp.kristdemokraterna.se\/habo\/files\/2016\/11\/15094326_531763170367818_4275421387416640264_n-225x300.jpg 225w, https:\/\/wp.kristdemokraterna.se\/habo\/files\/2016\/11\/15094326_531763170367818_4275421387416640264_n-405x540.jpg 405w, https:\/\/wp.kristdemokraterna.se\/habo\/files\/2016\/11\/15094326_531763170367818_4275421387416640264_n-260x346.jpg 260w, https:\/\/wp.kristdemokraterna.se\/habo\/files\/2016\/11\/15094326_531763170367818_4275421387416640264_n-84x112.jpg 84w\" sizes=\"auto, (max-width: 720px) 100vw, 720px\" \/> <img loading=\"lazy\" decoding=\"async\" class=\"alignnone size-full wp-image-1215\" src=\"http:\/\/wp.kristdemokraterna.se\/habo\/files\/2016\/11\/15068282_531763173701151_7096560336752922940_o.jpg\" alt=\"15068282-531763173701151-7096560336752922940-o\" width=\"2048\" height=\"1536\" srcset=\"https:\/\/wp.kristdemokraterna.se\/habo\/files\/2016\/11\/15068282_531763173701151_7096560336752922940_o.jpg 2048w, https:\/\/wp.kristdemokraterna.se\/habo\/files\/2016\/11\/15068282_531763173701151_7096560336752922940_o-300x225.jpg 300w, https:\/\/wp.kristdemokraterna.se\/habo\/files\/2016\/11\/15068282_531763173701151_7096560336752922940_o-768x576.jpg 768w, https:\/\/wp.kristdemokraterna.se\/habo\/files\/2016\/11\/15068282_531763173701151_7096560336752922940_o-540x405.jpg 540w, https:\/\/wp.kristdemokraterna.se\/habo\/files\/2016\/11\/15068282_531763173701151_7096560336752922940_o-461x346.jpg 461w, https:\/\/wp.kristdemokraterna.se\/habo\/files\/2016\/11\/15068282_531763173701151_7096560336752922940_o-149x112.jpg 149w\" sizes=\"auto, (max-width: 2048px) 100vw, 2048px\" \/><\/p>\n","protected":false},"excerpt":{"rendered":"<p>Kristdemokraterna h\u00f6stkonvent i Habo f\u00f6r J\u00f6nk\u00f6pings l\u00e4n. Kommunchef Jan Sundman presenterade kommunen och talade om vilken fantastisk fin kommun det \u00e4r. Panelsamtal med Mia Frisk, Hans Jarstig, Jacob Forsmed. Emma Henriksson talade om v\u00e5rden och de utmaningar som finns. Jacob Forsmed talade om v\u00e4lf\u00e4rdens utmaningar och Kristdemokratiska l\u00f6sningar<\/p>\n","protected":false},"author":402,"featured_media":0,"comment_status":"closed","ping_status":"closed","sticky":false,"template":"","format":"standard","meta":{"_acf_changed":false,"footnotes":""},"categories":[1],"tags":[],"class_list":["post-1212","post","type-post","status-publish","format-standard","hentry","category-inget"],"acf":[],"yoast_head":"<!-- This site is optimized with the Yoast SEO plugin v27.4 - https:\/\/yoast.com\/product\/yoast-seo-wordpress\/ -->\n<title>H\u00f6stkonvent i Habo F-l\u00e4n - V\u00e4lkommen till KD i Habo<\/title>\n<meta name=\"robots\" content=\"index, follow, max-snippet:-1, max-image-preview:large, max-video-preview:-1\" \/>\n<link rel=\"canonical\" href=\"https:\/\/wp.kristdemokraterna.se\/habo\/hostkonvent-i-habo-f-lan\/\" \/>\n<meta property=\"og:locale\" content=\"sv_SE\" \/>\n<meta property=\"og:type\" content=\"article\" \/>\n<meta property=\"og:title\" content=\"H\u00f6stkonvent i Habo F-l\u00e4n - V\u00e4lkommen till KD i Habo\" \/>\n<meta property=\"og:description\" content=\"Kristdemokraterna h\u00f6stkonvent i Habo f\u00f6r J\u00f6nk\u00f6pings l\u00e4n. Kommunchef Jan Sundman presenterade kommunen och talade om vilken fantastisk fin kommun det \u00e4r. Panelsamtal med Mia Frisk, Hans Jarstig, Jacob Forsmed. Emma Henriksson talade om v\u00e5rden och de utmaningar som finns. Jacob Forsmed talade om v\u00e4lf\u00e4rdens utmaningar och Kristdemokratiska l\u00f6sningar\" \/>\n<meta property=\"og:url\" content=\"https:\/\/wp.kristdemokraterna.se\/habo\/hostkonvent-i-habo-f-lan\/\" \/>\n<meta property=\"og:site_name\" content=\"V\u00e4lkommen till KD i Habo\" \/>\n<meta property=\"article:published_time\" content=\"2016-11-20T17:24:20+00:00\" \/>\n<meta property=\"og:image\" content=\"http:\/\/wp.kristdemokraterna.se\/habo\/files\/2016\/11\/15123378_531763177034484_2677221066755894309_o.jpg\" \/>\n<meta name=\"author\" content=\"habo\" \/>\n<meta name=\"twitter:card\" content=\"summary_large_image\" \/>\n<meta name=\"twitter:label1\" content=\"Skriven av\" \/>\n\t<meta name=\"twitter:data1\" content=\"habo\" \/>\n<script type=\"application\/ld+json\" class=\"yoast-schema-graph\">{\"@context\":\"https:\\\/\\\/schema.org\",\"@graph\":[{\"@type\":\"Article\",\"@id\":\"https:\\\/\\\/wp.kristdemokraterna.se\\\/habo\\\/hostkonvent-i-habo-f-lan\\\/#article\",\"isPartOf\":{\"@id\":\"https:\\\/\\\/wp.kristdemokraterna.se\\\/habo\\\/hostkonvent-i-habo-f-lan\\\/\"},\"author\":{\"name\":\"habo\",\"@id\":\"https:\\\/\\\/wp.kristdemokraterna.se\\\/habo\\\/#\\\/schema\\\/person\\\/14d868c2b996179ce41f5e75e961672f\"},\"headline\":\"H\u00f6stkonvent i Habo F-l\u00e4n\",\"datePublished\":\"2016-11-20T17:24:20+00:00\",\"mainEntityOfPage\":{\"@id\":\"https:\\\/\\\/wp.kristdemokraterna.se\\\/habo\\\/hostkonvent-i-habo-f-lan\\\/\"},\"wordCount\":63,\"image\":{\"@id\":\"https:\\\/\\\/wp.kristdemokraterna.se\\\/habo\\\/hostkonvent-i-habo-f-lan\\\/#primaryimage\"},\"thumbnailUrl\":\"http:\\\/\\\/wp.kristdemokraterna.se\\\/habo\\\/files\\\/2016\\\/11\\\/15123378_531763177034484_2677221066755894309_o.jpg\",\"articleSection\":[\"Senaste Nytt\"],\"inLanguage\":\"sv-SE\"},{\"@type\":\"WebPage\",\"@id\":\"https:\\\/\\\/wp.kristdemokraterna.se\\\/habo\\\/hostkonvent-i-habo-f-lan\\\/\",\"url\":\"https:\\\/\\\/wp.kristdemokraterna.se\\\/habo\\\/hostkonvent-i-habo-f-lan\\\/\",\"name\":\"H\u00f6stkonvent i Habo F-l\u00e4n - V\u00e4lkommen till KD i Habo\",\"isPartOf\":{\"@id\":\"https:\\\/\\\/wp.kristdemokraterna.se\\\/habo\\\/#website\"},\"primaryImageOfPage\":{\"@id\":\"https:\\\/\\\/wp.kristdemokraterna.se\\\/habo\\\/hostkonvent-i-habo-f-lan\\\/#primaryimage\"},\"image\":{\"@id\":\"https:\\\/\\\/wp.kristdemokraterna.se\\\/habo\\\/hostkonvent-i-habo-f-lan\\\/#primaryimage\"},\"thumbnailUrl\":\"http:\\\/\\\/wp.kristdemokraterna.se\\\/habo\\\/files\\\/2016\\\/11\\\/15123378_531763177034484_2677221066755894309_o.jpg\",\"datePublished\":\"2016-11-20T17:24:20+00:00\",\"author\":{\"@id\":\"https:\\\/\\\/wp.kristdemokraterna.se\\\/habo\\\/#\\\/schema\\\/person\\\/14d868c2b996179ce41f5e75e961672f\"},\"breadcrumb\":{\"@id\":\"https:\\\/\\\/wp.kristdemokraterna.se\\\/habo\\\/hostkonvent-i-habo-f-lan\\\/#breadcrumb\"},\"inLanguage\":\"sv-SE\",\"potentialAction\":[{\"@type\":\"ReadAction\",\"target\":[\"https:\\\/\\\/wp.kristdemokraterna.se\\\/habo\\\/hostkonvent-i-habo-f-lan\\\/\"]}]},{\"@type\":\"ImageObject\",\"inLanguage\":\"sv-SE\",\"@id\":\"https:\\\/\\\/wp.kristdemokraterna.se\\\/habo\\\/hostkonvent-i-habo-f-lan\\\/#primaryimage\",\"url\":\"https:\\\/\\\/wp.kristdemokraterna.se\\\/habo\\\/files\\\/2016\\\/11\\\/15123378_531763177034484_2677221066755894309_o.jpg\",\"contentUrl\":\"https:\\\/\\\/wp.kristdemokraterna.se\\\/habo\\\/files\\\/2016\\\/11\\\/15123378_531763177034484_2677221066755894309_o.jpg\",\"width\":2048,\"height\":1536},{\"@type\":\"BreadcrumbList\",\"@id\":\"https:\\\/\\\/wp.kristdemokraterna.se\\\/habo\\\/hostkonvent-i-habo-f-lan\\\/#breadcrumb\",\"itemListElement\":[{\"@type\":\"ListItem\",\"position\":1,\"name\":\"Hem\",\"item\":\"https:\\\/\\\/wp.kristdemokraterna.se\\\/habo\\\/\"},{\"@type\":\"ListItem\",\"position\":2,\"name\":\"H\u00f6stkonvent i Habo F-l\u00e4n\"}]},{\"@type\":\"WebSite\",\"@id\":\"https:\\\/\\\/wp.kristdemokraterna.se\\\/habo\\\/#website\",\"url\":\"https:\\\/\\\/wp.kristdemokraterna.se\\\/habo\\\/\",\"name\":\"V\u00e4lkommen till KD i Habo\",\"description\":\"Politiken ska st\u00f6dja och ge f\u00f6ruts\u00e4ttningar\",\"inLanguage\":\"sv-SE\"},{\"@type\":\"Person\",\"@id\":\"https:\\\/\\\/wp.kristdemokraterna.se\\\/habo\\\/#\\\/schema\\\/person\\\/14d868c2b996179ce41f5e75e961672f\",\"name\":\"habo\",\"image\":{\"@type\":\"ImageObject\",\"inLanguage\":\"sv-SE\",\"@id\":\"https:\\\/\\\/secure.gravatar.com\\\/avatar\\\/dd061c12227ea8e61f3c2fbb4ffe1ea27da3da69fdf892557ac2ff369959d9f4?s=96&r=g\",\"url\":\"https:\\\/\\\/secure.gravatar.com\\\/avatar\\\/dd061c12227ea8e61f3c2fbb4ffe1ea27da3da69fdf892557ac2ff369959d9f4?s=96&r=g\",\"contentUrl\":\"https:\\\/\\\/secure.gravatar.com\\\/avatar\\\/dd061c12227ea8e61f3c2fbb4ffe1ea27da3da69fdf892557ac2ff369959d9f4?s=96&r=g\",\"caption\":\"habo\"},\"url\":\"https:\\\/\\\/wp.kristdemokraterna.se\\\/habo\\\/author\\\/habo\\\/\"}]}<\/script>\n<!-- \/ Yoast SEO plugin. -->","yoast_head_json":{"title":"H\u00f6stkonvent i Habo F-l\u00e4n - V\u00e4lkommen till KD i Habo","robots":{"index":"index","follow":"follow","max-snippet":"max-snippet:-1","max-image-preview":"max-image-preview:large","max-video-preview":"max-video-preview:-1"},"canonical":"https:\/\/wp.kristdemokraterna.se\/habo\/hostkonvent-i-habo-f-lan\/","og_locale":"sv_SE","og_type":"article","og_title":"H\u00f6stkonvent i Habo F-l\u00e4n - V\u00e4lkommen till KD i Habo","og_description":"Kristdemokraterna h\u00f6stkonvent i Habo f\u00f6r J\u00f6nk\u00f6pings l\u00e4n. Kommunchef Jan Sundman presenterade kommunen och talade om vilken fantastisk fin kommun det \u00e4r. Panelsamtal med Mia Frisk, Hans Jarstig, Jacob Forsmed. Emma Henriksson talade om v\u00e5rden och de utmaningar som finns. Jacob Forsmed talade om v\u00e4lf\u00e4rdens utmaningar och Kristdemokratiska l\u00f6sningar","og_url":"https:\/\/wp.kristdemokraterna.se\/habo\/hostkonvent-i-habo-f-lan\/","og_site_name":"V\u00e4lkommen till KD i Habo","article_published_time":"2016-11-20T17:24:20+00:00","og_image":[{"url":"http:\/\/wp.kristdemokraterna.se\/habo\/files\/2016\/11\/15123378_531763177034484_2677221066755894309_o.jpg","type":"","width":"","height":""}],"author":"habo","twitter_card":"summary_large_image","twitter_misc":{"Skriven av":"habo"},"schema":{"@context":"https:\/\/schema.org","@graph":[{"@type":"Article","@id":"https:\/\/wp.kristdemokraterna.se\/habo\/hostkonvent-i-habo-f-lan\/#article","isPartOf":{"@id":"https:\/\/wp.kristdemokraterna.se\/habo\/hostkonvent-i-habo-f-lan\/"},"author":{"name":"habo","@id":"https:\/\/wp.kristdemokraterna.se\/habo\/#\/schema\/person\/14d868c2b996179ce41f5e75e961672f"},"headline":"H\u00f6stkonvent i Habo F-l\u00e4n","datePublished":"2016-11-20T17:24:20+00:00","mainEntityOfPage":{"@id":"https:\/\/wp.kristdemokraterna.se\/habo\/hostkonvent-i-habo-f-lan\/"},"wordCount":63,"image":{"@id":"https:\/\/wp.kristdemokraterna.se\/habo\/hostkonvent-i-habo-f-lan\/#primaryimage"},"thumbnailUrl":"http:\/\/wp.kristdemokraterna.se\/habo\/files\/2016\/11\/15123378_531763177034484_2677221066755894309_o.jpg","articleSection":["Senaste Nytt"],"inLanguage":"sv-SE"},{"@type":"WebPage","@id":"https:\/\/wp.kristdemokraterna.se\/habo\/hostkonvent-i-habo-f-lan\/","url":"https:\/\/wp.kristdemokraterna.se\/habo\/hostkonvent-i-habo-f-lan\/","name":"H\u00f6stkonvent i Habo F-l\u00e4n - V\u00e4lkommen till KD i Habo","isPartOf":{"@id":"https:\/\/wp.kristdemokraterna.se\/habo\/#website"},"primaryImageOfPage":{"@id":"https:\/\/wp.kristdemokraterna.se\/habo\/hostkonvent-i-habo-f-lan\/#primaryimage"},"image":{"@id":"https:\/\/wp.kristdemokraterna.se\/habo\/hostkonvent-i-habo-f-lan\/#primaryimage"},"thumbnailUrl":"http:\/\/wp.kristdemokraterna.se\/habo\/files\/2016\/11\/15123378_531763177034484_2677221066755894309_o.jpg","datePublished":"2016-11-20T17:24:20+00:00","author":{"@id":"https:\/\/wp.kristdemokraterna.se\/habo\/#\/schema\/person\/14d868c2b996179ce41f5e75e961672f"},"breadcrumb":{"@id":"https:\/\/wp.kristdemokraterna.se\/habo\/hostkonvent-i-habo-f-lan\/#breadcrumb"},"inLanguage":"sv-SE","potentialAction":[{"@type":"ReadAction","target":["https:\/\/wp.kristdemokraterna.se\/habo\/hostkonvent-i-habo-f-lan\/"]}]},{"@type":"ImageObject","inLanguage":"sv-SE","@id":"https:\/\/wp.kristdemokraterna.se\/habo\/hostkonvent-i-habo-f-lan\/#primaryimage","url":"https:\/\/wp.kristdemokraterna.se\/habo\/files\/2016\/11\/15123378_531763177034484_2677221066755894309_o.jpg","contentUrl":"https:\/\/wp.kristdemokraterna.se\/habo\/files\/2016\/11\/15123378_531763177034484_2677221066755894309_o.jpg","width":2048,"height":1536},{"@type":"BreadcrumbList","@id":"https:\/\/wp.kristdemokraterna.se\/habo\/hostkonvent-i-habo-f-lan\/#breadcrumb","itemListElement":[{"@type":"ListItem","position":1,"name":"Hem","item":"https:\/\/wp.kristdemokraterna.se\/habo\/"},{"@type":"ListItem","position":2,"name":"H\u00f6stkonvent i Habo F-l\u00e4n"}]},{"@type":"WebSite","@id":"https:\/\/wp.kristdemokraterna.se\/habo\/#website","url":"https:\/\/wp.kristdemokraterna.se\/habo\/","name":"V\u00e4lkommen till KD i Habo","description":"Politiken ska st\u00f6dja och ge f\u00f6ruts\u00e4ttningar","inLanguage":"sv-SE"},{"@type":"Person","@id":"https:\/\/wp.kristdemokraterna.se\/habo\/#\/schema\/person\/14d868c2b996179ce41f5e75e961672f","name":"habo","image":{"@type":"ImageObject","inLanguage":"sv-SE","@id":"https:\/\/secure.gravatar.com\/avatar\/dd061c12227ea8e61f3c2fbb4ffe1ea27da3da69fdf892557ac2ff369959d9f4?s=96&r=g","url":"https:\/\/secure.gravatar.com\/avatar\/dd061c12227ea8e61f3c2fbb4ffe1ea27da3da69fdf892557ac2ff369959d9f4?s=96&r=g","contentUrl":"https:\/\/secure.gravatar.com\/avatar\/dd061c12227ea8e61f3c2fbb4ffe1ea27da3da69fdf892557ac2ff369959d9f4?s=96&r=g","caption":"habo"},"url":"https:\/\/wp.kristdemokraterna.se\/habo\/author\/habo\/"}]}},"_links":{"self":[{"href":"https:\/\/wp.kristdemokraterna.se\/habo\/wp-json\/wp\/v2\/posts\/1212","targetHints":{"allow":["GET"]}}],"collection":[{"href":"https:\/\/wp.kristdemokraterna.se\/habo\/wp-json\/wp\/v2\/posts"}],"about":[{"href":"https:\/\/wp.kristdemokraterna.se\/habo\/wp-json\/wp\/v2\/types\/post"}],"author":[{"embeddable":true,"href":"https:\/\/wp.kristdemokraterna.se\/habo\/wp-json\/wp\/v2\/users\/402"}],"replies":[{"embeddable":true,"href":"https:\/\/wp.kristdemokraterna.se\/habo\/wp-json\/wp\/v2\/comments?post=1212"}],"version-history":[{"count":1,"href":"https:\/\/wp.kristdemokraterna.se\/habo\/wp-json\/wp\/v2\/posts\/1212\/revisions"}],"predecessor-version":[{"id":1216,"href":"https:\/\/wp.kristdemokraterna.se\/habo\/wp-json\/wp\/v2\/posts\/1212\/revisions\/1216"}],"wp:attachment":[{"href":"https:\/\/wp.kristdemokraterna.se\/habo\/wp-json\/wp\/v2\/media?parent=1212"}],"wp:term":[{"taxonomy":"category","embeddable":true,"href":"https:\/\/wp.kristdemokraterna.se\/habo\/wp-json\/wp\/v2\/categories?post=1212"},{"taxonomy":"post_tag","embeddable":true,"href":"https:\/\/wp.kristdemokraterna.se\/habo\/wp-json\/wp\/v2\/tags?post=1212"}],"curies":[{"name":"wp","href":"https:\/\/api.w.org\/{rel}","templated":true}]}}