{"id":1333,"date":"2017-09-20T17:43:08","date_gmt":"2017-09-20T15:43:08","guid":{"rendered":"http:\/\/wp.kristdemokraterna.se\/habo\/?p=1333"},"modified":"2017-09-20T17:43:08","modified_gmt":"2017-09-20T15:43:08","slug":"jakob-forssmed-om-regeringens-budget-forlorade-ar","status":"publish","type":"post","link":"https:\/\/wp.kristdemokraterna.se\/habo\/jakob-forssmed-om-regeringens-budget-forlorade-ar\/","title":{"rendered":"Jakob Forssmed om regeringens budget: F\u00f6rlorade \u00e5r"},"content":{"rendered":"<ul>\n<li><img loading=\"lazy\" decoding=\"async\" class=\"alignnone size-full wp-image-1334\" src=\"http:\/\/wp.kristdemokraterna.se\/habo\/files\/2017\/09\/20170920_114051_1.jpg\" alt=\"\" width=\"522\" height=\"293\" srcset=\"https:\/\/wp.kristdemokraterna.se\/habo\/files\/2017\/09\/20170920_114051_1.jpg 522w, https:\/\/wp.kristdemokraterna.se\/habo\/files\/2017\/09\/20170920_114051_1-300x168.jpg 300w, https:\/\/wp.kristdemokraterna.se\/habo\/files\/2017\/09\/20170920_114051_1-186x104.jpg 186w\" sizes=\"auto, (max-width: 522px) 100vw, 522px\" \/><\/li>\n<\/ul>\n<ul>\n<li>V\u00e5rdk\u00f6erna v\u00e4xer och bristen p\u00e5 \u00e4ldreomsorgsplatser tilltar, tudelningen p\u00e5 arbetsmarknaden forts\u00e4tter \u00f6ka och pension\u00e4rerna har ingen stark r\u00f6st vid regeringsbordet. Budgeten saknar viktiga reformer som bygger Sverige starkare fram\u00e5t.\u00a0Vi\u00a0ser f\u00f6rlorade \u00e5r f\u00f6r Sverige.\u00a0Det \u00e4r ett v\u00e4lf\u00e4rdssvek. Vi Kristdemokrater vill \u00e5teruppr\u00e4tta v\u00e4lf\u00e4rdsl\u00f6ftet, s\u00e4ger Jakob Forssmed. <a href=\"https:\/\/kristdemokraterna.se\/jakob-forssmed-om-regeringens-budget-forlorad-hogkonjunktur\/\">L\u00e4s mer om det h\u00e4r.<\/a><\/li>\n<\/ul>\n","protected":false},"excerpt":{"rendered":"<p>V\u00e5rdk\u00f6erna v\u00e4xer och bristen p\u00e5 \u00e4ldreomsorgsplatser tilltar, tudelningen p\u00e5 arbetsmarknaden forts\u00e4tter \u00f6ka och pension\u00e4rerna har ingen stark r\u00f6st vid regeringsbordet. Budgeten saknar viktiga reformer som bygger Sverige starkare fram\u00e5t.\u00a0Vi\u00a0ser f\u00f6rlorade \u00e5r f\u00f6r Sverige.\u00a0Det \u00e4r ett v\u00e4lf\u00e4rdssvek. Vi Kristdemokrater vill \u00e5teruppr\u00e4tta v\u00e4lf\u00e4rdsl\u00f6ftet, s\u00e4ger Jakob Forssmed. L\u00e4s mer om det h\u00e4r.<\/p>\n","protected":false},"author":402,"featured_media":0,"comment_status":"closed","ping_status":"closed","sticky":false,"template":"","format":"standard","meta":{"_acf_changed":false,"footnotes":""},"categories":[1],"tags":[],"class_list":["post-1333","post","type-post","status-publish","format-standard","hentry","category-inget"],"acf":[],"yoast_head":"<!-- This site is optimized with the Yoast SEO plugin v27.5 - https:\/\/yoast.com\/product\/yoast-seo-wordpress\/ -->\n<title>Jakob Forssmed om regeringens budget: F\u00f6rlorade \u00e5r - V\u00e4lkommen till KD i Habo<\/title>\n<meta name=\"robots\" content=\"index, follow, max-snippet:-1, max-image-preview:large, max-video-preview:-1\" \/>\n<link rel=\"canonical\" href=\"https:\/\/wp.kristdemokraterna.se\/habo\/jakob-forssmed-om-regeringens-budget-forlorade-ar\/\" \/>\n<meta property=\"og:locale\" content=\"sv_SE\" \/>\n<meta property=\"og:type\" content=\"article\" \/>\n<meta property=\"og:title\" content=\"Jakob Forssmed om regeringens budget: F\u00f6rlorade \u00e5r - V\u00e4lkommen till KD i Habo\" \/>\n<meta property=\"og:description\" content=\"V\u00e5rdk\u00f6erna v\u00e4xer och bristen p\u00e5 \u00e4ldreomsorgsplatser tilltar, tudelningen p\u00e5 arbetsmarknaden forts\u00e4tter \u00f6ka och pension\u00e4rerna har ingen stark r\u00f6st vid regeringsbordet. Budgeten saknar viktiga reformer som bygger Sverige starkare fram\u00e5t.\u00a0Vi\u00a0ser f\u00f6rlorade \u00e5r f\u00f6r Sverige.\u00a0Det \u00e4r ett v\u00e4lf\u00e4rdssvek. Vi Kristdemokrater vill \u00e5teruppr\u00e4tta v\u00e4lf\u00e4rdsl\u00f6ftet, s\u00e4ger Jakob Forssmed. L\u00e4s mer om det h\u00e4r.\" \/>\n<meta property=\"og:url\" content=\"https:\/\/wp.kristdemokraterna.se\/habo\/jakob-forssmed-om-regeringens-budget-forlorade-ar\/\" \/>\n<meta property=\"og:site_name\" content=\"V\u00e4lkommen till KD i Habo\" \/>\n<meta property=\"article:published_time\" content=\"2017-09-20T15:43:08+00:00\" \/>\n<meta property=\"og:image\" content=\"http:\/\/wp.kristdemokraterna.se\/habo\/files\/2017\/09\/20170920_114051_1.jpg\" \/>\n<meta name=\"author\" content=\"habo\" \/>\n<meta name=\"twitter:card\" content=\"summary_large_image\" \/>\n<meta name=\"twitter:label1\" content=\"Skriven av\" \/>\n\t<meta name=\"twitter:data1\" content=\"habo\" \/>\n<script type=\"application\/ld+json\" class=\"yoast-schema-graph\">{\"@context\":\"https:\\\/\\\/schema.org\",\"@graph\":[{\"@type\":\"Article\",\"@id\":\"https:\\\/\\\/wp.kristdemokraterna.se\\\/habo\\\/jakob-forssmed-om-regeringens-budget-forlorade-ar\\\/#article\",\"isPartOf\":{\"@id\":\"https:\\\/\\\/wp.kristdemokraterna.se\\\/habo\\\/jakob-forssmed-om-regeringens-budget-forlorade-ar\\\/\"},\"author\":{\"name\":\"habo\",\"@id\":\"https:\\\/\\\/wp.kristdemokraterna.se\\\/habo\\\/#\\\/schema\\\/person\\\/14d868c2b996179ce41f5e75e961672f\"},\"headline\":\"Jakob Forssmed om regeringens budget: F\u00f6rlorade \u00e5r\",\"datePublished\":\"2017-09-20T15:43:08+00:00\",\"mainEntityOfPage\":{\"@id\":\"https:\\\/\\\/wp.kristdemokraterna.se\\\/habo\\\/jakob-forssmed-om-regeringens-budget-forlorade-ar\\\/\"},\"wordCount\":78,\"image\":{\"@id\":\"https:\\\/\\\/wp.kristdemokraterna.se\\\/habo\\\/jakob-forssmed-om-regeringens-budget-forlorade-ar\\\/#primaryimage\"},\"thumbnailUrl\":\"http:\\\/\\\/wp.kristdemokraterna.se\\\/habo\\\/files\\\/2017\\\/09\\\/20170920_114051_1.jpg\",\"articleSection\":[\"Senaste Nytt\"],\"inLanguage\":\"sv-SE\"},{\"@type\":\"WebPage\",\"@id\":\"https:\\\/\\\/wp.kristdemokraterna.se\\\/habo\\\/jakob-forssmed-om-regeringens-budget-forlorade-ar\\\/\",\"url\":\"https:\\\/\\\/wp.kristdemokraterna.se\\\/habo\\\/jakob-forssmed-om-regeringens-budget-forlorade-ar\\\/\",\"name\":\"Jakob Forssmed om regeringens budget: F\u00f6rlorade \u00e5r - V\u00e4lkommen till KD i Habo\",\"isPartOf\":{\"@id\":\"https:\\\/\\\/wp.kristdemokraterna.se\\\/habo\\\/#website\"},\"primaryImageOfPage\":{\"@id\":\"https:\\\/\\\/wp.kristdemokraterna.se\\\/habo\\\/jakob-forssmed-om-regeringens-budget-forlorade-ar\\\/#primaryimage\"},\"image\":{\"@id\":\"https:\\\/\\\/wp.kristdemokraterna.se\\\/habo\\\/jakob-forssmed-om-regeringens-budget-forlorade-ar\\\/#primaryimage\"},\"thumbnailUrl\":\"http:\\\/\\\/wp.kristdemokraterna.se\\\/habo\\\/files\\\/2017\\\/09\\\/20170920_114051_1.jpg\",\"datePublished\":\"2017-09-20T15:43:08+00:00\",\"author\":{\"@id\":\"https:\\\/\\\/wp.kristdemokraterna.se\\\/habo\\\/#\\\/schema\\\/person\\\/14d868c2b996179ce41f5e75e961672f\"},\"breadcrumb\":{\"@id\":\"https:\\\/\\\/wp.kristdemokraterna.se\\\/habo\\\/jakob-forssmed-om-regeringens-budget-forlorade-ar\\\/#breadcrumb\"},\"inLanguage\":\"sv-SE\",\"potentialAction\":[{\"@type\":\"ReadAction\",\"target\":[\"https:\\\/\\\/wp.kristdemokraterna.se\\\/habo\\\/jakob-forssmed-om-regeringens-budget-forlorade-ar\\\/\"]}]},{\"@type\":\"ImageObject\",\"inLanguage\":\"sv-SE\",\"@id\":\"https:\\\/\\\/wp.kristdemokraterna.se\\\/habo\\\/jakob-forssmed-om-regeringens-budget-forlorade-ar\\\/#primaryimage\",\"url\":\"https:\\\/\\\/wp.kristdemokraterna.se\\\/habo\\\/files\\\/2017\\\/09\\\/20170920_114051_1.jpg\",\"contentUrl\":\"https:\\\/\\\/wp.kristdemokraterna.se\\\/habo\\\/files\\\/2017\\\/09\\\/20170920_114051_1.jpg\",\"width\":522,\"height\":293},{\"@type\":\"BreadcrumbList\",\"@id\":\"https:\\\/\\\/wp.kristdemokraterna.se\\\/habo\\\/jakob-forssmed-om-regeringens-budget-forlorade-ar\\\/#breadcrumb\",\"itemListElement\":[{\"@type\":\"ListItem\",\"position\":1,\"name\":\"Hem\",\"item\":\"https:\\\/\\\/wp.kristdemokraterna.se\\\/habo\\\/\"},{\"@type\":\"ListItem\",\"position\":2,\"name\":\"Jakob Forssmed om regeringens budget: F\u00f6rlorade \u00e5r\"}]},{\"@type\":\"WebSite\",\"@id\":\"https:\\\/\\\/wp.kristdemokraterna.se\\\/habo\\\/#website\",\"url\":\"https:\\\/\\\/wp.kristdemokraterna.se\\\/habo\\\/\",\"name\":\"V\u00e4lkommen till KD i Habo\",\"description\":\"Politiken ska st\u00f6dja och ge f\u00f6ruts\u00e4ttningar\",\"inLanguage\":\"sv-SE\"},{\"@type\":\"Person\",\"@id\":\"https:\\\/\\\/wp.kristdemokraterna.se\\\/habo\\\/#\\\/schema\\\/person\\\/14d868c2b996179ce41f5e75e961672f\",\"name\":\"habo\",\"image\":{\"@type\":\"ImageObject\",\"inLanguage\":\"sv-SE\",\"@id\":\"https:\\\/\\\/secure.gravatar.com\\\/avatar\\\/dd061c12227ea8e61f3c2fbb4ffe1ea27da3da69fdf892557ac2ff369959d9f4?s=96&r=g\",\"url\":\"https:\\\/\\\/secure.gravatar.com\\\/avatar\\\/dd061c12227ea8e61f3c2fbb4ffe1ea27da3da69fdf892557ac2ff369959d9f4?s=96&r=g\",\"contentUrl\":\"https:\\\/\\\/secure.gravatar.com\\\/avatar\\\/dd061c12227ea8e61f3c2fbb4ffe1ea27da3da69fdf892557ac2ff369959d9f4?s=96&r=g\",\"caption\":\"habo\"},\"url\":\"https:\\\/\\\/wp.kristdemokraterna.se\\\/habo\\\/author\\\/habo\\\/\"}]}<\/script>\n<!-- \/ Yoast SEO plugin. -->","yoast_head_json":{"title":"Jakob Forssmed om regeringens budget: F\u00f6rlorade \u00e5r - V\u00e4lkommen till KD i Habo","robots":{"index":"index","follow":"follow","max-snippet":"max-snippet:-1","max-image-preview":"max-image-preview:large","max-video-preview":"max-video-preview:-1"},"canonical":"https:\/\/wp.kristdemokraterna.se\/habo\/jakob-forssmed-om-regeringens-budget-forlorade-ar\/","og_locale":"sv_SE","og_type":"article","og_title":"Jakob Forssmed om regeringens budget: F\u00f6rlorade \u00e5r - V\u00e4lkommen till KD i Habo","og_description":"V\u00e5rdk\u00f6erna v\u00e4xer och bristen p\u00e5 \u00e4ldreomsorgsplatser tilltar, tudelningen p\u00e5 arbetsmarknaden forts\u00e4tter \u00f6ka och pension\u00e4rerna har ingen stark r\u00f6st vid regeringsbordet. Budgeten saknar viktiga reformer som bygger Sverige starkare fram\u00e5t.\u00a0Vi\u00a0ser f\u00f6rlorade \u00e5r f\u00f6r Sverige.\u00a0Det \u00e4r ett v\u00e4lf\u00e4rdssvek. Vi Kristdemokrater vill \u00e5teruppr\u00e4tta v\u00e4lf\u00e4rdsl\u00f6ftet, s\u00e4ger Jakob Forssmed. L\u00e4s mer om det h\u00e4r.","og_url":"https:\/\/wp.kristdemokraterna.se\/habo\/jakob-forssmed-om-regeringens-budget-forlorade-ar\/","og_site_name":"V\u00e4lkommen till KD i Habo","article_published_time":"2017-09-20T15:43:08+00:00","og_image":[{"url":"http:\/\/wp.kristdemokraterna.se\/habo\/files\/2017\/09\/20170920_114051_1.jpg","type":"","width":"","height":""}],"author":"habo","twitter_card":"summary_large_image","twitter_misc":{"Skriven av":"habo"},"schema":{"@context":"https:\/\/schema.org","@graph":[{"@type":"Article","@id":"https:\/\/wp.kristdemokraterna.se\/habo\/jakob-forssmed-om-regeringens-budget-forlorade-ar\/#article","isPartOf":{"@id":"https:\/\/wp.kristdemokraterna.se\/habo\/jakob-forssmed-om-regeringens-budget-forlorade-ar\/"},"author":{"name":"habo","@id":"https:\/\/wp.kristdemokraterna.se\/habo\/#\/schema\/person\/14d868c2b996179ce41f5e75e961672f"},"headline":"Jakob Forssmed om regeringens budget: F\u00f6rlorade \u00e5r","datePublished":"2017-09-20T15:43:08+00:00","mainEntityOfPage":{"@id":"https:\/\/wp.kristdemokraterna.se\/habo\/jakob-forssmed-om-regeringens-budget-forlorade-ar\/"},"wordCount":78,"image":{"@id":"https:\/\/wp.kristdemokraterna.se\/habo\/jakob-forssmed-om-regeringens-budget-forlorade-ar\/#primaryimage"},"thumbnailUrl":"http:\/\/wp.kristdemokraterna.se\/habo\/files\/2017\/09\/20170920_114051_1.jpg","articleSection":["Senaste Nytt"],"inLanguage":"sv-SE"},{"@type":"WebPage","@id":"https:\/\/wp.kristdemokraterna.se\/habo\/jakob-forssmed-om-regeringens-budget-forlorade-ar\/","url":"https:\/\/wp.kristdemokraterna.se\/habo\/jakob-forssmed-om-regeringens-budget-forlorade-ar\/","name":"Jakob Forssmed om regeringens budget: F\u00f6rlorade \u00e5r - V\u00e4lkommen till KD i Habo","isPartOf":{"@id":"https:\/\/wp.kristdemokraterna.se\/habo\/#website"},"primaryImageOfPage":{"@id":"https:\/\/wp.kristdemokraterna.se\/habo\/jakob-forssmed-om-regeringens-budget-forlorade-ar\/#primaryimage"},"image":{"@id":"https:\/\/wp.kristdemokraterna.se\/habo\/jakob-forssmed-om-regeringens-budget-forlorade-ar\/#primaryimage"},"thumbnailUrl":"http:\/\/wp.kristdemokraterna.se\/habo\/files\/2017\/09\/20170920_114051_1.jpg","datePublished":"2017-09-20T15:43:08+00:00","author":{"@id":"https:\/\/wp.kristdemokraterna.se\/habo\/#\/schema\/person\/14d868c2b996179ce41f5e75e961672f"},"breadcrumb":{"@id":"https:\/\/wp.kristdemokraterna.se\/habo\/jakob-forssmed-om-regeringens-budget-forlorade-ar\/#breadcrumb"},"inLanguage":"sv-SE","potentialAction":[{"@type":"ReadAction","target":["https:\/\/wp.kristdemokraterna.se\/habo\/jakob-forssmed-om-regeringens-budget-forlorade-ar\/"]}]},{"@type":"ImageObject","inLanguage":"sv-SE","@id":"https:\/\/wp.kristdemokraterna.se\/habo\/jakob-forssmed-om-regeringens-budget-forlorade-ar\/#primaryimage","url":"https:\/\/wp.kristdemokraterna.se\/habo\/files\/2017\/09\/20170920_114051_1.jpg","contentUrl":"https:\/\/wp.kristdemokraterna.se\/habo\/files\/2017\/09\/20170920_114051_1.jpg","width":522,"height":293},{"@type":"BreadcrumbList","@id":"https:\/\/wp.kristdemokraterna.se\/habo\/jakob-forssmed-om-regeringens-budget-forlorade-ar\/#breadcrumb","itemListElement":[{"@type":"ListItem","position":1,"name":"Hem","item":"https:\/\/wp.kristdemokraterna.se\/habo\/"},{"@type":"ListItem","position":2,"name":"Jakob Forssmed om regeringens budget: F\u00f6rlorade \u00e5r"}]},{"@type":"WebSite","@id":"https:\/\/wp.kristdemokraterna.se\/habo\/#website","url":"https:\/\/wp.kristdemokraterna.se\/habo\/","name":"V\u00e4lkommen till KD i Habo","description":"Politiken ska st\u00f6dja och ge f\u00f6ruts\u00e4ttningar","inLanguage":"sv-SE"},{"@type":"Person","@id":"https:\/\/wp.kristdemokraterna.se\/habo\/#\/schema\/person\/14d868c2b996179ce41f5e75e961672f","name":"habo","image":{"@type":"ImageObject","inLanguage":"sv-SE","@id":"https:\/\/secure.gravatar.com\/avatar\/dd061c12227ea8e61f3c2fbb4ffe1ea27da3da69fdf892557ac2ff369959d9f4?s=96&r=g","url":"https:\/\/secure.gravatar.com\/avatar\/dd061c12227ea8e61f3c2fbb4ffe1ea27da3da69fdf892557ac2ff369959d9f4?s=96&r=g","contentUrl":"https:\/\/secure.gravatar.com\/avatar\/dd061c12227ea8e61f3c2fbb4ffe1ea27da3da69fdf892557ac2ff369959d9f4?s=96&r=g","caption":"habo"},"url":"https:\/\/wp.kristdemokraterna.se\/habo\/author\/habo\/"}]}},"_links":{"self":[{"href":"https:\/\/wp.kristdemokraterna.se\/habo\/wp-json\/wp\/v2\/posts\/1333","targetHints":{"allow":["GET"]}}],"collection":[{"href":"https:\/\/wp.kristdemokraterna.se\/habo\/wp-json\/wp\/v2\/posts"}],"about":[{"href":"https:\/\/wp.kristdemokraterna.se\/habo\/wp-json\/wp\/v2\/types\/post"}],"author":[{"embeddable":true,"href":"https:\/\/wp.kristdemokraterna.se\/habo\/wp-json\/wp\/v2\/users\/402"}],"replies":[{"embeddable":true,"href":"https:\/\/wp.kristdemokraterna.se\/habo\/wp-json\/wp\/v2\/comments?post=1333"}],"version-history":[{"count":1,"href":"https:\/\/wp.kristdemokraterna.se\/habo\/wp-json\/wp\/v2\/posts\/1333\/revisions"}],"predecessor-version":[{"id":1335,"href":"https:\/\/wp.kristdemokraterna.se\/habo\/wp-json\/wp\/v2\/posts\/1333\/revisions\/1335"}],"wp:attachment":[{"href":"https:\/\/wp.kristdemokraterna.se\/habo\/wp-json\/wp\/v2\/media?parent=1333"}],"wp:term":[{"taxonomy":"category","embeddable":true,"href":"https:\/\/wp.kristdemokraterna.se\/habo\/wp-json\/wp\/v2\/categories?post=1333"},{"taxonomy":"post_tag","embeddable":true,"href":"https:\/\/wp.kristdemokraterna.se\/habo\/wp-json\/wp\/v2\/tags?post=1333"}],"curies":[{"name":"wp","href":"https:\/\/api.w.org\/{rel}","templated":true}]}}