{"id":1337,"date":"2017-10-09T16:45:30","date_gmt":"2017-10-09T14:45:30","guid":{"rendered":"http:\/\/wp.kristdemokraterna.se\/habo\/?p=1337"},"modified":"2017-10-09T16:50:23","modified_gmt":"2017-10-09T14:50:23","slug":"ateruppratta-valfardsloftet","status":"publish","type":"post","link":"https:\/\/wp.kristdemokraterna.se\/habo\/ateruppratta-valfardsloftet\/","title":{"rendered":"\u00c5teruppr\u00e4tta v\u00e4lf\u00e4rdsl\u00f6ftet."},"content":{"rendered":"<p><strong>Kristdemokraterna vill \u00e5teruppr\u00e4tta v\u00e4lf\u00e4rdsl\u00f6ftet. <\/strong>Idag presenterar vi \u201dV\u00e4lf\u00e4rdsl\u00f6ftet \u2013 en budget f\u00f6r v\u00e5rd, omsorg och trygghet\u201d. I v\u00e5rt f\u00f6rslag till budget h\u00f6js anslagen till sjukhusv\u00e5rden, prim\u00e4rv\u00e5rden och \u00e4ldreomsorgen kraftigt. V\u00e5ra reformer syftar till att skapa drivkrafter och m\u00f6jligheter f\u00f6r kommuner och landsting att f\u00f6rb\u00e4ttra v\u00e5rden och omsorgen samt korta k\u00f6erna genom fler platser p\u00e5 sjukhus och v\u00e5rdboenden. Vi vill ocks\u00e5 p\u00e5b\u00f6rja en stor reform d\u00e4r staten tar huvudansvar f\u00f6r sjukv\u00e5rden.<\/p>\n<p>Kristdemokraterna vill \u00e5teruppr\u00e4tta v\u00e4lf\u00e4rdsl\u00f6ftet till v\u00e5ra pension\u00e4rer genom en mycket stor skattes\u00e4nkning som omedelbart avskaffar skillnaden i beskattning mellan pension\u00e4rer och l\u00f6ntagare och d\u00e4rtill ett kraftigt f\u00f6rb\u00e4ttrat bostadstill\u00e4gg. F\u00f6r seniorer som vill jobba \u00e5terst\u00e4lls socialdemokraternas skatteh\u00f6jningar och jobbskatten s\u00e4nks. V\u00e5ra \u00e4ldre beh\u00f6vs p\u00e5 arbetsmarknaden!<\/p>\n<p>Regeringen genomf\u00f6r stora, dyra och ofokuserade reformer i en h\u00f6gkonjunktur. Det \u00e4r en riskabel politik. Kristdemokraterna \u00e4r mer r\u00e4dd om skattebetalarnas och statens pl\u00e5nb\u00f6cker och f\u00f6resl\u00e5r en budget som \u00e4r tio miljarder kronor stramare varje \u00e5r.<\/p>\n<p>Vi f\u00f6resl\u00e5r skattes\u00e4nkningar som uppmuntrar till jobb eller som riktar sig till barnfamiljer och pension\u00e4rer som halkat efter. V\u00e5ra satsningar \u00e4r helt inriktade p\u00e5 omr\u00e5den d\u00e4r den centrala v\u00e4lf\u00e4rden idag brister.<\/p>\n<p>Kristdemokraterna lovar inte allt till alla. Men vi lovar att prioritera v\u00e5rt v\u00e4lf\u00e4rdsl\u00f6fte.<\/p>\n","protected":false},"excerpt":{"rendered":"<p>Kristdemokraterna vill \u00e5teruppr\u00e4tta v\u00e4lf\u00e4rdsl\u00f6ftet. Idag presenterar vi \u201dV\u00e4lf\u00e4rdsl\u00f6ftet \u2013 en budget f\u00f6r v\u00e5rd, omsorg och trygghet\u201d. I v\u00e5rt f\u00f6rslag till budget h\u00f6js anslagen till sjukhusv\u00e5rden, prim\u00e4rv\u00e5rden och \u00e4ldreomsorgen kraftigt. V\u00e5ra reformer syftar till att skapa drivkrafter och m\u00f6jligheter f\u00f6r kommuner och landsting att f\u00f6rb\u00e4ttra v\u00e5rden och omsorgen samt korta k\u00f6erna genom fler platser p\u00e5 sjukhus <a class=\"read-more-link\" href=\"https:\/\/wp.kristdemokraterna.se\/habo\/ateruppratta-valfardsloftet\/\">Read More<\/a><\/p>\n","protected":false},"author":402,"featured_media":0,"comment_status":"closed","ping_status":"closed","sticky":false,"template":"","format":"standard","meta":{"_acf_changed":false,"footnotes":""},"categories":[1],"tags":[],"class_list":["post-1337","post","type-post","status-publish","format-standard","hentry","category-inget"],"acf":[],"yoast_head":"<!-- This site is optimized with the Yoast SEO plugin v27.4 - https:\/\/yoast.com\/product\/yoast-seo-wordpress\/ -->\n<title>\u00c5teruppr\u00e4tta v\u00e4lf\u00e4rdsl\u00f6ftet. - V\u00e4lkommen till KD i Habo<\/title>\n<meta name=\"robots\" content=\"index, follow, max-snippet:-1, max-image-preview:large, max-video-preview:-1\" \/>\n<link rel=\"canonical\" href=\"https:\/\/wp.kristdemokraterna.se\/habo\/ateruppratta-valfardsloftet\/\" \/>\n<meta property=\"og:locale\" content=\"sv_SE\" \/>\n<meta property=\"og:type\" content=\"article\" \/>\n<meta property=\"og:title\" content=\"\u00c5teruppr\u00e4tta v\u00e4lf\u00e4rdsl\u00f6ftet. - V\u00e4lkommen till KD i Habo\" \/>\n<meta property=\"og:description\" content=\"Kristdemokraterna vill \u00e5teruppr\u00e4tta v\u00e4lf\u00e4rdsl\u00f6ftet. Idag presenterar vi \u201dV\u00e4lf\u00e4rdsl\u00f6ftet \u2013 en budget f\u00f6r v\u00e5rd, omsorg och trygghet\u201d. I v\u00e5rt f\u00f6rslag till budget h\u00f6js anslagen till sjukhusv\u00e5rden, prim\u00e4rv\u00e5rden och \u00e4ldreomsorgen kraftigt. V\u00e5ra reformer syftar till att skapa drivkrafter och m\u00f6jligheter f\u00f6r kommuner och landsting att f\u00f6rb\u00e4ttra v\u00e5rden och omsorgen samt korta k\u00f6erna genom fler platser p\u00e5 sjukhus Read More\" \/>\n<meta property=\"og:url\" content=\"https:\/\/wp.kristdemokraterna.se\/habo\/ateruppratta-valfardsloftet\/\" \/>\n<meta property=\"og:site_name\" content=\"V\u00e4lkommen till KD i Habo\" \/>\n<meta property=\"article:published_time\" content=\"2017-10-09T14:45:30+00:00\" \/>\n<meta property=\"article:modified_time\" content=\"2017-10-09T14:50:23+00:00\" \/>\n<meta name=\"author\" content=\"habo\" \/>\n<meta name=\"twitter:card\" content=\"summary_large_image\" \/>\n<meta name=\"twitter:label1\" content=\"Skriven av\" \/>\n\t<meta name=\"twitter:data1\" content=\"habo\" \/>\n\t<meta name=\"twitter:label2\" content=\"Ber\u00e4knad l\u00e4stid\" \/>\n\t<meta name=\"twitter:data2\" content=\"1 minut\" \/>\n<script type=\"application\/ld+json\" class=\"yoast-schema-graph\">{\"@context\":\"https:\\\/\\\/schema.org\",\"@graph\":[{\"@type\":\"Article\",\"@id\":\"https:\\\/\\\/wp.kristdemokraterna.se\\\/habo\\\/ateruppratta-valfardsloftet\\\/#article\",\"isPartOf\":{\"@id\":\"https:\\\/\\\/wp.kristdemokraterna.se\\\/habo\\\/ateruppratta-valfardsloftet\\\/\"},\"author\":{\"name\":\"habo\",\"@id\":\"https:\\\/\\\/wp.kristdemokraterna.se\\\/habo\\\/#\\\/schema\\\/person\\\/14d868c2b996179ce41f5e75e961672f\"},\"headline\":\"\u00c5teruppr\u00e4tta v\u00e4lf\u00e4rdsl\u00f6ftet.\",\"datePublished\":\"2017-10-09T14:45:30+00:00\",\"dateModified\":\"2017-10-09T14:50:23+00:00\",\"mainEntityOfPage\":{\"@id\":\"https:\\\/\\\/wp.kristdemokraterna.se\\\/habo\\\/ateruppratta-valfardsloftet\\\/\"},\"wordCount\":266,\"articleSection\":[\"Senaste Nytt\"],\"inLanguage\":\"sv-SE\"},{\"@type\":\"WebPage\",\"@id\":\"https:\\\/\\\/wp.kristdemokraterna.se\\\/habo\\\/ateruppratta-valfardsloftet\\\/\",\"url\":\"https:\\\/\\\/wp.kristdemokraterna.se\\\/habo\\\/ateruppratta-valfardsloftet\\\/\",\"name\":\"\u00c5teruppr\u00e4tta v\u00e4lf\u00e4rdsl\u00f6ftet. - V\u00e4lkommen till KD i Habo\",\"isPartOf\":{\"@id\":\"https:\\\/\\\/wp.kristdemokraterna.se\\\/habo\\\/#website\"},\"datePublished\":\"2017-10-09T14:45:30+00:00\",\"dateModified\":\"2017-10-09T14:50:23+00:00\",\"author\":{\"@id\":\"https:\\\/\\\/wp.kristdemokraterna.se\\\/habo\\\/#\\\/schema\\\/person\\\/14d868c2b996179ce41f5e75e961672f\"},\"breadcrumb\":{\"@id\":\"https:\\\/\\\/wp.kristdemokraterna.se\\\/habo\\\/ateruppratta-valfardsloftet\\\/#breadcrumb\"},\"inLanguage\":\"sv-SE\",\"potentialAction\":[{\"@type\":\"ReadAction\",\"target\":[\"https:\\\/\\\/wp.kristdemokraterna.se\\\/habo\\\/ateruppratta-valfardsloftet\\\/\"]}]},{\"@type\":\"BreadcrumbList\",\"@id\":\"https:\\\/\\\/wp.kristdemokraterna.se\\\/habo\\\/ateruppratta-valfardsloftet\\\/#breadcrumb\",\"itemListElement\":[{\"@type\":\"ListItem\",\"position\":1,\"name\":\"Hem\",\"item\":\"https:\\\/\\\/wp.kristdemokraterna.se\\\/habo\\\/\"},{\"@type\":\"ListItem\",\"position\":2,\"name\":\"\u00c5teruppr\u00e4tta v\u00e4lf\u00e4rdsl\u00f6ftet.\"}]},{\"@type\":\"WebSite\",\"@id\":\"https:\\\/\\\/wp.kristdemokraterna.se\\\/habo\\\/#website\",\"url\":\"https:\\\/\\\/wp.kristdemokraterna.se\\\/habo\\\/\",\"name\":\"V\u00e4lkommen till KD i Habo\",\"description\":\"Politiken ska st\u00f6dja och ge f\u00f6ruts\u00e4ttningar\",\"inLanguage\":\"sv-SE\"},{\"@type\":\"Person\",\"@id\":\"https:\\\/\\\/wp.kristdemokraterna.se\\\/habo\\\/#\\\/schema\\\/person\\\/14d868c2b996179ce41f5e75e961672f\",\"name\":\"habo\",\"image\":{\"@type\":\"ImageObject\",\"inLanguage\":\"sv-SE\",\"@id\":\"https:\\\/\\\/secure.gravatar.com\\\/avatar\\\/dd061c12227ea8e61f3c2fbb4ffe1ea27da3da69fdf892557ac2ff369959d9f4?s=96&r=g\",\"url\":\"https:\\\/\\\/secure.gravatar.com\\\/avatar\\\/dd061c12227ea8e61f3c2fbb4ffe1ea27da3da69fdf892557ac2ff369959d9f4?s=96&r=g\",\"contentUrl\":\"https:\\\/\\\/secure.gravatar.com\\\/avatar\\\/dd061c12227ea8e61f3c2fbb4ffe1ea27da3da69fdf892557ac2ff369959d9f4?s=96&r=g\",\"caption\":\"habo\"},\"url\":\"https:\\\/\\\/wp.kristdemokraterna.se\\\/habo\\\/author\\\/habo\\\/\"}]}<\/script>\n<!-- \/ Yoast SEO plugin. -->","yoast_head_json":{"title":"\u00c5teruppr\u00e4tta v\u00e4lf\u00e4rdsl\u00f6ftet. - V\u00e4lkommen till KD i Habo","robots":{"index":"index","follow":"follow","max-snippet":"max-snippet:-1","max-image-preview":"max-image-preview:large","max-video-preview":"max-video-preview:-1"},"canonical":"https:\/\/wp.kristdemokraterna.se\/habo\/ateruppratta-valfardsloftet\/","og_locale":"sv_SE","og_type":"article","og_title":"\u00c5teruppr\u00e4tta v\u00e4lf\u00e4rdsl\u00f6ftet. - V\u00e4lkommen till KD i Habo","og_description":"Kristdemokraterna vill \u00e5teruppr\u00e4tta v\u00e4lf\u00e4rdsl\u00f6ftet. Idag presenterar vi \u201dV\u00e4lf\u00e4rdsl\u00f6ftet \u2013 en budget f\u00f6r v\u00e5rd, omsorg och trygghet\u201d. I v\u00e5rt f\u00f6rslag till budget h\u00f6js anslagen till sjukhusv\u00e5rden, prim\u00e4rv\u00e5rden och \u00e4ldreomsorgen kraftigt. V\u00e5ra reformer syftar till att skapa drivkrafter och m\u00f6jligheter f\u00f6r kommuner och landsting att f\u00f6rb\u00e4ttra v\u00e5rden och omsorgen samt korta k\u00f6erna genom fler platser p\u00e5 sjukhus Read More","og_url":"https:\/\/wp.kristdemokraterna.se\/habo\/ateruppratta-valfardsloftet\/","og_site_name":"V\u00e4lkommen till KD i Habo","article_published_time":"2017-10-09T14:45:30+00:00","article_modified_time":"2017-10-09T14:50:23+00:00","author":"habo","twitter_card":"summary_large_image","twitter_misc":{"Skriven av":"habo","Ber\u00e4knad l\u00e4stid":"1 minut"},"schema":{"@context":"https:\/\/schema.org","@graph":[{"@type":"Article","@id":"https:\/\/wp.kristdemokraterna.se\/habo\/ateruppratta-valfardsloftet\/#article","isPartOf":{"@id":"https:\/\/wp.kristdemokraterna.se\/habo\/ateruppratta-valfardsloftet\/"},"author":{"name":"habo","@id":"https:\/\/wp.kristdemokraterna.se\/habo\/#\/schema\/person\/14d868c2b996179ce41f5e75e961672f"},"headline":"\u00c5teruppr\u00e4tta v\u00e4lf\u00e4rdsl\u00f6ftet.","datePublished":"2017-10-09T14:45:30+00:00","dateModified":"2017-10-09T14:50:23+00:00","mainEntityOfPage":{"@id":"https:\/\/wp.kristdemokraterna.se\/habo\/ateruppratta-valfardsloftet\/"},"wordCount":266,"articleSection":["Senaste Nytt"],"inLanguage":"sv-SE"},{"@type":"WebPage","@id":"https:\/\/wp.kristdemokraterna.se\/habo\/ateruppratta-valfardsloftet\/","url":"https:\/\/wp.kristdemokraterna.se\/habo\/ateruppratta-valfardsloftet\/","name":"\u00c5teruppr\u00e4tta v\u00e4lf\u00e4rdsl\u00f6ftet. - V\u00e4lkommen till KD i Habo","isPartOf":{"@id":"https:\/\/wp.kristdemokraterna.se\/habo\/#website"},"datePublished":"2017-10-09T14:45:30+00:00","dateModified":"2017-10-09T14:50:23+00:00","author":{"@id":"https:\/\/wp.kristdemokraterna.se\/habo\/#\/schema\/person\/14d868c2b996179ce41f5e75e961672f"},"breadcrumb":{"@id":"https:\/\/wp.kristdemokraterna.se\/habo\/ateruppratta-valfardsloftet\/#breadcrumb"},"inLanguage":"sv-SE","potentialAction":[{"@type":"ReadAction","target":["https:\/\/wp.kristdemokraterna.se\/habo\/ateruppratta-valfardsloftet\/"]}]},{"@type":"BreadcrumbList","@id":"https:\/\/wp.kristdemokraterna.se\/habo\/ateruppratta-valfardsloftet\/#breadcrumb","itemListElement":[{"@type":"ListItem","position":1,"name":"Hem","item":"https:\/\/wp.kristdemokraterna.se\/habo\/"},{"@type":"ListItem","position":2,"name":"\u00c5teruppr\u00e4tta v\u00e4lf\u00e4rdsl\u00f6ftet."}]},{"@type":"WebSite","@id":"https:\/\/wp.kristdemokraterna.se\/habo\/#website","url":"https:\/\/wp.kristdemokraterna.se\/habo\/","name":"V\u00e4lkommen till KD i Habo","description":"Politiken ska st\u00f6dja och ge f\u00f6ruts\u00e4ttningar","inLanguage":"sv-SE"},{"@type":"Person","@id":"https:\/\/wp.kristdemokraterna.se\/habo\/#\/schema\/person\/14d868c2b996179ce41f5e75e961672f","name":"habo","image":{"@type":"ImageObject","inLanguage":"sv-SE","@id":"https:\/\/secure.gravatar.com\/avatar\/dd061c12227ea8e61f3c2fbb4ffe1ea27da3da69fdf892557ac2ff369959d9f4?s=96&r=g","url":"https:\/\/secure.gravatar.com\/avatar\/dd061c12227ea8e61f3c2fbb4ffe1ea27da3da69fdf892557ac2ff369959d9f4?s=96&r=g","contentUrl":"https:\/\/secure.gravatar.com\/avatar\/dd061c12227ea8e61f3c2fbb4ffe1ea27da3da69fdf892557ac2ff369959d9f4?s=96&r=g","caption":"habo"},"url":"https:\/\/wp.kristdemokraterna.se\/habo\/author\/habo\/"}]}},"_links":{"self":[{"href":"https:\/\/wp.kristdemokraterna.se\/habo\/wp-json\/wp\/v2\/posts\/1337","targetHints":{"allow":["GET"]}}],"collection":[{"href":"https:\/\/wp.kristdemokraterna.se\/habo\/wp-json\/wp\/v2\/posts"}],"about":[{"href":"https:\/\/wp.kristdemokraterna.se\/habo\/wp-json\/wp\/v2\/types\/post"}],"author":[{"embeddable":true,"href":"https:\/\/wp.kristdemokraterna.se\/habo\/wp-json\/wp\/v2\/users\/402"}],"replies":[{"embeddable":true,"href":"https:\/\/wp.kristdemokraterna.se\/habo\/wp-json\/wp\/v2\/comments?post=1337"}],"version-history":[{"count":3,"href":"https:\/\/wp.kristdemokraterna.se\/habo\/wp-json\/wp\/v2\/posts\/1337\/revisions"}],"predecessor-version":[{"id":1341,"href":"https:\/\/wp.kristdemokraterna.se\/habo\/wp-json\/wp\/v2\/posts\/1337\/revisions\/1341"}],"wp:attachment":[{"href":"https:\/\/wp.kristdemokraterna.se\/habo\/wp-json\/wp\/v2\/media?parent=1337"}],"wp:term":[{"taxonomy":"category","embeddable":true,"href":"https:\/\/wp.kristdemokraterna.se\/habo\/wp-json\/wp\/v2\/categories?post=1337"},{"taxonomy":"post_tag","embeddable":true,"href":"https:\/\/wp.kristdemokraterna.se\/habo\/wp-json\/wp\/v2\/tags?post=1337"}],"curies":[{"name":"wp","href":"https:\/\/api.w.org\/{rel}","templated":true}]}}