{"id":1346,"date":"2017-10-16T16:17:08","date_gmt":"2017-10-16T14:17:08","guid":{"rendered":"http:\/\/wp.kristdemokraterna.se\/habo\/?p=1346"},"modified":"2017-10-25T17:28:29","modified_gmt":"2017-10-25T15:28:29","slug":"nominera-infor-valet-2018","status":"publish","type":"post","link":"https:\/\/wp.kristdemokraterna.se\/habo\/nominera-infor-valet-2018\/","title":{"rendered":"Nominera inf\u00f6r valet 2018"},"content":{"rendered":"<h5><strong><span style=\"color: #008000\">Vill du vara med och<\/span><\/strong><strong><span style=\"color: #008000\">\u00a0forma Habos framtid.<br \/>\nDelar du v\u00e5ra v\u00e4rderingar \u00e4r du v\u00e4lkommen<br \/>\natt tillsammans med oss arbeta f\u00f6r en bra skola, <\/span><\/strong><\/h5>\n<h5><strong><span style=\"color: #008000\">\u00e4ldreomsorg och\u00a0integration.<br \/>\nf\u00f6resl\u00e5 namn som vi kan\u00a0kontakta som vill\u00a0vara med<br \/>\np\u00e5 v\u00e5r valsedel i Habo.<\/span><\/strong><br \/>\n<strong><span style=\"color: #008000\">skriv in s\u00e5 m\u00e5nga namn du vill.<\/span><br \/>\n<\/strong><\/h5>\n<h5><strong>G\u00e5 in p\u00e5 bif.\u00a0l\u00e4nk. <\/strong><a href=\"https:\/\/goo.gl\/forms\/YlrUTKE9lLdeGnS43\">Nominera h\u00e4r<\/a><\/h5>\n<p><a href=\"https:\/\/goo.gl\/forms\/YlrUTKE9lLdeGnS43\"><strong>\u00a0<\/strong><\/a><\/p>\n<p>&nbsp;<\/p>\n<p>&nbsp;<\/p>\n<p>&nbsp;<\/p>\n","protected":false},"excerpt":{"rendered":"<p>Vill du vara med och\u00a0forma Habos framtid. Delar du v\u00e5ra v\u00e4rderingar \u00e4r du v\u00e4lkommen att tillsammans med oss arbeta f\u00f6r en bra skola, \u00e4ldreomsorg och\u00a0integration. f\u00f6resl\u00e5 namn som vi kan\u00a0kontakta som vill\u00a0vara med p\u00e5 v\u00e5r valsedel i Habo. skriv in s\u00e5 m\u00e5nga namn du vill. G\u00e5 in p\u00e5 bif.\u00a0l\u00e4nk. Nominera h\u00e4r \u00a0 &nbsp; &nbsp; &nbsp;<\/p>\n","protected":false},"author":402,"featured_media":0,"comment_status":"closed","ping_status":"closed","sticky":false,"template":"","format":"standard","meta":{"_acf_changed":false,"footnotes":""},"categories":[1],"tags":[],"class_list":["post-1346","post","type-post","status-publish","format-standard","hentry","category-inget"],"acf":[],"yoast_head":"<!-- This site is optimized with the Yoast SEO plugin v27.4 - https:\/\/yoast.com\/product\/yoast-seo-wordpress\/ -->\n<title>Nominera inf\u00f6r valet 2018 - V\u00e4lkommen till KD i Habo<\/title>\n<meta name=\"robots\" content=\"index, follow, max-snippet:-1, max-image-preview:large, max-video-preview:-1\" \/>\n<link rel=\"canonical\" href=\"https:\/\/wp.kristdemokraterna.se\/habo\/nominera-infor-valet-2018\/\" \/>\n<meta property=\"og:locale\" content=\"sv_SE\" \/>\n<meta property=\"og:type\" content=\"article\" \/>\n<meta property=\"og:title\" content=\"Nominera inf\u00f6r valet 2018 - V\u00e4lkommen till KD i Habo\" \/>\n<meta property=\"og:description\" content=\"Vill du vara med och\u00a0forma Habos framtid. Delar du v\u00e5ra v\u00e4rderingar \u00e4r du v\u00e4lkommen att tillsammans med oss arbeta f\u00f6r en bra skola, \u00e4ldreomsorg och\u00a0integration. f\u00f6resl\u00e5 namn som vi kan\u00a0kontakta som vill\u00a0vara med p\u00e5 v\u00e5r valsedel i Habo. skriv in s\u00e5 m\u00e5nga namn du vill. G\u00e5 in p\u00e5 bif.\u00a0l\u00e4nk. Nominera h\u00e4r \u00a0 &nbsp; &nbsp; &nbsp;\" \/>\n<meta property=\"og:url\" content=\"https:\/\/wp.kristdemokraterna.se\/habo\/nominera-infor-valet-2018\/\" \/>\n<meta property=\"og:site_name\" content=\"V\u00e4lkommen till KD i Habo\" \/>\n<meta property=\"article:published_time\" content=\"2017-10-16T14:17:08+00:00\" \/>\n<meta property=\"article:modified_time\" content=\"2017-10-25T15:28:29+00:00\" \/>\n<meta name=\"author\" content=\"habo\" \/>\n<meta name=\"twitter:card\" content=\"summary_large_image\" \/>\n<meta name=\"twitter:label1\" content=\"Skriven av\" \/>\n\t<meta name=\"twitter:data1\" content=\"habo\" \/>\n<script type=\"application\/ld+json\" class=\"yoast-schema-graph\">{\"@context\":\"https:\\\/\\\/schema.org\",\"@graph\":[{\"@type\":\"Article\",\"@id\":\"https:\\\/\\\/wp.kristdemokraterna.se\\\/habo\\\/nominera-infor-valet-2018\\\/#article\",\"isPartOf\":{\"@id\":\"https:\\\/\\\/wp.kristdemokraterna.se\\\/habo\\\/nominera-infor-valet-2018\\\/\"},\"author\":{\"name\":\"habo\",\"@id\":\"https:\\\/\\\/wp.kristdemokraterna.se\\\/habo\\\/#\\\/schema\\\/person\\\/14d868c2b996179ce41f5e75e961672f\"},\"headline\":\"Nominera inf\u00f6r valet 2018\",\"datePublished\":\"2017-10-16T14:17:08+00:00\",\"dateModified\":\"2017-10-25T15:28:29+00:00\",\"mainEntityOfPage\":{\"@id\":\"https:\\\/\\\/wp.kristdemokraterna.se\\\/habo\\\/nominera-infor-valet-2018\\\/\"},\"wordCount\":72,\"articleSection\":[\"Senaste Nytt\"],\"inLanguage\":\"sv-SE\"},{\"@type\":\"WebPage\",\"@id\":\"https:\\\/\\\/wp.kristdemokraterna.se\\\/habo\\\/nominera-infor-valet-2018\\\/\",\"url\":\"https:\\\/\\\/wp.kristdemokraterna.se\\\/habo\\\/nominera-infor-valet-2018\\\/\",\"name\":\"Nominera inf\u00f6r valet 2018 - V\u00e4lkommen till KD i Habo\",\"isPartOf\":{\"@id\":\"https:\\\/\\\/wp.kristdemokraterna.se\\\/habo\\\/#website\"},\"datePublished\":\"2017-10-16T14:17:08+00:00\",\"dateModified\":\"2017-10-25T15:28:29+00:00\",\"author\":{\"@id\":\"https:\\\/\\\/wp.kristdemokraterna.se\\\/habo\\\/#\\\/schema\\\/person\\\/14d868c2b996179ce41f5e75e961672f\"},\"breadcrumb\":{\"@id\":\"https:\\\/\\\/wp.kristdemokraterna.se\\\/habo\\\/nominera-infor-valet-2018\\\/#breadcrumb\"},\"inLanguage\":\"sv-SE\",\"potentialAction\":[{\"@type\":\"ReadAction\",\"target\":[\"https:\\\/\\\/wp.kristdemokraterna.se\\\/habo\\\/nominera-infor-valet-2018\\\/\"]}]},{\"@type\":\"BreadcrumbList\",\"@id\":\"https:\\\/\\\/wp.kristdemokraterna.se\\\/habo\\\/nominera-infor-valet-2018\\\/#breadcrumb\",\"itemListElement\":[{\"@type\":\"ListItem\",\"position\":1,\"name\":\"Hem\",\"item\":\"https:\\\/\\\/wp.kristdemokraterna.se\\\/habo\\\/\"},{\"@type\":\"ListItem\",\"position\":2,\"name\":\"Nominera inf\u00f6r valet 2018\"}]},{\"@type\":\"WebSite\",\"@id\":\"https:\\\/\\\/wp.kristdemokraterna.se\\\/habo\\\/#website\",\"url\":\"https:\\\/\\\/wp.kristdemokraterna.se\\\/habo\\\/\",\"name\":\"V\u00e4lkommen till KD i Habo\",\"description\":\"Politiken ska st\u00f6dja och ge f\u00f6ruts\u00e4ttningar\",\"inLanguage\":\"sv-SE\"},{\"@type\":\"Person\",\"@id\":\"https:\\\/\\\/wp.kristdemokraterna.se\\\/habo\\\/#\\\/schema\\\/person\\\/14d868c2b996179ce41f5e75e961672f\",\"name\":\"habo\",\"image\":{\"@type\":\"ImageObject\",\"inLanguage\":\"sv-SE\",\"@id\":\"https:\\\/\\\/secure.gravatar.com\\\/avatar\\\/dd061c12227ea8e61f3c2fbb4ffe1ea27da3da69fdf892557ac2ff369959d9f4?s=96&r=g\",\"url\":\"https:\\\/\\\/secure.gravatar.com\\\/avatar\\\/dd061c12227ea8e61f3c2fbb4ffe1ea27da3da69fdf892557ac2ff369959d9f4?s=96&r=g\",\"contentUrl\":\"https:\\\/\\\/secure.gravatar.com\\\/avatar\\\/dd061c12227ea8e61f3c2fbb4ffe1ea27da3da69fdf892557ac2ff369959d9f4?s=96&r=g\",\"caption\":\"habo\"},\"url\":\"https:\\\/\\\/wp.kristdemokraterna.se\\\/habo\\\/author\\\/habo\\\/\"}]}<\/script>\n<!-- \/ Yoast SEO plugin. -->","yoast_head_json":{"title":"Nominera inf\u00f6r valet 2018 - V\u00e4lkommen till KD i Habo","robots":{"index":"index","follow":"follow","max-snippet":"max-snippet:-1","max-image-preview":"max-image-preview:large","max-video-preview":"max-video-preview:-1"},"canonical":"https:\/\/wp.kristdemokraterna.se\/habo\/nominera-infor-valet-2018\/","og_locale":"sv_SE","og_type":"article","og_title":"Nominera inf\u00f6r valet 2018 - V\u00e4lkommen till KD i Habo","og_description":"Vill du vara med och\u00a0forma Habos framtid. Delar du v\u00e5ra v\u00e4rderingar \u00e4r du v\u00e4lkommen att tillsammans med oss arbeta f\u00f6r en bra skola, \u00e4ldreomsorg och\u00a0integration. f\u00f6resl\u00e5 namn som vi kan\u00a0kontakta som vill\u00a0vara med p\u00e5 v\u00e5r valsedel i Habo. skriv in s\u00e5 m\u00e5nga namn du vill. G\u00e5 in p\u00e5 bif.\u00a0l\u00e4nk. Nominera h\u00e4r \u00a0 &nbsp; &nbsp; &nbsp;","og_url":"https:\/\/wp.kristdemokraterna.se\/habo\/nominera-infor-valet-2018\/","og_site_name":"V\u00e4lkommen till KD i Habo","article_published_time":"2017-10-16T14:17:08+00:00","article_modified_time":"2017-10-25T15:28:29+00:00","author":"habo","twitter_card":"summary_large_image","twitter_misc":{"Skriven av":"habo"},"schema":{"@context":"https:\/\/schema.org","@graph":[{"@type":"Article","@id":"https:\/\/wp.kristdemokraterna.se\/habo\/nominera-infor-valet-2018\/#article","isPartOf":{"@id":"https:\/\/wp.kristdemokraterna.se\/habo\/nominera-infor-valet-2018\/"},"author":{"name":"habo","@id":"https:\/\/wp.kristdemokraterna.se\/habo\/#\/schema\/person\/14d868c2b996179ce41f5e75e961672f"},"headline":"Nominera inf\u00f6r valet 2018","datePublished":"2017-10-16T14:17:08+00:00","dateModified":"2017-10-25T15:28:29+00:00","mainEntityOfPage":{"@id":"https:\/\/wp.kristdemokraterna.se\/habo\/nominera-infor-valet-2018\/"},"wordCount":72,"articleSection":["Senaste Nytt"],"inLanguage":"sv-SE"},{"@type":"WebPage","@id":"https:\/\/wp.kristdemokraterna.se\/habo\/nominera-infor-valet-2018\/","url":"https:\/\/wp.kristdemokraterna.se\/habo\/nominera-infor-valet-2018\/","name":"Nominera inf\u00f6r valet 2018 - V\u00e4lkommen till KD i Habo","isPartOf":{"@id":"https:\/\/wp.kristdemokraterna.se\/habo\/#website"},"datePublished":"2017-10-16T14:17:08+00:00","dateModified":"2017-10-25T15:28:29+00:00","author":{"@id":"https:\/\/wp.kristdemokraterna.se\/habo\/#\/schema\/person\/14d868c2b996179ce41f5e75e961672f"},"breadcrumb":{"@id":"https:\/\/wp.kristdemokraterna.se\/habo\/nominera-infor-valet-2018\/#breadcrumb"},"inLanguage":"sv-SE","potentialAction":[{"@type":"ReadAction","target":["https:\/\/wp.kristdemokraterna.se\/habo\/nominera-infor-valet-2018\/"]}]},{"@type":"BreadcrumbList","@id":"https:\/\/wp.kristdemokraterna.se\/habo\/nominera-infor-valet-2018\/#breadcrumb","itemListElement":[{"@type":"ListItem","position":1,"name":"Hem","item":"https:\/\/wp.kristdemokraterna.se\/habo\/"},{"@type":"ListItem","position":2,"name":"Nominera inf\u00f6r valet 2018"}]},{"@type":"WebSite","@id":"https:\/\/wp.kristdemokraterna.se\/habo\/#website","url":"https:\/\/wp.kristdemokraterna.se\/habo\/","name":"V\u00e4lkommen till KD i Habo","description":"Politiken ska st\u00f6dja och ge f\u00f6ruts\u00e4ttningar","inLanguage":"sv-SE"},{"@type":"Person","@id":"https:\/\/wp.kristdemokraterna.se\/habo\/#\/schema\/person\/14d868c2b996179ce41f5e75e961672f","name":"habo","image":{"@type":"ImageObject","inLanguage":"sv-SE","@id":"https:\/\/secure.gravatar.com\/avatar\/dd061c12227ea8e61f3c2fbb4ffe1ea27da3da69fdf892557ac2ff369959d9f4?s=96&r=g","url":"https:\/\/secure.gravatar.com\/avatar\/dd061c12227ea8e61f3c2fbb4ffe1ea27da3da69fdf892557ac2ff369959d9f4?s=96&r=g","contentUrl":"https:\/\/secure.gravatar.com\/avatar\/dd061c12227ea8e61f3c2fbb4ffe1ea27da3da69fdf892557ac2ff369959d9f4?s=96&r=g","caption":"habo"},"url":"https:\/\/wp.kristdemokraterna.se\/habo\/author\/habo\/"}]}},"_links":{"self":[{"href":"https:\/\/wp.kristdemokraterna.se\/habo\/wp-json\/wp\/v2\/posts\/1346","targetHints":{"allow":["GET"]}}],"collection":[{"href":"https:\/\/wp.kristdemokraterna.se\/habo\/wp-json\/wp\/v2\/posts"}],"about":[{"href":"https:\/\/wp.kristdemokraterna.se\/habo\/wp-json\/wp\/v2\/types\/post"}],"author":[{"embeddable":true,"href":"https:\/\/wp.kristdemokraterna.se\/habo\/wp-json\/wp\/v2\/users\/402"}],"replies":[{"embeddable":true,"href":"https:\/\/wp.kristdemokraterna.se\/habo\/wp-json\/wp\/v2\/comments?post=1346"}],"version-history":[{"count":12,"href":"https:\/\/wp.kristdemokraterna.se\/habo\/wp-json\/wp\/v2\/posts\/1346\/revisions"}],"predecessor-version":[{"id":1362,"href":"https:\/\/wp.kristdemokraterna.se\/habo\/wp-json\/wp\/v2\/posts\/1346\/revisions\/1362"}],"wp:attachment":[{"href":"https:\/\/wp.kristdemokraterna.se\/habo\/wp-json\/wp\/v2\/media?parent=1346"}],"wp:term":[{"taxonomy":"category","embeddable":true,"href":"https:\/\/wp.kristdemokraterna.se\/habo\/wp-json\/wp\/v2\/categories?post=1346"},{"taxonomy":"post_tag","embeddable":true,"href":"https:\/\/wp.kristdemokraterna.se\/habo\/wp-json\/wp\/v2\/tags?post=1346"}],"curies":[{"name":"wp","href":"https:\/\/api.w.org\/{rel}","templated":true}]}}