{"id":1422,"date":"2018-02-10T11:01:48","date_gmt":"2018-02-10T10:01:48","guid":{"rendered":"http:\/\/wp.kristdemokraterna.se\/habo\/?p=1422"},"modified":"2018-02-10T11:01:48","modified_gmt":"2018-02-10T10:01:48","slug":"valfardsloftet","status":"publish","type":"post","link":"https:\/\/wp.kristdemokraterna.se\/habo\/valfardsloftet\/","title":{"rendered":"V\u00c4LF\u00c4RDSL\u00d6FTET"},"content":{"rendered":"<p>Att satsa p\u00e5 barn och unga \u00e4r att skapa b\u00e4ttre f\u00f6ruts\u00e4ttningar<br \/>\nf\u00f6r n\u00e4sta generation och generationer efter det. Habo ska vara b\u00e4sta<br \/>\nplatsen att v\u00e4xa upp p\u00e5. \u00c4r du nyfiken p\u00e5 exakt vad Kristdemokraterna<br \/>\nvill &#8211; kontakta oss s\u00e5 ber\u00e4ttar vi mera.<img loading=\"lazy\" decoding=\"async\" class=\"alignnone size-full wp-image-1423\" src=\"http:\/\/wp.kristdemokraterna.se\/habo\/files\/2018\/02\/kd_180206-kopiera.jpg\" alt=\"\" width=\"374\" height=\"190\" srcset=\"https:\/\/wp.kristdemokraterna.se\/habo\/files\/2018\/02\/kd_180206-kopiera.jpg 374w, https:\/\/wp.kristdemokraterna.se\/habo\/files\/2018\/02\/kd_180206-kopiera-300x152.jpg 300w, https:\/\/wp.kristdemokraterna.se\/habo\/files\/2018\/02\/kd_180206-kopiera-186x94.jpg 186w\" sizes=\"auto, (max-width: 374px) 100vw, 374px\" \/><\/p>\n","protected":false},"excerpt":{"rendered":"<p>Att satsa p\u00e5 barn och unga \u00e4r att skapa b\u00e4ttre f\u00f6ruts\u00e4ttningar f\u00f6r n\u00e4sta generation och generationer efter det. Habo ska vara b\u00e4sta platsen att v\u00e4xa upp p\u00e5. \u00c4r du nyfiken p\u00e5 exakt vad Kristdemokraterna vill &#8211; kontakta oss s\u00e5 ber\u00e4ttar vi mera.<\/p>\n","protected":false},"author":402,"featured_media":0,"comment_status":"closed","ping_status":"closed","sticky":false,"template":"","format":"standard","meta":{"_acf_changed":false,"footnotes":""},"categories":[1],"tags":[],"class_list":["post-1422","post","type-post","status-publish","format-standard","hentry","category-inget"],"acf":[],"yoast_head":"<!-- This site is optimized with the Yoast SEO plugin v27.4 - https:\/\/yoast.com\/product\/yoast-seo-wordpress\/ -->\n<title>V\u00c4LF\u00c4RDSL\u00d6FTET - V\u00e4lkommen till KD i Habo<\/title>\n<meta name=\"robots\" content=\"index, follow, max-snippet:-1, max-image-preview:large, max-video-preview:-1\" \/>\n<link rel=\"canonical\" href=\"https:\/\/wp.kristdemokraterna.se\/habo\/valfardsloftet\/\" \/>\n<meta property=\"og:locale\" content=\"sv_SE\" \/>\n<meta property=\"og:type\" content=\"article\" \/>\n<meta property=\"og:title\" content=\"V\u00c4LF\u00c4RDSL\u00d6FTET - V\u00e4lkommen till KD i Habo\" \/>\n<meta property=\"og:description\" content=\"Att satsa p\u00e5 barn och unga \u00e4r att skapa b\u00e4ttre f\u00f6ruts\u00e4ttningar f\u00f6r n\u00e4sta generation och generationer efter det. Habo ska vara b\u00e4sta platsen att v\u00e4xa upp p\u00e5. \u00c4r du nyfiken p\u00e5 exakt vad Kristdemokraterna vill &#8211; kontakta oss s\u00e5 ber\u00e4ttar vi mera.\" \/>\n<meta property=\"og:url\" content=\"https:\/\/wp.kristdemokraterna.se\/habo\/valfardsloftet\/\" \/>\n<meta property=\"og:site_name\" content=\"V\u00e4lkommen till KD i Habo\" \/>\n<meta property=\"article:published_time\" content=\"2018-02-10T10:01:48+00:00\" \/>\n<meta property=\"og:image\" content=\"http:\/\/wp.kristdemokraterna.se\/habo\/files\/2018\/02\/kd_180206-kopiera.jpg\" \/>\n<meta name=\"author\" content=\"habo\" \/>\n<meta name=\"twitter:card\" content=\"summary_large_image\" \/>\n<meta name=\"twitter:label1\" content=\"Skriven av\" \/>\n\t<meta name=\"twitter:data1\" content=\"habo\" \/>\n<script type=\"application\/ld+json\" class=\"yoast-schema-graph\">{\"@context\":\"https:\\\/\\\/schema.org\",\"@graph\":[{\"@type\":\"Article\",\"@id\":\"https:\\\/\\\/wp.kristdemokraterna.se\\\/habo\\\/valfardsloftet\\\/#article\",\"isPartOf\":{\"@id\":\"https:\\\/\\\/wp.kristdemokraterna.se\\\/habo\\\/valfardsloftet\\\/\"},\"author\":{\"name\":\"habo\",\"@id\":\"https:\\\/\\\/wp.kristdemokraterna.se\\\/habo\\\/#\\\/schema\\\/person\\\/14d868c2b996179ce41f5e75e961672f\"},\"headline\":\"V\u00c4LF\u00c4RDSL\u00d6FTET\",\"datePublished\":\"2018-02-10T10:01:48+00:00\",\"mainEntityOfPage\":{\"@id\":\"https:\\\/\\\/wp.kristdemokraterna.se\\\/habo\\\/valfardsloftet\\\/\"},\"wordCount\":54,\"image\":{\"@id\":\"https:\\\/\\\/wp.kristdemokraterna.se\\\/habo\\\/valfardsloftet\\\/#primaryimage\"},\"thumbnailUrl\":\"http:\\\/\\\/wp.kristdemokraterna.se\\\/habo\\\/files\\\/2018\\\/02\\\/kd_180206-kopiera.jpg\",\"articleSection\":[\"Senaste Nytt\"],\"inLanguage\":\"sv-SE\"},{\"@type\":\"WebPage\",\"@id\":\"https:\\\/\\\/wp.kristdemokraterna.se\\\/habo\\\/valfardsloftet\\\/\",\"url\":\"https:\\\/\\\/wp.kristdemokraterna.se\\\/habo\\\/valfardsloftet\\\/\",\"name\":\"V\u00c4LF\u00c4RDSL\u00d6FTET - V\u00e4lkommen till KD i Habo\",\"isPartOf\":{\"@id\":\"https:\\\/\\\/wp.kristdemokraterna.se\\\/habo\\\/#website\"},\"primaryImageOfPage\":{\"@id\":\"https:\\\/\\\/wp.kristdemokraterna.se\\\/habo\\\/valfardsloftet\\\/#primaryimage\"},\"image\":{\"@id\":\"https:\\\/\\\/wp.kristdemokraterna.se\\\/habo\\\/valfardsloftet\\\/#primaryimage\"},\"thumbnailUrl\":\"http:\\\/\\\/wp.kristdemokraterna.se\\\/habo\\\/files\\\/2018\\\/02\\\/kd_180206-kopiera.jpg\",\"datePublished\":\"2018-02-10T10:01:48+00:00\",\"author\":{\"@id\":\"https:\\\/\\\/wp.kristdemokraterna.se\\\/habo\\\/#\\\/schema\\\/person\\\/14d868c2b996179ce41f5e75e961672f\"},\"breadcrumb\":{\"@id\":\"https:\\\/\\\/wp.kristdemokraterna.se\\\/habo\\\/valfardsloftet\\\/#breadcrumb\"},\"inLanguage\":\"sv-SE\",\"potentialAction\":[{\"@type\":\"ReadAction\",\"target\":[\"https:\\\/\\\/wp.kristdemokraterna.se\\\/habo\\\/valfardsloftet\\\/\"]}]},{\"@type\":\"ImageObject\",\"inLanguage\":\"sv-SE\",\"@id\":\"https:\\\/\\\/wp.kristdemokraterna.se\\\/habo\\\/valfardsloftet\\\/#primaryimage\",\"url\":\"https:\\\/\\\/wp.kristdemokraterna.se\\\/habo\\\/files\\\/2018\\\/02\\\/kd_180206-kopiera.jpg\",\"contentUrl\":\"https:\\\/\\\/wp.kristdemokraterna.se\\\/habo\\\/files\\\/2018\\\/02\\\/kd_180206-kopiera.jpg\",\"width\":374,\"height\":190},{\"@type\":\"BreadcrumbList\",\"@id\":\"https:\\\/\\\/wp.kristdemokraterna.se\\\/habo\\\/valfardsloftet\\\/#breadcrumb\",\"itemListElement\":[{\"@type\":\"ListItem\",\"position\":1,\"name\":\"Hem\",\"item\":\"https:\\\/\\\/wp.kristdemokraterna.se\\\/habo\\\/\"},{\"@type\":\"ListItem\",\"position\":2,\"name\":\"V\u00c4LF\u00c4RDSL\u00d6FTET\"}]},{\"@type\":\"WebSite\",\"@id\":\"https:\\\/\\\/wp.kristdemokraterna.se\\\/habo\\\/#website\",\"url\":\"https:\\\/\\\/wp.kristdemokraterna.se\\\/habo\\\/\",\"name\":\"V\u00e4lkommen till KD i Habo\",\"description\":\"Politiken ska st\u00f6dja och ge f\u00f6ruts\u00e4ttningar\",\"inLanguage\":\"sv-SE\"},{\"@type\":\"Person\",\"@id\":\"https:\\\/\\\/wp.kristdemokraterna.se\\\/habo\\\/#\\\/schema\\\/person\\\/14d868c2b996179ce41f5e75e961672f\",\"name\":\"habo\",\"image\":{\"@type\":\"ImageObject\",\"inLanguage\":\"sv-SE\",\"@id\":\"https:\\\/\\\/secure.gravatar.com\\\/avatar\\\/dd061c12227ea8e61f3c2fbb4ffe1ea27da3da69fdf892557ac2ff369959d9f4?s=96&r=g\",\"url\":\"https:\\\/\\\/secure.gravatar.com\\\/avatar\\\/dd061c12227ea8e61f3c2fbb4ffe1ea27da3da69fdf892557ac2ff369959d9f4?s=96&r=g\",\"contentUrl\":\"https:\\\/\\\/secure.gravatar.com\\\/avatar\\\/dd061c12227ea8e61f3c2fbb4ffe1ea27da3da69fdf892557ac2ff369959d9f4?s=96&r=g\",\"caption\":\"habo\"},\"url\":\"https:\\\/\\\/wp.kristdemokraterna.se\\\/habo\\\/author\\\/habo\\\/\"}]}<\/script>\n<!-- \/ Yoast SEO plugin. -->","yoast_head_json":{"title":"V\u00c4LF\u00c4RDSL\u00d6FTET - V\u00e4lkommen till KD i Habo","robots":{"index":"index","follow":"follow","max-snippet":"max-snippet:-1","max-image-preview":"max-image-preview:large","max-video-preview":"max-video-preview:-1"},"canonical":"https:\/\/wp.kristdemokraterna.se\/habo\/valfardsloftet\/","og_locale":"sv_SE","og_type":"article","og_title":"V\u00c4LF\u00c4RDSL\u00d6FTET - V\u00e4lkommen till KD i Habo","og_description":"Att satsa p\u00e5 barn och unga \u00e4r att skapa b\u00e4ttre f\u00f6ruts\u00e4ttningar f\u00f6r n\u00e4sta generation och generationer efter det. Habo ska vara b\u00e4sta platsen att v\u00e4xa upp p\u00e5. \u00c4r du nyfiken p\u00e5 exakt vad Kristdemokraterna vill &#8211; kontakta oss s\u00e5 ber\u00e4ttar vi mera.","og_url":"https:\/\/wp.kristdemokraterna.se\/habo\/valfardsloftet\/","og_site_name":"V\u00e4lkommen till KD i Habo","article_published_time":"2018-02-10T10:01:48+00:00","og_image":[{"url":"http:\/\/wp.kristdemokraterna.se\/habo\/files\/2018\/02\/kd_180206-kopiera.jpg","type":"","width":"","height":""}],"author":"habo","twitter_card":"summary_large_image","twitter_misc":{"Skriven av":"habo"},"schema":{"@context":"https:\/\/schema.org","@graph":[{"@type":"Article","@id":"https:\/\/wp.kristdemokraterna.se\/habo\/valfardsloftet\/#article","isPartOf":{"@id":"https:\/\/wp.kristdemokraterna.se\/habo\/valfardsloftet\/"},"author":{"name":"habo","@id":"https:\/\/wp.kristdemokraterna.se\/habo\/#\/schema\/person\/14d868c2b996179ce41f5e75e961672f"},"headline":"V\u00c4LF\u00c4RDSL\u00d6FTET","datePublished":"2018-02-10T10:01:48+00:00","mainEntityOfPage":{"@id":"https:\/\/wp.kristdemokraterna.se\/habo\/valfardsloftet\/"},"wordCount":54,"image":{"@id":"https:\/\/wp.kristdemokraterna.se\/habo\/valfardsloftet\/#primaryimage"},"thumbnailUrl":"http:\/\/wp.kristdemokraterna.se\/habo\/files\/2018\/02\/kd_180206-kopiera.jpg","articleSection":["Senaste Nytt"],"inLanguage":"sv-SE"},{"@type":"WebPage","@id":"https:\/\/wp.kristdemokraterna.se\/habo\/valfardsloftet\/","url":"https:\/\/wp.kristdemokraterna.se\/habo\/valfardsloftet\/","name":"V\u00c4LF\u00c4RDSL\u00d6FTET - V\u00e4lkommen till KD i Habo","isPartOf":{"@id":"https:\/\/wp.kristdemokraterna.se\/habo\/#website"},"primaryImageOfPage":{"@id":"https:\/\/wp.kristdemokraterna.se\/habo\/valfardsloftet\/#primaryimage"},"image":{"@id":"https:\/\/wp.kristdemokraterna.se\/habo\/valfardsloftet\/#primaryimage"},"thumbnailUrl":"http:\/\/wp.kristdemokraterna.se\/habo\/files\/2018\/02\/kd_180206-kopiera.jpg","datePublished":"2018-02-10T10:01:48+00:00","author":{"@id":"https:\/\/wp.kristdemokraterna.se\/habo\/#\/schema\/person\/14d868c2b996179ce41f5e75e961672f"},"breadcrumb":{"@id":"https:\/\/wp.kristdemokraterna.se\/habo\/valfardsloftet\/#breadcrumb"},"inLanguage":"sv-SE","potentialAction":[{"@type":"ReadAction","target":["https:\/\/wp.kristdemokraterna.se\/habo\/valfardsloftet\/"]}]},{"@type":"ImageObject","inLanguage":"sv-SE","@id":"https:\/\/wp.kristdemokraterna.se\/habo\/valfardsloftet\/#primaryimage","url":"https:\/\/wp.kristdemokraterna.se\/habo\/files\/2018\/02\/kd_180206-kopiera.jpg","contentUrl":"https:\/\/wp.kristdemokraterna.se\/habo\/files\/2018\/02\/kd_180206-kopiera.jpg","width":374,"height":190},{"@type":"BreadcrumbList","@id":"https:\/\/wp.kristdemokraterna.se\/habo\/valfardsloftet\/#breadcrumb","itemListElement":[{"@type":"ListItem","position":1,"name":"Hem","item":"https:\/\/wp.kristdemokraterna.se\/habo\/"},{"@type":"ListItem","position":2,"name":"V\u00c4LF\u00c4RDSL\u00d6FTET"}]},{"@type":"WebSite","@id":"https:\/\/wp.kristdemokraterna.se\/habo\/#website","url":"https:\/\/wp.kristdemokraterna.se\/habo\/","name":"V\u00e4lkommen till KD i Habo","description":"Politiken ska st\u00f6dja och ge f\u00f6ruts\u00e4ttningar","inLanguage":"sv-SE"},{"@type":"Person","@id":"https:\/\/wp.kristdemokraterna.se\/habo\/#\/schema\/person\/14d868c2b996179ce41f5e75e961672f","name":"habo","image":{"@type":"ImageObject","inLanguage":"sv-SE","@id":"https:\/\/secure.gravatar.com\/avatar\/dd061c12227ea8e61f3c2fbb4ffe1ea27da3da69fdf892557ac2ff369959d9f4?s=96&r=g","url":"https:\/\/secure.gravatar.com\/avatar\/dd061c12227ea8e61f3c2fbb4ffe1ea27da3da69fdf892557ac2ff369959d9f4?s=96&r=g","contentUrl":"https:\/\/secure.gravatar.com\/avatar\/dd061c12227ea8e61f3c2fbb4ffe1ea27da3da69fdf892557ac2ff369959d9f4?s=96&r=g","caption":"habo"},"url":"https:\/\/wp.kristdemokraterna.se\/habo\/author\/habo\/"}]}},"_links":{"self":[{"href":"https:\/\/wp.kristdemokraterna.se\/habo\/wp-json\/wp\/v2\/posts\/1422","targetHints":{"allow":["GET"]}}],"collection":[{"href":"https:\/\/wp.kristdemokraterna.se\/habo\/wp-json\/wp\/v2\/posts"}],"about":[{"href":"https:\/\/wp.kristdemokraterna.se\/habo\/wp-json\/wp\/v2\/types\/post"}],"author":[{"embeddable":true,"href":"https:\/\/wp.kristdemokraterna.se\/habo\/wp-json\/wp\/v2\/users\/402"}],"replies":[{"embeddable":true,"href":"https:\/\/wp.kristdemokraterna.se\/habo\/wp-json\/wp\/v2\/comments?post=1422"}],"version-history":[{"count":1,"href":"https:\/\/wp.kristdemokraterna.se\/habo\/wp-json\/wp\/v2\/posts\/1422\/revisions"}],"predecessor-version":[{"id":1424,"href":"https:\/\/wp.kristdemokraterna.se\/habo\/wp-json\/wp\/v2\/posts\/1422\/revisions\/1424"}],"wp:attachment":[{"href":"https:\/\/wp.kristdemokraterna.se\/habo\/wp-json\/wp\/v2\/media?parent=1422"}],"wp:term":[{"taxonomy":"category","embeddable":true,"href":"https:\/\/wp.kristdemokraterna.se\/habo\/wp-json\/wp\/v2\/categories?post=1422"},{"taxonomy":"post_tag","embeddable":true,"href":"https:\/\/wp.kristdemokraterna.se\/habo\/wp-json\/wp\/v2\/tags?post=1422"}],"curies":[{"name":"wp","href":"https:\/\/api.w.org\/{rel}","templated":true}]}}