{"id":1432,"date":"2018-02-12T17:12:17","date_gmt":"2018-02-12T16:12:17","guid":{"rendered":"http:\/\/wp.kristdemokraterna.se\/habo\/?p=1432"},"modified":"2018-02-12T17:14:31","modified_gmt":"2018-02-12T16:14:31","slug":"kd-dialogen-skola-barnomsorg","status":"publish","type":"post","link":"https:\/\/wp.kristdemokraterna.se\/habo\/kd-dialogen-skola-barnomsorg\/","title":{"rendered":"KD-Dialogen skola &#8211; barnomsorg"},"content":{"rendered":"<p>F\u00f6r\u00e4ldrar, mor- och farf\u00f6r\u00e4ldrar, pedagog eller bara nyfiken. P\u00e5 tisdag 20\/2 kl. 18.30<br \/>\ni Smyrnakyrkan Habo. Du \u00e4r V\u00e4lkommen och diskutera skola och barnomsorg med oss<br \/>\nDu f\u00e5r ocks\u00e5 tr\u00e4ffa Annika Eclund som \u00e4r KD:s representant i riksdagens utbildningsutskott. V\u00e4lkommen!<img loading=\"lazy\" decoding=\"async\" class=\"alignnone size-large wp-image-1433\" src=\"http:\/\/wp.kristdemokraterna.se\/habo\/files\/2018\/02\/kd_180212-skola-540x274.jpg\" alt=\"\" width=\"540\" height=\"274\" srcset=\"https:\/\/wp.kristdemokraterna.se\/habo\/files\/2018\/02\/kd_180212-skola-540x274.jpg 540w, https:\/\/wp.kristdemokraterna.se\/habo\/files\/2018\/02\/kd_180212-skola-300x152.jpg 300w, https:\/\/wp.kristdemokraterna.se\/habo\/files\/2018\/02\/kd_180212-skola-768x390.jpg 768w, https:\/\/wp.kristdemokraterna.se\/habo\/files\/2018\/02\/kd_180212-skola-576x292.jpg 576w, https:\/\/wp.kristdemokraterna.se\/habo\/files\/2018\/02\/kd_180212-skola-186x94.jpg 186w, https:\/\/wp.kristdemokraterna.se\/habo\/files\/2018\/02\/kd_180212-skola.jpg 1117w\" sizes=\"auto, (max-width: 540px) 100vw, 540px\" \/><\/p>\n<p>&nbsp;<\/p>\n","protected":false},"excerpt":{"rendered":"<p>F\u00f6r\u00e4ldrar, mor- och farf\u00f6r\u00e4ldrar, pedagog eller bara nyfiken. P\u00e5 tisdag 20\/2 kl. 18.30 i Smyrnakyrkan Habo. Du \u00e4r V\u00e4lkommen och diskutera skola och barnomsorg med oss Du f\u00e5r ocks\u00e5 tr\u00e4ffa Annika Eclund som \u00e4r KD:s representant i riksdagens utbildningsutskott. V\u00e4lkommen! &nbsp;<\/p>\n","protected":false},"author":402,"featured_media":0,"comment_status":"closed","ping_status":"closed","sticky":false,"template":"","format":"standard","meta":{"_acf_changed":false,"footnotes":""},"categories":[1],"tags":[],"class_list":["post-1432","post","type-post","status-publish","format-standard","hentry","category-inget"],"acf":[],"yoast_head":"<!-- This site is optimized with the Yoast SEO plugin v27.4 - https:\/\/yoast.com\/product\/yoast-seo-wordpress\/ -->\n<title>KD-Dialogen skola - barnomsorg - V\u00e4lkommen till KD i Habo<\/title>\n<meta name=\"robots\" content=\"index, follow, max-snippet:-1, max-image-preview:large, max-video-preview:-1\" \/>\n<link rel=\"canonical\" href=\"https:\/\/wp.kristdemokraterna.se\/habo\/kd-dialogen-skola-barnomsorg\/\" \/>\n<meta property=\"og:locale\" content=\"sv_SE\" \/>\n<meta property=\"og:type\" content=\"article\" \/>\n<meta property=\"og:title\" content=\"KD-Dialogen skola - barnomsorg - V\u00e4lkommen till KD i Habo\" \/>\n<meta property=\"og:description\" content=\"F\u00f6r\u00e4ldrar, mor- och farf\u00f6r\u00e4ldrar, pedagog eller bara nyfiken. P\u00e5 tisdag 20\/2 kl. 18.30 i Smyrnakyrkan Habo. Du \u00e4r V\u00e4lkommen och diskutera skola och barnomsorg med oss Du f\u00e5r ocks\u00e5 tr\u00e4ffa Annika Eclund som \u00e4r KD:s representant i riksdagens utbildningsutskott. V\u00e4lkommen! &nbsp;\" \/>\n<meta property=\"og:url\" content=\"https:\/\/wp.kristdemokraterna.se\/habo\/kd-dialogen-skola-barnomsorg\/\" \/>\n<meta property=\"og:site_name\" content=\"V\u00e4lkommen till KD i Habo\" \/>\n<meta property=\"article:published_time\" content=\"2018-02-12T16:12:17+00:00\" \/>\n<meta property=\"article:modified_time\" content=\"2018-02-12T16:14:31+00:00\" \/>\n<meta property=\"og:image\" content=\"http:\/\/wp.kristdemokraterna.se\/habo\/files\/2018\/02\/kd_180212-skola-540x274.jpg\" \/>\n<meta name=\"author\" content=\"habo\" \/>\n<meta name=\"twitter:card\" content=\"summary_large_image\" \/>\n<meta name=\"twitter:label1\" content=\"Skriven av\" \/>\n\t<meta name=\"twitter:data1\" content=\"habo\" \/>\n<script type=\"application\/ld+json\" class=\"yoast-schema-graph\">{\"@context\":\"https:\\\/\\\/schema.org\",\"@graph\":[{\"@type\":\"Article\",\"@id\":\"https:\\\/\\\/wp.kristdemokraterna.se\\\/habo\\\/kd-dialogen-skola-barnomsorg\\\/#article\",\"isPartOf\":{\"@id\":\"https:\\\/\\\/wp.kristdemokraterna.se\\\/habo\\\/kd-dialogen-skola-barnomsorg\\\/\"},\"author\":{\"name\":\"habo\",\"@id\":\"https:\\\/\\\/wp.kristdemokraterna.se\\\/habo\\\/#\\\/schema\\\/person\\\/14d868c2b996179ce41f5e75e961672f\"},\"headline\":\"KD-Dialogen skola &#8211; barnomsorg\",\"datePublished\":\"2018-02-12T16:12:17+00:00\",\"dateModified\":\"2018-02-12T16:14:31+00:00\",\"mainEntityOfPage\":{\"@id\":\"https:\\\/\\\/wp.kristdemokraterna.se\\\/habo\\\/kd-dialogen-skola-barnomsorg\\\/\"},\"wordCount\":52,\"image\":{\"@id\":\"https:\\\/\\\/wp.kristdemokraterna.se\\\/habo\\\/kd-dialogen-skola-barnomsorg\\\/#primaryimage\"},\"thumbnailUrl\":\"http:\\\/\\\/wp.kristdemokraterna.se\\\/habo\\\/files\\\/2018\\\/02\\\/kd_180212-skola-540x274.jpg\",\"articleSection\":[\"Senaste Nytt\"],\"inLanguage\":\"sv-SE\"},{\"@type\":\"WebPage\",\"@id\":\"https:\\\/\\\/wp.kristdemokraterna.se\\\/habo\\\/kd-dialogen-skola-barnomsorg\\\/\",\"url\":\"https:\\\/\\\/wp.kristdemokraterna.se\\\/habo\\\/kd-dialogen-skola-barnomsorg\\\/\",\"name\":\"KD-Dialogen skola - barnomsorg - V\u00e4lkommen till KD i Habo\",\"isPartOf\":{\"@id\":\"https:\\\/\\\/wp.kristdemokraterna.se\\\/habo\\\/#website\"},\"primaryImageOfPage\":{\"@id\":\"https:\\\/\\\/wp.kristdemokraterna.se\\\/habo\\\/kd-dialogen-skola-barnomsorg\\\/#primaryimage\"},\"image\":{\"@id\":\"https:\\\/\\\/wp.kristdemokraterna.se\\\/habo\\\/kd-dialogen-skola-barnomsorg\\\/#primaryimage\"},\"thumbnailUrl\":\"http:\\\/\\\/wp.kristdemokraterna.se\\\/habo\\\/files\\\/2018\\\/02\\\/kd_180212-skola-540x274.jpg\",\"datePublished\":\"2018-02-12T16:12:17+00:00\",\"dateModified\":\"2018-02-12T16:14:31+00:00\",\"author\":{\"@id\":\"https:\\\/\\\/wp.kristdemokraterna.se\\\/habo\\\/#\\\/schema\\\/person\\\/14d868c2b996179ce41f5e75e961672f\"},\"breadcrumb\":{\"@id\":\"https:\\\/\\\/wp.kristdemokraterna.se\\\/habo\\\/kd-dialogen-skola-barnomsorg\\\/#breadcrumb\"},\"inLanguage\":\"sv-SE\",\"potentialAction\":[{\"@type\":\"ReadAction\",\"target\":[\"https:\\\/\\\/wp.kristdemokraterna.se\\\/habo\\\/kd-dialogen-skola-barnomsorg\\\/\"]}]},{\"@type\":\"ImageObject\",\"inLanguage\":\"sv-SE\",\"@id\":\"https:\\\/\\\/wp.kristdemokraterna.se\\\/habo\\\/kd-dialogen-skola-barnomsorg\\\/#primaryimage\",\"url\":\"https:\\\/\\\/wp.kristdemokraterna.se\\\/habo\\\/files\\\/2018\\\/02\\\/kd_180212-skola.jpg\",\"contentUrl\":\"https:\\\/\\\/wp.kristdemokraterna.se\\\/habo\\\/files\\\/2018\\\/02\\\/kd_180212-skola.jpg\",\"width\":1117,\"height\":567},{\"@type\":\"BreadcrumbList\",\"@id\":\"https:\\\/\\\/wp.kristdemokraterna.se\\\/habo\\\/kd-dialogen-skola-barnomsorg\\\/#breadcrumb\",\"itemListElement\":[{\"@type\":\"ListItem\",\"position\":1,\"name\":\"Hem\",\"item\":\"https:\\\/\\\/wp.kristdemokraterna.se\\\/habo\\\/\"},{\"@type\":\"ListItem\",\"position\":2,\"name\":\"KD-Dialogen skola &#8211; barnomsorg\"}]},{\"@type\":\"WebSite\",\"@id\":\"https:\\\/\\\/wp.kristdemokraterna.se\\\/habo\\\/#website\",\"url\":\"https:\\\/\\\/wp.kristdemokraterna.se\\\/habo\\\/\",\"name\":\"V\u00e4lkommen till KD i Habo\",\"description\":\"Politiken ska st\u00f6dja och ge f\u00f6ruts\u00e4ttningar\",\"inLanguage\":\"sv-SE\"},{\"@type\":\"Person\",\"@id\":\"https:\\\/\\\/wp.kristdemokraterna.se\\\/habo\\\/#\\\/schema\\\/person\\\/14d868c2b996179ce41f5e75e961672f\",\"name\":\"habo\",\"image\":{\"@type\":\"ImageObject\",\"inLanguage\":\"sv-SE\",\"@id\":\"https:\\\/\\\/secure.gravatar.com\\\/avatar\\\/dd061c12227ea8e61f3c2fbb4ffe1ea27da3da69fdf892557ac2ff369959d9f4?s=96&r=g\",\"url\":\"https:\\\/\\\/secure.gravatar.com\\\/avatar\\\/dd061c12227ea8e61f3c2fbb4ffe1ea27da3da69fdf892557ac2ff369959d9f4?s=96&r=g\",\"contentUrl\":\"https:\\\/\\\/secure.gravatar.com\\\/avatar\\\/dd061c12227ea8e61f3c2fbb4ffe1ea27da3da69fdf892557ac2ff369959d9f4?s=96&r=g\",\"caption\":\"habo\"},\"url\":\"https:\\\/\\\/wp.kristdemokraterna.se\\\/habo\\\/author\\\/habo\\\/\"}]}<\/script>\n<!-- \/ Yoast SEO plugin. -->","yoast_head_json":{"title":"KD-Dialogen skola - barnomsorg - V\u00e4lkommen till KD i Habo","robots":{"index":"index","follow":"follow","max-snippet":"max-snippet:-1","max-image-preview":"max-image-preview:large","max-video-preview":"max-video-preview:-1"},"canonical":"https:\/\/wp.kristdemokraterna.se\/habo\/kd-dialogen-skola-barnomsorg\/","og_locale":"sv_SE","og_type":"article","og_title":"KD-Dialogen skola - barnomsorg - V\u00e4lkommen till KD i Habo","og_description":"F\u00f6r\u00e4ldrar, mor- och farf\u00f6r\u00e4ldrar, pedagog eller bara nyfiken. P\u00e5 tisdag 20\/2 kl. 18.30 i Smyrnakyrkan Habo. Du \u00e4r V\u00e4lkommen och diskutera skola och barnomsorg med oss Du f\u00e5r ocks\u00e5 tr\u00e4ffa Annika Eclund som \u00e4r KD:s representant i riksdagens utbildningsutskott. V\u00e4lkommen! &nbsp;","og_url":"https:\/\/wp.kristdemokraterna.se\/habo\/kd-dialogen-skola-barnomsorg\/","og_site_name":"V\u00e4lkommen till KD i Habo","article_published_time":"2018-02-12T16:12:17+00:00","article_modified_time":"2018-02-12T16:14:31+00:00","og_image":[{"url":"http:\/\/wp.kristdemokraterna.se\/habo\/files\/2018\/02\/kd_180212-skola-540x274.jpg","type":"","width":"","height":""}],"author":"habo","twitter_card":"summary_large_image","twitter_misc":{"Skriven av":"habo"},"schema":{"@context":"https:\/\/schema.org","@graph":[{"@type":"Article","@id":"https:\/\/wp.kristdemokraterna.se\/habo\/kd-dialogen-skola-barnomsorg\/#article","isPartOf":{"@id":"https:\/\/wp.kristdemokraterna.se\/habo\/kd-dialogen-skola-barnomsorg\/"},"author":{"name":"habo","@id":"https:\/\/wp.kristdemokraterna.se\/habo\/#\/schema\/person\/14d868c2b996179ce41f5e75e961672f"},"headline":"KD-Dialogen skola &#8211; barnomsorg","datePublished":"2018-02-12T16:12:17+00:00","dateModified":"2018-02-12T16:14:31+00:00","mainEntityOfPage":{"@id":"https:\/\/wp.kristdemokraterna.se\/habo\/kd-dialogen-skola-barnomsorg\/"},"wordCount":52,"image":{"@id":"https:\/\/wp.kristdemokraterna.se\/habo\/kd-dialogen-skola-barnomsorg\/#primaryimage"},"thumbnailUrl":"http:\/\/wp.kristdemokraterna.se\/habo\/files\/2018\/02\/kd_180212-skola-540x274.jpg","articleSection":["Senaste Nytt"],"inLanguage":"sv-SE"},{"@type":"WebPage","@id":"https:\/\/wp.kristdemokraterna.se\/habo\/kd-dialogen-skola-barnomsorg\/","url":"https:\/\/wp.kristdemokraterna.se\/habo\/kd-dialogen-skola-barnomsorg\/","name":"KD-Dialogen skola - barnomsorg - V\u00e4lkommen till KD i Habo","isPartOf":{"@id":"https:\/\/wp.kristdemokraterna.se\/habo\/#website"},"primaryImageOfPage":{"@id":"https:\/\/wp.kristdemokraterna.se\/habo\/kd-dialogen-skola-barnomsorg\/#primaryimage"},"image":{"@id":"https:\/\/wp.kristdemokraterna.se\/habo\/kd-dialogen-skola-barnomsorg\/#primaryimage"},"thumbnailUrl":"http:\/\/wp.kristdemokraterna.se\/habo\/files\/2018\/02\/kd_180212-skola-540x274.jpg","datePublished":"2018-02-12T16:12:17+00:00","dateModified":"2018-02-12T16:14:31+00:00","author":{"@id":"https:\/\/wp.kristdemokraterna.se\/habo\/#\/schema\/person\/14d868c2b996179ce41f5e75e961672f"},"breadcrumb":{"@id":"https:\/\/wp.kristdemokraterna.se\/habo\/kd-dialogen-skola-barnomsorg\/#breadcrumb"},"inLanguage":"sv-SE","potentialAction":[{"@type":"ReadAction","target":["https:\/\/wp.kristdemokraterna.se\/habo\/kd-dialogen-skola-barnomsorg\/"]}]},{"@type":"ImageObject","inLanguage":"sv-SE","@id":"https:\/\/wp.kristdemokraterna.se\/habo\/kd-dialogen-skola-barnomsorg\/#primaryimage","url":"https:\/\/wp.kristdemokraterna.se\/habo\/files\/2018\/02\/kd_180212-skola.jpg","contentUrl":"https:\/\/wp.kristdemokraterna.se\/habo\/files\/2018\/02\/kd_180212-skola.jpg","width":1117,"height":567},{"@type":"BreadcrumbList","@id":"https:\/\/wp.kristdemokraterna.se\/habo\/kd-dialogen-skola-barnomsorg\/#breadcrumb","itemListElement":[{"@type":"ListItem","position":1,"name":"Hem","item":"https:\/\/wp.kristdemokraterna.se\/habo\/"},{"@type":"ListItem","position":2,"name":"KD-Dialogen skola &#8211; barnomsorg"}]},{"@type":"WebSite","@id":"https:\/\/wp.kristdemokraterna.se\/habo\/#website","url":"https:\/\/wp.kristdemokraterna.se\/habo\/","name":"V\u00e4lkommen till KD i Habo","description":"Politiken ska st\u00f6dja och ge f\u00f6ruts\u00e4ttningar","inLanguage":"sv-SE"},{"@type":"Person","@id":"https:\/\/wp.kristdemokraterna.se\/habo\/#\/schema\/person\/14d868c2b996179ce41f5e75e961672f","name":"habo","image":{"@type":"ImageObject","inLanguage":"sv-SE","@id":"https:\/\/secure.gravatar.com\/avatar\/dd061c12227ea8e61f3c2fbb4ffe1ea27da3da69fdf892557ac2ff369959d9f4?s=96&r=g","url":"https:\/\/secure.gravatar.com\/avatar\/dd061c12227ea8e61f3c2fbb4ffe1ea27da3da69fdf892557ac2ff369959d9f4?s=96&r=g","contentUrl":"https:\/\/secure.gravatar.com\/avatar\/dd061c12227ea8e61f3c2fbb4ffe1ea27da3da69fdf892557ac2ff369959d9f4?s=96&r=g","caption":"habo"},"url":"https:\/\/wp.kristdemokraterna.se\/habo\/author\/habo\/"}]}},"_links":{"self":[{"href":"https:\/\/wp.kristdemokraterna.se\/habo\/wp-json\/wp\/v2\/posts\/1432","targetHints":{"allow":["GET"]}}],"collection":[{"href":"https:\/\/wp.kristdemokraterna.se\/habo\/wp-json\/wp\/v2\/posts"}],"about":[{"href":"https:\/\/wp.kristdemokraterna.se\/habo\/wp-json\/wp\/v2\/types\/post"}],"author":[{"embeddable":true,"href":"https:\/\/wp.kristdemokraterna.se\/habo\/wp-json\/wp\/v2\/users\/402"}],"replies":[{"embeddable":true,"href":"https:\/\/wp.kristdemokraterna.se\/habo\/wp-json\/wp\/v2\/comments?post=1432"}],"version-history":[{"count":1,"href":"https:\/\/wp.kristdemokraterna.se\/habo\/wp-json\/wp\/v2\/posts\/1432\/revisions"}],"predecessor-version":[{"id":1434,"href":"https:\/\/wp.kristdemokraterna.se\/habo\/wp-json\/wp\/v2\/posts\/1432\/revisions\/1434"}],"wp:attachment":[{"href":"https:\/\/wp.kristdemokraterna.se\/habo\/wp-json\/wp\/v2\/media?parent=1432"}],"wp:term":[{"taxonomy":"category","embeddable":true,"href":"https:\/\/wp.kristdemokraterna.se\/habo\/wp-json\/wp\/v2\/categories?post=1432"},{"taxonomy":"post_tag","embeddable":true,"href":"https:\/\/wp.kristdemokraterna.se\/habo\/wp-json\/wp\/v2\/tags?post=1432"}],"curies":[{"name":"wp","href":"https:\/\/api.w.org\/{rel}","templated":true}]}}