{"id":1665,"date":"2018-10-22T19:54:19","date_gmt":"2018-10-22T17:54:19","guid":{"rendered":"http:\/\/wp.kristdemokraterna.se\/habo\/?p=1665"},"modified":"2018-10-29T13:00:27","modified_gmt":"2018-10-29T12:00:27","slug":"kristdemokrater-i-kf","status":"publish","type":"post","link":"https:\/\/wp.kristdemokraterna.se\/habo\/kristdemokrater-i-kf\/","title":{"rendered":"Kristdemokrater i KF"},"content":{"rendered":"<p style=\"text-align: left\"><img loading=\"lazy\" decoding=\"async\" class=\"alignnone size-large wp-image-1666\" src=\"http:\/\/wp.kristdemokraterna.se\/habo\/files\/2018\/10\/31265205_768050230072443_5155989556016709632_o-540x144.jpg\" alt=\"\" width=\"540\" height=\"144\" srcset=\"https:\/\/wp.kristdemokraterna.se\/habo\/files\/2018\/10\/31265205_768050230072443_5155989556016709632_o-540x144.jpg 540w, https:\/\/wp.kristdemokraterna.se\/habo\/files\/2018\/10\/31265205_768050230072443_5155989556016709632_o-300x80.jpg 300w, https:\/\/wp.kristdemokraterna.se\/habo\/files\/2018\/10\/31265205_768050230072443_5155989556016709632_o-768x205.jpg 768w, https:\/\/wp.kristdemokraterna.se\/habo\/files\/2018\/10\/31265205_768050230072443_5155989556016709632_o-370x99.jpg 370w, https:\/\/wp.kristdemokraterna.se\/habo\/files\/2018\/10\/31265205_768050230072443_5155989556016709632_o-770x206.jpg 770w, https:\/\/wp.kristdemokraterna.se\/habo\/files\/2018\/10\/31265205_768050230072443_5155989556016709632_o-450x120.jpg 450w, https:\/\/wp.kristdemokraterna.se\/habo\/files\/2018\/10\/31265205_768050230072443_5155989556016709632_o-280x75.jpg 280w, https:\/\/wp.kristdemokraterna.se\/habo\/files\/2018\/10\/31265205_768050230072443_5155989556016709632_o-340x91.jpg 340w, https:\/\/wp.kristdemokraterna.se\/habo\/files\/2018\/10\/31265205_768050230072443_5155989556016709632_o-200x53.jpg 200w, https:\/\/wp.kristdemokraterna.se\/habo\/files\/2018\/10\/31265205_768050230072443_5155989556016709632_o-210x56.jpg 210w, https:\/\/wp.kristdemokraterna.se\/habo\/files\/2018\/10\/31265205_768050230072443_5155989556016709632_o.jpg 1000w\" sizes=\"auto, (max-width: 540px) 100vw, 540px\" \/><\/p>\n<p>KD\u00a0ledam\u00f6ter i Kommunfullm\u00e4ktige 2018-2022<br \/>\nHans Jarstig, Marie Lindholm, Maria Alfredsson,<br \/>\nJon Harald Jonsson, Jan Lenhammar \u00e4r 2.v.ordf. i Kommunfullm\u00e4ktige<\/p>\n","protected":false},"excerpt":{"rendered":"<p>KD\u00a0ledam\u00f6ter i Kommunfullm\u00e4ktige 2018-2022 Hans Jarstig, Marie Lindholm, Maria Alfredsson, Jon Harald Jonsson, Jan Lenhammar \u00e4r 2.v.ordf. i Kommunfullm\u00e4ktige<\/p>\n","protected":false},"author":402,"featured_media":0,"comment_status":"closed","ping_status":"closed","sticky":false,"template":"","format":"standard","meta":{"_acf_changed":false,"footnotes":""},"categories":[1],"tags":[],"class_list":["post-1665","post","type-post","status-publish","format-standard","hentry","category-inget"],"acf":[],"yoast_head":"<!-- This site is optimized with the Yoast SEO plugin v27.4 - https:\/\/yoast.com\/product\/yoast-seo-wordpress\/ -->\n<title>Kristdemokrater i KF - V\u00e4lkommen till KD i Habo<\/title>\n<meta name=\"robots\" content=\"index, follow, max-snippet:-1, max-image-preview:large, max-video-preview:-1\" \/>\n<link rel=\"canonical\" href=\"https:\/\/wp.kristdemokraterna.se\/habo\/kristdemokrater-i-kf\/\" \/>\n<meta property=\"og:locale\" content=\"sv_SE\" \/>\n<meta property=\"og:type\" content=\"article\" \/>\n<meta property=\"og:title\" content=\"Kristdemokrater i KF - V\u00e4lkommen till KD i Habo\" \/>\n<meta property=\"og:description\" content=\"KD\u00a0ledam\u00f6ter i Kommunfullm\u00e4ktige 2018-2022 Hans Jarstig, Marie Lindholm, Maria Alfredsson, Jon Harald Jonsson, Jan Lenhammar \u00e4r 2.v.ordf. i Kommunfullm\u00e4ktige\" \/>\n<meta property=\"og:url\" content=\"https:\/\/wp.kristdemokraterna.se\/habo\/kristdemokrater-i-kf\/\" \/>\n<meta property=\"og:site_name\" content=\"V\u00e4lkommen till KD i Habo\" \/>\n<meta property=\"article:published_time\" content=\"2018-10-22T17:54:19+00:00\" \/>\n<meta property=\"article:modified_time\" content=\"2018-10-29T12:00:27+00:00\" \/>\n<meta property=\"og:image\" content=\"http:\/\/wp.kristdemokraterna.se\/habo\/files\/2018\/10\/31265205_768050230072443_5155989556016709632_o-540x144.jpg\" \/>\n<meta name=\"author\" content=\"habo\" \/>\n<meta name=\"twitter:card\" content=\"summary_large_image\" \/>\n<meta name=\"twitter:label1\" content=\"Skriven av\" \/>\n\t<meta name=\"twitter:data1\" content=\"habo\" \/>\n<script type=\"application\/ld+json\" class=\"yoast-schema-graph\">{\"@context\":\"https:\\\/\\\/schema.org\",\"@graph\":[{\"@type\":\"Article\",\"@id\":\"https:\\\/\\\/wp.kristdemokraterna.se\\\/habo\\\/kristdemokrater-i-kf\\\/#article\",\"isPartOf\":{\"@id\":\"https:\\\/\\\/wp.kristdemokraterna.se\\\/habo\\\/kristdemokrater-i-kf\\\/\"},\"author\":{\"name\":\"habo\",\"@id\":\"https:\\\/\\\/wp.kristdemokraterna.se\\\/habo\\\/#\\\/schema\\\/person\\\/14d868c2b996179ce41f5e75e961672f\"},\"headline\":\"Kristdemokrater i KF\",\"datePublished\":\"2018-10-22T17:54:19+00:00\",\"dateModified\":\"2018-10-29T12:00:27+00:00\",\"mainEntityOfPage\":{\"@id\":\"https:\\\/\\\/wp.kristdemokraterna.se\\\/habo\\\/kristdemokrater-i-kf\\\/\"},\"wordCount\":27,\"image\":{\"@id\":\"https:\\\/\\\/wp.kristdemokraterna.se\\\/habo\\\/kristdemokrater-i-kf\\\/#primaryimage\"},\"thumbnailUrl\":\"http:\\\/\\\/wp.kristdemokraterna.se\\\/habo\\\/files\\\/2018\\\/10\\\/31265205_768050230072443_5155989556016709632_o-540x144.jpg\",\"articleSection\":[\"Senaste Nytt\"],\"inLanguage\":\"sv-SE\"},{\"@type\":\"WebPage\",\"@id\":\"https:\\\/\\\/wp.kristdemokraterna.se\\\/habo\\\/kristdemokrater-i-kf\\\/\",\"url\":\"https:\\\/\\\/wp.kristdemokraterna.se\\\/habo\\\/kristdemokrater-i-kf\\\/\",\"name\":\"Kristdemokrater i KF - V\u00e4lkommen till KD i Habo\",\"isPartOf\":{\"@id\":\"https:\\\/\\\/wp.kristdemokraterna.se\\\/habo\\\/#website\"},\"primaryImageOfPage\":{\"@id\":\"https:\\\/\\\/wp.kristdemokraterna.se\\\/habo\\\/kristdemokrater-i-kf\\\/#primaryimage\"},\"image\":{\"@id\":\"https:\\\/\\\/wp.kristdemokraterna.se\\\/habo\\\/kristdemokrater-i-kf\\\/#primaryimage\"},\"thumbnailUrl\":\"http:\\\/\\\/wp.kristdemokraterna.se\\\/habo\\\/files\\\/2018\\\/10\\\/31265205_768050230072443_5155989556016709632_o-540x144.jpg\",\"datePublished\":\"2018-10-22T17:54:19+00:00\",\"dateModified\":\"2018-10-29T12:00:27+00:00\",\"author\":{\"@id\":\"https:\\\/\\\/wp.kristdemokraterna.se\\\/habo\\\/#\\\/schema\\\/person\\\/14d868c2b996179ce41f5e75e961672f\"},\"breadcrumb\":{\"@id\":\"https:\\\/\\\/wp.kristdemokraterna.se\\\/habo\\\/kristdemokrater-i-kf\\\/#breadcrumb\"},\"inLanguage\":\"sv-SE\",\"potentialAction\":[{\"@type\":\"ReadAction\",\"target\":[\"https:\\\/\\\/wp.kristdemokraterna.se\\\/habo\\\/kristdemokrater-i-kf\\\/\"]}]},{\"@type\":\"ImageObject\",\"inLanguage\":\"sv-SE\",\"@id\":\"https:\\\/\\\/wp.kristdemokraterna.se\\\/habo\\\/kristdemokrater-i-kf\\\/#primaryimage\",\"url\":\"https:\\\/\\\/wp.kristdemokraterna.se\\\/habo\\\/files\\\/2018\\\/10\\\/31265205_768050230072443_5155989556016709632_o.jpg\",\"contentUrl\":\"https:\\\/\\\/wp.kristdemokraterna.se\\\/habo\\\/files\\\/2018\\\/10\\\/31265205_768050230072443_5155989556016709632_o.jpg\",\"width\":1000,\"height\":267},{\"@type\":\"BreadcrumbList\",\"@id\":\"https:\\\/\\\/wp.kristdemokraterna.se\\\/habo\\\/kristdemokrater-i-kf\\\/#breadcrumb\",\"itemListElement\":[{\"@type\":\"ListItem\",\"position\":1,\"name\":\"Hem\",\"item\":\"https:\\\/\\\/wp.kristdemokraterna.se\\\/habo\\\/\"},{\"@type\":\"ListItem\",\"position\":2,\"name\":\"Kristdemokrater i KF\"}]},{\"@type\":\"WebSite\",\"@id\":\"https:\\\/\\\/wp.kristdemokraterna.se\\\/habo\\\/#website\",\"url\":\"https:\\\/\\\/wp.kristdemokraterna.se\\\/habo\\\/\",\"name\":\"V\u00e4lkommen till KD i Habo\",\"description\":\"Politiken ska st\u00f6dja och ge f\u00f6ruts\u00e4ttningar\",\"inLanguage\":\"sv-SE\"},{\"@type\":\"Person\",\"@id\":\"https:\\\/\\\/wp.kristdemokraterna.se\\\/habo\\\/#\\\/schema\\\/person\\\/14d868c2b996179ce41f5e75e961672f\",\"name\":\"habo\",\"image\":{\"@type\":\"ImageObject\",\"inLanguage\":\"sv-SE\",\"@id\":\"https:\\\/\\\/secure.gravatar.com\\\/avatar\\\/dd061c12227ea8e61f3c2fbb4ffe1ea27da3da69fdf892557ac2ff369959d9f4?s=96&r=g\",\"url\":\"https:\\\/\\\/secure.gravatar.com\\\/avatar\\\/dd061c12227ea8e61f3c2fbb4ffe1ea27da3da69fdf892557ac2ff369959d9f4?s=96&r=g\",\"contentUrl\":\"https:\\\/\\\/secure.gravatar.com\\\/avatar\\\/dd061c12227ea8e61f3c2fbb4ffe1ea27da3da69fdf892557ac2ff369959d9f4?s=96&r=g\",\"caption\":\"habo\"},\"url\":\"https:\\\/\\\/wp.kristdemokraterna.se\\\/habo\\\/author\\\/habo\\\/\"}]}<\/script>\n<!-- \/ Yoast SEO plugin. -->","yoast_head_json":{"title":"Kristdemokrater i KF - V\u00e4lkommen till KD i Habo","robots":{"index":"index","follow":"follow","max-snippet":"max-snippet:-1","max-image-preview":"max-image-preview:large","max-video-preview":"max-video-preview:-1"},"canonical":"https:\/\/wp.kristdemokraterna.se\/habo\/kristdemokrater-i-kf\/","og_locale":"sv_SE","og_type":"article","og_title":"Kristdemokrater i KF - V\u00e4lkommen till KD i Habo","og_description":"KD\u00a0ledam\u00f6ter i Kommunfullm\u00e4ktige 2018-2022 Hans Jarstig, Marie Lindholm, Maria Alfredsson, Jon Harald Jonsson, Jan Lenhammar \u00e4r 2.v.ordf. i Kommunfullm\u00e4ktige","og_url":"https:\/\/wp.kristdemokraterna.se\/habo\/kristdemokrater-i-kf\/","og_site_name":"V\u00e4lkommen till KD i Habo","article_published_time":"2018-10-22T17:54:19+00:00","article_modified_time":"2018-10-29T12:00:27+00:00","og_image":[{"url":"http:\/\/wp.kristdemokraterna.se\/habo\/files\/2018\/10\/31265205_768050230072443_5155989556016709632_o-540x144.jpg","type":"","width":"","height":""}],"author":"habo","twitter_card":"summary_large_image","twitter_misc":{"Skriven av":"habo"},"schema":{"@context":"https:\/\/schema.org","@graph":[{"@type":"Article","@id":"https:\/\/wp.kristdemokraterna.se\/habo\/kristdemokrater-i-kf\/#article","isPartOf":{"@id":"https:\/\/wp.kristdemokraterna.se\/habo\/kristdemokrater-i-kf\/"},"author":{"name":"habo","@id":"https:\/\/wp.kristdemokraterna.se\/habo\/#\/schema\/person\/14d868c2b996179ce41f5e75e961672f"},"headline":"Kristdemokrater i KF","datePublished":"2018-10-22T17:54:19+00:00","dateModified":"2018-10-29T12:00:27+00:00","mainEntityOfPage":{"@id":"https:\/\/wp.kristdemokraterna.se\/habo\/kristdemokrater-i-kf\/"},"wordCount":27,"image":{"@id":"https:\/\/wp.kristdemokraterna.se\/habo\/kristdemokrater-i-kf\/#primaryimage"},"thumbnailUrl":"http:\/\/wp.kristdemokraterna.se\/habo\/files\/2018\/10\/31265205_768050230072443_5155989556016709632_o-540x144.jpg","articleSection":["Senaste Nytt"],"inLanguage":"sv-SE"},{"@type":"WebPage","@id":"https:\/\/wp.kristdemokraterna.se\/habo\/kristdemokrater-i-kf\/","url":"https:\/\/wp.kristdemokraterna.se\/habo\/kristdemokrater-i-kf\/","name":"Kristdemokrater i KF - V\u00e4lkommen till KD i Habo","isPartOf":{"@id":"https:\/\/wp.kristdemokraterna.se\/habo\/#website"},"primaryImageOfPage":{"@id":"https:\/\/wp.kristdemokraterna.se\/habo\/kristdemokrater-i-kf\/#primaryimage"},"image":{"@id":"https:\/\/wp.kristdemokraterna.se\/habo\/kristdemokrater-i-kf\/#primaryimage"},"thumbnailUrl":"http:\/\/wp.kristdemokraterna.se\/habo\/files\/2018\/10\/31265205_768050230072443_5155989556016709632_o-540x144.jpg","datePublished":"2018-10-22T17:54:19+00:00","dateModified":"2018-10-29T12:00:27+00:00","author":{"@id":"https:\/\/wp.kristdemokraterna.se\/habo\/#\/schema\/person\/14d868c2b996179ce41f5e75e961672f"},"breadcrumb":{"@id":"https:\/\/wp.kristdemokraterna.se\/habo\/kristdemokrater-i-kf\/#breadcrumb"},"inLanguage":"sv-SE","potentialAction":[{"@type":"ReadAction","target":["https:\/\/wp.kristdemokraterna.se\/habo\/kristdemokrater-i-kf\/"]}]},{"@type":"ImageObject","inLanguage":"sv-SE","@id":"https:\/\/wp.kristdemokraterna.se\/habo\/kristdemokrater-i-kf\/#primaryimage","url":"https:\/\/wp.kristdemokraterna.se\/habo\/files\/2018\/10\/31265205_768050230072443_5155989556016709632_o.jpg","contentUrl":"https:\/\/wp.kristdemokraterna.se\/habo\/files\/2018\/10\/31265205_768050230072443_5155989556016709632_o.jpg","width":1000,"height":267},{"@type":"BreadcrumbList","@id":"https:\/\/wp.kristdemokraterna.se\/habo\/kristdemokrater-i-kf\/#breadcrumb","itemListElement":[{"@type":"ListItem","position":1,"name":"Hem","item":"https:\/\/wp.kristdemokraterna.se\/habo\/"},{"@type":"ListItem","position":2,"name":"Kristdemokrater i KF"}]},{"@type":"WebSite","@id":"https:\/\/wp.kristdemokraterna.se\/habo\/#website","url":"https:\/\/wp.kristdemokraterna.se\/habo\/","name":"V\u00e4lkommen till KD i Habo","description":"Politiken ska st\u00f6dja och ge f\u00f6ruts\u00e4ttningar","inLanguage":"sv-SE"},{"@type":"Person","@id":"https:\/\/wp.kristdemokraterna.se\/habo\/#\/schema\/person\/14d868c2b996179ce41f5e75e961672f","name":"habo","image":{"@type":"ImageObject","inLanguage":"sv-SE","@id":"https:\/\/secure.gravatar.com\/avatar\/dd061c12227ea8e61f3c2fbb4ffe1ea27da3da69fdf892557ac2ff369959d9f4?s=96&r=g","url":"https:\/\/secure.gravatar.com\/avatar\/dd061c12227ea8e61f3c2fbb4ffe1ea27da3da69fdf892557ac2ff369959d9f4?s=96&r=g","contentUrl":"https:\/\/secure.gravatar.com\/avatar\/dd061c12227ea8e61f3c2fbb4ffe1ea27da3da69fdf892557ac2ff369959d9f4?s=96&r=g","caption":"habo"},"url":"https:\/\/wp.kristdemokraterna.se\/habo\/author\/habo\/"}]}},"_links":{"self":[{"href":"https:\/\/wp.kristdemokraterna.se\/habo\/wp-json\/wp\/v2\/posts\/1665","targetHints":{"allow":["GET"]}}],"collection":[{"href":"https:\/\/wp.kristdemokraterna.se\/habo\/wp-json\/wp\/v2\/posts"}],"about":[{"href":"https:\/\/wp.kristdemokraterna.se\/habo\/wp-json\/wp\/v2\/types\/post"}],"author":[{"embeddable":true,"href":"https:\/\/wp.kristdemokraterna.se\/habo\/wp-json\/wp\/v2\/users\/402"}],"replies":[{"embeddable":true,"href":"https:\/\/wp.kristdemokraterna.se\/habo\/wp-json\/wp\/v2\/comments?post=1665"}],"version-history":[{"count":3,"href":"https:\/\/wp.kristdemokraterna.se\/habo\/wp-json\/wp\/v2\/posts\/1665\/revisions"}],"predecessor-version":[{"id":1691,"href":"https:\/\/wp.kristdemokraterna.se\/habo\/wp-json\/wp\/v2\/posts\/1665\/revisions\/1691"}],"wp:attachment":[{"href":"https:\/\/wp.kristdemokraterna.se\/habo\/wp-json\/wp\/v2\/media?parent=1665"}],"wp:term":[{"taxonomy":"category","embeddable":true,"href":"https:\/\/wp.kristdemokraterna.se\/habo\/wp-json\/wp\/v2\/categories?post=1665"},{"taxonomy":"post_tag","embeddable":true,"href":"https:\/\/wp.kristdemokraterna.se\/habo\/wp-json\/wp\/v2\/tags?post=1665"}],"curies":[{"name":"wp","href":"https:\/\/api.w.org\/{rel}","templated":true}]}}