{"id":1834,"date":"2020-01-19T11:45:23","date_gmt":"2020-01-19T10:45:23","guid":{"rendered":"http:\/\/wp.kristdemokraterna.se\/habo\/?p=1834"},"modified":"2020-02-02T18:58:08","modified_gmt":"2020-02-02T17:58:08","slug":"arsmote-17-februari","status":"publish","type":"post","link":"https:\/\/wp.kristdemokraterna.se\/habo\/arsmote-17-februari\/","title":{"rendered":"\u00c5rsm\u00f6te 17 februari"},"content":{"rendered":"<p><img loading=\"lazy\" decoding=\"async\" class=\"size-full wp-image-1836 alignleft\" src=\"http:\/\/wp.kristdemokraterna.se\/habo\/files\/2020\/01\/acko.png\" alt=\"\" width=\"183\" height=\"275\" srcset=\"https:\/\/wp.kristdemokraterna.se\/habo\/files\/2020\/01\/acko.png 183w, https:\/\/wp.kristdemokraterna.se\/habo\/files\/2020\/01\/acko-75x112.png 75w\" sizes=\"auto, (max-width: 183px) 100vw, 183px\" \/>Kristdemokraterna i Habo har \u00e5rsm\u00f6te 17 feb. kl. 18.00<br \/>\nRiksdagsledamot Acko Ankarberg Johansson kommer att bes\u00f6ka flera verksamheter inom sociala omr\u00e5den tillsammans med Hans Jarstig kommunalr\u00e5d. Acko \u00e4r ordf.i socialutskottet.i riksdagen och kommer ocks\u00e5 att medverka vid \u00e5rsm\u00f6tet.<br \/>\n\u00c5rsm\u00f6tet \u00e4r f\u00f6rlagt till Dream logistics Habo som \u00e4r ett framg\u00e5ngsrikt och snabbv\u00e4xande f\u00f6retag i Habo.<\/p>\n","protected":false},"excerpt":{"rendered":"<p>Kristdemokraterna i Habo har \u00e5rsm\u00f6te 17 feb. kl. 18.00 Riksdagsledamot Acko Ankarberg Johansson kommer att bes\u00f6ka flera verksamheter inom sociala omr\u00e5den tillsammans med Hans Jarstig kommunalr\u00e5d. Acko \u00e4r ordf.i socialutskottet.i riksdagen och kommer ocks\u00e5 att medverka vid \u00e5rsm\u00f6tet. \u00c5rsm\u00f6tet \u00e4r f\u00f6rlagt till Dream logistics Habo som \u00e4r ett framg\u00e5ngsrikt och snabbv\u00e4xande f\u00f6retag i Habo.<\/p>\n","protected":false},"author":402,"featured_media":0,"comment_status":"closed","ping_status":"closed","sticky":false,"template":"","format":"standard","meta":{"_acf_changed":false,"footnotes":""},"categories":[1],"tags":[],"class_list":["post-1834","post","type-post","status-publish","format-standard","hentry","category-inget"],"acf":[],"yoast_head":"<!-- This site is optimized with the Yoast SEO plugin v27.4 - https:\/\/yoast.com\/product\/yoast-seo-wordpress\/ -->\n<title>\u00c5rsm\u00f6te 17 februari - V\u00e4lkommen till KD i Habo<\/title>\n<meta name=\"robots\" content=\"index, follow, max-snippet:-1, max-image-preview:large, max-video-preview:-1\" \/>\n<link rel=\"canonical\" href=\"https:\/\/wp.kristdemokraterna.se\/habo\/arsmote-17-februari\/\" \/>\n<meta property=\"og:locale\" content=\"sv_SE\" \/>\n<meta property=\"og:type\" content=\"article\" \/>\n<meta property=\"og:title\" content=\"\u00c5rsm\u00f6te 17 februari - V\u00e4lkommen till KD i Habo\" \/>\n<meta property=\"og:description\" content=\"Kristdemokraterna i Habo har \u00e5rsm\u00f6te 17 feb. kl. 18.00 Riksdagsledamot Acko Ankarberg Johansson kommer att bes\u00f6ka flera verksamheter inom sociala omr\u00e5den tillsammans med Hans Jarstig kommunalr\u00e5d. Acko \u00e4r ordf.i socialutskottet.i riksdagen och kommer ocks\u00e5 att medverka vid \u00e5rsm\u00f6tet. \u00c5rsm\u00f6tet \u00e4r f\u00f6rlagt till Dream logistics Habo som \u00e4r ett framg\u00e5ngsrikt och snabbv\u00e4xande f\u00f6retag i Habo.\" \/>\n<meta property=\"og:url\" content=\"https:\/\/wp.kristdemokraterna.se\/habo\/arsmote-17-februari\/\" \/>\n<meta property=\"og:site_name\" content=\"V\u00e4lkommen till KD i Habo\" \/>\n<meta property=\"article:published_time\" content=\"2020-01-19T10:45:23+00:00\" \/>\n<meta property=\"article:modified_time\" content=\"2020-02-02T17:58:08+00:00\" \/>\n<meta property=\"og:image\" content=\"http:\/\/wp.kristdemokraterna.se\/habo\/files\/2020\/01\/acko.png\" \/>\n<meta name=\"author\" content=\"habo\" \/>\n<meta name=\"twitter:card\" content=\"summary_large_image\" \/>\n<meta name=\"twitter:label1\" content=\"Skriven av\" \/>\n\t<meta name=\"twitter:data1\" content=\"habo\" \/>\n<script type=\"application\/ld+json\" class=\"yoast-schema-graph\">{\"@context\":\"https:\\\/\\\/schema.org\",\"@graph\":[{\"@type\":\"Article\",\"@id\":\"https:\\\/\\\/wp.kristdemokraterna.se\\\/habo\\\/arsmote-17-februari\\\/#article\",\"isPartOf\":{\"@id\":\"https:\\\/\\\/wp.kristdemokraterna.se\\\/habo\\\/arsmote-17-februari\\\/\"},\"author\":{\"name\":\"habo\",\"@id\":\"https:\\\/\\\/wp.kristdemokraterna.se\\\/habo\\\/#\\\/schema\\\/person\\\/14d868c2b996179ce41f5e75e961672f\"},\"headline\":\"\u00c5rsm\u00f6te 17 februari\",\"datePublished\":\"2020-01-19T10:45:23+00:00\",\"dateModified\":\"2020-02-02T17:58:08+00:00\",\"mainEntityOfPage\":{\"@id\":\"https:\\\/\\\/wp.kristdemokraterna.se\\\/habo\\\/arsmote-17-februari\\\/\"},\"wordCount\":67,\"image\":{\"@id\":\"https:\\\/\\\/wp.kristdemokraterna.se\\\/habo\\\/arsmote-17-februari\\\/#primaryimage\"},\"thumbnailUrl\":\"http:\\\/\\\/wp.kristdemokraterna.se\\\/habo\\\/files\\\/2020\\\/01\\\/acko.png\",\"articleSection\":[\"Senaste Nytt\"],\"inLanguage\":\"sv-SE\"},{\"@type\":\"WebPage\",\"@id\":\"https:\\\/\\\/wp.kristdemokraterna.se\\\/habo\\\/arsmote-17-februari\\\/\",\"url\":\"https:\\\/\\\/wp.kristdemokraterna.se\\\/habo\\\/arsmote-17-februari\\\/\",\"name\":\"\u00c5rsm\u00f6te 17 februari - V\u00e4lkommen till KD i Habo\",\"isPartOf\":{\"@id\":\"https:\\\/\\\/wp.kristdemokraterna.se\\\/habo\\\/#website\"},\"primaryImageOfPage\":{\"@id\":\"https:\\\/\\\/wp.kristdemokraterna.se\\\/habo\\\/arsmote-17-februari\\\/#primaryimage\"},\"image\":{\"@id\":\"https:\\\/\\\/wp.kristdemokraterna.se\\\/habo\\\/arsmote-17-februari\\\/#primaryimage\"},\"thumbnailUrl\":\"http:\\\/\\\/wp.kristdemokraterna.se\\\/habo\\\/files\\\/2020\\\/01\\\/acko.png\",\"datePublished\":\"2020-01-19T10:45:23+00:00\",\"dateModified\":\"2020-02-02T17:58:08+00:00\",\"author\":{\"@id\":\"https:\\\/\\\/wp.kristdemokraterna.se\\\/habo\\\/#\\\/schema\\\/person\\\/14d868c2b996179ce41f5e75e961672f\"},\"breadcrumb\":{\"@id\":\"https:\\\/\\\/wp.kristdemokraterna.se\\\/habo\\\/arsmote-17-februari\\\/#breadcrumb\"},\"inLanguage\":\"sv-SE\",\"potentialAction\":[{\"@type\":\"ReadAction\",\"target\":[\"https:\\\/\\\/wp.kristdemokraterna.se\\\/habo\\\/arsmote-17-februari\\\/\"]}]},{\"@type\":\"ImageObject\",\"inLanguage\":\"sv-SE\",\"@id\":\"https:\\\/\\\/wp.kristdemokraterna.se\\\/habo\\\/arsmote-17-februari\\\/#primaryimage\",\"url\":\"https:\\\/\\\/wp.kristdemokraterna.se\\\/habo\\\/files\\\/2020\\\/01\\\/acko.png\",\"contentUrl\":\"https:\\\/\\\/wp.kristdemokraterna.se\\\/habo\\\/files\\\/2020\\\/01\\\/acko.png\",\"width\":183,\"height\":275},{\"@type\":\"BreadcrumbList\",\"@id\":\"https:\\\/\\\/wp.kristdemokraterna.se\\\/habo\\\/arsmote-17-februari\\\/#breadcrumb\",\"itemListElement\":[{\"@type\":\"ListItem\",\"position\":1,\"name\":\"Hem\",\"item\":\"https:\\\/\\\/wp.kristdemokraterna.se\\\/habo\\\/\"},{\"@type\":\"ListItem\",\"position\":2,\"name\":\"\u00c5rsm\u00f6te 17 februari\"}]},{\"@type\":\"WebSite\",\"@id\":\"https:\\\/\\\/wp.kristdemokraterna.se\\\/habo\\\/#website\",\"url\":\"https:\\\/\\\/wp.kristdemokraterna.se\\\/habo\\\/\",\"name\":\"V\u00e4lkommen till KD i Habo\",\"description\":\"Politiken ska st\u00f6dja och ge f\u00f6ruts\u00e4ttningar\",\"inLanguage\":\"sv-SE\"},{\"@type\":\"Person\",\"@id\":\"https:\\\/\\\/wp.kristdemokraterna.se\\\/habo\\\/#\\\/schema\\\/person\\\/14d868c2b996179ce41f5e75e961672f\",\"name\":\"habo\",\"image\":{\"@type\":\"ImageObject\",\"inLanguage\":\"sv-SE\",\"@id\":\"https:\\\/\\\/secure.gravatar.com\\\/avatar\\\/dd061c12227ea8e61f3c2fbb4ffe1ea27da3da69fdf892557ac2ff369959d9f4?s=96&r=g\",\"url\":\"https:\\\/\\\/secure.gravatar.com\\\/avatar\\\/dd061c12227ea8e61f3c2fbb4ffe1ea27da3da69fdf892557ac2ff369959d9f4?s=96&r=g\",\"contentUrl\":\"https:\\\/\\\/secure.gravatar.com\\\/avatar\\\/dd061c12227ea8e61f3c2fbb4ffe1ea27da3da69fdf892557ac2ff369959d9f4?s=96&r=g\",\"caption\":\"habo\"},\"url\":\"https:\\\/\\\/wp.kristdemokraterna.se\\\/habo\\\/author\\\/habo\\\/\"}]}<\/script>\n<!-- \/ Yoast SEO plugin. -->","yoast_head_json":{"title":"\u00c5rsm\u00f6te 17 februari - V\u00e4lkommen till KD i Habo","robots":{"index":"index","follow":"follow","max-snippet":"max-snippet:-1","max-image-preview":"max-image-preview:large","max-video-preview":"max-video-preview:-1"},"canonical":"https:\/\/wp.kristdemokraterna.se\/habo\/arsmote-17-februari\/","og_locale":"sv_SE","og_type":"article","og_title":"\u00c5rsm\u00f6te 17 februari - V\u00e4lkommen till KD i Habo","og_description":"Kristdemokraterna i Habo har \u00e5rsm\u00f6te 17 feb. kl. 18.00 Riksdagsledamot Acko Ankarberg Johansson kommer att bes\u00f6ka flera verksamheter inom sociala omr\u00e5den tillsammans med Hans Jarstig kommunalr\u00e5d. Acko \u00e4r ordf.i socialutskottet.i riksdagen och kommer ocks\u00e5 att medverka vid \u00e5rsm\u00f6tet. \u00c5rsm\u00f6tet \u00e4r f\u00f6rlagt till Dream logistics Habo som \u00e4r ett framg\u00e5ngsrikt och snabbv\u00e4xande f\u00f6retag i Habo.","og_url":"https:\/\/wp.kristdemokraterna.se\/habo\/arsmote-17-februari\/","og_site_name":"V\u00e4lkommen till KD i Habo","article_published_time":"2020-01-19T10:45:23+00:00","article_modified_time":"2020-02-02T17:58:08+00:00","og_image":[{"url":"http:\/\/wp.kristdemokraterna.se\/habo\/files\/2020\/01\/acko.png","type":"","width":"","height":""}],"author":"habo","twitter_card":"summary_large_image","twitter_misc":{"Skriven av":"habo"},"schema":{"@context":"https:\/\/schema.org","@graph":[{"@type":"Article","@id":"https:\/\/wp.kristdemokraterna.se\/habo\/arsmote-17-februari\/#article","isPartOf":{"@id":"https:\/\/wp.kristdemokraterna.se\/habo\/arsmote-17-februari\/"},"author":{"name":"habo","@id":"https:\/\/wp.kristdemokraterna.se\/habo\/#\/schema\/person\/14d868c2b996179ce41f5e75e961672f"},"headline":"\u00c5rsm\u00f6te 17 februari","datePublished":"2020-01-19T10:45:23+00:00","dateModified":"2020-02-02T17:58:08+00:00","mainEntityOfPage":{"@id":"https:\/\/wp.kristdemokraterna.se\/habo\/arsmote-17-februari\/"},"wordCount":67,"image":{"@id":"https:\/\/wp.kristdemokraterna.se\/habo\/arsmote-17-februari\/#primaryimage"},"thumbnailUrl":"http:\/\/wp.kristdemokraterna.se\/habo\/files\/2020\/01\/acko.png","articleSection":["Senaste Nytt"],"inLanguage":"sv-SE"},{"@type":"WebPage","@id":"https:\/\/wp.kristdemokraterna.se\/habo\/arsmote-17-februari\/","url":"https:\/\/wp.kristdemokraterna.se\/habo\/arsmote-17-februari\/","name":"\u00c5rsm\u00f6te 17 februari - V\u00e4lkommen till KD i Habo","isPartOf":{"@id":"https:\/\/wp.kristdemokraterna.se\/habo\/#website"},"primaryImageOfPage":{"@id":"https:\/\/wp.kristdemokraterna.se\/habo\/arsmote-17-februari\/#primaryimage"},"image":{"@id":"https:\/\/wp.kristdemokraterna.se\/habo\/arsmote-17-februari\/#primaryimage"},"thumbnailUrl":"http:\/\/wp.kristdemokraterna.se\/habo\/files\/2020\/01\/acko.png","datePublished":"2020-01-19T10:45:23+00:00","dateModified":"2020-02-02T17:58:08+00:00","author":{"@id":"https:\/\/wp.kristdemokraterna.se\/habo\/#\/schema\/person\/14d868c2b996179ce41f5e75e961672f"},"breadcrumb":{"@id":"https:\/\/wp.kristdemokraterna.se\/habo\/arsmote-17-februari\/#breadcrumb"},"inLanguage":"sv-SE","potentialAction":[{"@type":"ReadAction","target":["https:\/\/wp.kristdemokraterna.se\/habo\/arsmote-17-februari\/"]}]},{"@type":"ImageObject","inLanguage":"sv-SE","@id":"https:\/\/wp.kristdemokraterna.se\/habo\/arsmote-17-februari\/#primaryimage","url":"https:\/\/wp.kristdemokraterna.se\/habo\/files\/2020\/01\/acko.png","contentUrl":"https:\/\/wp.kristdemokraterna.se\/habo\/files\/2020\/01\/acko.png","width":183,"height":275},{"@type":"BreadcrumbList","@id":"https:\/\/wp.kristdemokraterna.se\/habo\/arsmote-17-februari\/#breadcrumb","itemListElement":[{"@type":"ListItem","position":1,"name":"Hem","item":"https:\/\/wp.kristdemokraterna.se\/habo\/"},{"@type":"ListItem","position":2,"name":"\u00c5rsm\u00f6te 17 februari"}]},{"@type":"WebSite","@id":"https:\/\/wp.kristdemokraterna.se\/habo\/#website","url":"https:\/\/wp.kristdemokraterna.se\/habo\/","name":"V\u00e4lkommen till KD i Habo","description":"Politiken ska st\u00f6dja och ge f\u00f6ruts\u00e4ttningar","inLanguage":"sv-SE"},{"@type":"Person","@id":"https:\/\/wp.kristdemokraterna.se\/habo\/#\/schema\/person\/14d868c2b996179ce41f5e75e961672f","name":"habo","image":{"@type":"ImageObject","inLanguage":"sv-SE","@id":"https:\/\/secure.gravatar.com\/avatar\/dd061c12227ea8e61f3c2fbb4ffe1ea27da3da69fdf892557ac2ff369959d9f4?s=96&r=g","url":"https:\/\/secure.gravatar.com\/avatar\/dd061c12227ea8e61f3c2fbb4ffe1ea27da3da69fdf892557ac2ff369959d9f4?s=96&r=g","contentUrl":"https:\/\/secure.gravatar.com\/avatar\/dd061c12227ea8e61f3c2fbb4ffe1ea27da3da69fdf892557ac2ff369959d9f4?s=96&r=g","caption":"habo"},"url":"https:\/\/wp.kristdemokraterna.se\/habo\/author\/habo\/"}]}},"_links":{"self":[{"href":"https:\/\/wp.kristdemokraterna.se\/habo\/wp-json\/wp\/v2\/posts\/1834","targetHints":{"allow":["GET"]}}],"collection":[{"href":"https:\/\/wp.kristdemokraterna.se\/habo\/wp-json\/wp\/v2\/posts"}],"about":[{"href":"https:\/\/wp.kristdemokraterna.se\/habo\/wp-json\/wp\/v2\/types\/post"}],"author":[{"embeddable":true,"href":"https:\/\/wp.kristdemokraterna.se\/habo\/wp-json\/wp\/v2\/users\/402"}],"replies":[{"embeddable":true,"href":"https:\/\/wp.kristdemokraterna.se\/habo\/wp-json\/wp\/v2\/comments?post=1834"}],"version-history":[{"count":5,"href":"https:\/\/wp.kristdemokraterna.se\/habo\/wp-json\/wp\/v2\/posts\/1834\/revisions"}],"predecessor-version":[{"id":1840,"href":"https:\/\/wp.kristdemokraterna.se\/habo\/wp-json\/wp\/v2\/posts\/1834\/revisions\/1840"}],"wp:attachment":[{"href":"https:\/\/wp.kristdemokraterna.se\/habo\/wp-json\/wp\/v2\/media?parent=1834"}],"wp:term":[{"taxonomy":"category","embeddable":true,"href":"https:\/\/wp.kristdemokraterna.se\/habo\/wp-json\/wp\/v2\/categories?post=1834"},{"taxonomy":"post_tag","embeddable":true,"href":"https:\/\/wp.kristdemokraterna.se\/habo\/wp-json\/wp\/v2\/tags?post=1834"}],"curies":[{"name":"wp","href":"https:\/\/api.w.org\/{rel}","templated":true}]}}