{"id":1852,"date":"2020-11-27T19:29:28","date_gmt":"2020-11-27T18:29:28","guid":{"rendered":"http:\/\/wp.kristdemokraterna.se\/habo\/?p=1852"},"modified":"2020-11-27T19:31:16","modified_gmt":"2020-11-27T18:31:16","slug":"vitsippspriset-2020","status":"publish","type":"post","link":"https:\/\/wp.kristdemokraterna.se\/habo\/vitsippspriset-2020\/","title":{"rendered":"Vitsippspriset 2020"},"content":{"rendered":"<ul>\n<li><img loading=\"lazy\" decoding=\"async\" class=\"alignnone wp-image-1856\" src=\"http:\/\/wp.kristdemokraterna.se\/habo\/files\/2020\/11\/vitsippspris-2020_diplom-1-382x540.jpg\" alt=\"\" width=\"353\" height=\"495\" \/><\/li>\n<\/ul>\n<p><span style=\"color: #050505;text-transform: none;text-indent: 0px;letter-spacing: normal;font-family: 'Segoe UI Historic', 'Segoe UI', Helvetica, Arial, sans-serif;font-size: 15px;font-style: normal;font-weight: 400;float: none;background-color: #ffffff\">Kristdemokraterna i Habo delade ut Vitsippspriset 2020 till Coronahj\u00e4lpen i Habo. V\u00e4rdiga mottagare och ett exempel p\u00e5 vad det civila samh\u00e4llet kan bidra med 2020<\/span><\/p>\n<p><img loading=\"lazy\" decoding=\"async\" class=\"alignnone size-large wp-image-1853\" src=\"http:\/\/wp.kristdemokraterna.se\/habo\/files\/2020\/11\/bild-vitsippris-2020-540x405.jpeg\" alt=\"\" width=\"540\" height=\"405\" srcset=\"https:\/\/wp.kristdemokraterna.se\/habo\/files\/2020\/11\/bild-vitsippris-2020-540x405.jpeg 540w, https:\/\/wp.kristdemokraterna.se\/habo\/files\/2020\/11\/bild-vitsippris-2020-300x225.jpeg 300w, https:\/\/wp.kristdemokraterna.se\/habo\/files\/2020\/11\/bild-vitsippris-2020-461x346.jpeg 461w, https:\/\/wp.kristdemokraterna.se\/habo\/files\/2020\/11\/bild-vitsippris-2020-149x112.jpeg 149w, https:\/\/wp.kristdemokraterna.se\/habo\/files\/2020\/11\/bild-vitsippris-2020.jpeg 640w\" sizes=\"auto, (max-width: 540px) 100vw, 540px\" \/><\/p>\n<p>&nbsp;<\/p>\n<p><img loading=\"lazy\" decoding=\"async\" class=\"alignnone size-large wp-image-1854\" src=\"http:\/\/wp.kristdemokraterna.se\/habo\/files\/2020\/11\/pris-405x540.jpg\" alt=\"\" width=\"405\" height=\"540\" srcset=\"https:\/\/wp.kristdemokraterna.se\/habo\/files\/2020\/11\/pris-405x540.jpg 405w, https:\/\/wp.kristdemokraterna.se\/habo\/files\/2020\/11\/pris-225x300.jpg 225w, https:\/\/wp.kristdemokraterna.se\/habo\/files\/2020\/11\/pris-260x346.jpg 260w, https:\/\/wp.kristdemokraterna.se\/habo\/files\/2020\/11\/pris-84x112.jpg 84w, https:\/\/wp.kristdemokraterna.se\/habo\/files\/2020\/11\/pris-rotated.jpg 480w\" sizes=\"auto, (max-width: 405px) 100vw, 405px\" \/><\/p>\n","protected":false},"excerpt":{"rendered":"<p>Kristdemokraterna i Habo delade ut Vitsippspriset 2020 till Coronahj\u00e4lpen i Habo. V\u00e4rdiga mottagare och ett exempel p\u00e5 vad det civila samh\u00e4llet kan bidra med 2020 &nbsp;<\/p>\n","protected":false},"author":402,"featured_media":0,"comment_status":"closed","ping_status":"closed","sticky":false,"template":"","format":"standard","meta":{"_acf_changed":false,"footnotes":""},"categories":[1],"tags":[],"class_list":["post-1852","post","type-post","status-publish","format-standard","hentry","category-inget"],"acf":[],"yoast_head":"<!-- This site is optimized with the Yoast SEO plugin v27.4 - https:\/\/yoast.com\/product\/yoast-seo-wordpress\/ -->\n<title>Vitsippspriset 2020 - V\u00e4lkommen till KD i Habo<\/title>\n<meta name=\"robots\" content=\"index, follow, max-snippet:-1, max-image-preview:large, max-video-preview:-1\" \/>\n<link rel=\"canonical\" href=\"https:\/\/wp.kristdemokraterna.se\/habo\/vitsippspriset-2020\/\" \/>\n<meta property=\"og:locale\" content=\"sv_SE\" \/>\n<meta property=\"og:type\" content=\"article\" \/>\n<meta property=\"og:title\" content=\"Vitsippspriset 2020 - V\u00e4lkommen till KD i Habo\" \/>\n<meta property=\"og:description\" content=\"Kristdemokraterna i Habo delade ut Vitsippspriset 2020 till Coronahj\u00e4lpen i Habo. V\u00e4rdiga mottagare och ett exempel p\u00e5 vad det civila samh\u00e4llet kan bidra med 2020 &nbsp;\" \/>\n<meta property=\"og:url\" content=\"https:\/\/wp.kristdemokraterna.se\/habo\/vitsippspriset-2020\/\" \/>\n<meta property=\"og:site_name\" content=\"V\u00e4lkommen till KD i Habo\" \/>\n<meta property=\"article:published_time\" content=\"2020-11-27T18:29:28+00:00\" \/>\n<meta property=\"article:modified_time\" content=\"2020-11-27T18:31:16+00:00\" \/>\n<meta property=\"og:image\" content=\"http:\/\/wp.kristdemokraterna.se\/habo\/files\/2020\/11\/vitsippspris-2020_diplom-1-382x540.jpg\" \/>\n<meta name=\"author\" content=\"habo\" \/>\n<meta name=\"twitter:card\" content=\"summary_large_image\" \/>\n<meta name=\"twitter:label1\" content=\"Skriven av\" \/>\n\t<meta name=\"twitter:data1\" content=\"habo\" \/>\n<script type=\"application\/ld+json\" class=\"yoast-schema-graph\">{\"@context\":\"https:\\\/\\\/schema.org\",\"@graph\":[{\"@type\":\"Article\",\"@id\":\"https:\\\/\\\/wp.kristdemokraterna.se\\\/habo\\\/vitsippspriset-2020\\\/#article\",\"isPartOf\":{\"@id\":\"https:\\\/\\\/wp.kristdemokraterna.se\\\/habo\\\/vitsippspriset-2020\\\/\"},\"author\":{\"name\":\"habo\",\"@id\":\"https:\\\/\\\/wp.kristdemokraterna.se\\\/habo\\\/#\\\/schema\\\/person\\\/14d868c2b996179ce41f5e75e961672f\"},\"headline\":\"Vitsippspriset 2020\",\"datePublished\":\"2020-11-27T18:29:28+00:00\",\"dateModified\":\"2020-11-27T18:31:16+00:00\",\"mainEntityOfPage\":{\"@id\":\"https:\\\/\\\/wp.kristdemokraterna.se\\\/habo\\\/vitsippspriset-2020\\\/\"},\"wordCount\":28,\"image\":{\"@id\":\"https:\\\/\\\/wp.kristdemokraterna.se\\\/habo\\\/vitsippspriset-2020\\\/#primaryimage\"},\"thumbnailUrl\":\"http:\\\/\\\/wp.kristdemokraterna.se\\\/habo\\\/files\\\/2020\\\/11\\\/vitsippspris-2020_diplom-1-382x540.jpg\",\"articleSection\":[\"Senaste Nytt\"],\"inLanguage\":\"sv-SE\"},{\"@type\":\"WebPage\",\"@id\":\"https:\\\/\\\/wp.kristdemokraterna.se\\\/habo\\\/vitsippspriset-2020\\\/\",\"url\":\"https:\\\/\\\/wp.kristdemokraterna.se\\\/habo\\\/vitsippspriset-2020\\\/\",\"name\":\"Vitsippspriset 2020 - V\u00e4lkommen till KD i Habo\",\"isPartOf\":{\"@id\":\"https:\\\/\\\/wp.kristdemokraterna.se\\\/habo\\\/#website\"},\"primaryImageOfPage\":{\"@id\":\"https:\\\/\\\/wp.kristdemokraterna.se\\\/habo\\\/vitsippspriset-2020\\\/#primaryimage\"},\"image\":{\"@id\":\"https:\\\/\\\/wp.kristdemokraterna.se\\\/habo\\\/vitsippspriset-2020\\\/#primaryimage\"},\"thumbnailUrl\":\"http:\\\/\\\/wp.kristdemokraterna.se\\\/habo\\\/files\\\/2020\\\/11\\\/vitsippspris-2020_diplom-1-382x540.jpg\",\"datePublished\":\"2020-11-27T18:29:28+00:00\",\"dateModified\":\"2020-11-27T18:31:16+00:00\",\"author\":{\"@id\":\"https:\\\/\\\/wp.kristdemokraterna.se\\\/habo\\\/#\\\/schema\\\/person\\\/14d868c2b996179ce41f5e75e961672f\"},\"breadcrumb\":{\"@id\":\"https:\\\/\\\/wp.kristdemokraterna.se\\\/habo\\\/vitsippspriset-2020\\\/#breadcrumb\"},\"inLanguage\":\"sv-SE\",\"potentialAction\":[{\"@type\":\"ReadAction\",\"target\":[\"https:\\\/\\\/wp.kristdemokraterna.se\\\/habo\\\/vitsippspriset-2020\\\/\"]}]},{\"@type\":\"ImageObject\",\"inLanguage\":\"sv-SE\",\"@id\":\"https:\\\/\\\/wp.kristdemokraterna.se\\\/habo\\\/vitsippspriset-2020\\\/#primaryimage\",\"url\":\"http:\\\/\\\/wp.kristdemokraterna.se\\\/habo\\\/files\\\/2020\\\/11\\\/vitsippspris-2020_diplom-1-382x540.jpg\",\"contentUrl\":\"http:\\\/\\\/wp.kristdemokraterna.se\\\/habo\\\/files\\\/2020\\\/11\\\/vitsippspris-2020_diplom-1-382x540.jpg\"},{\"@type\":\"BreadcrumbList\",\"@id\":\"https:\\\/\\\/wp.kristdemokraterna.se\\\/habo\\\/vitsippspriset-2020\\\/#breadcrumb\",\"itemListElement\":[{\"@type\":\"ListItem\",\"position\":1,\"name\":\"Hem\",\"item\":\"https:\\\/\\\/wp.kristdemokraterna.se\\\/habo\\\/\"},{\"@type\":\"ListItem\",\"position\":2,\"name\":\"Vitsippspriset 2020\"}]},{\"@type\":\"WebSite\",\"@id\":\"https:\\\/\\\/wp.kristdemokraterna.se\\\/habo\\\/#website\",\"url\":\"https:\\\/\\\/wp.kristdemokraterna.se\\\/habo\\\/\",\"name\":\"V\u00e4lkommen till KD i Habo\",\"description\":\"Politiken ska st\u00f6dja och ge f\u00f6ruts\u00e4ttningar\",\"inLanguage\":\"sv-SE\"},{\"@type\":\"Person\",\"@id\":\"https:\\\/\\\/wp.kristdemokraterna.se\\\/habo\\\/#\\\/schema\\\/person\\\/14d868c2b996179ce41f5e75e961672f\",\"name\":\"habo\",\"image\":{\"@type\":\"ImageObject\",\"inLanguage\":\"sv-SE\",\"@id\":\"https:\\\/\\\/secure.gravatar.com\\\/avatar\\\/dd061c12227ea8e61f3c2fbb4ffe1ea27da3da69fdf892557ac2ff369959d9f4?s=96&r=g\",\"url\":\"https:\\\/\\\/secure.gravatar.com\\\/avatar\\\/dd061c12227ea8e61f3c2fbb4ffe1ea27da3da69fdf892557ac2ff369959d9f4?s=96&r=g\",\"contentUrl\":\"https:\\\/\\\/secure.gravatar.com\\\/avatar\\\/dd061c12227ea8e61f3c2fbb4ffe1ea27da3da69fdf892557ac2ff369959d9f4?s=96&r=g\",\"caption\":\"habo\"},\"url\":\"https:\\\/\\\/wp.kristdemokraterna.se\\\/habo\\\/author\\\/habo\\\/\"}]}<\/script>\n<!-- \/ Yoast SEO plugin. -->","yoast_head_json":{"title":"Vitsippspriset 2020 - V\u00e4lkommen till KD i Habo","robots":{"index":"index","follow":"follow","max-snippet":"max-snippet:-1","max-image-preview":"max-image-preview:large","max-video-preview":"max-video-preview:-1"},"canonical":"https:\/\/wp.kristdemokraterna.se\/habo\/vitsippspriset-2020\/","og_locale":"sv_SE","og_type":"article","og_title":"Vitsippspriset 2020 - V\u00e4lkommen till KD i Habo","og_description":"Kristdemokraterna i Habo delade ut Vitsippspriset 2020 till Coronahj\u00e4lpen i Habo. V\u00e4rdiga mottagare och ett exempel p\u00e5 vad det civila samh\u00e4llet kan bidra med 2020 &nbsp;","og_url":"https:\/\/wp.kristdemokraterna.se\/habo\/vitsippspriset-2020\/","og_site_name":"V\u00e4lkommen till KD i Habo","article_published_time":"2020-11-27T18:29:28+00:00","article_modified_time":"2020-11-27T18:31:16+00:00","og_image":[{"url":"http:\/\/wp.kristdemokraterna.se\/habo\/files\/2020\/11\/vitsippspris-2020_diplom-1-382x540.jpg","type":"","width":"","height":""}],"author":"habo","twitter_card":"summary_large_image","twitter_misc":{"Skriven av":"habo"},"schema":{"@context":"https:\/\/schema.org","@graph":[{"@type":"Article","@id":"https:\/\/wp.kristdemokraterna.se\/habo\/vitsippspriset-2020\/#article","isPartOf":{"@id":"https:\/\/wp.kristdemokraterna.se\/habo\/vitsippspriset-2020\/"},"author":{"name":"habo","@id":"https:\/\/wp.kristdemokraterna.se\/habo\/#\/schema\/person\/14d868c2b996179ce41f5e75e961672f"},"headline":"Vitsippspriset 2020","datePublished":"2020-11-27T18:29:28+00:00","dateModified":"2020-11-27T18:31:16+00:00","mainEntityOfPage":{"@id":"https:\/\/wp.kristdemokraterna.se\/habo\/vitsippspriset-2020\/"},"wordCount":28,"image":{"@id":"https:\/\/wp.kristdemokraterna.se\/habo\/vitsippspriset-2020\/#primaryimage"},"thumbnailUrl":"http:\/\/wp.kristdemokraterna.se\/habo\/files\/2020\/11\/vitsippspris-2020_diplom-1-382x540.jpg","articleSection":["Senaste Nytt"],"inLanguage":"sv-SE"},{"@type":"WebPage","@id":"https:\/\/wp.kristdemokraterna.se\/habo\/vitsippspriset-2020\/","url":"https:\/\/wp.kristdemokraterna.se\/habo\/vitsippspriset-2020\/","name":"Vitsippspriset 2020 - V\u00e4lkommen till KD i Habo","isPartOf":{"@id":"https:\/\/wp.kristdemokraterna.se\/habo\/#website"},"primaryImageOfPage":{"@id":"https:\/\/wp.kristdemokraterna.se\/habo\/vitsippspriset-2020\/#primaryimage"},"image":{"@id":"https:\/\/wp.kristdemokraterna.se\/habo\/vitsippspriset-2020\/#primaryimage"},"thumbnailUrl":"http:\/\/wp.kristdemokraterna.se\/habo\/files\/2020\/11\/vitsippspris-2020_diplom-1-382x540.jpg","datePublished":"2020-11-27T18:29:28+00:00","dateModified":"2020-11-27T18:31:16+00:00","author":{"@id":"https:\/\/wp.kristdemokraterna.se\/habo\/#\/schema\/person\/14d868c2b996179ce41f5e75e961672f"},"breadcrumb":{"@id":"https:\/\/wp.kristdemokraterna.se\/habo\/vitsippspriset-2020\/#breadcrumb"},"inLanguage":"sv-SE","potentialAction":[{"@type":"ReadAction","target":["https:\/\/wp.kristdemokraterna.se\/habo\/vitsippspriset-2020\/"]}]},{"@type":"ImageObject","inLanguage":"sv-SE","@id":"https:\/\/wp.kristdemokraterna.se\/habo\/vitsippspriset-2020\/#primaryimage","url":"http:\/\/wp.kristdemokraterna.se\/habo\/files\/2020\/11\/vitsippspris-2020_diplom-1-382x540.jpg","contentUrl":"http:\/\/wp.kristdemokraterna.se\/habo\/files\/2020\/11\/vitsippspris-2020_diplom-1-382x540.jpg"},{"@type":"BreadcrumbList","@id":"https:\/\/wp.kristdemokraterna.se\/habo\/vitsippspriset-2020\/#breadcrumb","itemListElement":[{"@type":"ListItem","position":1,"name":"Hem","item":"https:\/\/wp.kristdemokraterna.se\/habo\/"},{"@type":"ListItem","position":2,"name":"Vitsippspriset 2020"}]},{"@type":"WebSite","@id":"https:\/\/wp.kristdemokraterna.se\/habo\/#website","url":"https:\/\/wp.kristdemokraterna.se\/habo\/","name":"V\u00e4lkommen till KD i Habo","description":"Politiken ska st\u00f6dja och ge f\u00f6ruts\u00e4ttningar","inLanguage":"sv-SE"},{"@type":"Person","@id":"https:\/\/wp.kristdemokraterna.se\/habo\/#\/schema\/person\/14d868c2b996179ce41f5e75e961672f","name":"habo","image":{"@type":"ImageObject","inLanguage":"sv-SE","@id":"https:\/\/secure.gravatar.com\/avatar\/dd061c12227ea8e61f3c2fbb4ffe1ea27da3da69fdf892557ac2ff369959d9f4?s=96&r=g","url":"https:\/\/secure.gravatar.com\/avatar\/dd061c12227ea8e61f3c2fbb4ffe1ea27da3da69fdf892557ac2ff369959d9f4?s=96&r=g","contentUrl":"https:\/\/secure.gravatar.com\/avatar\/dd061c12227ea8e61f3c2fbb4ffe1ea27da3da69fdf892557ac2ff369959d9f4?s=96&r=g","caption":"habo"},"url":"https:\/\/wp.kristdemokraterna.se\/habo\/author\/habo\/"}]}},"_links":{"self":[{"href":"https:\/\/wp.kristdemokraterna.se\/habo\/wp-json\/wp\/v2\/posts\/1852","targetHints":{"allow":["GET"]}}],"collection":[{"href":"https:\/\/wp.kristdemokraterna.se\/habo\/wp-json\/wp\/v2\/posts"}],"about":[{"href":"https:\/\/wp.kristdemokraterna.se\/habo\/wp-json\/wp\/v2\/types\/post"}],"author":[{"embeddable":true,"href":"https:\/\/wp.kristdemokraterna.se\/habo\/wp-json\/wp\/v2\/users\/402"}],"replies":[{"embeddable":true,"href":"https:\/\/wp.kristdemokraterna.se\/habo\/wp-json\/wp\/v2\/comments?post=1852"}],"version-history":[{"count":2,"href":"https:\/\/wp.kristdemokraterna.se\/habo\/wp-json\/wp\/v2\/posts\/1852\/revisions"}],"predecessor-version":[{"id":1858,"href":"https:\/\/wp.kristdemokraterna.se\/habo\/wp-json\/wp\/v2\/posts\/1852\/revisions\/1858"}],"wp:attachment":[{"href":"https:\/\/wp.kristdemokraterna.se\/habo\/wp-json\/wp\/v2\/media?parent=1852"}],"wp:term":[{"taxonomy":"category","embeddable":true,"href":"https:\/\/wp.kristdemokraterna.se\/habo\/wp-json\/wp\/v2\/categories?post=1852"},{"taxonomy":"post_tag","embeddable":true,"href":"https:\/\/wp.kristdemokraterna.se\/habo\/wp-json\/wp\/v2\/tags?post=1852"}],"curies":[{"name":"wp","href":"https:\/\/api.w.org\/{rel}","templated":true}]}}