{"id":1889,"date":"2022-02-01T19:28:29","date_gmt":"2022-02-01T18:28:29","guid":{"rendered":"https:\/\/wp.kristdemokraterna.se\/habo\/?p=1889"},"modified":"2022-02-01T19:30:44","modified_gmt":"2022-02-01T18:30:44","slug":"olycksdrabbad-vag-finns-inte-med-i-atgardsplan-195-an-behover-atgardas-snart","status":"publish","type":"post","link":"https:\/\/wp.kristdemokraterna.se\/habo\/olycksdrabbad-vag-finns-inte-med-i-atgardsplan-195-an-behover-atgardas-snart\/","title":{"rendered":"Olycksdrabbad v\u00e4g finns inte med i \u00e5tg\u00e4rdsplan: \u201d195:an beh\u00f6ver \u00e5tg\u00e4rdas snarast."},"content":{"rendered":"<div>\n<div class=\"\" dir=\"auto\">\n<div id=\"jsc_c_b9\" class=\"ecm0bbzt hv4rvrfc ihqw7lf3 dati1w0a\" data-ad-comet-preview=\"message\" data-ad-preview=\"message\">\n<div class=\"j83agx80 cbu4d94t ew0dbk1b irj2b8pg\">\n<div class=\"qzhwtbm6 knvmm38d\">\n<div class=\"kvgmc6g5 cxmmr5t8 oygrvhab hcukyx3x c1et5uql ii04i59q\">\n<div dir=\"auto\">En otroligt intressant fredag tillsammans med Magnus Jacobsson (KD) 2:e vice ordf\u00f6rande i riksdagens trafikutskott. Bes\u00f6k p\u00e5 G. Claessons Transport AB d\u00e4r Christer Claesson tog emot oss och Omnibusslinjen Habo Hjo d\u00e4r vi tr\u00e4ffade familjen Carlstein. Transportn\u00e4ringens utmaningar diskuterades.<\/div>\n<\/div>\n<div class=\"cxmmr5t8 oygrvhab hcukyx3x c1et5uql o9v6fnle ii04i59q\">\n<div dir=\"auto\">P\u00e5 eftermiddagen lades fokus p\u00e5 den h\u00e5rt trafikerade och olycksdrabbade v\u00e4g 195. Givande samtal med r\u00e4ddningstj\u00e4nsten, NTF och KD:s representant i TIM-n\u00e4mnden Arnold Carlsson. F\u00f6r KD i Habo tillsammans med Alliansen \u00e4r detta en h\u00f6gst prioriterad fr\u00e5ga.<\/div>\n<div dir=\"auto\">\n<header class=\"article__head\">\n<h1 class=\"article__title txt-headline txt-headline-4 txt-headline-6--large\">Bygg om och bredda 195:an<\/h1>\n<div class=\"article__meta\">\n<p class=\"article__pubdate txt-style-muted txt-ui txt-ui-2\"><span style=\"font-weight: 300\">Trafikfl\u00f6det \u00f6kar markant och allt fler viltolyckor sker. Trots detta finns inga planerade \u00e5tg\u00e4rder p\u00e5 l\u00e4nsv\u00e4g 195 fr\u00e5n vare sig regionen eller Trafikverket.<\/span><span style=\"font-weight: 300\"> s\u00e4ger Hans Jarstig (KD), kommunalr\u00e5d i Habo kommun. <\/span><span style=\"font-weight: 300\">Den regionala transportplanen f\u00f6r Region J\u00f6nk\u00f6pings l\u00e4n f\u00f6r perioden \u00e4r ute p\u00e5 remiss <\/span><span style=\"font-weight: 300\">Dokumenten ligger till grund f\u00f6r att drift, underh\u00e5ll som ska\u00a0 genomf\u00f6ras. Det som inte kommer med i dessa planer har mycket sm\u00e5 m\u00f6jlighet att f\u00f6rverkligas.<br \/>\n<\/span><span style=\"font-weight: 300\">Den v\u00e4gstr\u00e4cka d\u00e4r trafiken \u00f6kar allra mest i l\u00e4net,<\/span><span style=\"font-weight: 300\"> \u00e4r l\u00e4nsv\u00e4g 195 mellan Habo och J\u00f6nk\u00f6ping. Det \u00e4r ca 3 600 utpendlingar som sker fr\u00e5n Habo varje dygn, Under rusningstrafik p\u00e5 morgonen och eftermiddagen blir det ofta k\u00f6bildningar.<\/span><\/p>\n<\/div>\n<\/header>\n<div class=\"article__content\">\n<div class=\"article__text-wrapper txt-body txt-body-2\">\n<p><img decoding=\"async\" class=\"i09qtzwb n7fi1qx3 datstx6m pmk7jnqg j9ispegn kr520xx4 k4urcfbm\" src=\"https:\/\/scontent-arn2-2.xx.fbcdn.net\/v\/t39.30808-6\/s600x600\/272837547_10223982350965204_8853280030385739525_n.jpg?_nc_cat=108&amp;ccb=1-5&amp;_nc_sid=730e14&amp;_nc_eui2=AeG4QZ4iDy1fRdGnrJF546xT0CLEAaWpsPjQIsQBpamw-BcshWAu_R3WCiReLqcNQm8&amp;_nc_ohc=u7NfHL8l1EMAX8MYjPY&amp;_nc_ht=scontent-arn2-2.xx&amp;oh=00_AT9JuBp-U9w5WSxagc1NJ3flNFS7Cux4XgJYx7iJJR-oMw&amp;oe=61FDAA1A\" alt=\"\" \/><\/p>\n<\/div>\n<\/div>\n<\/div>\n<\/div>\n<\/div>\n<\/div>\n<\/div>\n<\/div>\n<div id=\"jsc_c_ba\" class=\"l9j0dhe7\">\n<div class=\"l9j0dhe7\">\n<div class=\"l9j0dhe7\">\n<div class=\"l9j0dhe7\">\n<div class=\"ni8dbmo4 stjgntxs pmk7jnqg\">\n<div class=\"stjgntxs ni8dbmo4\">\n<div class=\"kr520xx4 j9ispegn pmk7jnqg hzruof5a n7fi1qx3 rq0escxv i09qtzwb opwvks06 linmgsc8\"><\/div>\n<\/div>\n<div class=\"n00je7tq arfg74bv qs9ysxi8 k77z8yql i09qtzwb n7fi1qx3 b5wmifdl hzruof5a pmk7jnqg j9ispegn kr520xx4 c5ndavph art1omkt ot9fgl3s\" data-visualcompletion=\"ignore\"><\/div>\n<\/div>\n<div class=\"ni8dbmo4 stjgntxs pmk7jnqg\">\n<div class=\"stjgntxs ni8dbmo4\">\n<div class=\"do00u71z ni8dbmo4 stjgntxs l9j0dhe7\">\n<div class=\"pmk7jnqg kr520xx4\"><\/div>\n<\/div>\n<div class=\"kr520xx4 j9ispegn pmk7jnqg hzruof5a n7fi1qx3 rq0escxv i09qtzwb opwvks06 linmgsc8\"><\/div>\n<\/div>\n<\/div>\n<\/div>\n<\/div>\n<\/div>\n<\/div>\n<\/div>\n<div>\n<div class=\"stjgntxs ni8dbmo4 l82x9zwi uo3d90p7 h905i5nu monazrh9\" data-visualcompletion=\"ignore-dynamic\">\n<div>\n<div>\n<div>\n<div class=\"tvfksri0 ozuftl9m\">\n<div class=\"rq0escxv l9j0dhe7 du4w35lb j83agx80 pfnyh3mw i1fnvgqd gs1a9yip owycx6da btwxx1t3 ph5uu5jm b3onmgus e5nlhep0 ecm0bbzt nkwizq5d roh60bw9 mysgfdmx hddg9phg\">\n<div class=\"rq0escxv l9j0dhe7 du4w35lb j83agx80 cbu4d94t d2edcug0 hpfvmrgz rj1gh0hx buofh1pr g5gj957u n8tt0mok hyh9befq iuny7tx3 ipjc6fyt\">\n<div class=\"oajrlxb2 gs1a9yip g5ia77u1 mtkw9kbi tlpljxtp qensuy8j ppp5ayq2 goun2846 ccm00jje s44p3ltw mk2mc5f4 rt8b4zig n8ej3o3l agehan2d sk4xxmp2 rq0escxv nhd2j8a9 mg4g778l pfnyh3mw p7hjln8o kvgmc6g5 cxmmr5t8 oygrvhab hcukyx3x tgvbjcpo hpfvmrgz jb3vyjys rz4wbd8a qt6c0cv9 a8nywdso l9j0dhe7 i1ao9s8h esuyzwwr f1sip0of du4w35lb n00je7tq arfg74bv qs9ysxi8 k77z8yql pq6dq46d btwxx1t3 abiwlrkh p8dawk7l lzcic4wl\" role=\"button\" aria-label=\"Skicka detta till en v\u00e4n eller l\u00e4gg upp det p\u00e5 din tidslinje.\">\n<div class=\"n00je7tq arfg74bv qs9ysxi8 k77z8yql i09qtzwb n7fi1qx3 b5wmifdl hzruof5a pmk7jnqg j9ispegn kr520xx4 c5ndavph art1omkt ot9fgl3s\" data-visualcompletion=\"ignore\"><\/div>\n<\/div>\n<\/div>\n<\/div>\n<\/div>\n<\/div>\n<\/div>\n<div class=\"cwj9ozl2 tvmbv18p\"><\/div>\n<\/div>\n<\/div>\n<\/div>\n<p>&nbsp;<\/p>\n","protected":false},"excerpt":{"rendered":"<p>En otroligt intressant fredag tillsammans med Magnus Jacobsson (KD) 2:e vice ordf\u00f6rande i riksdagens trafikutskott. Bes\u00f6k p\u00e5 G. Claessons Transport AB d\u00e4r Christer Claesson tog emot oss och Omnibusslinjen Habo Hjo d\u00e4r vi tr\u00e4ffade familjen Carlstein. Transportn\u00e4ringens utmaningar diskuterades. P\u00e5 eftermiddagen lades fokus p\u00e5 den h\u00e5rt trafikerade och olycksdrabbade v\u00e4g 195. Givande samtal med r\u00e4ddningstj\u00e4nsten, <a class=\"read-more-link\" href=\"https:\/\/wp.kristdemokraterna.se\/habo\/olycksdrabbad-vag-finns-inte-med-i-atgardsplan-195-an-behover-atgardas-snart\/\">Read More<\/a><\/p>\n","protected":false},"author":402,"featured_media":0,"comment_status":"closed","ping_status":"closed","sticky":false,"template":"","format":"standard","meta":{"_acf_changed":false,"footnotes":""},"categories":[1],"tags":[],"class_list":["post-1889","post","type-post","status-publish","format-standard","hentry","category-inget"],"acf":[],"yoast_head":"<!-- This site is optimized with the Yoast SEO plugin v27.4 - https:\/\/yoast.com\/product\/yoast-seo-wordpress\/ -->\n<title>Olycksdrabbad v\u00e4g finns inte med i \u00e5tg\u00e4rdsplan: \u201d195:an beh\u00f6ver \u00e5tg\u00e4rdas snarast. - V\u00e4lkommen till KD i Habo<\/title>\n<meta name=\"robots\" content=\"index, follow, max-snippet:-1, max-image-preview:large, max-video-preview:-1\" \/>\n<link rel=\"canonical\" href=\"https:\/\/wp.kristdemokraterna.se\/habo\/olycksdrabbad-vag-finns-inte-med-i-atgardsplan-195-an-behover-atgardas-snart\/\" \/>\n<meta property=\"og:locale\" content=\"sv_SE\" \/>\n<meta property=\"og:type\" content=\"article\" \/>\n<meta property=\"og:title\" content=\"Olycksdrabbad v\u00e4g finns inte med i \u00e5tg\u00e4rdsplan: \u201d195:an beh\u00f6ver \u00e5tg\u00e4rdas snarast. - V\u00e4lkommen till KD i Habo\" \/>\n<meta property=\"og:description\" content=\"En otroligt intressant fredag tillsammans med Magnus Jacobsson (KD) 2:e vice ordf\u00f6rande i riksdagens trafikutskott. Bes\u00f6k p\u00e5 G. Claessons Transport AB d\u00e4r Christer Claesson tog emot oss och Omnibusslinjen Habo Hjo d\u00e4r vi tr\u00e4ffade familjen Carlstein. Transportn\u00e4ringens utmaningar diskuterades. P\u00e5 eftermiddagen lades fokus p\u00e5 den h\u00e5rt trafikerade och olycksdrabbade v\u00e4g 195. Givande samtal med r\u00e4ddningstj\u00e4nsten, Read More\" \/>\n<meta property=\"og:url\" content=\"https:\/\/wp.kristdemokraterna.se\/habo\/olycksdrabbad-vag-finns-inte-med-i-atgardsplan-195-an-behover-atgardas-snart\/\" \/>\n<meta property=\"og:site_name\" content=\"V\u00e4lkommen till KD i Habo\" \/>\n<meta property=\"article:published_time\" content=\"2022-02-01T18:28:29+00:00\" \/>\n<meta property=\"article:modified_time\" content=\"2022-02-01T18:30:44+00:00\" \/>\n<meta property=\"og:image\" content=\"https:\/\/scontent-arn2-2.xx.fbcdn.net\/v\/t39.30808-6\/s600x600\/272837547_10223982350965204_8853280030385739525_n.jpg?_nc_cat=108&amp;ccb=1-5&amp;_nc_sid=730e14&amp;_nc_eui2=AeG4QZ4iDy1fRdGnrJF546xT0CLEAaWpsPjQIsQBpamw-BcshWAu_R3WCiReLqcNQm8&amp;_nc_ohc=u7NfHL8l1EMAX8MYjPY&amp;_nc_ht=scontent-arn2-2.xx&amp;oh=00_AT9JuBp-U9w5WSxagc1NJ3flNFS7Cux4XgJYx7iJJR-oMw&amp;oe=61FDAA1A\" \/>\n<meta name=\"author\" content=\"habo\" \/>\n<meta name=\"twitter:card\" content=\"summary_large_image\" \/>\n<meta name=\"twitter:label1\" content=\"Skriven av\" \/>\n\t<meta name=\"twitter:data1\" content=\"habo\" \/>\n\t<meta name=\"twitter:label2\" content=\"Ber\u00e4knad l\u00e4stid\" \/>\n\t<meta name=\"twitter:data2\" content=\"2 minuter\" \/>\n<script type=\"application\/ld+json\" class=\"yoast-schema-graph\">{\"@context\":\"https:\\\/\\\/schema.org\",\"@graph\":[{\"@type\":\"Article\",\"@id\":\"https:\\\/\\\/wp.kristdemokraterna.se\\\/habo\\\/olycksdrabbad-vag-finns-inte-med-i-atgardsplan-195-an-behover-atgardas-snart\\\/#article\",\"isPartOf\":{\"@id\":\"https:\\\/\\\/wp.kristdemokraterna.se\\\/habo\\\/olycksdrabbad-vag-finns-inte-med-i-atgardsplan-195-an-behover-atgardas-snart\\\/\"},\"author\":{\"name\":\"habo\",\"@id\":\"https:\\\/\\\/wp.kristdemokraterna.se\\\/habo\\\/#\\\/schema\\\/person\\\/14d868c2b996179ce41f5e75e961672f\"},\"headline\":\"Olycksdrabbad v\u00e4g finns inte med i \u00e5tg\u00e4rdsplan: \u201d195:an beh\u00f6ver \u00e5tg\u00e4rdas snarast.\",\"datePublished\":\"2022-02-01T18:28:29+00:00\",\"dateModified\":\"2022-02-01T18:30:44+00:00\",\"mainEntityOfPage\":{\"@id\":\"https:\\\/\\\/wp.kristdemokraterna.se\\\/habo\\\/olycksdrabbad-vag-finns-inte-med-i-atgardsplan-195-an-behover-atgardas-snart\\\/\"},\"wordCount\":241,\"image\":{\"@id\":\"https:\\\/\\\/wp.kristdemokraterna.se\\\/habo\\\/olycksdrabbad-vag-finns-inte-med-i-atgardsplan-195-an-behover-atgardas-snart\\\/#primaryimage\"},\"thumbnailUrl\":\"https:\\\/\\\/scontent-arn2-2.xx.fbcdn.net\\\/v\\\/t39.30808-6\\\/s600x600\\\/272837547_10223982350965204_8853280030385739525_n.jpg?_nc_cat=108&amp;ccb=1-5&amp;_nc_sid=730e14&amp;_nc_eui2=AeG4QZ4iDy1fRdGnrJF546xT0CLEAaWpsPjQIsQBpamw-BcshWAu_R3WCiReLqcNQm8&amp;_nc_ohc=u7NfHL8l1EMAX8MYjPY&amp;_nc_ht=scontent-arn2-2.xx&amp;oh=00_AT9JuBp-U9w5WSxagc1NJ3flNFS7Cux4XgJYx7iJJR-oMw&amp;oe=61FDAA1A\",\"articleSection\":[\"Senaste Nytt\"],\"inLanguage\":\"sv-SE\"},{\"@type\":\"WebPage\",\"@id\":\"https:\\\/\\\/wp.kristdemokraterna.se\\\/habo\\\/olycksdrabbad-vag-finns-inte-med-i-atgardsplan-195-an-behover-atgardas-snart\\\/\",\"url\":\"https:\\\/\\\/wp.kristdemokraterna.se\\\/habo\\\/olycksdrabbad-vag-finns-inte-med-i-atgardsplan-195-an-behover-atgardas-snart\\\/\",\"name\":\"Olycksdrabbad v\u00e4g finns inte med i \u00e5tg\u00e4rdsplan: \u201d195:an beh\u00f6ver \u00e5tg\u00e4rdas snarast. - V\u00e4lkommen till KD i Habo\",\"isPartOf\":{\"@id\":\"https:\\\/\\\/wp.kristdemokraterna.se\\\/habo\\\/#website\"},\"primaryImageOfPage\":{\"@id\":\"https:\\\/\\\/wp.kristdemokraterna.se\\\/habo\\\/olycksdrabbad-vag-finns-inte-med-i-atgardsplan-195-an-behover-atgardas-snart\\\/#primaryimage\"},\"image\":{\"@id\":\"https:\\\/\\\/wp.kristdemokraterna.se\\\/habo\\\/olycksdrabbad-vag-finns-inte-med-i-atgardsplan-195-an-behover-atgardas-snart\\\/#primaryimage\"},\"thumbnailUrl\":\"https:\\\/\\\/scontent-arn2-2.xx.fbcdn.net\\\/v\\\/t39.30808-6\\\/s600x600\\\/272837547_10223982350965204_8853280030385739525_n.jpg?_nc_cat=108&amp;ccb=1-5&amp;_nc_sid=730e14&amp;_nc_eui2=AeG4QZ4iDy1fRdGnrJF546xT0CLEAaWpsPjQIsQBpamw-BcshWAu_R3WCiReLqcNQm8&amp;_nc_ohc=u7NfHL8l1EMAX8MYjPY&amp;_nc_ht=scontent-arn2-2.xx&amp;oh=00_AT9JuBp-U9w5WSxagc1NJ3flNFS7Cux4XgJYx7iJJR-oMw&amp;oe=61FDAA1A\",\"datePublished\":\"2022-02-01T18:28:29+00:00\",\"dateModified\":\"2022-02-01T18:30:44+00:00\",\"author\":{\"@id\":\"https:\\\/\\\/wp.kristdemokraterna.se\\\/habo\\\/#\\\/schema\\\/person\\\/14d868c2b996179ce41f5e75e961672f\"},\"breadcrumb\":{\"@id\":\"https:\\\/\\\/wp.kristdemokraterna.se\\\/habo\\\/olycksdrabbad-vag-finns-inte-med-i-atgardsplan-195-an-behover-atgardas-snart\\\/#breadcrumb\"},\"inLanguage\":\"sv-SE\",\"potentialAction\":[{\"@type\":\"ReadAction\",\"target\":[\"https:\\\/\\\/wp.kristdemokraterna.se\\\/habo\\\/olycksdrabbad-vag-finns-inte-med-i-atgardsplan-195-an-behover-atgardas-snart\\\/\"]}]},{\"@type\":\"ImageObject\",\"inLanguage\":\"sv-SE\",\"@id\":\"https:\\\/\\\/wp.kristdemokraterna.se\\\/habo\\\/olycksdrabbad-vag-finns-inte-med-i-atgardsplan-195-an-behover-atgardas-snart\\\/#primaryimage\",\"url\":\"https:\\\/\\\/scontent-arn2-2.xx.fbcdn.net\\\/v\\\/t39.30808-6\\\/s600x600\\\/272837547_10223982350965204_8853280030385739525_n.jpg?_nc_cat=108&amp;ccb=1-5&amp;_nc_sid=730e14&amp;_nc_eui2=AeG4QZ4iDy1fRdGnrJF546xT0CLEAaWpsPjQIsQBpamw-BcshWAu_R3WCiReLqcNQm8&amp;_nc_ohc=u7NfHL8l1EMAX8MYjPY&amp;_nc_ht=scontent-arn2-2.xx&amp;oh=00_AT9JuBp-U9w5WSxagc1NJ3flNFS7Cux4XgJYx7iJJR-oMw&amp;oe=61FDAA1A\",\"contentUrl\":\"https:\\\/\\\/scontent-arn2-2.xx.fbcdn.net\\\/v\\\/t39.30808-6\\\/s600x600\\\/272837547_10223982350965204_8853280030385739525_n.jpg?_nc_cat=108&amp;ccb=1-5&amp;_nc_sid=730e14&amp;_nc_eui2=AeG4QZ4iDy1fRdGnrJF546xT0CLEAaWpsPjQIsQBpamw-BcshWAu_R3WCiReLqcNQm8&amp;_nc_ohc=u7NfHL8l1EMAX8MYjPY&amp;_nc_ht=scontent-arn2-2.xx&amp;oh=00_AT9JuBp-U9w5WSxagc1NJ3flNFS7Cux4XgJYx7iJJR-oMw&amp;oe=61FDAA1A\"},{\"@type\":\"BreadcrumbList\",\"@id\":\"https:\\\/\\\/wp.kristdemokraterna.se\\\/habo\\\/olycksdrabbad-vag-finns-inte-med-i-atgardsplan-195-an-behover-atgardas-snart\\\/#breadcrumb\",\"itemListElement\":[{\"@type\":\"ListItem\",\"position\":1,\"name\":\"Hem\",\"item\":\"https:\\\/\\\/wp.kristdemokraterna.se\\\/habo\\\/\"},{\"@type\":\"ListItem\",\"position\":2,\"name\":\"Olycksdrabbad v\u00e4g finns inte med i \u00e5tg\u00e4rdsplan: \u201d195:an beh\u00f6ver \u00e5tg\u00e4rdas snarast.\"}]},{\"@type\":\"WebSite\",\"@id\":\"https:\\\/\\\/wp.kristdemokraterna.se\\\/habo\\\/#website\",\"url\":\"https:\\\/\\\/wp.kristdemokraterna.se\\\/habo\\\/\",\"name\":\"V\u00e4lkommen till KD i Habo\",\"description\":\"Politiken ska st\u00f6dja och ge f\u00f6ruts\u00e4ttningar\",\"inLanguage\":\"sv-SE\"},{\"@type\":\"Person\",\"@id\":\"https:\\\/\\\/wp.kristdemokraterna.se\\\/habo\\\/#\\\/schema\\\/person\\\/14d868c2b996179ce41f5e75e961672f\",\"name\":\"habo\",\"image\":{\"@type\":\"ImageObject\",\"inLanguage\":\"sv-SE\",\"@id\":\"https:\\\/\\\/secure.gravatar.com\\\/avatar\\\/dd061c12227ea8e61f3c2fbb4ffe1ea27da3da69fdf892557ac2ff369959d9f4?s=96&r=g\",\"url\":\"https:\\\/\\\/secure.gravatar.com\\\/avatar\\\/dd061c12227ea8e61f3c2fbb4ffe1ea27da3da69fdf892557ac2ff369959d9f4?s=96&r=g\",\"contentUrl\":\"https:\\\/\\\/secure.gravatar.com\\\/avatar\\\/dd061c12227ea8e61f3c2fbb4ffe1ea27da3da69fdf892557ac2ff369959d9f4?s=96&r=g\",\"caption\":\"habo\"},\"url\":\"https:\\\/\\\/wp.kristdemokraterna.se\\\/habo\\\/author\\\/habo\\\/\"}]}<\/script>\n<!-- \/ Yoast SEO plugin. -->","yoast_head_json":{"title":"Olycksdrabbad v\u00e4g finns inte med i \u00e5tg\u00e4rdsplan: \u201d195:an beh\u00f6ver \u00e5tg\u00e4rdas snarast. - V\u00e4lkommen till KD i Habo","robots":{"index":"index","follow":"follow","max-snippet":"max-snippet:-1","max-image-preview":"max-image-preview:large","max-video-preview":"max-video-preview:-1"},"canonical":"https:\/\/wp.kristdemokraterna.se\/habo\/olycksdrabbad-vag-finns-inte-med-i-atgardsplan-195-an-behover-atgardas-snart\/","og_locale":"sv_SE","og_type":"article","og_title":"Olycksdrabbad v\u00e4g finns inte med i \u00e5tg\u00e4rdsplan: \u201d195:an beh\u00f6ver \u00e5tg\u00e4rdas snarast. - V\u00e4lkommen till KD i Habo","og_description":"En otroligt intressant fredag tillsammans med Magnus Jacobsson (KD) 2:e vice ordf\u00f6rande i riksdagens trafikutskott. Bes\u00f6k p\u00e5 G. Claessons Transport AB d\u00e4r Christer Claesson tog emot oss och Omnibusslinjen Habo Hjo d\u00e4r vi tr\u00e4ffade familjen Carlstein. Transportn\u00e4ringens utmaningar diskuterades. P\u00e5 eftermiddagen lades fokus p\u00e5 den h\u00e5rt trafikerade och olycksdrabbade v\u00e4g 195. Givande samtal med r\u00e4ddningstj\u00e4nsten, Read More","og_url":"https:\/\/wp.kristdemokraterna.se\/habo\/olycksdrabbad-vag-finns-inte-med-i-atgardsplan-195-an-behover-atgardas-snart\/","og_site_name":"V\u00e4lkommen till KD i Habo","article_published_time":"2022-02-01T18:28:29+00:00","article_modified_time":"2022-02-01T18:30:44+00:00","og_image":[{"url":"https:\/\/scontent-arn2-2.xx.fbcdn.net\/v\/t39.30808-6\/s600x600\/272837547_10223982350965204_8853280030385739525_n.jpg?_nc_cat=108&amp;ccb=1-5&amp;_nc_sid=730e14&amp;_nc_eui2=AeG4QZ4iDy1fRdGnrJF546xT0CLEAaWpsPjQIsQBpamw-BcshWAu_R3WCiReLqcNQm8&amp;_nc_ohc=u7NfHL8l1EMAX8MYjPY&amp;_nc_ht=scontent-arn2-2.xx&amp;oh=00_AT9JuBp-U9w5WSxagc1NJ3flNFS7Cux4XgJYx7iJJR-oMw&amp;oe=61FDAA1A","type":"","width":"","height":""}],"author":"habo","twitter_card":"summary_large_image","twitter_misc":{"Skriven av":"habo","Ber\u00e4knad l\u00e4stid":"2 minuter"},"schema":{"@context":"https:\/\/schema.org","@graph":[{"@type":"Article","@id":"https:\/\/wp.kristdemokraterna.se\/habo\/olycksdrabbad-vag-finns-inte-med-i-atgardsplan-195-an-behover-atgardas-snart\/#article","isPartOf":{"@id":"https:\/\/wp.kristdemokraterna.se\/habo\/olycksdrabbad-vag-finns-inte-med-i-atgardsplan-195-an-behover-atgardas-snart\/"},"author":{"name":"habo","@id":"https:\/\/wp.kristdemokraterna.se\/habo\/#\/schema\/person\/14d868c2b996179ce41f5e75e961672f"},"headline":"Olycksdrabbad v\u00e4g finns inte med i \u00e5tg\u00e4rdsplan: \u201d195:an beh\u00f6ver \u00e5tg\u00e4rdas snarast.","datePublished":"2022-02-01T18:28:29+00:00","dateModified":"2022-02-01T18:30:44+00:00","mainEntityOfPage":{"@id":"https:\/\/wp.kristdemokraterna.se\/habo\/olycksdrabbad-vag-finns-inte-med-i-atgardsplan-195-an-behover-atgardas-snart\/"},"wordCount":241,"image":{"@id":"https:\/\/wp.kristdemokraterna.se\/habo\/olycksdrabbad-vag-finns-inte-med-i-atgardsplan-195-an-behover-atgardas-snart\/#primaryimage"},"thumbnailUrl":"https:\/\/scontent-arn2-2.xx.fbcdn.net\/v\/t39.30808-6\/s600x600\/272837547_10223982350965204_8853280030385739525_n.jpg?_nc_cat=108&amp;ccb=1-5&amp;_nc_sid=730e14&amp;_nc_eui2=AeG4QZ4iDy1fRdGnrJF546xT0CLEAaWpsPjQIsQBpamw-BcshWAu_R3WCiReLqcNQm8&amp;_nc_ohc=u7NfHL8l1EMAX8MYjPY&amp;_nc_ht=scontent-arn2-2.xx&amp;oh=00_AT9JuBp-U9w5WSxagc1NJ3flNFS7Cux4XgJYx7iJJR-oMw&amp;oe=61FDAA1A","articleSection":["Senaste Nytt"],"inLanguage":"sv-SE"},{"@type":"WebPage","@id":"https:\/\/wp.kristdemokraterna.se\/habo\/olycksdrabbad-vag-finns-inte-med-i-atgardsplan-195-an-behover-atgardas-snart\/","url":"https:\/\/wp.kristdemokraterna.se\/habo\/olycksdrabbad-vag-finns-inte-med-i-atgardsplan-195-an-behover-atgardas-snart\/","name":"Olycksdrabbad v\u00e4g finns inte med i \u00e5tg\u00e4rdsplan: \u201d195:an beh\u00f6ver \u00e5tg\u00e4rdas snarast. - V\u00e4lkommen till KD i Habo","isPartOf":{"@id":"https:\/\/wp.kristdemokraterna.se\/habo\/#website"},"primaryImageOfPage":{"@id":"https:\/\/wp.kristdemokraterna.se\/habo\/olycksdrabbad-vag-finns-inte-med-i-atgardsplan-195-an-behover-atgardas-snart\/#primaryimage"},"image":{"@id":"https:\/\/wp.kristdemokraterna.se\/habo\/olycksdrabbad-vag-finns-inte-med-i-atgardsplan-195-an-behover-atgardas-snart\/#primaryimage"},"thumbnailUrl":"https:\/\/scontent-arn2-2.xx.fbcdn.net\/v\/t39.30808-6\/s600x600\/272837547_10223982350965204_8853280030385739525_n.jpg?_nc_cat=108&amp;ccb=1-5&amp;_nc_sid=730e14&amp;_nc_eui2=AeG4QZ4iDy1fRdGnrJF546xT0CLEAaWpsPjQIsQBpamw-BcshWAu_R3WCiReLqcNQm8&amp;_nc_ohc=u7NfHL8l1EMAX8MYjPY&amp;_nc_ht=scontent-arn2-2.xx&amp;oh=00_AT9JuBp-U9w5WSxagc1NJ3flNFS7Cux4XgJYx7iJJR-oMw&amp;oe=61FDAA1A","datePublished":"2022-02-01T18:28:29+00:00","dateModified":"2022-02-01T18:30:44+00:00","author":{"@id":"https:\/\/wp.kristdemokraterna.se\/habo\/#\/schema\/person\/14d868c2b996179ce41f5e75e961672f"},"breadcrumb":{"@id":"https:\/\/wp.kristdemokraterna.se\/habo\/olycksdrabbad-vag-finns-inte-med-i-atgardsplan-195-an-behover-atgardas-snart\/#breadcrumb"},"inLanguage":"sv-SE","potentialAction":[{"@type":"ReadAction","target":["https:\/\/wp.kristdemokraterna.se\/habo\/olycksdrabbad-vag-finns-inte-med-i-atgardsplan-195-an-behover-atgardas-snart\/"]}]},{"@type":"ImageObject","inLanguage":"sv-SE","@id":"https:\/\/wp.kristdemokraterna.se\/habo\/olycksdrabbad-vag-finns-inte-med-i-atgardsplan-195-an-behover-atgardas-snart\/#primaryimage","url":"https:\/\/scontent-arn2-2.xx.fbcdn.net\/v\/t39.30808-6\/s600x600\/272837547_10223982350965204_8853280030385739525_n.jpg?_nc_cat=108&amp;ccb=1-5&amp;_nc_sid=730e14&amp;_nc_eui2=AeG4QZ4iDy1fRdGnrJF546xT0CLEAaWpsPjQIsQBpamw-BcshWAu_R3WCiReLqcNQm8&amp;_nc_ohc=u7NfHL8l1EMAX8MYjPY&amp;_nc_ht=scontent-arn2-2.xx&amp;oh=00_AT9JuBp-U9w5WSxagc1NJ3flNFS7Cux4XgJYx7iJJR-oMw&amp;oe=61FDAA1A","contentUrl":"https:\/\/scontent-arn2-2.xx.fbcdn.net\/v\/t39.30808-6\/s600x600\/272837547_10223982350965204_8853280030385739525_n.jpg?_nc_cat=108&amp;ccb=1-5&amp;_nc_sid=730e14&amp;_nc_eui2=AeG4QZ4iDy1fRdGnrJF546xT0CLEAaWpsPjQIsQBpamw-BcshWAu_R3WCiReLqcNQm8&amp;_nc_ohc=u7NfHL8l1EMAX8MYjPY&amp;_nc_ht=scontent-arn2-2.xx&amp;oh=00_AT9JuBp-U9w5WSxagc1NJ3flNFS7Cux4XgJYx7iJJR-oMw&amp;oe=61FDAA1A"},{"@type":"BreadcrumbList","@id":"https:\/\/wp.kristdemokraterna.se\/habo\/olycksdrabbad-vag-finns-inte-med-i-atgardsplan-195-an-behover-atgardas-snart\/#breadcrumb","itemListElement":[{"@type":"ListItem","position":1,"name":"Hem","item":"https:\/\/wp.kristdemokraterna.se\/habo\/"},{"@type":"ListItem","position":2,"name":"Olycksdrabbad v\u00e4g finns inte med i \u00e5tg\u00e4rdsplan: \u201d195:an beh\u00f6ver \u00e5tg\u00e4rdas snarast."}]},{"@type":"WebSite","@id":"https:\/\/wp.kristdemokraterna.se\/habo\/#website","url":"https:\/\/wp.kristdemokraterna.se\/habo\/","name":"V\u00e4lkommen till KD i Habo","description":"Politiken ska st\u00f6dja och ge f\u00f6ruts\u00e4ttningar","inLanguage":"sv-SE"},{"@type":"Person","@id":"https:\/\/wp.kristdemokraterna.se\/habo\/#\/schema\/person\/14d868c2b996179ce41f5e75e961672f","name":"habo","image":{"@type":"ImageObject","inLanguage":"sv-SE","@id":"https:\/\/secure.gravatar.com\/avatar\/dd061c12227ea8e61f3c2fbb4ffe1ea27da3da69fdf892557ac2ff369959d9f4?s=96&r=g","url":"https:\/\/secure.gravatar.com\/avatar\/dd061c12227ea8e61f3c2fbb4ffe1ea27da3da69fdf892557ac2ff369959d9f4?s=96&r=g","contentUrl":"https:\/\/secure.gravatar.com\/avatar\/dd061c12227ea8e61f3c2fbb4ffe1ea27da3da69fdf892557ac2ff369959d9f4?s=96&r=g","caption":"habo"},"url":"https:\/\/wp.kristdemokraterna.se\/habo\/author\/habo\/"}]}},"_links":{"self":[{"href":"https:\/\/wp.kristdemokraterna.se\/habo\/wp-json\/wp\/v2\/posts\/1889","targetHints":{"allow":["GET"]}}],"collection":[{"href":"https:\/\/wp.kristdemokraterna.se\/habo\/wp-json\/wp\/v2\/posts"}],"about":[{"href":"https:\/\/wp.kristdemokraterna.se\/habo\/wp-json\/wp\/v2\/types\/post"}],"author":[{"embeddable":true,"href":"https:\/\/wp.kristdemokraterna.se\/habo\/wp-json\/wp\/v2\/users\/402"}],"replies":[{"embeddable":true,"href":"https:\/\/wp.kristdemokraterna.se\/habo\/wp-json\/wp\/v2\/comments?post=1889"}],"version-history":[{"count":3,"href":"https:\/\/wp.kristdemokraterna.se\/habo\/wp-json\/wp\/v2\/posts\/1889\/revisions"}],"predecessor-version":[{"id":1893,"href":"https:\/\/wp.kristdemokraterna.se\/habo\/wp-json\/wp\/v2\/posts\/1889\/revisions\/1893"}],"wp:attachment":[{"href":"https:\/\/wp.kristdemokraterna.se\/habo\/wp-json\/wp\/v2\/media?parent=1889"}],"wp:term":[{"taxonomy":"category","embeddable":true,"href":"https:\/\/wp.kristdemokraterna.se\/habo\/wp-json\/wp\/v2\/categories?post=1889"},{"taxonomy":"post_tag","embeddable":true,"href":"https:\/\/wp.kristdemokraterna.se\/habo\/wp-json\/wp\/v2\/tags?post=1889"}],"curies":[{"name":"wp","href":"https:\/\/api.w.org\/{rel}","templated":true}]}}