{"id":1148,"date":"2014-08-06T23:13:20","date_gmt":"2014-08-06T21:13:20","guid":{"rendered":"http:\/\/wp.kristdemokraterna.se\/hakanjohansson\/?p=1148"},"modified":"2015-07-13T19:35:19","modified_gmt":"2015-07-13T17:35:19","slug":"mina-foldrar-har-kommit","status":"publish","type":"post","link":"https:\/\/wp.kristdemokraterna.se\/hakanjohansson\/2014\/08\/06\/mina-foldrar-har-kommit\/","title":{"rendered":"Mina foldrar har kommit!"},"content":{"rendered":"<p>Det \u00e4r alltid roligt att f\u00e5 paket. I dag fick jag tv\u00e5! Direkt n\u00e4r de ringde fr\u00e5n \u00e5keriet fattade jag vad det var \u2013\u00a0foldrarna. 27 kg valfoldrar! De kom i tv\u00e5 stora kartonger fullproppade med mitt livs\u00a0f\u00f6rsta helt egna kandidatfoldrar. Jag har g\u00e5tt och v\u00e4ntat p\u00e5 dem \u00e4nda sedan <a title=\"Jag tryckte p\u00e5 knappen\u2026\" href=\"http:\/\/wp.kristdemokraterna.se\/hakanjohansson\/2014\/06\/13\/jag-tryckte-pa-knappen\/\">jag tryckte p\u00e5 knappen<\/a>. \ud83d\ude09 Nu \u00e4r de \u00e4ntligen h\u00e4r och jag ser fram emot att f\u00e5 dela med mig av dem och att jag kanske till och med ska f\u00e5 n\u00e5gra personkryss tack vare dem. Jag kommer i alla fall definitivt att f\u00e5 motion p\u00e5 mina utdelningspromenader i valr\u00f6relsen och det beh\u00f6ver jag\u2026 \ud83d\ude09<\/p>\n<p><!--more--><\/p>\n<p>L\u00e4s g\u00e4rna min kandidatfolder\u00a0\u2013 jag tycker sj\u00e4lv att den blev riktigt bra. Vad tycker du?<br \/>\n[<a title=\"Kandidatfolder 2014\" href=\"http:\/\/wp.kristdemokraterna.se\/hakanjohansson\/files\/2014\/07\/2014_val_kandidatfolder-2071-.pdf\" target=\"_blank\">2014_Val_Kandidatfolder-2071<\/a>]<\/p>\n\n\t\t<style type=\"text\/css\">\n\t\t\t#gallery-1 {\n\t\t\t\tmargin: auto;\n\t\t\t}\n\t\t\t#gallery-1 .gallery-item {\n\t\t\t\tfloat: left;\n\t\t\t\tmargin-top: 10px;\n\t\t\t\ttext-align: center;\n\t\t\t\twidth: 33%;\n\t\t\t}\n\t\t\t#gallery-1 img {\n\t\t\t\tborder: 2px solid #cfcfcf;\n\t\t\t}\n\t\t\t#gallery-1 .gallery-caption {\n\t\t\t\tmargin-left: 0;\n\t\t\t}\n\t\t\t\/* see gallery_shortcode() in wp-includes\/media.php *\/\n\t\t<\/style>\n\t\t<div id='gallery-1' class='gallery galleryid-1148 gallery-columns-3 gallery-size-thumbnail'><dl class='gallery-item'>\n\t\t\t<dt class='gallery-icon landscape'>\n\t\t\t\t<a href='https:\/\/wp.kristdemokraterna.se\/hakanjohansson\/2014\/08\/06\/mina-foldrar-har-kommit\/20140806-kandidatfoldern\/'><img loading=\"lazy\" decoding=\"async\" width=\"150\" height=\"150\" src=\"https:\/\/wp.kristdemokraterna.se\/hakanjohansson\/files\/2014\/08\/20140806_kandidatfoldern-150x150.png\" class=\"attachment-thumbnail size-thumbnail\" alt=\"Lilla julafton! I dag kom kandidatfoldrarna. :D (Foto: H\u00e5kan Johansson)\" aria-describedby=\"gallery-1-1149\" \/><\/a>\n\t\t\t<\/dt>\n\t\t\t\t<dd class='wp-caption-text gallery-caption' id='gallery-1-1149'>\n\t\t\t\tLilla julafton! I dag kom kandidatfoldrarna. \ud83d\ude00 (Foto: H\u00e5kan Johansson)\n\t\t\t\t<\/dd><\/dl>\n\t\t\t<br style='clear: both' \/>\n\t\t<\/div>\n\n","protected":false},"excerpt":{"rendered":"<p>Det \u00e4r alltid roligt att f\u00e5 paket. I dag fick jag tv\u00e5! Direkt n\u00e4r de ringde fr\u00e5n \u00e5keriet fattade jag vad det var \u2013\u00a0foldrarna. 27 kg valfoldrar! De kom i tv\u00e5 stora kartonger fullproppade med mitt livs\u00a0f\u00f6rsta helt egna kandidatfoldrar. Jag har g\u00e5tt och v\u00e4ntat p\u00e5 dem \u00e4nda sedan jag tryckte p\u00e5 knappen. \ud83d\ude09 Nu&hellip; <a class=\"read-more-link\" href=\"https:\/\/wp.kristdemokraterna.se\/hakanjohansson\/2014\/08\/06\/mina-foldrar-har-kommit\/\">Forts\u00e4tt l\u00e4sa<\/a><\/p>\n","protected":false},"author":507,"featured_media":1149,"comment_status":"closed","ping_status":"closed","sticky":false,"template":"","format":"standard","meta":{"_acf_changed":false,"footnotes":""},"categories":[41],"tags":[628,718,13,717,339,63],"class_list":["post-1148","post","type-post","status-publish","format-standard","hentry","category-inlagg","tag-kandidatfolder","tag-lilla-julafton","tag-motion","tag-paket","tag-personkryss","tag-valrorelse"],"acf":[],"yoast_head":"<!-- This site is optimized with the Yoast SEO plugin v27.4 - https:\/\/yoast.com\/product\/yoast-seo-wordpress\/ -->\n<title>Mina foldrar har kommit! - H\u00e5kan Johansson, KD<\/title>\n<meta name=\"robots\" content=\"index, follow, max-snippet:-1, max-image-preview:large, max-video-preview:-1\" \/>\n<link rel=\"canonical\" href=\"https:\/\/wp.kristdemokraterna.se\/hakanjohansson\/2014\/08\/06\/mina-foldrar-har-kommit\/\" \/>\n<meta property=\"og:locale\" content=\"sv_SE\" \/>\n<meta property=\"og:type\" content=\"article\" \/>\n<meta property=\"og:title\" content=\"Mina foldrar har kommit! - H\u00e5kan Johansson, KD\" \/>\n<meta property=\"og:description\" content=\"Det \u00e4r alltid roligt att f\u00e5 paket. I dag fick jag tv\u00e5! Direkt n\u00e4r de ringde fr\u00e5n \u00e5keriet fattade jag vad det var \u2013\u00a0foldrarna. 27 kg valfoldrar! De kom i tv\u00e5 stora kartonger fullproppade med mitt livs\u00a0f\u00f6rsta helt egna kandidatfoldrar. Jag har g\u00e5tt och v\u00e4ntat p\u00e5 dem \u00e4nda sedan jag tryckte p\u00e5 knappen. \ud83d\ude09 Nu&hellip; Forts\u00e4tt l\u00e4sa\" \/>\n<meta property=\"og:url\" content=\"https:\/\/wp.kristdemokraterna.se\/hakanjohansson\/2014\/08\/06\/mina-foldrar-har-kommit\/\" \/>\n<meta property=\"og:site_name\" content=\"H\u00e5kan Johansson, KD\" \/>\n<meta property=\"article:published_time\" content=\"2014-08-06T21:13:20+00:00\" \/>\n<meta property=\"article:modified_time\" content=\"2015-07-13T17:35:19+00:00\" \/>\n<meta property=\"og:image\" content=\"https:\/\/wp.kristdemokraterna.se\/hakanjohansson\/files\/2014\/08\/20140806_kandidatfoldern.png\" \/>\n\t<meta property=\"og:image:width\" content=\"435\" \/>\n\t<meta property=\"og:image:height\" content=\"245\" \/>\n\t<meta property=\"og:image:type\" content=\"image\/png\" \/>\n<meta name=\"author\" content=\"H\u00e5kan Johansson\" \/>\n<meta name=\"twitter:card\" content=\"summary_large_image\" \/>\n<meta name=\"twitter:label1\" content=\"Skriven av\" \/>\n\t<meta name=\"twitter:data1\" content=\"H\u00e5kan Johansson\" \/>\n\t<meta name=\"twitter:label2\" content=\"Ber\u00e4knad l\u00e4stid\" \/>\n\t<meta name=\"twitter:data2\" content=\"1 minut\" \/>\n<script type=\"application\/ld+json\" class=\"yoast-schema-graph\">{\"@context\":\"https:\\\/\\\/schema.org\",\"@graph\":[{\"@type\":\"Article\",\"@id\":\"https:\\\/\\\/wp.kristdemokraterna.se\\\/hakanjohansson\\\/2014\\\/08\\\/06\\\/mina-foldrar-har-kommit\\\/#article\",\"isPartOf\":{\"@id\":\"https:\\\/\\\/wp.kristdemokraterna.se\\\/hakanjohansson\\\/2014\\\/08\\\/06\\\/mina-foldrar-har-kommit\\\/\"},\"author\":{\"name\":\"H\u00e5kan Johansson\",\"@id\":\"https:\\\/\\\/wp.kristdemokraterna.se\\\/hakanjohansson\\\/#\\\/schema\\\/person\\\/1ebb24d2d3a4cdd92106ea18359c8b63\"},\"headline\":\"Mina foldrar har kommit!\",\"datePublished\":\"2014-08-06T21:13:20+00:00\",\"dateModified\":\"2015-07-13T17:35:19+00:00\",\"mainEntityOfPage\":{\"@id\":\"https:\\\/\\\/wp.kristdemokraterna.se\\\/hakanjohansson\\\/2014\\\/08\\\/06\\\/mina-foldrar-har-kommit\\\/\"},\"wordCount\":141,\"image\":{\"@id\":\"https:\\\/\\\/wp.kristdemokraterna.se\\\/hakanjohansson\\\/2014\\\/08\\\/06\\\/mina-foldrar-har-kommit\\\/#primaryimage\"},\"thumbnailUrl\":\"https:\\\/\\\/wp.kristdemokraterna.se\\\/hakanjohansson\\\/files\\\/2014\\\/08\\\/20140806_kandidatfoldern.png\",\"keywords\":[\"kandidatfolder\",\"lilla julafton\",\"motion\",\"paket\",\"personkryss\",\"valr\u00f6relse\"],\"articleSection\":[\"Inl\u00e4gg\"],\"inLanguage\":\"sv-SE\"},{\"@type\":\"WebPage\",\"@id\":\"https:\\\/\\\/wp.kristdemokraterna.se\\\/hakanjohansson\\\/2014\\\/08\\\/06\\\/mina-foldrar-har-kommit\\\/\",\"url\":\"https:\\\/\\\/wp.kristdemokraterna.se\\\/hakanjohansson\\\/2014\\\/08\\\/06\\\/mina-foldrar-har-kommit\\\/\",\"name\":\"Mina foldrar har kommit! - H\u00e5kan Johansson, KD\",\"isPartOf\":{\"@id\":\"https:\\\/\\\/wp.kristdemokraterna.se\\\/hakanjohansson\\\/#website\"},\"primaryImageOfPage\":{\"@id\":\"https:\\\/\\\/wp.kristdemokraterna.se\\\/hakanjohansson\\\/2014\\\/08\\\/06\\\/mina-foldrar-har-kommit\\\/#primaryimage\"},\"image\":{\"@id\":\"https:\\\/\\\/wp.kristdemokraterna.se\\\/hakanjohansson\\\/2014\\\/08\\\/06\\\/mina-foldrar-har-kommit\\\/#primaryimage\"},\"thumbnailUrl\":\"https:\\\/\\\/wp.kristdemokraterna.se\\\/hakanjohansson\\\/files\\\/2014\\\/08\\\/20140806_kandidatfoldern.png\",\"datePublished\":\"2014-08-06T21:13:20+00:00\",\"dateModified\":\"2015-07-13T17:35:19+00:00\",\"author\":{\"@id\":\"https:\\\/\\\/wp.kristdemokraterna.se\\\/hakanjohansson\\\/#\\\/schema\\\/person\\\/1ebb24d2d3a4cdd92106ea18359c8b63\"},\"breadcrumb\":{\"@id\":\"https:\\\/\\\/wp.kristdemokraterna.se\\\/hakanjohansson\\\/2014\\\/08\\\/06\\\/mina-foldrar-har-kommit\\\/#breadcrumb\"},\"inLanguage\":\"sv-SE\",\"potentialAction\":[{\"@type\":\"ReadAction\",\"target\":[\"https:\\\/\\\/wp.kristdemokraterna.se\\\/hakanjohansson\\\/2014\\\/08\\\/06\\\/mina-foldrar-har-kommit\\\/\"]}]},{\"@type\":\"ImageObject\",\"inLanguage\":\"sv-SE\",\"@id\":\"https:\\\/\\\/wp.kristdemokraterna.se\\\/hakanjohansson\\\/2014\\\/08\\\/06\\\/mina-foldrar-har-kommit\\\/#primaryimage\",\"url\":\"https:\\\/\\\/wp.kristdemokraterna.se\\\/hakanjohansson\\\/files\\\/2014\\\/08\\\/20140806_kandidatfoldern.png\",\"contentUrl\":\"https:\\\/\\\/wp.kristdemokraterna.se\\\/hakanjohansson\\\/files\\\/2014\\\/08\\\/20140806_kandidatfoldern.png\",\"width\":435,\"height\":245,\"caption\":\"Lilla julafton! I dag kom kandidatfoldrarna. :D (Foto: H\u00e5kan Johansson)\"},{\"@type\":\"BreadcrumbList\",\"@id\":\"https:\\\/\\\/wp.kristdemokraterna.se\\\/hakanjohansson\\\/2014\\\/08\\\/06\\\/mina-foldrar-har-kommit\\\/#breadcrumb\",\"itemListElement\":[{\"@type\":\"ListItem\",\"position\":1,\"name\":\"Hem\",\"item\":\"https:\\\/\\\/wp.kristdemokraterna.se\\\/hakanjohansson\\\/\"},{\"@type\":\"ListItem\",\"position\":2,\"name\":\"Mina foldrar har kommit!\"}]},{\"@type\":\"WebSite\",\"@id\":\"https:\\\/\\\/wp.kristdemokraterna.se\\\/hakanjohansson\\\/#website\",\"url\":\"https:\\\/\\\/wp.kristdemokraterna.se\\\/hakanjohansson\\\/\",\"name\":\"H\u00e5kan Johansson, KD\",\"description\":\"Politik, musik och teknik...\",\"inLanguage\":\"sv-SE\"},{\"@type\":\"Person\",\"@id\":\"https:\\\/\\\/wp.kristdemokraterna.se\\\/hakanjohansson\\\/#\\\/schema\\\/person\\\/1ebb24d2d3a4cdd92106ea18359c8b63\",\"name\":\"H\u00e5kan Johansson\",\"image\":{\"@type\":\"ImageObject\",\"inLanguage\":\"sv-SE\",\"@id\":\"https:\\\/\\\/secure.gravatar.com\\\/avatar\\\/2f492f08c4bdc714d7db0d433c48b51adbc8f67dd2112ac3a50d66d0d1ddd173?s=96&r=g\",\"url\":\"https:\\\/\\\/secure.gravatar.com\\\/avatar\\\/2f492f08c4bdc714d7db0d433c48b51adbc8f67dd2112ac3a50d66d0d1ddd173?s=96&r=g\",\"contentUrl\":\"https:\\\/\\\/secure.gravatar.com\\\/avatar\\\/2f492f08c4bdc714d7db0d433c48b51adbc8f67dd2112ac3a50d66d0d1ddd173?s=96&r=g\",\"caption\":\"H\u00e5kan Johansson\"},\"description\":\"Politik, musik och teknik...\",\"sameAs\":[\"https:\\\/\\\/wp.kristdemokraterna.se\\\/hakanjohansson\"],\"url\":\"https:\\\/\\\/wp.kristdemokraterna.se\\\/hakanjohansson\\\/author\\\/hakanjohansson\\\/\"}]}<\/script>\n<!-- \/ Yoast SEO plugin. -->","yoast_head_json":{"title":"Mina foldrar har kommit! - H\u00e5kan Johansson, KD","robots":{"index":"index","follow":"follow","max-snippet":"max-snippet:-1","max-image-preview":"max-image-preview:large","max-video-preview":"max-video-preview:-1"},"canonical":"https:\/\/wp.kristdemokraterna.se\/hakanjohansson\/2014\/08\/06\/mina-foldrar-har-kommit\/","og_locale":"sv_SE","og_type":"article","og_title":"Mina foldrar har kommit! - H\u00e5kan Johansson, KD","og_description":"Det \u00e4r alltid roligt att f\u00e5 paket. I dag fick jag tv\u00e5! Direkt n\u00e4r de ringde fr\u00e5n \u00e5keriet fattade jag vad det var \u2013\u00a0foldrarna. 27 kg valfoldrar! De kom i tv\u00e5 stora kartonger fullproppade med mitt livs\u00a0f\u00f6rsta helt egna kandidatfoldrar. Jag har g\u00e5tt och v\u00e4ntat p\u00e5 dem \u00e4nda sedan jag tryckte p\u00e5 knappen. \ud83d\ude09 Nu&hellip; Forts\u00e4tt l\u00e4sa","og_url":"https:\/\/wp.kristdemokraterna.se\/hakanjohansson\/2014\/08\/06\/mina-foldrar-har-kommit\/","og_site_name":"H\u00e5kan Johansson, KD","article_published_time":"2014-08-06T21:13:20+00:00","article_modified_time":"2015-07-13T17:35:19+00:00","og_image":[{"width":435,"height":245,"url":"https:\/\/wp.kristdemokraterna.se\/hakanjohansson\/files\/2014\/08\/20140806_kandidatfoldern.png","type":"image\/png"}],"author":"H\u00e5kan Johansson","twitter_card":"summary_large_image","twitter_misc":{"Skriven av":"H\u00e5kan Johansson","Ber\u00e4knad l\u00e4stid":"1 minut"},"schema":{"@context":"https:\/\/schema.org","@graph":[{"@type":"Article","@id":"https:\/\/wp.kristdemokraterna.se\/hakanjohansson\/2014\/08\/06\/mina-foldrar-har-kommit\/#article","isPartOf":{"@id":"https:\/\/wp.kristdemokraterna.se\/hakanjohansson\/2014\/08\/06\/mina-foldrar-har-kommit\/"},"author":{"name":"H\u00e5kan Johansson","@id":"https:\/\/wp.kristdemokraterna.se\/hakanjohansson\/#\/schema\/person\/1ebb24d2d3a4cdd92106ea18359c8b63"},"headline":"Mina foldrar har kommit!","datePublished":"2014-08-06T21:13:20+00:00","dateModified":"2015-07-13T17:35:19+00:00","mainEntityOfPage":{"@id":"https:\/\/wp.kristdemokraterna.se\/hakanjohansson\/2014\/08\/06\/mina-foldrar-har-kommit\/"},"wordCount":141,"image":{"@id":"https:\/\/wp.kristdemokraterna.se\/hakanjohansson\/2014\/08\/06\/mina-foldrar-har-kommit\/#primaryimage"},"thumbnailUrl":"https:\/\/wp.kristdemokraterna.se\/hakanjohansson\/files\/2014\/08\/20140806_kandidatfoldern.png","keywords":["kandidatfolder","lilla julafton","motion","paket","personkryss","valr\u00f6relse"],"articleSection":["Inl\u00e4gg"],"inLanguage":"sv-SE"},{"@type":"WebPage","@id":"https:\/\/wp.kristdemokraterna.se\/hakanjohansson\/2014\/08\/06\/mina-foldrar-har-kommit\/","url":"https:\/\/wp.kristdemokraterna.se\/hakanjohansson\/2014\/08\/06\/mina-foldrar-har-kommit\/","name":"Mina foldrar har kommit! - H\u00e5kan Johansson, KD","isPartOf":{"@id":"https:\/\/wp.kristdemokraterna.se\/hakanjohansson\/#website"},"primaryImageOfPage":{"@id":"https:\/\/wp.kristdemokraterna.se\/hakanjohansson\/2014\/08\/06\/mina-foldrar-har-kommit\/#primaryimage"},"image":{"@id":"https:\/\/wp.kristdemokraterna.se\/hakanjohansson\/2014\/08\/06\/mina-foldrar-har-kommit\/#primaryimage"},"thumbnailUrl":"https:\/\/wp.kristdemokraterna.se\/hakanjohansson\/files\/2014\/08\/20140806_kandidatfoldern.png","datePublished":"2014-08-06T21:13:20+00:00","dateModified":"2015-07-13T17:35:19+00:00","author":{"@id":"https:\/\/wp.kristdemokraterna.se\/hakanjohansson\/#\/schema\/person\/1ebb24d2d3a4cdd92106ea18359c8b63"},"breadcrumb":{"@id":"https:\/\/wp.kristdemokraterna.se\/hakanjohansson\/2014\/08\/06\/mina-foldrar-har-kommit\/#breadcrumb"},"inLanguage":"sv-SE","potentialAction":[{"@type":"ReadAction","target":["https:\/\/wp.kristdemokraterna.se\/hakanjohansson\/2014\/08\/06\/mina-foldrar-har-kommit\/"]}]},{"@type":"ImageObject","inLanguage":"sv-SE","@id":"https:\/\/wp.kristdemokraterna.se\/hakanjohansson\/2014\/08\/06\/mina-foldrar-har-kommit\/#primaryimage","url":"https:\/\/wp.kristdemokraterna.se\/hakanjohansson\/files\/2014\/08\/20140806_kandidatfoldern.png","contentUrl":"https:\/\/wp.kristdemokraterna.se\/hakanjohansson\/files\/2014\/08\/20140806_kandidatfoldern.png","width":435,"height":245,"caption":"Lilla julafton! I dag kom kandidatfoldrarna. :D (Foto: H\u00e5kan Johansson)"},{"@type":"BreadcrumbList","@id":"https:\/\/wp.kristdemokraterna.se\/hakanjohansson\/2014\/08\/06\/mina-foldrar-har-kommit\/#breadcrumb","itemListElement":[{"@type":"ListItem","position":1,"name":"Hem","item":"https:\/\/wp.kristdemokraterna.se\/hakanjohansson\/"},{"@type":"ListItem","position":2,"name":"Mina foldrar har kommit!"}]},{"@type":"WebSite","@id":"https:\/\/wp.kristdemokraterna.se\/hakanjohansson\/#website","url":"https:\/\/wp.kristdemokraterna.se\/hakanjohansson\/","name":"H\u00e5kan Johansson, KD","description":"Politik, musik och teknik...","inLanguage":"sv-SE"},{"@type":"Person","@id":"https:\/\/wp.kristdemokraterna.se\/hakanjohansson\/#\/schema\/person\/1ebb24d2d3a4cdd92106ea18359c8b63","name":"H\u00e5kan Johansson","image":{"@type":"ImageObject","inLanguage":"sv-SE","@id":"https:\/\/secure.gravatar.com\/avatar\/2f492f08c4bdc714d7db0d433c48b51adbc8f67dd2112ac3a50d66d0d1ddd173?s=96&r=g","url":"https:\/\/secure.gravatar.com\/avatar\/2f492f08c4bdc714d7db0d433c48b51adbc8f67dd2112ac3a50d66d0d1ddd173?s=96&r=g","contentUrl":"https:\/\/secure.gravatar.com\/avatar\/2f492f08c4bdc714d7db0d433c48b51adbc8f67dd2112ac3a50d66d0d1ddd173?s=96&r=g","caption":"H\u00e5kan Johansson"},"description":"Politik, musik och teknik...","sameAs":["https:\/\/wp.kristdemokraterna.se\/hakanjohansson"],"url":"https:\/\/wp.kristdemokraterna.se\/hakanjohansson\/author\/hakanjohansson\/"}]}},"_links":{"self":[{"href":"https:\/\/wp.kristdemokraterna.se\/hakanjohansson\/wp-json\/wp\/v2\/posts\/1148","targetHints":{"allow":["GET"]}}],"collection":[{"href":"https:\/\/wp.kristdemokraterna.se\/hakanjohansson\/wp-json\/wp\/v2\/posts"}],"about":[{"href":"https:\/\/wp.kristdemokraterna.se\/hakanjohansson\/wp-json\/wp\/v2\/types\/post"}],"author":[{"embeddable":true,"href":"https:\/\/wp.kristdemokraterna.se\/hakanjohansson\/wp-json\/wp\/v2\/users\/507"}],"replies":[{"embeddable":true,"href":"https:\/\/wp.kristdemokraterna.se\/hakanjohansson\/wp-json\/wp\/v2\/comments?post=1148"}],"version-history":[{"count":9,"href":"https:\/\/wp.kristdemokraterna.se\/hakanjohansson\/wp-json\/wp\/v2\/posts\/1148\/revisions"}],"predecessor-version":[{"id":2091,"href":"https:\/\/wp.kristdemokraterna.se\/hakanjohansson\/wp-json\/wp\/v2\/posts\/1148\/revisions\/2091"}],"wp:featuredmedia":[{"embeddable":true,"href":"https:\/\/wp.kristdemokraterna.se\/hakanjohansson\/wp-json\/wp\/v2\/media\/1149"}],"wp:attachment":[{"href":"https:\/\/wp.kristdemokraterna.se\/hakanjohansson\/wp-json\/wp\/v2\/media?parent=1148"}],"wp:term":[{"taxonomy":"category","embeddable":true,"href":"https:\/\/wp.kristdemokraterna.se\/hakanjohansson\/wp-json\/wp\/v2\/categories?post=1148"},{"taxonomy":"post_tag","embeddable":true,"href":"https:\/\/wp.kristdemokraterna.se\/hakanjohansson\/wp-json\/wp\/v2\/tags?post=1148"}],"curies":[{"name":"wp","href":"https:\/\/api.w.org\/{rel}","templated":true}]}}