{"id":1248,"date":"2014-08-11T10:53:20","date_gmt":"2014-08-11T08:53:20","guid":{"rendered":"http:\/\/wp.kristdemokraterna.se\/hakanjohansson\/?p=1248"},"modified":"2015-07-13T19:22:52","modified_gmt":"2015-07-13T17:22:52","slug":"kompade-camilla-i-karda","status":"publish","type":"post","link":"https:\/\/wp.kristdemokraterna.se\/hakanjohansson\/2014\/08\/11\/kompade-camilla-i-karda\/","title":{"rendered":"Kompade Camilla i K\u00e4rda"},"content":{"rendered":"<p>\u2013 Kan du kompa mig p\u00e5 Seniorf\u00f6rbundets valm\u00f6te i K\u00e4rda? fr\u00e5gade Camilla Rinaldo Miller.<\/p>\n<p>Jag svarade ja f\u00f6rst\u00e5s och hamnade p\u00e5 ett trevligt valm\u00f6te och fick chansen att dela ut mina <a title=\"Mina foldrar har kommit!\" href=\"http:\/\/wp.kristdemokraterna.se\/hakanjohansson\/2014\/08\/06\/mina-foldrar-har-kommit\/\">kandidatfoldrar<\/a> f\u00f6r f\u00f6rsta g\u00e5ngen. Naturligtvis passade jag p\u00e5 att skriva lite till hemsidan ocks\u00e5:<br \/>\n[<a title=\"Uppskattat m\u00f6te i K\u00e4rda\" href=\"http:\/\/wp.kristdemokraterna.se\/varnamo\/2014\/08\/11\/uppskattat-mote-i-karda\/\" target=\"_blank\">Uppskattat m\u00f6te i K\u00e4rda<\/a>]<\/p>\n<p><!--more--><\/p>\n\n\t\t<style type=\"text\/css\">\n\t\t\t#gallery-1 {\n\t\t\t\tmargin: auto;\n\t\t\t}\n\t\t\t#gallery-1 .gallery-item {\n\t\t\t\tfloat: left;\n\t\t\t\tmargin-top: 10px;\n\t\t\t\ttext-align: center;\n\t\t\t\twidth: 33%;\n\t\t\t}\n\t\t\t#gallery-1 img {\n\t\t\t\tborder: 2px solid #cfcfcf;\n\t\t\t}\n\t\t\t#gallery-1 .gallery-caption {\n\t\t\t\tmargin-left: 0;\n\t\t\t}\n\t\t\t\/* see gallery_shortcode() in wp-includes\/media.php *\/\n\t\t<\/style>\n\t\t<div id='gallery-1' class='gallery galleryid-1248 gallery-columns-3 gallery-size-thumbnail'><dl class='gallery-item'>\n\t\t\t<dt class='gallery-icon landscape'>\n\t\t\t\t<a href='https:\/\/wp.kristdemokraterna.se\/hakanjohansson\/2014\/08\/11\/kompade-camilla-i-karda\/20140811-seniorforbundet-karda\/'><img loading=\"lazy\" decoding=\"async\" width=\"150\" height=\"150\" src=\"https:\/\/wp.kristdemokraterna.se\/hakanjohansson\/files\/2014\/09\/20140811_seniorforbundet_karda-150x150.jpg\" class=\"attachment-thumbnail size-thumbnail\" alt=\"N\u00e5gra av de medverkand p\u00e5 valm\u00f6tet i K\u00e4rda. (Foto: H\u00e5kan Johansson)\" aria-describedby=\"gallery-1-1247\" \/><\/a>\n\t\t\t<\/dt>\n\t\t\t\t<dd class='wp-caption-text gallery-caption' id='gallery-1-1247'>\n\t\t\t\tN\u00e5gra av de medverkand p\u00e5 valm\u00f6tet i K\u00e4rda. (Foto: H\u00e5kan Johansson)\n\t\t\t\t<\/dd><\/dl>\n\t\t\t<br style='clear: both' \/>\n\t\t<\/div>\n\n","protected":false},"excerpt":{"rendered":"<p>\u2013 Kan du kompa mig p\u00e5 Seniorf\u00f6rbundets valm\u00f6te i K\u00e4rda? fr\u00e5gade Camilla Rinaldo Miller. Jag svarade ja f\u00f6rst\u00e5s och hamnade p\u00e5 ett trevligt valm\u00f6te och fick chansen att dela ut mina kandidatfoldrar f\u00f6r f\u00f6rsta g\u00e5ngen. Naturligtvis passade jag p\u00e5 att skriva lite till hemsidan ocks\u00e5: [Uppskattat m\u00f6te i K\u00e4rda]<\/p>\n","protected":false},"author":507,"featured_media":1247,"comment_status":"closed","ping_status":"closed","sticky":false,"template":"","format":"standard","meta":{"_acf_changed":false,"footnotes":""},"categories":[41],"tags":[83,415,628,745,743,547,744,63],"class_list":["post-1248","post","type-post","status-publish","format-standard","hentry","category-inlagg","tag-camilla-rinaldo-miller","tag-hemsida","tag-kandidatfolder","tag-karda","tag-kompa","tag-seniorforbundet","tag-valmote","tag-valrorelse"],"acf":[],"yoast_head":"<!-- This site is optimized with the Yoast SEO plugin v27.4 - https:\/\/yoast.com\/product\/yoast-seo-wordpress\/ -->\n<title>Kompade Camilla i K\u00e4rda - H\u00e5kan Johansson, KD<\/title>\n<meta name=\"robots\" content=\"index, follow, max-snippet:-1, max-image-preview:large, max-video-preview:-1\" \/>\n<link rel=\"canonical\" href=\"https:\/\/wp.kristdemokraterna.se\/hakanjohansson\/2014\/08\/11\/kompade-camilla-i-karda\/\" \/>\n<meta property=\"og:locale\" content=\"sv_SE\" \/>\n<meta property=\"og:type\" content=\"article\" \/>\n<meta property=\"og:title\" content=\"Kompade Camilla i K\u00e4rda - H\u00e5kan Johansson, KD\" \/>\n<meta property=\"og:description\" content=\"\u2013 Kan du kompa mig p\u00e5 Seniorf\u00f6rbundets valm\u00f6te i K\u00e4rda? fr\u00e5gade Camilla Rinaldo Miller. Jag svarade ja f\u00f6rst\u00e5s och hamnade p\u00e5 ett trevligt valm\u00f6te och fick chansen att dela ut mina kandidatfoldrar f\u00f6r f\u00f6rsta g\u00e5ngen. Naturligtvis passade jag p\u00e5 att skriva lite till hemsidan ocks\u00e5: [Uppskattat m\u00f6te i K\u00e4rda]\" \/>\n<meta property=\"og:url\" content=\"https:\/\/wp.kristdemokraterna.se\/hakanjohansson\/2014\/08\/11\/kompade-camilla-i-karda\/\" \/>\n<meta property=\"og:site_name\" content=\"H\u00e5kan Johansson, KD\" \/>\n<meta property=\"article:published_time\" content=\"2014-08-11T08:53:20+00:00\" \/>\n<meta property=\"article:modified_time\" content=\"2015-07-13T17:22:52+00:00\" \/>\n<meta property=\"og:image\" content=\"https:\/\/wp.kristdemokraterna.se\/hakanjohansson\/files\/2014\/09\/20140811_seniorforbundet_karda.jpg\" \/>\n\t<meta property=\"og:image:width\" content=\"504\" \/>\n\t<meta property=\"og:image:height\" content=\"378\" \/>\n\t<meta property=\"og:image:type\" content=\"image\/jpeg\" \/>\n<meta name=\"author\" content=\"H\u00e5kan Johansson\" \/>\n<meta name=\"twitter:card\" content=\"summary_large_image\" \/>\n<meta name=\"twitter:label1\" content=\"Skriven av\" \/>\n\t<meta name=\"twitter:data1\" content=\"H\u00e5kan Johansson\" \/>\n<script type=\"application\/ld+json\" class=\"yoast-schema-graph\">{\"@context\":\"https:\\\/\\\/schema.org\",\"@graph\":[{\"@type\":\"Article\",\"@id\":\"https:\\\/\\\/wp.kristdemokraterna.se\\\/hakanjohansson\\\/2014\\\/08\\\/11\\\/kompade-camilla-i-karda\\\/#article\",\"isPartOf\":{\"@id\":\"https:\\\/\\\/wp.kristdemokraterna.se\\\/hakanjohansson\\\/2014\\\/08\\\/11\\\/kompade-camilla-i-karda\\\/\"},\"author\":{\"name\":\"H\u00e5kan Johansson\",\"@id\":\"https:\\\/\\\/wp.kristdemokraterna.se\\\/hakanjohansson\\\/#\\\/schema\\\/person\\\/1ebb24d2d3a4cdd92106ea18359c8b63\"},\"headline\":\"Kompade Camilla i K\u00e4rda\",\"datePublished\":\"2014-08-11T08:53:20+00:00\",\"dateModified\":\"2015-07-13T17:22:52+00:00\",\"mainEntityOfPage\":{\"@id\":\"https:\\\/\\\/wp.kristdemokraterna.se\\\/hakanjohansson\\\/2014\\\/08\\\/11\\\/kompade-camilla-i-karda\\\/\"},\"wordCount\":71,\"image\":{\"@id\":\"https:\\\/\\\/wp.kristdemokraterna.se\\\/hakanjohansson\\\/2014\\\/08\\\/11\\\/kompade-camilla-i-karda\\\/#primaryimage\"},\"thumbnailUrl\":\"https:\\\/\\\/wp.kristdemokraterna.se\\\/hakanjohansson\\\/files\\\/2014\\\/09\\\/20140811_seniorforbundet_karda.jpg\",\"keywords\":[\"Camilla Rinaldo Miller\",\"hemsida\",\"kandidatfolder\",\"K\u00e4rda\",\"kompa\",\"Seniorf\u00f6rbundet\",\"valm\u00f6te\",\"valr\u00f6relse\"],\"articleSection\":[\"Inl\u00e4gg\"],\"inLanguage\":\"sv-SE\"},{\"@type\":\"WebPage\",\"@id\":\"https:\\\/\\\/wp.kristdemokraterna.se\\\/hakanjohansson\\\/2014\\\/08\\\/11\\\/kompade-camilla-i-karda\\\/\",\"url\":\"https:\\\/\\\/wp.kristdemokraterna.se\\\/hakanjohansson\\\/2014\\\/08\\\/11\\\/kompade-camilla-i-karda\\\/\",\"name\":\"Kompade Camilla i K\u00e4rda - H\u00e5kan Johansson, KD\",\"isPartOf\":{\"@id\":\"https:\\\/\\\/wp.kristdemokraterna.se\\\/hakanjohansson\\\/#website\"},\"primaryImageOfPage\":{\"@id\":\"https:\\\/\\\/wp.kristdemokraterna.se\\\/hakanjohansson\\\/2014\\\/08\\\/11\\\/kompade-camilla-i-karda\\\/#primaryimage\"},\"image\":{\"@id\":\"https:\\\/\\\/wp.kristdemokraterna.se\\\/hakanjohansson\\\/2014\\\/08\\\/11\\\/kompade-camilla-i-karda\\\/#primaryimage\"},\"thumbnailUrl\":\"https:\\\/\\\/wp.kristdemokraterna.se\\\/hakanjohansson\\\/files\\\/2014\\\/09\\\/20140811_seniorforbundet_karda.jpg\",\"datePublished\":\"2014-08-11T08:53:20+00:00\",\"dateModified\":\"2015-07-13T17:22:52+00:00\",\"author\":{\"@id\":\"https:\\\/\\\/wp.kristdemokraterna.se\\\/hakanjohansson\\\/#\\\/schema\\\/person\\\/1ebb24d2d3a4cdd92106ea18359c8b63\"},\"breadcrumb\":{\"@id\":\"https:\\\/\\\/wp.kristdemokraterna.se\\\/hakanjohansson\\\/2014\\\/08\\\/11\\\/kompade-camilla-i-karda\\\/#breadcrumb\"},\"inLanguage\":\"sv-SE\",\"potentialAction\":[{\"@type\":\"ReadAction\",\"target\":[\"https:\\\/\\\/wp.kristdemokraterna.se\\\/hakanjohansson\\\/2014\\\/08\\\/11\\\/kompade-camilla-i-karda\\\/\"]}]},{\"@type\":\"ImageObject\",\"inLanguage\":\"sv-SE\",\"@id\":\"https:\\\/\\\/wp.kristdemokraterna.se\\\/hakanjohansson\\\/2014\\\/08\\\/11\\\/kompade-camilla-i-karda\\\/#primaryimage\",\"url\":\"https:\\\/\\\/wp.kristdemokraterna.se\\\/hakanjohansson\\\/files\\\/2014\\\/09\\\/20140811_seniorforbundet_karda.jpg\",\"contentUrl\":\"https:\\\/\\\/wp.kristdemokraterna.se\\\/hakanjohansson\\\/files\\\/2014\\\/09\\\/20140811_seniorforbundet_karda.jpg\",\"width\":504,\"height\":378,\"caption\":\"N\u00e5gra av de medverkand p\u00e5 valm\u00f6tet i K\u00e4rda. (Foto: H\u00e5kan Johansson)\"},{\"@type\":\"BreadcrumbList\",\"@id\":\"https:\\\/\\\/wp.kristdemokraterna.se\\\/hakanjohansson\\\/2014\\\/08\\\/11\\\/kompade-camilla-i-karda\\\/#breadcrumb\",\"itemListElement\":[{\"@type\":\"ListItem\",\"position\":1,\"name\":\"Hem\",\"item\":\"https:\\\/\\\/wp.kristdemokraterna.se\\\/hakanjohansson\\\/\"},{\"@type\":\"ListItem\",\"position\":2,\"name\":\"Kompade Camilla i K\u00e4rda\"}]},{\"@type\":\"WebSite\",\"@id\":\"https:\\\/\\\/wp.kristdemokraterna.se\\\/hakanjohansson\\\/#website\",\"url\":\"https:\\\/\\\/wp.kristdemokraterna.se\\\/hakanjohansson\\\/\",\"name\":\"H\u00e5kan Johansson, KD\",\"description\":\"Politik, musik och teknik...\",\"inLanguage\":\"sv-SE\"},{\"@type\":\"Person\",\"@id\":\"https:\\\/\\\/wp.kristdemokraterna.se\\\/hakanjohansson\\\/#\\\/schema\\\/person\\\/1ebb24d2d3a4cdd92106ea18359c8b63\",\"name\":\"H\u00e5kan Johansson\",\"image\":{\"@type\":\"ImageObject\",\"inLanguage\":\"sv-SE\",\"@id\":\"https:\\\/\\\/secure.gravatar.com\\\/avatar\\\/2f492f08c4bdc714d7db0d433c48b51adbc8f67dd2112ac3a50d66d0d1ddd173?s=96&r=g\",\"url\":\"https:\\\/\\\/secure.gravatar.com\\\/avatar\\\/2f492f08c4bdc714d7db0d433c48b51adbc8f67dd2112ac3a50d66d0d1ddd173?s=96&r=g\",\"contentUrl\":\"https:\\\/\\\/secure.gravatar.com\\\/avatar\\\/2f492f08c4bdc714d7db0d433c48b51adbc8f67dd2112ac3a50d66d0d1ddd173?s=96&r=g\",\"caption\":\"H\u00e5kan Johansson\"},\"description\":\"Politik, musik och teknik...\",\"sameAs\":[\"https:\\\/\\\/wp.kristdemokraterna.se\\\/hakanjohansson\"],\"url\":\"https:\\\/\\\/wp.kristdemokraterna.se\\\/hakanjohansson\\\/author\\\/hakanjohansson\\\/\"}]}<\/script>\n<!-- \/ Yoast SEO plugin. -->","yoast_head_json":{"title":"Kompade Camilla i K\u00e4rda - H\u00e5kan Johansson, KD","robots":{"index":"index","follow":"follow","max-snippet":"max-snippet:-1","max-image-preview":"max-image-preview:large","max-video-preview":"max-video-preview:-1"},"canonical":"https:\/\/wp.kristdemokraterna.se\/hakanjohansson\/2014\/08\/11\/kompade-camilla-i-karda\/","og_locale":"sv_SE","og_type":"article","og_title":"Kompade Camilla i K\u00e4rda - H\u00e5kan Johansson, KD","og_description":"\u2013 Kan du kompa mig p\u00e5 Seniorf\u00f6rbundets valm\u00f6te i K\u00e4rda? fr\u00e5gade Camilla Rinaldo Miller. Jag svarade ja f\u00f6rst\u00e5s och hamnade p\u00e5 ett trevligt valm\u00f6te och fick chansen att dela ut mina kandidatfoldrar f\u00f6r f\u00f6rsta g\u00e5ngen. Naturligtvis passade jag p\u00e5 att skriva lite till hemsidan ocks\u00e5: [Uppskattat m\u00f6te i K\u00e4rda]","og_url":"https:\/\/wp.kristdemokraterna.se\/hakanjohansson\/2014\/08\/11\/kompade-camilla-i-karda\/","og_site_name":"H\u00e5kan Johansson, KD","article_published_time":"2014-08-11T08:53:20+00:00","article_modified_time":"2015-07-13T17:22:52+00:00","og_image":[{"width":504,"height":378,"url":"https:\/\/wp.kristdemokraterna.se\/hakanjohansson\/files\/2014\/09\/20140811_seniorforbundet_karda.jpg","type":"image\/jpeg"}],"author":"H\u00e5kan Johansson","twitter_card":"summary_large_image","twitter_misc":{"Skriven av":"H\u00e5kan Johansson"},"schema":{"@context":"https:\/\/schema.org","@graph":[{"@type":"Article","@id":"https:\/\/wp.kristdemokraterna.se\/hakanjohansson\/2014\/08\/11\/kompade-camilla-i-karda\/#article","isPartOf":{"@id":"https:\/\/wp.kristdemokraterna.se\/hakanjohansson\/2014\/08\/11\/kompade-camilla-i-karda\/"},"author":{"name":"H\u00e5kan Johansson","@id":"https:\/\/wp.kristdemokraterna.se\/hakanjohansson\/#\/schema\/person\/1ebb24d2d3a4cdd92106ea18359c8b63"},"headline":"Kompade Camilla i K\u00e4rda","datePublished":"2014-08-11T08:53:20+00:00","dateModified":"2015-07-13T17:22:52+00:00","mainEntityOfPage":{"@id":"https:\/\/wp.kristdemokraterna.se\/hakanjohansson\/2014\/08\/11\/kompade-camilla-i-karda\/"},"wordCount":71,"image":{"@id":"https:\/\/wp.kristdemokraterna.se\/hakanjohansson\/2014\/08\/11\/kompade-camilla-i-karda\/#primaryimage"},"thumbnailUrl":"https:\/\/wp.kristdemokraterna.se\/hakanjohansson\/files\/2014\/09\/20140811_seniorforbundet_karda.jpg","keywords":["Camilla Rinaldo Miller","hemsida","kandidatfolder","K\u00e4rda","kompa","Seniorf\u00f6rbundet","valm\u00f6te","valr\u00f6relse"],"articleSection":["Inl\u00e4gg"],"inLanguage":"sv-SE"},{"@type":"WebPage","@id":"https:\/\/wp.kristdemokraterna.se\/hakanjohansson\/2014\/08\/11\/kompade-camilla-i-karda\/","url":"https:\/\/wp.kristdemokraterna.se\/hakanjohansson\/2014\/08\/11\/kompade-camilla-i-karda\/","name":"Kompade Camilla i K\u00e4rda - H\u00e5kan Johansson, KD","isPartOf":{"@id":"https:\/\/wp.kristdemokraterna.se\/hakanjohansson\/#website"},"primaryImageOfPage":{"@id":"https:\/\/wp.kristdemokraterna.se\/hakanjohansson\/2014\/08\/11\/kompade-camilla-i-karda\/#primaryimage"},"image":{"@id":"https:\/\/wp.kristdemokraterna.se\/hakanjohansson\/2014\/08\/11\/kompade-camilla-i-karda\/#primaryimage"},"thumbnailUrl":"https:\/\/wp.kristdemokraterna.se\/hakanjohansson\/files\/2014\/09\/20140811_seniorforbundet_karda.jpg","datePublished":"2014-08-11T08:53:20+00:00","dateModified":"2015-07-13T17:22:52+00:00","author":{"@id":"https:\/\/wp.kristdemokraterna.se\/hakanjohansson\/#\/schema\/person\/1ebb24d2d3a4cdd92106ea18359c8b63"},"breadcrumb":{"@id":"https:\/\/wp.kristdemokraterna.se\/hakanjohansson\/2014\/08\/11\/kompade-camilla-i-karda\/#breadcrumb"},"inLanguage":"sv-SE","potentialAction":[{"@type":"ReadAction","target":["https:\/\/wp.kristdemokraterna.se\/hakanjohansson\/2014\/08\/11\/kompade-camilla-i-karda\/"]}]},{"@type":"ImageObject","inLanguage":"sv-SE","@id":"https:\/\/wp.kristdemokraterna.se\/hakanjohansson\/2014\/08\/11\/kompade-camilla-i-karda\/#primaryimage","url":"https:\/\/wp.kristdemokraterna.se\/hakanjohansson\/files\/2014\/09\/20140811_seniorforbundet_karda.jpg","contentUrl":"https:\/\/wp.kristdemokraterna.se\/hakanjohansson\/files\/2014\/09\/20140811_seniorforbundet_karda.jpg","width":504,"height":378,"caption":"N\u00e5gra av de medverkand p\u00e5 valm\u00f6tet i K\u00e4rda. (Foto: H\u00e5kan Johansson)"},{"@type":"BreadcrumbList","@id":"https:\/\/wp.kristdemokraterna.se\/hakanjohansson\/2014\/08\/11\/kompade-camilla-i-karda\/#breadcrumb","itemListElement":[{"@type":"ListItem","position":1,"name":"Hem","item":"https:\/\/wp.kristdemokraterna.se\/hakanjohansson\/"},{"@type":"ListItem","position":2,"name":"Kompade Camilla i K\u00e4rda"}]},{"@type":"WebSite","@id":"https:\/\/wp.kristdemokraterna.se\/hakanjohansson\/#website","url":"https:\/\/wp.kristdemokraterna.se\/hakanjohansson\/","name":"H\u00e5kan Johansson, KD","description":"Politik, musik och teknik...","inLanguage":"sv-SE"},{"@type":"Person","@id":"https:\/\/wp.kristdemokraterna.se\/hakanjohansson\/#\/schema\/person\/1ebb24d2d3a4cdd92106ea18359c8b63","name":"H\u00e5kan Johansson","image":{"@type":"ImageObject","inLanguage":"sv-SE","@id":"https:\/\/secure.gravatar.com\/avatar\/2f492f08c4bdc714d7db0d433c48b51adbc8f67dd2112ac3a50d66d0d1ddd173?s=96&r=g","url":"https:\/\/secure.gravatar.com\/avatar\/2f492f08c4bdc714d7db0d433c48b51adbc8f67dd2112ac3a50d66d0d1ddd173?s=96&r=g","contentUrl":"https:\/\/secure.gravatar.com\/avatar\/2f492f08c4bdc714d7db0d433c48b51adbc8f67dd2112ac3a50d66d0d1ddd173?s=96&r=g","caption":"H\u00e5kan Johansson"},"description":"Politik, musik och teknik...","sameAs":["https:\/\/wp.kristdemokraterna.se\/hakanjohansson"],"url":"https:\/\/wp.kristdemokraterna.se\/hakanjohansson\/author\/hakanjohansson\/"}]}},"_links":{"self":[{"href":"https:\/\/wp.kristdemokraterna.se\/hakanjohansson\/wp-json\/wp\/v2\/posts\/1248","targetHints":{"allow":["GET"]}}],"collection":[{"href":"https:\/\/wp.kristdemokraterna.se\/hakanjohansson\/wp-json\/wp\/v2\/posts"}],"about":[{"href":"https:\/\/wp.kristdemokraterna.se\/hakanjohansson\/wp-json\/wp\/v2\/types\/post"}],"author":[{"embeddable":true,"href":"https:\/\/wp.kristdemokraterna.se\/hakanjohansson\/wp-json\/wp\/v2\/users\/507"}],"replies":[{"embeddable":true,"href":"https:\/\/wp.kristdemokraterna.se\/hakanjohansson\/wp-json\/wp\/v2\/comments?post=1248"}],"version-history":[{"count":5,"href":"https:\/\/wp.kristdemokraterna.se\/hakanjohansson\/wp-json\/wp\/v2\/posts\/1248\/revisions"}],"predecessor-version":[{"id":2086,"href":"https:\/\/wp.kristdemokraterna.se\/hakanjohansson\/wp-json\/wp\/v2\/posts\/1248\/revisions\/2086"}],"wp:featuredmedia":[{"embeddable":true,"href":"https:\/\/wp.kristdemokraterna.se\/hakanjohansson\/wp-json\/wp\/v2\/media\/1247"}],"wp:attachment":[{"href":"https:\/\/wp.kristdemokraterna.se\/hakanjohansson\/wp-json\/wp\/v2\/media?parent=1248"}],"wp:term":[{"taxonomy":"category","embeddable":true,"href":"https:\/\/wp.kristdemokraterna.se\/hakanjohansson\/wp-json\/wp\/v2\/categories?post=1248"},{"taxonomy":"post_tag","embeddable":true,"href":"https:\/\/wp.kristdemokraterna.se\/hakanjohansson\/wp-json\/wp\/v2\/tags?post=1248"}],"curies":[{"name":"wp","href":"https:\/\/api.w.org\/{rel}","templated":true}]}}