{"id":1252,"date":"2014-08-13T11:14:27","date_gmt":"2014-08-13T09:14:27","guid":{"rendered":"http:\/\/wp.kristdemokraterna.se\/hakanjohansson\/?p=1252"},"modified":"2015-07-13T19:21:02","modified_gmt":"2015-07-13T17:21:02","slug":"valkickoff-med-kraftskiva","status":"publish","type":"post","link":"https:\/\/wp.kristdemokraterna.se\/hakanjohansson\/2014\/08\/13\/valkickoff-med-kraftskiva\/","title":{"rendered":"Valkickoff med kr\u00e4ftskiva"},"content":{"rendered":"<p>Kv\u00e4llens valkickoff med Kristdemokraterna V\u00e4rnamo i Rydaholm var verkligen inspirerande. Vi kunde pricka av 10 av tolv punkter fr\u00e5n <a title=\"Vi h\u00e5ller vad vi lovar\" href=\"http:\/\/wp.kristdemokraterna.se\/varnamo\/2014\/08\/13\/vi-haller-vad-vi-lovar\/\" target=\"_blank\">valmanifestet 2010<\/a>. <a title=\"Kristdemokraterna presenterar valmanifest\" href=\"http:\/\/wp.kristdemokraterna.se\/varnamo\/2014\/08\/13\/kristdemokraterna-presenterar-valmanifest-2\/\" target=\"_blank\">\u00c5rets valmanifest<\/a> presenterades och inneh\u00e5ller mycket sp\u00e4nnande. Sist, men inte minst, Monica Johnssons kr\u00e4ftbuff\u00e9. Supergott! Sj\u00e4lvklart blev det n\u00e5gra foton till Kristdemokraternas hemsida i V\u00e4rnamo:<br \/>\n[<a title=\"Kickoff med utbildning och kr\u00e4ftor\" href=\"http:\/\/wp.kristdemokraterna.se\/varnamo\/2014\/08\/13\/kickoff-med-utbildning-och-kraftor\/\" target=\"_blank\">Kickoff med utbildning och kr\u00e4ftor<\/a>]<\/p>\n<p><!--more--><\/p>\n\n\t\t<style type=\"text\/css\">\n\t\t\t#gallery-1 {\n\t\t\t\tmargin: auto;\n\t\t\t}\n\t\t\t#gallery-1 .gallery-item {\n\t\t\t\tfloat: left;\n\t\t\t\tmargin-top: 10px;\n\t\t\t\ttext-align: center;\n\t\t\t\twidth: 33%;\n\t\t\t}\n\t\t\t#gallery-1 img {\n\t\t\t\tborder: 2px solid #cfcfcf;\n\t\t\t}\n\t\t\t#gallery-1 .gallery-caption {\n\t\t\t\tmargin-left: 0;\n\t\t\t}\n\t\t\t\/* see gallery_shortcode() in wp-includes\/media.php *\/\n\t\t<\/style>\n\t\t<div id='gallery-1' class='gallery galleryid-1252 gallery-columns-3 gallery-size-thumbnail'><dl class='gallery-item'>\n\t\t\t<dt class='gallery-icon landscape'>\n\t\t\t\t<a href='https:\/\/wp.kristdemokraterna.se\/hakanjohansson\/2014\/08\/13\/valkickoff-med-kraftskiva\/20140813-valkickoff-camillarinaldomiller-annsofiebjorhag\/'><img loading=\"lazy\" decoding=\"async\" width=\"150\" height=\"150\" src=\"https:\/\/wp.kristdemokraterna.se\/hakanjohansson\/files\/2014\/08\/20140813_valkickoff_camillarinaldomiller_annsofiebjorhag-150x150.jpg\" class=\"attachment-thumbnail size-thumbnail\" alt=\"Camilla Rinaldo Miller och AnnSofie Bj\u00f6rhag gillade kr\u00e4ftorna. (Foto: H\u00e5kan Johansson)\" aria-describedby=\"gallery-1-1222\" \/><\/a>\n\t\t\t<\/dt>\n\t\t\t\t<dd class='wp-caption-text gallery-caption' id='gallery-1-1222'>\n\t\t\t\tCamilla Rinaldo Miller och AnnSofie Bj\u00f6rhag gillade kr\u00e4ftorna. (Foto: H\u00e5kan Johansson)\n\t\t\t\t<\/dd><\/dl>\n\t\t\t<br style='clear: both' \/>\n\t\t<\/div>\n\n","protected":false},"excerpt":{"rendered":"<p>Kv\u00e4llens valkickoff med Kristdemokraterna V\u00e4rnamo i Rydaholm var verkligen inspirerande. Vi kunde pricka av 10 av tolv punkter fr\u00e5n valmanifestet 2010. \u00c5rets valmanifest presenterades och inneh\u00e5ller mycket sp\u00e4nnande. Sist, men inte minst, Monica Johnssons kr\u00e4ftbuff\u00e9. Supergott! Sj\u00e4lvklart blev det n\u00e5gra foton till Kristdemokraternas hemsida i V\u00e4rnamo: [Kickoff med utbildning och kr\u00e4ftor]<\/p>\n","protected":false},"author":507,"featured_media":1222,"comment_status":"closed","ping_status":"closed","sticky":false,"template":"","format":"standard","meta":{"_acf_changed":false,"footnotes":""},"categories":[41],"tags":[749,83,701,415,748,274,309,747,746,641],"class_list":["post-1252","post","type-post","status-publish","format-standard","hentry","category-inlagg","tag-annsofie-bjorhag","tag-camilla-rinaldo-miller","tag-foto","tag-hemsida","tag-kraftskiva","tag-kristdemokraterna-varnamo","tag-monica-johnsson","tag-rydaholm","tag-valkickoff","tag-valmanifest"],"acf":[],"yoast_head":"<!-- This site is optimized with the Yoast SEO plugin v27.4 - https:\/\/yoast.com\/product\/yoast-seo-wordpress\/ -->\n<title>Valkickoff med kr\u00e4ftskiva - H\u00e5kan Johansson, KD<\/title>\n<meta name=\"robots\" content=\"index, follow, max-snippet:-1, max-image-preview:large, max-video-preview:-1\" \/>\n<link rel=\"canonical\" href=\"https:\/\/wp.kristdemokraterna.se\/hakanjohansson\/2014\/08\/13\/valkickoff-med-kraftskiva\/\" \/>\n<meta property=\"og:locale\" content=\"sv_SE\" \/>\n<meta property=\"og:type\" content=\"article\" \/>\n<meta property=\"og:title\" content=\"Valkickoff med kr\u00e4ftskiva - H\u00e5kan Johansson, KD\" \/>\n<meta property=\"og:description\" content=\"Kv\u00e4llens valkickoff med Kristdemokraterna V\u00e4rnamo i Rydaholm var verkligen inspirerande. Vi kunde pricka av 10 av tolv punkter fr\u00e5n valmanifestet 2010. \u00c5rets valmanifest presenterades och inneh\u00e5ller mycket sp\u00e4nnande. Sist, men inte minst, Monica Johnssons kr\u00e4ftbuff\u00e9. Supergott! Sj\u00e4lvklart blev det n\u00e5gra foton till Kristdemokraternas hemsida i V\u00e4rnamo: [Kickoff med utbildning och kr\u00e4ftor]\" \/>\n<meta property=\"og:url\" content=\"https:\/\/wp.kristdemokraterna.se\/hakanjohansson\/2014\/08\/13\/valkickoff-med-kraftskiva\/\" \/>\n<meta property=\"og:site_name\" content=\"H\u00e5kan Johansson, KD\" \/>\n<meta property=\"article:published_time\" content=\"2014-08-13T09:14:27+00:00\" \/>\n<meta property=\"article:modified_time\" content=\"2015-07-13T17:21:02+00:00\" \/>\n<meta property=\"og:image\" content=\"https:\/\/wp.kristdemokraterna.se\/hakanjohansson\/files\/2014\/08\/20140813_valkickoff_camillarinaldomiller_annsofiebjorhag.jpg\" \/>\n\t<meta property=\"og:image:width\" content=\"554\" \/>\n\t<meta property=\"og:image:height\" content=\"423\" \/>\n\t<meta property=\"og:image:type\" content=\"image\/jpeg\" \/>\n<meta name=\"author\" content=\"H\u00e5kan Johansson\" \/>\n<meta name=\"twitter:card\" content=\"summary_large_image\" \/>\n<meta name=\"twitter:label1\" content=\"Skriven av\" \/>\n\t<meta name=\"twitter:data1\" content=\"H\u00e5kan Johansson\" \/>\n<script type=\"application\/ld+json\" class=\"yoast-schema-graph\">{\"@context\":\"https:\\\/\\\/schema.org\",\"@graph\":[{\"@type\":\"Article\",\"@id\":\"https:\\\/\\\/wp.kristdemokraterna.se\\\/hakanjohansson\\\/2014\\\/08\\\/13\\\/valkickoff-med-kraftskiva\\\/#article\",\"isPartOf\":{\"@id\":\"https:\\\/\\\/wp.kristdemokraterna.se\\\/hakanjohansson\\\/2014\\\/08\\\/13\\\/valkickoff-med-kraftskiva\\\/\"},\"author\":{\"name\":\"H\u00e5kan Johansson\",\"@id\":\"https:\\\/\\\/wp.kristdemokraterna.se\\\/hakanjohansson\\\/#\\\/schema\\\/person\\\/1ebb24d2d3a4cdd92106ea18359c8b63\"},\"headline\":\"Valkickoff med kr\u00e4ftskiva\",\"datePublished\":\"2014-08-13T09:14:27+00:00\",\"dateModified\":\"2015-07-13T17:21:02+00:00\",\"mainEntityOfPage\":{\"@id\":\"https:\\\/\\\/wp.kristdemokraterna.se\\\/hakanjohansson\\\/2014\\\/08\\\/13\\\/valkickoff-med-kraftskiva\\\/\"},\"wordCount\":69,\"image\":{\"@id\":\"https:\\\/\\\/wp.kristdemokraterna.se\\\/hakanjohansson\\\/2014\\\/08\\\/13\\\/valkickoff-med-kraftskiva\\\/#primaryimage\"},\"thumbnailUrl\":\"https:\\\/\\\/wp.kristdemokraterna.se\\\/hakanjohansson\\\/files\\\/2014\\\/08\\\/20140813_valkickoff_camillarinaldomiller_annsofiebjorhag.jpg\",\"keywords\":[\"AnnSofie Bj\u00f6rhag\",\"Camilla Rinaldo Miller\",\"foto\",\"hemsida\",\"kr\u00e4ftskiva\",\"Kristdemokraterna V\u00e4rnamo\",\"Monica Johnsson\",\"Rydaholm\",\"valkickoff\",\"valmanifest\"],\"articleSection\":[\"Inl\u00e4gg\"],\"inLanguage\":\"sv-SE\"},{\"@type\":\"WebPage\",\"@id\":\"https:\\\/\\\/wp.kristdemokraterna.se\\\/hakanjohansson\\\/2014\\\/08\\\/13\\\/valkickoff-med-kraftskiva\\\/\",\"url\":\"https:\\\/\\\/wp.kristdemokraterna.se\\\/hakanjohansson\\\/2014\\\/08\\\/13\\\/valkickoff-med-kraftskiva\\\/\",\"name\":\"Valkickoff med kr\u00e4ftskiva - H\u00e5kan Johansson, KD\",\"isPartOf\":{\"@id\":\"https:\\\/\\\/wp.kristdemokraterna.se\\\/hakanjohansson\\\/#website\"},\"primaryImageOfPage\":{\"@id\":\"https:\\\/\\\/wp.kristdemokraterna.se\\\/hakanjohansson\\\/2014\\\/08\\\/13\\\/valkickoff-med-kraftskiva\\\/#primaryimage\"},\"image\":{\"@id\":\"https:\\\/\\\/wp.kristdemokraterna.se\\\/hakanjohansson\\\/2014\\\/08\\\/13\\\/valkickoff-med-kraftskiva\\\/#primaryimage\"},\"thumbnailUrl\":\"https:\\\/\\\/wp.kristdemokraterna.se\\\/hakanjohansson\\\/files\\\/2014\\\/08\\\/20140813_valkickoff_camillarinaldomiller_annsofiebjorhag.jpg\",\"datePublished\":\"2014-08-13T09:14:27+00:00\",\"dateModified\":\"2015-07-13T17:21:02+00:00\",\"author\":{\"@id\":\"https:\\\/\\\/wp.kristdemokraterna.se\\\/hakanjohansson\\\/#\\\/schema\\\/person\\\/1ebb24d2d3a4cdd92106ea18359c8b63\"},\"breadcrumb\":{\"@id\":\"https:\\\/\\\/wp.kristdemokraterna.se\\\/hakanjohansson\\\/2014\\\/08\\\/13\\\/valkickoff-med-kraftskiva\\\/#breadcrumb\"},\"inLanguage\":\"sv-SE\",\"potentialAction\":[{\"@type\":\"ReadAction\",\"target\":[\"https:\\\/\\\/wp.kristdemokraterna.se\\\/hakanjohansson\\\/2014\\\/08\\\/13\\\/valkickoff-med-kraftskiva\\\/\"]}]},{\"@type\":\"ImageObject\",\"inLanguage\":\"sv-SE\",\"@id\":\"https:\\\/\\\/wp.kristdemokraterna.se\\\/hakanjohansson\\\/2014\\\/08\\\/13\\\/valkickoff-med-kraftskiva\\\/#primaryimage\",\"url\":\"https:\\\/\\\/wp.kristdemokraterna.se\\\/hakanjohansson\\\/files\\\/2014\\\/08\\\/20140813_valkickoff_camillarinaldomiller_annsofiebjorhag.jpg\",\"contentUrl\":\"https:\\\/\\\/wp.kristdemokraterna.se\\\/hakanjohansson\\\/files\\\/2014\\\/08\\\/20140813_valkickoff_camillarinaldomiller_annsofiebjorhag.jpg\",\"width\":554,\"height\":423,\"caption\":\"Camilla Rinaldo Miller och AnnSofie Bj\u00f6rhag gillade kr\u00e4ftorna. (Foto: H\u00e5kan Johansson)\"},{\"@type\":\"BreadcrumbList\",\"@id\":\"https:\\\/\\\/wp.kristdemokraterna.se\\\/hakanjohansson\\\/2014\\\/08\\\/13\\\/valkickoff-med-kraftskiva\\\/#breadcrumb\",\"itemListElement\":[{\"@type\":\"ListItem\",\"position\":1,\"name\":\"Hem\",\"item\":\"https:\\\/\\\/wp.kristdemokraterna.se\\\/hakanjohansson\\\/\"},{\"@type\":\"ListItem\",\"position\":2,\"name\":\"Valkickoff med kr\u00e4ftskiva\"}]},{\"@type\":\"WebSite\",\"@id\":\"https:\\\/\\\/wp.kristdemokraterna.se\\\/hakanjohansson\\\/#website\",\"url\":\"https:\\\/\\\/wp.kristdemokraterna.se\\\/hakanjohansson\\\/\",\"name\":\"H\u00e5kan Johansson, KD\",\"description\":\"Politik, musik och teknik...\",\"inLanguage\":\"sv-SE\"},{\"@type\":\"Person\",\"@id\":\"https:\\\/\\\/wp.kristdemokraterna.se\\\/hakanjohansson\\\/#\\\/schema\\\/person\\\/1ebb24d2d3a4cdd92106ea18359c8b63\",\"name\":\"H\u00e5kan Johansson\",\"image\":{\"@type\":\"ImageObject\",\"inLanguage\":\"sv-SE\",\"@id\":\"https:\\\/\\\/secure.gravatar.com\\\/avatar\\\/2f492f08c4bdc714d7db0d433c48b51adbc8f67dd2112ac3a50d66d0d1ddd173?s=96&r=g\",\"url\":\"https:\\\/\\\/secure.gravatar.com\\\/avatar\\\/2f492f08c4bdc714d7db0d433c48b51adbc8f67dd2112ac3a50d66d0d1ddd173?s=96&r=g\",\"contentUrl\":\"https:\\\/\\\/secure.gravatar.com\\\/avatar\\\/2f492f08c4bdc714d7db0d433c48b51adbc8f67dd2112ac3a50d66d0d1ddd173?s=96&r=g\",\"caption\":\"H\u00e5kan Johansson\"},\"description\":\"Politik, musik och teknik...\",\"sameAs\":[\"https:\\\/\\\/wp.kristdemokraterna.se\\\/hakanjohansson\"],\"url\":\"https:\\\/\\\/wp.kristdemokraterna.se\\\/hakanjohansson\\\/author\\\/hakanjohansson\\\/\"}]}<\/script>\n<!-- \/ Yoast SEO plugin. -->","yoast_head_json":{"title":"Valkickoff med kr\u00e4ftskiva - H\u00e5kan Johansson, KD","robots":{"index":"index","follow":"follow","max-snippet":"max-snippet:-1","max-image-preview":"max-image-preview:large","max-video-preview":"max-video-preview:-1"},"canonical":"https:\/\/wp.kristdemokraterna.se\/hakanjohansson\/2014\/08\/13\/valkickoff-med-kraftskiva\/","og_locale":"sv_SE","og_type":"article","og_title":"Valkickoff med kr\u00e4ftskiva - H\u00e5kan Johansson, KD","og_description":"Kv\u00e4llens valkickoff med Kristdemokraterna V\u00e4rnamo i Rydaholm var verkligen inspirerande. Vi kunde pricka av 10 av tolv punkter fr\u00e5n valmanifestet 2010. \u00c5rets valmanifest presenterades och inneh\u00e5ller mycket sp\u00e4nnande. Sist, men inte minst, Monica Johnssons kr\u00e4ftbuff\u00e9. Supergott! Sj\u00e4lvklart blev det n\u00e5gra foton till Kristdemokraternas hemsida i V\u00e4rnamo: [Kickoff med utbildning och kr\u00e4ftor]","og_url":"https:\/\/wp.kristdemokraterna.se\/hakanjohansson\/2014\/08\/13\/valkickoff-med-kraftskiva\/","og_site_name":"H\u00e5kan Johansson, KD","article_published_time":"2014-08-13T09:14:27+00:00","article_modified_time":"2015-07-13T17:21:02+00:00","og_image":[{"width":554,"height":423,"url":"https:\/\/wp.kristdemokraterna.se\/hakanjohansson\/files\/2014\/08\/20140813_valkickoff_camillarinaldomiller_annsofiebjorhag.jpg","type":"image\/jpeg"}],"author":"H\u00e5kan Johansson","twitter_card":"summary_large_image","twitter_misc":{"Skriven av":"H\u00e5kan Johansson"},"schema":{"@context":"https:\/\/schema.org","@graph":[{"@type":"Article","@id":"https:\/\/wp.kristdemokraterna.se\/hakanjohansson\/2014\/08\/13\/valkickoff-med-kraftskiva\/#article","isPartOf":{"@id":"https:\/\/wp.kristdemokraterna.se\/hakanjohansson\/2014\/08\/13\/valkickoff-med-kraftskiva\/"},"author":{"name":"H\u00e5kan Johansson","@id":"https:\/\/wp.kristdemokraterna.se\/hakanjohansson\/#\/schema\/person\/1ebb24d2d3a4cdd92106ea18359c8b63"},"headline":"Valkickoff med kr\u00e4ftskiva","datePublished":"2014-08-13T09:14:27+00:00","dateModified":"2015-07-13T17:21:02+00:00","mainEntityOfPage":{"@id":"https:\/\/wp.kristdemokraterna.se\/hakanjohansson\/2014\/08\/13\/valkickoff-med-kraftskiva\/"},"wordCount":69,"image":{"@id":"https:\/\/wp.kristdemokraterna.se\/hakanjohansson\/2014\/08\/13\/valkickoff-med-kraftskiva\/#primaryimage"},"thumbnailUrl":"https:\/\/wp.kristdemokraterna.se\/hakanjohansson\/files\/2014\/08\/20140813_valkickoff_camillarinaldomiller_annsofiebjorhag.jpg","keywords":["AnnSofie Bj\u00f6rhag","Camilla Rinaldo Miller","foto","hemsida","kr\u00e4ftskiva","Kristdemokraterna V\u00e4rnamo","Monica Johnsson","Rydaholm","valkickoff","valmanifest"],"articleSection":["Inl\u00e4gg"],"inLanguage":"sv-SE"},{"@type":"WebPage","@id":"https:\/\/wp.kristdemokraterna.se\/hakanjohansson\/2014\/08\/13\/valkickoff-med-kraftskiva\/","url":"https:\/\/wp.kristdemokraterna.se\/hakanjohansson\/2014\/08\/13\/valkickoff-med-kraftskiva\/","name":"Valkickoff med kr\u00e4ftskiva - H\u00e5kan Johansson, KD","isPartOf":{"@id":"https:\/\/wp.kristdemokraterna.se\/hakanjohansson\/#website"},"primaryImageOfPage":{"@id":"https:\/\/wp.kristdemokraterna.se\/hakanjohansson\/2014\/08\/13\/valkickoff-med-kraftskiva\/#primaryimage"},"image":{"@id":"https:\/\/wp.kristdemokraterna.se\/hakanjohansson\/2014\/08\/13\/valkickoff-med-kraftskiva\/#primaryimage"},"thumbnailUrl":"https:\/\/wp.kristdemokraterna.se\/hakanjohansson\/files\/2014\/08\/20140813_valkickoff_camillarinaldomiller_annsofiebjorhag.jpg","datePublished":"2014-08-13T09:14:27+00:00","dateModified":"2015-07-13T17:21:02+00:00","author":{"@id":"https:\/\/wp.kristdemokraterna.se\/hakanjohansson\/#\/schema\/person\/1ebb24d2d3a4cdd92106ea18359c8b63"},"breadcrumb":{"@id":"https:\/\/wp.kristdemokraterna.se\/hakanjohansson\/2014\/08\/13\/valkickoff-med-kraftskiva\/#breadcrumb"},"inLanguage":"sv-SE","potentialAction":[{"@type":"ReadAction","target":["https:\/\/wp.kristdemokraterna.se\/hakanjohansson\/2014\/08\/13\/valkickoff-med-kraftskiva\/"]}]},{"@type":"ImageObject","inLanguage":"sv-SE","@id":"https:\/\/wp.kristdemokraterna.se\/hakanjohansson\/2014\/08\/13\/valkickoff-med-kraftskiva\/#primaryimage","url":"https:\/\/wp.kristdemokraterna.se\/hakanjohansson\/files\/2014\/08\/20140813_valkickoff_camillarinaldomiller_annsofiebjorhag.jpg","contentUrl":"https:\/\/wp.kristdemokraterna.se\/hakanjohansson\/files\/2014\/08\/20140813_valkickoff_camillarinaldomiller_annsofiebjorhag.jpg","width":554,"height":423,"caption":"Camilla Rinaldo Miller och AnnSofie Bj\u00f6rhag gillade kr\u00e4ftorna. (Foto: H\u00e5kan Johansson)"},{"@type":"BreadcrumbList","@id":"https:\/\/wp.kristdemokraterna.se\/hakanjohansson\/2014\/08\/13\/valkickoff-med-kraftskiva\/#breadcrumb","itemListElement":[{"@type":"ListItem","position":1,"name":"Hem","item":"https:\/\/wp.kristdemokraterna.se\/hakanjohansson\/"},{"@type":"ListItem","position":2,"name":"Valkickoff med kr\u00e4ftskiva"}]},{"@type":"WebSite","@id":"https:\/\/wp.kristdemokraterna.se\/hakanjohansson\/#website","url":"https:\/\/wp.kristdemokraterna.se\/hakanjohansson\/","name":"H\u00e5kan Johansson, KD","description":"Politik, musik och teknik...","inLanguage":"sv-SE"},{"@type":"Person","@id":"https:\/\/wp.kristdemokraterna.se\/hakanjohansson\/#\/schema\/person\/1ebb24d2d3a4cdd92106ea18359c8b63","name":"H\u00e5kan Johansson","image":{"@type":"ImageObject","inLanguage":"sv-SE","@id":"https:\/\/secure.gravatar.com\/avatar\/2f492f08c4bdc714d7db0d433c48b51adbc8f67dd2112ac3a50d66d0d1ddd173?s=96&r=g","url":"https:\/\/secure.gravatar.com\/avatar\/2f492f08c4bdc714d7db0d433c48b51adbc8f67dd2112ac3a50d66d0d1ddd173?s=96&r=g","contentUrl":"https:\/\/secure.gravatar.com\/avatar\/2f492f08c4bdc714d7db0d433c48b51adbc8f67dd2112ac3a50d66d0d1ddd173?s=96&r=g","caption":"H\u00e5kan Johansson"},"description":"Politik, musik och teknik...","sameAs":["https:\/\/wp.kristdemokraterna.se\/hakanjohansson"],"url":"https:\/\/wp.kristdemokraterna.se\/hakanjohansson\/author\/hakanjohansson\/"}]}},"_links":{"self":[{"href":"https:\/\/wp.kristdemokraterna.se\/hakanjohansson\/wp-json\/wp\/v2\/posts\/1252","targetHints":{"allow":["GET"]}}],"collection":[{"href":"https:\/\/wp.kristdemokraterna.se\/hakanjohansson\/wp-json\/wp\/v2\/posts"}],"about":[{"href":"https:\/\/wp.kristdemokraterna.se\/hakanjohansson\/wp-json\/wp\/v2\/types\/post"}],"author":[{"embeddable":true,"href":"https:\/\/wp.kristdemokraterna.se\/hakanjohansson\/wp-json\/wp\/v2\/users\/507"}],"replies":[{"embeddable":true,"href":"https:\/\/wp.kristdemokraterna.se\/hakanjohansson\/wp-json\/wp\/v2\/comments?post=1252"}],"version-history":[{"count":4,"href":"https:\/\/wp.kristdemokraterna.se\/hakanjohansson\/wp-json\/wp\/v2\/posts\/1252\/revisions"}],"predecessor-version":[{"id":2084,"href":"https:\/\/wp.kristdemokraterna.se\/hakanjohansson\/wp-json\/wp\/v2\/posts\/1252\/revisions\/2084"}],"wp:featuredmedia":[{"embeddable":true,"href":"https:\/\/wp.kristdemokraterna.se\/hakanjohansson\/wp-json\/wp\/v2\/media\/1222"}],"wp:attachment":[{"href":"https:\/\/wp.kristdemokraterna.se\/hakanjohansson\/wp-json\/wp\/v2\/media?parent=1252"}],"wp:term":[{"taxonomy":"category","embeddable":true,"href":"https:\/\/wp.kristdemokraterna.se\/hakanjohansson\/wp-json\/wp\/v2\/categories?post=1252"},{"taxonomy":"post_tag","embeddable":true,"href":"https:\/\/wp.kristdemokraterna.se\/hakanjohansson\/wp-json\/wp\/v2\/tags?post=1252"}],"curies":[{"name":"wp","href":"https:\/\/api.w.org\/{rel}","templated":true}]}}