{"id":1258,"date":"2014-08-23T12:03:10","date_gmt":"2014-08-23T10:03:10","guid":{"rendered":"http:\/\/wp.kristdemokraterna.se\/hakanjohansson\/?p=1258"},"modified":"2015-07-13T19:14:28","modified_gmt":"2015-07-13T17:14:28","slug":"fran-kampanj-till-kampanj","status":"publish","type":"post","link":"https:\/\/wp.kristdemokraterna.se\/hakanjohansson\/2014\/08\/23\/fran-kampanj-till-kampanj\/","title":{"rendered":"Fr\u00e5n kampanj till kampanj"},"content":{"rendered":"<p>I dag har jag varit i Gislaved och kampanjat. Regnet h\u00e4ngde i luften stundtals, men det var trevligt och jag och Pia Skogsberg fick samtala med en hel del v\u00e4ljare. N\u00e4r jag tittade upp\u00e5t K\u00f6pmangatan och s\u00e5g Socialdemokraternas valstuga, V\u00e4nsterpartiets valt\u00e4lt och Kommunisterna framf\u00f6r Systembolaget s\u00e5 t\u00e4nkte jag att nu vet jag att jag \u00e4r i Gislaved\u2026<br \/>\n\ud83d\ude09<\/p>\n<p><!--more--><\/p>\n<p>P\u00e5 v\u00e4g hem igen s\u00e5 s\u00e5g jag att Kristdemokraternas valaffischer hade kommit upp. Jag har jobbat l\u00e4nge med en j\u00e4tteaffisch med v\u00e5r toppkandidat Camilla Rinaldo Miller som sitter i alla infarter till kommunens orter. Hej och h\u00e5 vad jag har oroat mig f\u00f6r hur den kommer att se ut i r\u00e4tt format och p\u00e5 l\u00e5ngt h\u00e5ll n\u00e4r man \u00e5ker bil. Nu s\u00e5g jag den och jag k\u00e4nner mig faktiskt ganska n\u00f6jd med mig sj\u00e4lv.<\/p>\n<p>P\u00e5 eftermiddagen \u00e5kte jag in till centrum och kampanjade vid allianst\u00e4ltet p\u00e5 V\u00e4rnamodagarna. Partierna i Alliansen hade valt att kampanja tillsammans under veckan. Allianst\u00e4ltet har fungerat som en lugn oas d\u00e4r man har kunnat slinka in, ta en fika och samtala i lugn och ro utan att bli p\u00e5prackad en massa\u00a0budskap och \u00e5sikter. Det var m\u00e5nga bes\u00f6kare som uppskattade det. L\u00e4s mer om det p\u00e5 Kristdemokraternas hemsida i V\u00e4rnamo.<br \/>\n[<a title=\"Alliansens vecka under V\u00e4rnamodagarna\" href=\"http:\/\/wp.kristdemokraterna.se\/varnamo\/blogg\/\" target=\"_blank\">Alliansens vecka under V\u00e4rnamodagarna<\/a>]<\/p>\n\n\t\t<style type=\"text\/css\">\n\t\t\t#gallery-1 {\n\t\t\t\tmargin: auto;\n\t\t\t}\n\t\t\t#gallery-1 .gallery-item {\n\t\t\t\tfloat: left;\n\t\t\t\tmargin-top: 10px;\n\t\t\t\ttext-align: center;\n\t\t\t\twidth: 33%;\n\t\t\t}\n\t\t\t#gallery-1 img {\n\t\t\t\tborder: 2px solid #cfcfcf;\n\t\t\t}\n\t\t\t#gallery-1 .gallery-caption {\n\t\t\t\tmargin-left: 0;\n\t\t\t}\n\t\t\t\/* see gallery_shortcode() in wp-includes\/media.php *\/\n\t\t<\/style>\n\t\t<div id='gallery-1' class='gallery galleryid-1258 gallery-columns-3 gallery-size-thumbnail'><dl class='gallery-item'>\n\t\t\t<dt class='gallery-icon portrait'>\n\t\t\t\t<a href='https:\/\/wp.kristdemokraterna.se\/hakanjohansson\/20140823-kampanj-allianstaltet\/'><img loading=\"lazy\" decoding=\"async\" width=\"150\" height=\"150\" src=\"https:\/\/wp.kristdemokraterna.se\/hakanjohansson\/files\/2014\/08\/20140823_kampanj_allianstaltet-150x150.jpg\" class=\"attachment-thumbnail size-thumbnail\" alt=\"Kampanjar med Alliansen p\u00e5 V\u00e4rnamodagarna. (Foto: H\u00e5kan Johansson)\" aria-describedby=\"gallery-1-1224\" \/><\/a>\n\t\t\t<\/dt>\n\t\t\t\t<dd class='wp-caption-text gallery-caption' id='gallery-1-1224'>\n\t\t\t\tKampanjar med Alliansen p\u00e5 V\u00e4rnamodagarna. (Foto: H\u00e5kan Johansson)\n\t\t\t\t<\/dd><\/dl><dl class='gallery-item'>\n\t\t\t<dt class='gallery-icon landscape'>\n\t\t\t\t<a href='https:\/\/wp.kristdemokraterna.se\/hakanjohansson\/20140823-kampanj-infartsaffisch\/'><img loading=\"lazy\" decoding=\"async\" width=\"150\" height=\"150\" src=\"https:\/\/wp.kristdemokraterna.se\/hakanjohansson\/files\/2014\/08\/20140823_kampanj_infartsaffisch-150x150.jpg\" class=\"attachment-thumbnail size-thumbnail\" alt=\"K\u00e4nner mig r\u00e4tt n\u00f6jd med mig sj\u00e4lv - j\u00e4tteaffischen med Camilla blev riktigt l\u00e4cker... (Foto: H\u00e5kan Johansson)\" aria-describedby=\"gallery-1-1226\" \/><\/a>\n\t\t\t<\/dt>\n\t\t\t\t<dd class='wp-caption-text gallery-caption' id='gallery-1-1226'>\n\t\t\t\tK\u00e4nner mig r\u00e4tt n\u00f6jd med mig sj\u00e4lv &#8211; j\u00e4tteaffischen med Camilla blev riktigt l\u00e4cker&#8230; (Foto: H\u00e5kan Johansson)\n\t\t\t\t<\/dd><\/dl><dl class='gallery-item'>\n\t\t\t<dt class='gallery-icon landscape'>\n\t\t\t\t<a href='https:\/\/wp.kristdemokraterna.se\/hakanjohansson\/20140823-kampanj-gislaved\/'><img loading=\"lazy\" decoding=\"async\" width=\"150\" height=\"150\" src=\"https:\/\/wp.kristdemokraterna.se\/hakanjohansson\/files\/2014\/08\/20140823_kampanj_gislaved-150x150.jpg\" class=\"attachment-thumbnail size-thumbnail\" alt=\"Man vet att man kampanjar i Gislaved n\u00e4r man \u00e4r ensam med S, V och K. (Foto: H\u00e5kan Johansson)\" aria-describedby=\"gallery-1-1225\" \/><\/a>\n\t\t\t<\/dt>\n\t\t\t\t<dd class='wp-caption-text gallery-caption' id='gallery-1-1225'>\n\t\t\t\tMan vet att man kampanjar i Gislaved n\u00e4r man \u00e4r ensam med S, V och K. (Foto: H\u00e5kan Johansson)\n\t\t\t\t<\/dd><\/dl><br style=\"clear: both\" \/>\n\t\t<\/div>\n\n","protected":false},"excerpt":{"rendered":"<p>I dag har jag varit i Gislaved och kampanjat. Regnet h\u00e4ngde i luften stundtals, men det var trevligt och jag och Pia Skogsberg fick samtala med en hel del v\u00e4ljare. N\u00e4r jag tittade upp\u00e5t K\u00f6pmangatan och s\u00e5g Socialdemokraternas valstuga, V\u00e4nsterpartiets valt\u00e4lt och Kommunisterna framf\u00f6r Systembolaget s\u00e5 t\u00e4nkte jag att nu vet jag att jag \u00e4r&hellip; <a class=\"read-more-link\" href=\"https:\/\/wp.kristdemokraterna.se\/hakanjohansson\/2014\/08\/23\/fran-kampanj-till-kampanj\/\">Forts\u00e4tt l\u00e4sa<\/a><\/p>\n","protected":false},"author":507,"featured_media":1226,"comment_status":"closed","ping_status":"closed","sticky":false,"template":"","format":"standard","meta":{"_acf_changed":false,"footnotes":""},"categories":[41],"tags":[702,152,83,754,16,274,755,756,572,384,63,757],"class_list":["post-1258","post","type-post","status-publish","format-standard","hentry","category-inlagg","tag-affisch","tag-alliansen","tag-camilla-rinaldo-miller","tag-gislaved","tag-kampanj","tag-kristdemokraterna-varnamo","tag-pia-skogsberg","tag-systembolaget","tag-toppkandidat","tag-valjare","tag-valrorelse","tag-varnamodagarna"],"acf":[],"yoast_head":"<!-- This site is optimized with the Yoast SEO plugin v27.4 - https:\/\/yoast.com\/product\/yoast-seo-wordpress\/ -->\n<title>Fr\u00e5n kampanj till kampanj - H\u00e5kan Johansson, KD<\/title>\n<meta name=\"robots\" content=\"index, follow, max-snippet:-1, max-image-preview:large, max-video-preview:-1\" \/>\n<link rel=\"canonical\" href=\"https:\/\/wp.kristdemokraterna.se\/hakanjohansson\/2014\/08\/23\/fran-kampanj-till-kampanj\/\" \/>\n<meta property=\"og:locale\" content=\"sv_SE\" \/>\n<meta property=\"og:type\" content=\"article\" \/>\n<meta property=\"og:title\" content=\"Fr\u00e5n kampanj till kampanj - H\u00e5kan Johansson, KD\" \/>\n<meta property=\"og:description\" content=\"I dag har jag varit i Gislaved och kampanjat. Regnet h\u00e4ngde i luften stundtals, men det var trevligt och jag och Pia Skogsberg fick samtala med en hel del v\u00e4ljare. N\u00e4r jag tittade upp\u00e5t K\u00f6pmangatan och s\u00e5g Socialdemokraternas valstuga, V\u00e4nsterpartiets valt\u00e4lt och Kommunisterna framf\u00f6r Systembolaget s\u00e5 t\u00e4nkte jag att nu vet jag att jag \u00e4r&hellip; Forts\u00e4tt l\u00e4sa\" \/>\n<meta property=\"og:url\" content=\"https:\/\/wp.kristdemokraterna.se\/hakanjohansson\/2014\/08\/23\/fran-kampanj-till-kampanj\/\" \/>\n<meta property=\"og:site_name\" content=\"H\u00e5kan Johansson, KD\" \/>\n<meta property=\"article:published_time\" content=\"2014-08-23T10:03:10+00:00\" \/>\n<meta property=\"article:modified_time\" content=\"2015-07-13T17:14:28+00:00\" \/>\n<meta property=\"og:image\" content=\"https:\/\/wp.kristdemokraterna.se\/hakanjohansson\/files\/2014\/08\/20140823_kampanj_infartsaffisch.jpg\" \/>\n\t<meta property=\"og:image:width\" content=\"848\" \/>\n\t<meta property=\"og:image:height\" content=\"505\" \/>\n\t<meta property=\"og:image:type\" content=\"image\/jpeg\" \/>\n<meta name=\"author\" content=\"H\u00e5kan Johansson\" \/>\n<meta name=\"twitter:card\" content=\"summary_large_image\" \/>\n<meta name=\"twitter:label1\" content=\"Skriven av\" \/>\n\t<meta name=\"twitter:data1\" content=\"H\u00e5kan Johansson\" \/>\n\t<meta name=\"twitter:label2\" content=\"Ber\u00e4knad l\u00e4stid\" \/>\n\t<meta name=\"twitter:data2\" content=\"1 minut\" \/>\n<script type=\"application\/ld+json\" class=\"yoast-schema-graph\">{\"@context\":\"https:\\\/\\\/schema.org\",\"@graph\":[{\"@type\":\"Article\",\"@id\":\"https:\\\/\\\/wp.kristdemokraterna.se\\\/hakanjohansson\\\/2014\\\/08\\\/23\\\/fran-kampanj-till-kampanj\\\/#article\",\"isPartOf\":{\"@id\":\"https:\\\/\\\/wp.kristdemokraterna.se\\\/hakanjohansson\\\/2014\\\/08\\\/23\\\/fran-kampanj-till-kampanj\\\/\"},\"author\":{\"name\":\"H\u00e5kan Johansson\",\"@id\":\"https:\\\/\\\/wp.kristdemokraterna.se\\\/hakanjohansson\\\/#\\\/schema\\\/person\\\/1ebb24d2d3a4cdd92106ea18359c8b63\"},\"headline\":\"Fr\u00e5n kampanj till kampanj\",\"datePublished\":\"2014-08-23T10:03:10+00:00\",\"dateModified\":\"2015-07-13T17:14:28+00:00\",\"mainEntityOfPage\":{\"@id\":\"https:\\\/\\\/wp.kristdemokraterna.se\\\/hakanjohansson\\\/2014\\\/08\\\/23\\\/fran-kampanj-till-kampanj\\\/\"},\"wordCount\":250,\"image\":{\"@id\":\"https:\\\/\\\/wp.kristdemokraterna.se\\\/hakanjohansson\\\/2014\\\/08\\\/23\\\/fran-kampanj-till-kampanj\\\/#primaryimage\"},\"thumbnailUrl\":\"https:\\\/\\\/wp.kristdemokraterna.se\\\/hakanjohansson\\\/files\\\/2014\\\/08\\\/20140823_kampanj_infartsaffisch.jpg\",\"keywords\":[\"affisch\",\"Alliansen\",\"Camilla Rinaldo Miller\",\"Gislaved\",\"kampanj\",\"Kristdemokraterna V\u00e4rnamo\",\"Pia Skogsberg\",\"Systembolaget\",\"toppkandidat\",\"v\u00e4ljare\",\"valr\u00f6relse\",\"V\u00e4rnamodagarna\"],\"articleSection\":[\"Inl\u00e4gg\"],\"inLanguage\":\"sv-SE\"},{\"@type\":\"WebPage\",\"@id\":\"https:\\\/\\\/wp.kristdemokraterna.se\\\/hakanjohansson\\\/2014\\\/08\\\/23\\\/fran-kampanj-till-kampanj\\\/\",\"url\":\"https:\\\/\\\/wp.kristdemokraterna.se\\\/hakanjohansson\\\/2014\\\/08\\\/23\\\/fran-kampanj-till-kampanj\\\/\",\"name\":\"Fr\u00e5n kampanj till kampanj - H\u00e5kan Johansson, KD\",\"isPartOf\":{\"@id\":\"https:\\\/\\\/wp.kristdemokraterna.se\\\/hakanjohansson\\\/#website\"},\"primaryImageOfPage\":{\"@id\":\"https:\\\/\\\/wp.kristdemokraterna.se\\\/hakanjohansson\\\/2014\\\/08\\\/23\\\/fran-kampanj-till-kampanj\\\/#primaryimage\"},\"image\":{\"@id\":\"https:\\\/\\\/wp.kristdemokraterna.se\\\/hakanjohansson\\\/2014\\\/08\\\/23\\\/fran-kampanj-till-kampanj\\\/#primaryimage\"},\"thumbnailUrl\":\"https:\\\/\\\/wp.kristdemokraterna.se\\\/hakanjohansson\\\/files\\\/2014\\\/08\\\/20140823_kampanj_infartsaffisch.jpg\",\"datePublished\":\"2014-08-23T10:03:10+00:00\",\"dateModified\":\"2015-07-13T17:14:28+00:00\",\"author\":{\"@id\":\"https:\\\/\\\/wp.kristdemokraterna.se\\\/hakanjohansson\\\/#\\\/schema\\\/person\\\/1ebb24d2d3a4cdd92106ea18359c8b63\"},\"breadcrumb\":{\"@id\":\"https:\\\/\\\/wp.kristdemokraterna.se\\\/hakanjohansson\\\/2014\\\/08\\\/23\\\/fran-kampanj-till-kampanj\\\/#breadcrumb\"},\"inLanguage\":\"sv-SE\",\"potentialAction\":[{\"@type\":\"ReadAction\",\"target\":[\"https:\\\/\\\/wp.kristdemokraterna.se\\\/hakanjohansson\\\/2014\\\/08\\\/23\\\/fran-kampanj-till-kampanj\\\/\"]}]},{\"@type\":\"ImageObject\",\"inLanguage\":\"sv-SE\",\"@id\":\"https:\\\/\\\/wp.kristdemokraterna.se\\\/hakanjohansson\\\/2014\\\/08\\\/23\\\/fran-kampanj-till-kampanj\\\/#primaryimage\",\"url\":\"https:\\\/\\\/wp.kristdemokraterna.se\\\/hakanjohansson\\\/files\\\/2014\\\/08\\\/20140823_kampanj_infartsaffisch.jpg\",\"contentUrl\":\"https:\\\/\\\/wp.kristdemokraterna.se\\\/hakanjohansson\\\/files\\\/2014\\\/08\\\/20140823_kampanj_infartsaffisch.jpg\",\"width\":848,\"height\":505,\"caption\":\"K\u00e4nner mig r\u00e4tt n\u00f6jd med mig sj\u00e4lv - j\u00e4tteaffischen med Camilla blev riktigt l\u00e4cker... (Foto: H\u00e5kan Johansson)\"},{\"@type\":\"BreadcrumbList\",\"@id\":\"https:\\\/\\\/wp.kristdemokraterna.se\\\/hakanjohansson\\\/2014\\\/08\\\/23\\\/fran-kampanj-till-kampanj\\\/#breadcrumb\",\"itemListElement\":[{\"@type\":\"ListItem\",\"position\":1,\"name\":\"Hem\",\"item\":\"https:\\\/\\\/wp.kristdemokraterna.se\\\/hakanjohansson\\\/\"},{\"@type\":\"ListItem\",\"position\":2,\"name\":\"Fr\u00e5n kampanj till kampanj\"}]},{\"@type\":\"WebSite\",\"@id\":\"https:\\\/\\\/wp.kristdemokraterna.se\\\/hakanjohansson\\\/#website\",\"url\":\"https:\\\/\\\/wp.kristdemokraterna.se\\\/hakanjohansson\\\/\",\"name\":\"H\u00e5kan Johansson, KD\",\"description\":\"Politik, musik och teknik...\",\"inLanguage\":\"sv-SE\"},{\"@type\":\"Person\",\"@id\":\"https:\\\/\\\/wp.kristdemokraterna.se\\\/hakanjohansson\\\/#\\\/schema\\\/person\\\/1ebb24d2d3a4cdd92106ea18359c8b63\",\"name\":\"H\u00e5kan Johansson\",\"image\":{\"@type\":\"ImageObject\",\"inLanguage\":\"sv-SE\",\"@id\":\"https:\\\/\\\/secure.gravatar.com\\\/avatar\\\/2f492f08c4bdc714d7db0d433c48b51adbc8f67dd2112ac3a50d66d0d1ddd173?s=96&r=g\",\"url\":\"https:\\\/\\\/secure.gravatar.com\\\/avatar\\\/2f492f08c4bdc714d7db0d433c48b51adbc8f67dd2112ac3a50d66d0d1ddd173?s=96&r=g\",\"contentUrl\":\"https:\\\/\\\/secure.gravatar.com\\\/avatar\\\/2f492f08c4bdc714d7db0d433c48b51adbc8f67dd2112ac3a50d66d0d1ddd173?s=96&r=g\",\"caption\":\"H\u00e5kan Johansson\"},\"description\":\"Politik, musik och teknik...\",\"sameAs\":[\"https:\\\/\\\/wp.kristdemokraterna.se\\\/hakanjohansson\"],\"url\":\"https:\\\/\\\/wp.kristdemokraterna.se\\\/hakanjohansson\\\/author\\\/hakanjohansson\\\/\"}]}<\/script>\n<!-- \/ Yoast SEO plugin. -->","yoast_head_json":{"title":"Fr\u00e5n kampanj till kampanj - H\u00e5kan Johansson, KD","robots":{"index":"index","follow":"follow","max-snippet":"max-snippet:-1","max-image-preview":"max-image-preview:large","max-video-preview":"max-video-preview:-1"},"canonical":"https:\/\/wp.kristdemokraterna.se\/hakanjohansson\/2014\/08\/23\/fran-kampanj-till-kampanj\/","og_locale":"sv_SE","og_type":"article","og_title":"Fr\u00e5n kampanj till kampanj - H\u00e5kan Johansson, KD","og_description":"I dag har jag varit i Gislaved och kampanjat. Regnet h\u00e4ngde i luften stundtals, men det var trevligt och jag och Pia Skogsberg fick samtala med en hel del v\u00e4ljare. N\u00e4r jag tittade upp\u00e5t K\u00f6pmangatan och s\u00e5g Socialdemokraternas valstuga, V\u00e4nsterpartiets valt\u00e4lt och Kommunisterna framf\u00f6r Systembolaget s\u00e5 t\u00e4nkte jag att nu vet jag att jag \u00e4r&hellip; Forts\u00e4tt l\u00e4sa","og_url":"https:\/\/wp.kristdemokraterna.se\/hakanjohansson\/2014\/08\/23\/fran-kampanj-till-kampanj\/","og_site_name":"H\u00e5kan Johansson, KD","article_published_time":"2014-08-23T10:03:10+00:00","article_modified_time":"2015-07-13T17:14:28+00:00","og_image":[{"width":848,"height":505,"url":"https:\/\/wp.kristdemokraterna.se\/hakanjohansson\/files\/2014\/08\/20140823_kampanj_infartsaffisch.jpg","type":"image\/jpeg"}],"author":"H\u00e5kan Johansson","twitter_card":"summary_large_image","twitter_misc":{"Skriven av":"H\u00e5kan Johansson","Ber\u00e4knad l\u00e4stid":"1 minut"},"schema":{"@context":"https:\/\/schema.org","@graph":[{"@type":"Article","@id":"https:\/\/wp.kristdemokraterna.se\/hakanjohansson\/2014\/08\/23\/fran-kampanj-till-kampanj\/#article","isPartOf":{"@id":"https:\/\/wp.kristdemokraterna.se\/hakanjohansson\/2014\/08\/23\/fran-kampanj-till-kampanj\/"},"author":{"name":"H\u00e5kan Johansson","@id":"https:\/\/wp.kristdemokraterna.se\/hakanjohansson\/#\/schema\/person\/1ebb24d2d3a4cdd92106ea18359c8b63"},"headline":"Fr\u00e5n kampanj till kampanj","datePublished":"2014-08-23T10:03:10+00:00","dateModified":"2015-07-13T17:14:28+00:00","mainEntityOfPage":{"@id":"https:\/\/wp.kristdemokraterna.se\/hakanjohansson\/2014\/08\/23\/fran-kampanj-till-kampanj\/"},"wordCount":250,"image":{"@id":"https:\/\/wp.kristdemokraterna.se\/hakanjohansson\/2014\/08\/23\/fran-kampanj-till-kampanj\/#primaryimage"},"thumbnailUrl":"https:\/\/wp.kristdemokraterna.se\/hakanjohansson\/files\/2014\/08\/20140823_kampanj_infartsaffisch.jpg","keywords":["affisch","Alliansen","Camilla Rinaldo Miller","Gislaved","kampanj","Kristdemokraterna V\u00e4rnamo","Pia Skogsberg","Systembolaget","toppkandidat","v\u00e4ljare","valr\u00f6relse","V\u00e4rnamodagarna"],"articleSection":["Inl\u00e4gg"],"inLanguage":"sv-SE"},{"@type":"WebPage","@id":"https:\/\/wp.kristdemokraterna.se\/hakanjohansson\/2014\/08\/23\/fran-kampanj-till-kampanj\/","url":"https:\/\/wp.kristdemokraterna.se\/hakanjohansson\/2014\/08\/23\/fran-kampanj-till-kampanj\/","name":"Fr\u00e5n kampanj till kampanj - H\u00e5kan Johansson, KD","isPartOf":{"@id":"https:\/\/wp.kristdemokraterna.se\/hakanjohansson\/#website"},"primaryImageOfPage":{"@id":"https:\/\/wp.kristdemokraterna.se\/hakanjohansson\/2014\/08\/23\/fran-kampanj-till-kampanj\/#primaryimage"},"image":{"@id":"https:\/\/wp.kristdemokraterna.se\/hakanjohansson\/2014\/08\/23\/fran-kampanj-till-kampanj\/#primaryimage"},"thumbnailUrl":"https:\/\/wp.kristdemokraterna.se\/hakanjohansson\/files\/2014\/08\/20140823_kampanj_infartsaffisch.jpg","datePublished":"2014-08-23T10:03:10+00:00","dateModified":"2015-07-13T17:14:28+00:00","author":{"@id":"https:\/\/wp.kristdemokraterna.se\/hakanjohansson\/#\/schema\/person\/1ebb24d2d3a4cdd92106ea18359c8b63"},"breadcrumb":{"@id":"https:\/\/wp.kristdemokraterna.se\/hakanjohansson\/2014\/08\/23\/fran-kampanj-till-kampanj\/#breadcrumb"},"inLanguage":"sv-SE","potentialAction":[{"@type":"ReadAction","target":["https:\/\/wp.kristdemokraterna.se\/hakanjohansson\/2014\/08\/23\/fran-kampanj-till-kampanj\/"]}]},{"@type":"ImageObject","inLanguage":"sv-SE","@id":"https:\/\/wp.kristdemokraterna.se\/hakanjohansson\/2014\/08\/23\/fran-kampanj-till-kampanj\/#primaryimage","url":"https:\/\/wp.kristdemokraterna.se\/hakanjohansson\/files\/2014\/08\/20140823_kampanj_infartsaffisch.jpg","contentUrl":"https:\/\/wp.kristdemokraterna.se\/hakanjohansson\/files\/2014\/08\/20140823_kampanj_infartsaffisch.jpg","width":848,"height":505,"caption":"K\u00e4nner mig r\u00e4tt n\u00f6jd med mig sj\u00e4lv - j\u00e4tteaffischen med Camilla blev riktigt l\u00e4cker... (Foto: H\u00e5kan Johansson)"},{"@type":"BreadcrumbList","@id":"https:\/\/wp.kristdemokraterna.se\/hakanjohansson\/2014\/08\/23\/fran-kampanj-till-kampanj\/#breadcrumb","itemListElement":[{"@type":"ListItem","position":1,"name":"Hem","item":"https:\/\/wp.kristdemokraterna.se\/hakanjohansson\/"},{"@type":"ListItem","position":2,"name":"Fr\u00e5n kampanj till kampanj"}]},{"@type":"WebSite","@id":"https:\/\/wp.kristdemokraterna.se\/hakanjohansson\/#website","url":"https:\/\/wp.kristdemokraterna.se\/hakanjohansson\/","name":"H\u00e5kan Johansson, KD","description":"Politik, musik och teknik...","inLanguage":"sv-SE"},{"@type":"Person","@id":"https:\/\/wp.kristdemokraterna.se\/hakanjohansson\/#\/schema\/person\/1ebb24d2d3a4cdd92106ea18359c8b63","name":"H\u00e5kan Johansson","image":{"@type":"ImageObject","inLanguage":"sv-SE","@id":"https:\/\/secure.gravatar.com\/avatar\/2f492f08c4bdc714d7db0d433c48b51adbc8f67dd2112ac3a50d66d0d1ddd173?s=96&r=g","url":"https:\/\/secure.gravatar.com\/avatar\/2f492f08c4bdc714d7db0d433c48b51adbc8f67dd2112ac3a50d66d0d1ddd173?s=96&r=g","contentUrl":"https:\/\/secure.gravatar.com\/avatar\/2f492f08c4bdc714d7db0d433c48b51adbc8f67dd2112ac3a50d66d0d1ddd173?s=96&r=g","caption":"H\u00e5kan Johansson"},"description":"Politik, musik och teknik...","sameAs":["https:\/\/wp.kristdemokraterna.se\/hakanjohansson"],"url":"https:\/\/wp.kristdemokraterna.se\/hakanjohansson\/author\/hakanjohansson\/"}]}},"_links":{"self":[{"href":"https:\/\/wp.kristdemokraterna.se\/hakanjohansson\/wp-json\/wp\/v2\/posts\/1258","targetHints":{"allow":["GET"]}}],"collection":[{"href":"https:\/\/wp.kristdemokraterna.se\/hakanjohansson\/wp-json\/wp\/v2\/posts"}],"about":[{"href":"https:\/\/wp.kristdemokraterna.se\/hakanjohansson\/wp-json\/wp\/v2\/types\/post"}],"author":[{"embeddable":true,"href":"https:\/\/wp.kristdemokraterna.se\/hakanjohansson\/wp-json\/wp\/v2\/users\/507"}],"replies":[{"embeddable":true,"href":"https:\/\/wp.kristdemokraterna.se\/hakanjohansson\/wp-json\/wp\/v2\/comments?post=1258"}],"version-history":[{"count":7,"href":"https:\/\/wp.kristdemokraterna.se\/hakanjohansson\/wp-json\/wp\/v2\/posts\/1258\/revisions"}],"predecessor-version":[{"id":2080,"href":"https:\/\/wp.kristdemokraterna.se\/hakanjohansson\/wp-json\/wp\/v2\/posts\/1258\/revisions\/2080"}],"wp:featuredmedia":[{"embeddable":true,"href":"https:\/\/wp.kristdemokraterna.se\/hakanjohansson\/wp-json\/wp\/v2\/media\/1226"}],"wp:attachment":[{"href":"https:\/\/wp.kristdemokraterna.se\/hakanjohansson\/wp-json\/wp\/v2\/media?parent=1258"}],"wp:term":[{"taxonomy":"category","embeddable":true,"href":"https:\/\/wp.kristdemokraterna.se\/hakanjohansson\/wp-json\/wp\/v2\/categories?post=1258"},{"taxonomy":"post_tag","embeddable":true,"href":"https:\/\/wp.kristdemokraterna.se\/hakanjohansson\/wp-json\/wp\/v2\/tags?post=1258"}],"curies":[{"name":"wp","href":"https:\/\/api.w.org\/{rel}","templated":true}]}}