{"id":1276,"date":"2014-09-02T15:39:32","date_gmt":"2014-09-02T13:39:32","guid":{"rendered":"http:\/\/wp.kristdemokraterna.se\/hakanjohansson\/?p=1276"},"modified":"2018-02-16T17:53:28","modified_gmt":"2018-02-16T16:53:28","slug":"hbt-diplomera-varnamo","status":"publish","type":"post","link":"https:\/\/wp.kristdemokraterna.se\/hakanjohansson\/2014\/09\/02\/hbt-diplomera-varnamo\/","title":{"rendered":"HBT-diplomera V\u00e4rnamo"},"content":{"rendered":"<p>I mitt <a title=\"Val 2014\" href=\"http:\/\/wp.kristdemokraterna.se\/hakanjohansson\/om-mig\/val-2014\/\">valmanifest<\/a> har jag med att jag vill HBT-diplomera V\u00e4rnamo. Jag kan inte f\u00f6rst\u00e5 varf\u00f6r HBTQ-personer fortfarande ska beh\u00f6va k\u00e4nna sig d\u00e5ligt bem\u00f6tta n\u00e4r de bes\u00f6ker offentliga verksamheter, som\u00a0ju ska vara till f\u00f6r alla. I dagarna blev vi \u00e5terigen p\u00e5minda om dessa missf\u00f6rh\u00e5llanden och att V\u00e4rnamo kommun ligger i bottenskiktet i bem\u00f6tandefr\u00e5gor. Dags att skriva en ins\u00e4ndare t\u00e4nkte jag d\u00e5\u2026<\/p>\n<p><!--more--><\/p>\n<h2>HBT-diplomera V\u00e4rnamo<\/h2>\n<p>Diskriminering \u00e4r bland det v\u00e4rsta jag vet. Diskriminering bygger ofta p\u00e5 f\u00f6rdomar och okunskap.<\/p>\n<p>Genom \u00e5ren har det visat sig att n\u00e4r man arbetar systematiskt med att minska f\u00f6rdomar mot, och \u00f6ka kunskaper om, diskriminerade s\u00e5 har diskrimineringen minskat i samh\u00e4llet.<\/p>\n<p>En grupp m\u00e4nniskor som fortfarande m\u00f6ter mycket f\u00f6rdomar och d\u00e4rf\u00f6r ofta drar sig f\u00f6r att exempelvis s\u00f6ka sjukv\u00e5rd \u00e4r HBTQ-personer. I dagarna har vi \u00e5ter kunnat l\u00e4sa att V\u00e4rnamo kommun tillh\u00f6r bottenskiktet i bem\u00f6tande och service.<\/p>\n<p>En metod f\u00f6r att systematiskt\u00a0f\u00f6rebygga denna diskriminering som har visat\u00a0sig framg\u00e5ngsrik\u00a0\u00e4r\u00a0HBT-diplomering, som har utvecklats av V\u00e4stra G\u00f6talandsregionen f\u00f6r verksamheter som m\u00f6ter m\u00e4nniskor inom h\u00e4lso- och sjukv\u00e5rd. P\u00e5 Kristdemokraternas initiativ har J\u00f6nk\u00f6pings l\u00e4ns landsting budgeterat f\u00f6r att HBT-diplomera verksamheten, vilket har lett till att bland annat Ungdomsmottagningen i V\u00e4rnamo nu \u00e4r HBT-diplomerad.<\/p>\n<p>Modellen med HBT-diplomering borde kunna vara anv\u00e4ndbar \u00e4ven i kommunala verksamheter som hemsjukv\u00e5rd och skolornas elevh\u00e4lsoarbete. P\u00e5 sikt kanske modellen \u00e4ven kan anpassas till skola och omsorgsverksamheter.<\/p>\n<p>Alla verksamheter som m\u00f6ter m\u00e4nniskor beh\u00f6ver ett systematiskt arbete med bem\u00f6tandefr\u00e5gor. Nu \u00e4r det dags att HBT-diplomera V\u00e4rnamo!<\/p>\n<p style=\"text-align: right\"><em>H\u00e5kan Johansson<\/em>, V\u00e4rnamo<br \/>\nKristdemokrat<\/p>\n<hr \/>\n<p>Publicerad:<\/p>\n<ul>\n<li><em>2014-09-04:<\/em> V\u00e4rnamo.nu<\/li>\n<li>2014-09-08: V\u00e4rnamo Nyheter<\/li>\n<\/ul>\n","protected":false},"excerpt":{"rendered":"<p>I mitt valmanifest har jag med att jag vill HBT-diplomera V\u00e4rnamo. Jag kan inte f\u00f6rst\u00e5 varf\u00f6r HBTQ-personer fortfarande ska beh\u00f6va k\u00e4nna sig d\u00e5ligt bem\u00f6tta n\u00e4r de bes\u00f6ker offentliga verksamheter, som\u00a0ju ska vara till f\u00f6r alla. I dagarna blev vi \u00e5terigen p\u00e5minda om dessa missf\u00f6rh\u00e5llanden och att V\u00e4rnamo kommun ligger i bottenskiktet i bem\u00f6tandefr\u00e5gor. Dags att&hellip; <a class=\"read-more-link\" href=\"https:\/\/wp.kristdemokraterna.se\/hakanjohansson\/2014\/09\/02\/hbt-diplomera-varnamo\/\">Forts\u00e4tt l\u00e4sa<\/a><\/p>\n","protected":false},"author":507,"featured_media":123,"comment_status":"closed","ping_status":"closed","sticky":false,"template":"","format":"standard","meta":{"_acf_changed":false,"footnotes":""},"categories":[3],"tags":[775,770,782,771,777,87,778,774,781,14,338,32,157,772,58,776,74,60,773,780,26,779],"class_list":["post-1276","post","type-post","status-publish","format-standard","hentry","category-debatt","tag-bemotande","tag-diskriminering","tag-elevhalsa","tag-fordom","tag-forebyggande-arbete","tag-halsovard","tag-hbt-diplomering","tag-hbtq","tag-hemsjukvard","tag-insandare","tag-jonkopings-lans-landsting","tag-kristdemokraterna","tag-kunskap","tag-okunskap","tag-omsorg","tag-service","tag-sjukvard","tag-skola","tag-systematiskt-arbete","tag-ungdomsmottagning","tag-varnamo-kommun","tag-vastra-gotalandsregionen"],"acf":[],"yoast_head":"<!-- This site is optimized with the Yoast SEO plugin v27.4 - https:\/\/yoast.com\/product\/yoast-seo-wordpress\/ -->\n<title>HBT-diplomera V\u00e4rnamo - H\u00e5kan Johansson, KD<\/title>\n<meta name=\"robots\" content=\"index, follow, max-snippet:-1, max-image-preview:large, max-video-preview:-1\" \/>\n<link rel=\"canonical\" href=\"https:\/\/wp.kristdemokraterna.se\/hakanjohansson\/2014\/09\/02\/hbt-diplomera-varnamo\/\" \/>\n<meta property=\"og:locale\" content=\"sv_SE\" \/>\n<meta property=\"og:type\" content=\"article\" \/>\n<meta property=\"og:title\" content=\"HBT-diplomera V\u00e4rnamo - H\u00e5kan Johansson, KD\" \/>\n<meta property=\"og:description\" content=\"I mitt valmanifest har jag med att jag vill HBT-diplomera V\u00e4rnamo. Jag kan inte f\u00f6rst\u00e5 varf\u00f6r HBTQ-personer fortfarande ska beh\u00f6va k\u00e4nna sig d\u00e5ligt bem\u00f6tta n\u00e4r de bes\u00f6ker offentliga verksamheter, som\u00a0ju ska vara till f\u00f6r alla. I dagarna blev vi \u00e5terigen p\u00e5minda om dessa missf\u00f6rh\u00e5llanden och att V\u00e4rnamo kommun ligger i bottenskiktet i bem\u00f6tandefr\u00e5gor. Dags att&hellip; Forts\u00e4tt l\u00e4sa\" \/>\n<meta property=\"og:url\" content=\"https:\/\/wp.kristdemokraterna.se\/hakanjohansson\/2014\/09\/02\/hbt-diplomera-varnamo\/\" \/>\n<meta property=\"og:site_name\" content=\"H\u00e5kan Johansson, KD\" \/>\n<meta property=\"article:published_time\" content=\"2014-09-02T13:39:32+00:00\" \/>\n<meta property=\"article:modified_time\" content=\"2018-02-16T16:53:28+00:00\" \/>\n<meta property=\"og:image\" content=\"https:\/\/wp.kristdemokraterna.se\/hakanjohansson\/files\/2014\/06\/hakan_johansson_2013.png\" \/>\n\t<meta property=\"og:image:width\" content=\"256\" \/>\n\t<meta property=\"og:image:height\" content=\"300\" \/>\n\t<meta property=\"og:image:type\" content=\"image\/png\" \/>\n<meta name=\"author\" content=\"H\u00e5kan Johansson\" \/>\n<meta name=\"twitter:card\" content=\"summary_large_image\" \/>\n<meta name=\"twitter:label1\" content=\"Skriven av\" \/>\n\t<meta name=\"twitter:data1\" content=\"H\u00e5kan Johansson\" \/>\n\t<meta name=\"twitter:label2\" content=\"Ber\u00e4knad l\u00e4stid\" \/>\n\t<meta name=\"twitter:data2\" content=\"2 minuter\" \/>\n<script type=\"application\/ld+json\" class=\"yoast-schema-graph\">{\"@context\":\"https:\\\/\\\/schema.org\",\"@graph\":[{\"@type\":\"Article\",\"@id\":\"https:\\\/\\\/wp.kristdemokraterna.se\\\/hakanjohansson\\\/2014\\\/09\\\/02\\\/hbt-diplomera-varnamo\\\/#article\",\"isPartOf\":{\"@id\":\"https:\\\/\\\/wp.kristdemokraterna.se\\\/hakanjohansson\\\/2014\\\/09\\\/02\\\/hbt-diplomera-varnamo\\\/\"},\"author\":{\"name\":\"H\u00e5kan Johansson\",\"@id\":\"https:\\\/\\\/wp.kristdemokraterna.se\\\/hakanjohansson\\\/#\\\/schema\\\/person\\\/1ebb24d2d3a4cdd92106ea18359c8b63\"},\"headline\":\"HBT-diplomera V\u00e4rnamo\",\"datePublished\":\"2014-09-02T13:39:32+00:00\",\"dateModified\":\"2018-02-16T16:53:28+00:00\",\"mainEntityOfPage\":{\"@id\":\"https:\\\/\\\/wp.kristdemokraterna.se\\\/hakanjohansson\\\/2014\\\/09\\\/02\\\/hbt-diplomera-varnamo\\\/\"},\"wordCount\":321,\"image\":{\"@id\":\"https:\\\/\\\/wp.kristdemokraterna.se\\\/hakanjohansson\\\/2014\\\/09\\\/02\\\/hbt-diplomera-varnamo\\\/#primaryimage\"},\"thumbnailUrl\":\"https:\\\/\\\/wp.kristdemokraterna.se\\\/hakanjohansson\\\/files\\\/2014\\\/06\\\/hakan_johansson_2013.png\",\"keywords\":[\"bem\u00f6tande\",\"diskriminering\",\"elevh\u00e4lsa\",\"f\u00f6rdom\",\"f\u00f6rebyggande arbete\",\"h\u00e4lsov\u00e5rd\",\"HBT-diplomering\",\"HBTQ\",\"hemsjukv\u00e5rd\",\"ins\u00e4ndare\",\"J\u00f6nk\u00f6pings l\u00e4ns landsting\",\"Kristdemokraterna\",\"kunskap\",\"okunskap\",\"omsorg\",\"service\",\"sjukv\u00e5rd\",\"skola\",\"systematiskt arbete\",\"ungdomsmottagning\",\"V\u00e4rnamo kommun\",\"V\u00e4stra G\u00f6talandsregionen\"],\"articleSection\":[\"Debatt\"],\"inLanguage\":\"sv-SE\"},{\"@type\":\"WebPage\",\"@id\":\"https:\\\/\\\/wp.kristdemokraterna.se\\\/hakanjohansson\\\/2014\\\/09\\\/02\\\/hbt-diplomera-varnamo\\\/\",\"url\":\"https:\\\/\\\/wp.kristdemokraterna.se\\\/hakanjohansson\\\/2014\\\/09\\\/02\\\/hbt-diplomera-varnamo\\\/\",\"name\":\"HBT-diplomera V\u00e4rnamo - H\u00e5kan Johansson, KD\",\"isPartOf\":{\"@id\":\"https:\\\/\\\/wp.kristdemokraterna.se\\\/hakanjohansson\\\/#website\"},\"primaryImageOfPage\":{\"@id\":\"https:\\\/\\\/wp.kristdemokraterna.se\\\/hakanjohansson\\\/2014\\\/09\\\/02\\\/hbt-diplomera-varnamo\\\/#primaryimage\"},\"image\":{\"@id\":\"https:\\\/\\\/wp.kristdemokraterna.se\\\/hakanjohansson\\\/2014\\\/09\\\/02\\\/hbt-diplomera-varnamo\\\/#primaryimage\"},\"thumbnailUrl\":\"https:\\\/\\\/wp.kristdemokraterna.se\\\/hakanjohansson\\\/files\\\/2014\\\/06\\\/hakan_johansson_2013.png\",\"datePublished\":\"2014-09-02T13:39:32+00:00\",\"dateModified\":\"2018-02-16T16:53:28+00:00\",\"author\":{\"@id\":\"https:\\\/\\\/wp.kristdemokraterna.se\\\/hakanjohansson\\\/#\\\/schema\\\/person\\\/1ebb24d2d3a4cdd92106ea18359c8b63\"},\"breadcrumb\":{\"@id\":\"https:\\\/\\\/wp.kristdemokraterna.se\\\/hakanjohansson\\\/2014\\\/09\\\/02\\\/hbt-diplomera-varnamo\\\/#breadcrumb\"},\"inLanguage\":\"sv-SE\",\"potentialAction\":[{\"@type\":\"ReadAction\",\"target\":[\"https:\\\/\\\/wp.kristdemokraterna.se\\\/hakanjohansson\\\/2014\\\/09\\\/02\\\/hbt-diplomera-varnamo\\\/\"]}]},{\"@type\":\"ImageObject\",\"inLanguage\":\"sv-SE\",\"@id\":\"https:\\\/\\\/wp.kristdemokraterna.se\\\/hakanjohansson\\\/2014\\\/09\\\/02\\\/hbt-diplomera-varnamo\\\/#primaryimage\",\"url\":\"https:\\\/\\\/wp.kristdemokraterna.se\\\/hakanjohansson\\\/files\\\/2014\\\/06\\\/hakan_johansson_2013.png\",\"contentUrl\":\"https:\\\/\\\/wp.kristdemokraterna.se\\\/hakanjohansson\\\/files\\\/2014\\\/06\\\/hakan_johansson_2013.png\",\"width\":256,\"height\":300,\"caption\":\"H\u00e5kan Johansson, Kristdemokraterna V\u00e4rnamo. (Foto: Lennart Molin)\"},{\"@type\":\"BreadcrumbList\",\"@id\":\"https:\\\/\\\/wp.kristdemokraterna.se\\\/hakanjohansson\\\/2014\\\/09\\\/02\\\/hbt-diplomera-varnamo\\\/#breadcrumb\",\"itemListElement\":[{\"@type\":\"ListItem\",\"position\":1,\"name\":\"Hem\",\"item\":\"https:\\\/\\\/wp.kristdemokraterna.se\\\/hakanjohansson\\\/\"},{\"@type\":\"ListItem\",\"position\":2,\"name\":\"HBT-diplomera V\u00e4rnamo\"}]},{\"@type\":\"WebSite\",\"@id\":\"https:\\\/\\\/wp.kristdemokraterna.se\\\/hakanjohansson\\\/#website\",\"url\":\"https:\\\/\\\/wp.kristdemokraterna.se\\\/hakanjohansson\\\/\",\"name\":\"H\u00e5kan Johansson, KD\",\"description\":\"Politik, musik och teknik...\",\"inLanguage\":\"sv-SE\"},{\"@type\":\"Person\",\"@id\":\"https:\\\/\\\/wp.kristdemokraterna.se\\\/hakanjohansson\\\/#\\\/schema\\\/person\\\/1ebb24d2d3a4cdd92106ea18359c8b63\",\"name\":\"H\u00e5kan Johansson\",\"image\":{\"@type\":\"ImageObject\",\"inLanguage\":\"sv-SE\",\"@id\":\"https:\\\/\\\/secure.gravatar.com\\\/avatar\\\/2f492f08c4bdc714d7db0d433c48b51adbc8f67dd2112ac3a50d66d0d1ddd173?s=96&r=g\",\"url\":\"https:\\\/\\\/secure.gravatar.com\\\/avatar\\\/2f492f08c4bdc714d7db0d433c48b51adbc8f67dd2112ac3a50d66d0d1ddd173?s=96&r=g\",\"contentUrl\":\"https:\\\/\\\/secure.gravatar.com\\\/avatar\\\/2f492f08c4bdc714d7db0d433c48b51adbc8f67dd2112ac3a50d66d0d1ddd173?s=96&r=g\",\"caption\":\"H\u00e5kan Johansson\"},\"description\":\"Politik, musik och teknik...\",\"sameAs\":[\"https:\\\/\\\/wp.kristdemokraterna.se\\\/hakanjohansson\"],\"url\":\"https:\\\/\\\/wp.kristdemokraterna.se\\\/hakanjohansson\\\/author\\\/hakanjohansson\\\/\"}]}<\/script>\n<!-- \/ Yoast SEO plugin. -->","yoast_head_json":{"title":"HBT-diplomera V\u00e4rnamo - H\u00e5kan Johansson, KD","robots":{"index":"index","follow":"follow","max-snippet":"max-snippet:-1","max-image-preview":"max-image-preview:large","max-video-preview":"max-video-preview:-1"},"canonical":"https:\/\/wp.kristdemokraterna.se\/hakanjohansson\/2014\/09\/02\/hbt-diplomera-varnamo\/","og_locale":"sv_SE","og_type":"article","og_title":"HBT-diplomera V\u00e4rnamo - H\u00e5kan Johansson, KD","og_description":"I mitt valmanifest har jag med att jag vill HBT-diplomera V\u00e4rnamo. Jag kan inte f\u00f6rst\u00e5 varf\u00f6r HBTQ-personer fortfarande ska beh\u00f6va k\u00e4nna sig d\u00e5ligt bem\u00f6tta n\u00e4r de bes\u00f6ker offentliga verksamheter, som\u00a0ju ska vara till f\u00f6r alla. I dagarna blev vi \u00e5terigen p\u00e5minda om dessa missf\u00f6rh\u00e5llanden och att V\u00e4rnamo kommun ligger i bottenskiktet i bem\u00f6tandefr\u00e5gor. Dags att&hellip; Forts\u00e4tt l\u00e4sa","og_url":"https:\/\/wp.kristdemokraterna.se\/hakanjohansson\/2014\/09\/02\/hbt-diplomera-varnamo\/","og_site_name":"H\u00e5kan Johansson, KD","article_published_time":"2014-09-02T13:39:32+00:00","article_modified_time":"2018-02-16T16:53:28+00:00","og_image":[{"width":256,"height":300,"url":"https:\/\/wp.kristdemokraterna.se\/hakanjohansson\/files\/2014\/06\/hakan_johansson_2013.png","type":"image\/png"}],"author":"H\u00e5kan Johansson","twitter_card":"summary_large_image","twitter_misc":{"Skriven av":"H\u00e5kan Johansson","Ber\u00e4knad l\u00e4stid":"2 minuter"},"schema":{"@context":"https:\/\/schema.org","@graph":[{"@type":"Article","@id":"https:\/\/wp.kristdemokraterna.se\/hakanjohansson\/2014\/09\/02\/hbt-diplomera-varnamo\/#article","isPartOf":{"@id":"https:\/\/wp.kristdemokraterna.se\/hakanjohansson\/2014\/09\/02\/hbt-diplomera-varnamo\/"},"author":{"name":"H\u00e5kan Johansson","@id":"https:\/\/wp.kristdemokraterna.se\/hakanjohansson\/#\/schema\/person\/1ebb24d2d3a4cdd92106ea18359c8b63"},"headline":"HBT-diplomera V\u00e4rnamo","datePublished":"2014-09-02T13:39:32+00:00","dateModified":"2018-02-16T16:53:28+00:00","mainEntityOfPage":{"@id":"https:\/\/wp.kristdemokraterna.se\/hakanjohansson\/2014\/09\/02\/hbt-diplomera-varnamo\/"},"wordCount":321,"image":{"@id":"https:\/\/wp.kristdemokraterna.se\/hakanjohansson\/2014\/09\/02\/hbt-diplomera-varnamo\/#primaryimage"},"thumbnailUrl":"https:\/\/wp.kristdemokraterna.se\/hakanjohansson\/files\/2014\/06\/hakan_johansson_2013.png","keywords":["bem\u00f6tande","diskriminering","elevh\u00e4lsa","f\u00f6rdom","f\u00f6rebyggande arbete","h\u00e4lsov\u00e5rd","HBT-diplomering","HBTQ","hemsjukv\u00e5rd","ins\u00e4ndare","J\u00f6nk\u00f6pings l\u00e4ns landsting","Kristdemokraterna","kunskap","okunskap","omsorg","service","sjukv\u00e5rd","skola","systematiskt arbete","ungdomsmottagning","V\u00e4rnamo kommun","V\u00e4stra G\u00f6talandsregionen"],"articleSection":["Debatt"],"inLanguage":"sv-SE"},{"@type":"WebPage","@id":"https:\/\/wp.kristdemokraterna.se\/hakanjohansson\/2014\/09\/02\/hbt-diplomera-varnamo\/","url":"https:\/\/wp.kristdemokraterna.se\/hakanjohansson\/2014\/09\/02\/hbt-diplomera-varnamo\/","name":"HBT-diplomera V\u00e4rnamo - H\u00e5kan Johansson, KD","isPartOf":{"@id":"https:\/\/wp.kristdemokraterna.se\/hakanjohansson\/#website"},"primaryImageOfPage":{"@id":"https:\/\/wp.kristdemokraterna.se\/hakanjohansson\/2014\/09\/02\/hbt-diplomera-varnamo\/#primaryimage"},"image":{"@id":"https:\/\/wp.kristdemokraterna.se\/hakanjohansson\/2014\/09\/02\/hbt-diplomera-varnamo\/#primaryimage"},"thumbnailUrl":"https:\/\/wp.kristdemokraterna.se\/hakanjohansson\/files\/2014\/06\/hakan_johansson_2013.png","datePublished":"2014-09-02T13:39:32+00:00","dateModified":"2018-02-16T16:53:28+00:00","author":{"@id":"https:\/\/wp.kristdemokraterna.se\/hakanjohansson\/#\/schema\/person\/1ebb24d2d3a4cdd92106ea18359c8b63"},"breadcrumb":{"@id":"https:\/\/wp.kristdemokraterna.se\/hakanjohansson\/2014\/09\/02\/hbt-diplomera-varnamo\/#breadcrumb"},"inLanguage":"sv-SE","potentialAction":[{"@type":"ReadAction","target":["https:\/\/wp.kristdemokraterna.se\/hakanjohansson\/2014\/09\/02\/hbt-diplomera-varnamo\/"]}]},{"@type":"ImageObject","inLanguage":"sv-SE","@id":"https:\/\/wp.kristdemokraterna.se\/hakanjohansson\/2014\/09\/02\/hbt-diplomera-varnamo\/#primaryimage","url":"https:\/\/wp.kristdemokraterna.se\/hakanjohansson\/files\/2014\/06\/hakan_johansson_2013.png","contentUrl":"https:\/\/wp.kristdemokraterna.se\/hakanjohansson\/files\/2014\/06\/hakan_johansson_2013.png","width":256,"height":300,"caption":"H\u00e5kan Johansson, Kristdemokraterna V\u00e4rnamo. (Foto: Lennart Molin)"},{"@type":"BreadcrumbList","@id":"https:\/\/wp.kristdemokraterna.se\/hakanjohansson\/2014\/09\/02\/hbt-diplomera-varnamo\/#breadcrumb","itemListElement":[{"@type":"ListItem","position":1,"name":"Hem","item":"https:\/\/wp.kristdemokraterna.se\/hakanjohansson\/"},{"@type":"ListItem","position":2,"name":"HBT-diplomera V\u00e4rnamo"}]},{"@type":"WebSite","@id":"https:\/\/wp.kristdemokraterna.se\/hakanjohansson\/#website","url":"https:\/\/wp.kristdemokraterna.se\/hakanjohansson\/","name":"H\u00e5kan Johansson, KD","description":"Politik, musik och teknik...","inLanguage":"sv-SE"},{"@type":"Person","@id":"https:\/\/wp.kristdemokraterna.se\/hakanjohansson\/#\/schema\/person\/1ebb24d2d3a4cdd92106ea18359c8b63","name":"H\u00e5kan Johansson","image":{"@type":"ImageObject","inLanguage":"sv-SE","@id":"https:\/\/secure.gravatar.com\/avatar\/2f492f08c4bdc714d7db0d433c48b51adbc8f67dd2112ac3a50d66d0d1ddd173?s=96&r=g","url":"https:\/\/secure.gravatar.com\/avatar\/2f492f08c4bdc714d7db0d433c48b51adbc8f67dd2112ac3a50d66d0d1ddd173?s=96&r=g","contentUrl":"https:\/\/secure.gravatar.com\/avatar\/2f492f08c4bdc714d7db0d433c48b51adbc8f67dd2112ac3a50d66d0d1ddd173?s=96&r=g","caption":"H\u00e5kan Johansson"},"description":"Politik, musik och teknik...","sameAs":["https:\/\/wp.kristdemokraterna.se\/hakanjohansson"],"url":"https:\/\/wp.kristdemokraterna.se\/hakanjohansson\/author\/hakanjohansson\/"}]}},"_links":{"self":[{"href":"https:\/\/wp.kristdemokraterna.se\/hakanjohansson\/wp-json\/wp\/v2\/posts\/1276","targetHints":{"allow":["GET"]}}],"collection":[{"href":"https:\/\/wp.kristdemokraterna.se\/hakanjohansson\/wp-json\/wp\/v2\/posts"}],"about":[{"href":"https:\/\/wp.kristdemokraterna.se\/hakanjohansson\/wp-json\/wp\/v2\/types\/post"}],"author":[{"embeddable":true,"href":"https:\/\/wp.kristdemokraterna.se\/hakanjohansson\/wp-json\/wp\/v2\/users\/507"}],"replies":[{"embeddable":true,"href":"https:\/\/wp.kristdemokraterna.se\/hakanjohansson\/wp-json\/wp\/v2\/comments?post=1276"}],"version-history":[{"count":7,"href":"https:\/\/wp.kristdemokraterna.se\/hakanjohansson\/wp-json\/wp\/v2\/posts\/1276\/revisions"}],"predecessor-version":[{"id":2361,"href":"https:\/\/wp.kristdemokraterna.se\/hakanjohansson\/wp-json\/wp\/v2\/posts\/1276\/revisions\/2361"}],"wp:featuredmedia":[{"embeddable":true,"href":"https:\/\/wp.kristdemokraterna.se\/hakanjohansson\/wp-json\/wp\/v2\/media\/123"}],"wp:attachment":[{"href":"https:\/\/wp.kristdemokraterna.se\/hakanjohansson\/wp-json\/wp\/v2\/media?parent=1276"}],"wp:term":[{"taxonomy":"category","embeddable":true,"href":"https:\/\/wp.kristdemokraterna.se\/hakanjohansson\/wp-json\/wp\/v2\/categories?post=1276"},{"taxonomy":"post_tag","embeddable":true,"href":"https:\/\/wp.kristdemokraterna.se\/hakanjohansson\/wp-json\/wp\/v2\/tags?post=1276"}],"curies":[{"name":"wp","href":"https:\/\/api.w.org\/{rel}","templated":true}]}}