{"id":1298,"date":"2014-08-26T21:50:27","date_gmt":"2014-08-26T19:50:27","guid":{"rendered":"http:\/\/wp.kristdemokraterna.se\/hakanjohansson\/?p=1298"},"modified":"2015-07-13T19:09:48","modified_gmt":"2015-07-13T17:09:48","slug":"i-mitt-bagage","status":"publish","type":"post","link":"https:\/\/wp.kristdemokraterna.se\/hakanjohansson\/2014\/08\/26\/i-mitt-bagage\/","title":{"rendered":"I mitt bagage&#8230;"},"content":{"rendered":"<p>I dag kom <a title=\"Valr\u00f6relsepanik!\" href=\"http:\/\/wp.kristdemokraterna.se\/hakanjohansson\/2014\/08\/19\/valrorelsepanik\/\">kommunutskicket<\/a>, det utskick som inneh\u00e5ller v\u00e5ra kommunfoldrar (<a href=\"http:\/\/wp.kristdemokraterna.se\/hakanjohansson\/files\/2014\/08\/kdjk-valfolder-a4-varnamo-140804_05.pdf\">KDJK Valfolder A4 V\u00e4rnamo 140804_05<\/a>) och valsedlar. Det ska delas ut till alla hush\u00e5ll i hela kommunen och jag har ansvar f\u00f6r hela R\u00f6rstorp \u2013\u00a0tv\u00e5 postnummeromr\u00e5den!<\/p>\n<p><!--more--><\/p>\n<p>\u2013 \u00c5k till Patrik Ekwalls fabrik och h\u00e4mta i kv\u00e4ll, l\u00f6d budskapet\u00a0fr\u00e5n valledare Torbj\u00f6rn Eriksson.<\/p>\n<p>Sagt och gjort, jag \u00e5kte dit och nu ser mitt bagage ut s\u00e5 h\u00e4r. 1300 f\u00f6rs\u00e4ndelser och s\u00e5 t\u00e4nker jag dela ut min egen <a title=\"Mina foldrar har kommit!\" href=\"http:\/\/wp.kristdemokraterna.se\/hakanjohansson\/2014\/08\/06\/mina-foldrar-har-kommit\/\">kandidatfolder<\/a> till alla som bor i min n\u00e4rhet naturligtvis.<\/p>\n\n\t\t<style type=\"text\/css\">\n\t\t\t#gallery-1 {\n\t\t\t\tmargin: auto;\n\t\t\t}\n\t\t\t#gallery-1 .gallery-item {\n\t\t\t\tfloat: left;\n\t\t\t\tmargin-top: 10px;\n\t\t\t\ttext-align: center;\n\t\t\t\twidth: 33%;\n\t\t\t}\n\t\t\t#gallery-1 img {\n\t\t\t\tborder: 2px solid #cfcfcf;\n\t\t\t}\n\t\t\t#gallery-1 .gallery-caption {\n\t\t\t\tmargin-left: 0;\n\t\t\t}\n\t\t\t\/* see gallery_shortcode() in wp-includes\/media.php *\/\n\t\t<\/style>\n\t\t<div id='gallery-1' class='gallery galleryid-1298 gallery-columns-3 gallery-size-thumbnail'><dl class='gallery-item'>\n\t\t\t<dt class='gallery-icon landscape'>\n\t\t\t\t<a href='https:\/\/wp.kristdemokraterna.se\/hakanjohansson\/2014\/08\/26\/i-mitt-bagage\/20140826-valbagage\/'><img loading=\"lazy\" decoding=\"async\" width=\"150\" height=\"150\" src=\"https:\/\/wp.kristdemokraterna.se\/hakanjohansson\/files\/2014\/09\/20140826_valbagage-150x150.jpg\" class=\"attachment-thumbnail size-thumbnail\" alt=\"I sitt bagage d\u00e4r ska man ha... ...Valmaterial! (Foto: H\u00e5kan Johansson)\" aria-describedby=\"gallery-1-1295\" \/><\/a>\n\t\t\t<\/dt>\n\t\t\t\t<dd class='wp-caption-text gallery-caption' id='gallery-1-1295'>\n\t\t\t\tI sitt bagage\nd\u00e4r ska man ha&#8230;\n&#8230;Valmaterial! (Foto: H\u00e5kan Johansson)\n\t\t\t\t<\/dd><\/dl>\n\t\t\t<br style='clear: both' \/>\n\t\t<\/div>\n\n","protected":false},"excerpt":{"rendered":"<p>I dag kom kommunutskicket, det utskick som inneh\u00e5ller v\u00e5ra kommunfoldrar (KDJK Valfolder A4 V\u00e4rnamo 140804_05) och valsedlar. Det ska delas ut till alla hush\u00e5ll i hela kommunen och jag har ansvar f\u00f6r hela R\u00f6rstorp \u2013\u00a0tv\u00e5 postnummeromr\u00e5den!<\/p>\n","protected":false},"author":507,"featured_media":1295,"comment_status":"closed","ping_status":"closed","sticky":false,"template":"","format":"standard","meta":{"_acf_changed":false,"footnotes":""},"categories":[41],"tags":[753,628,577,787,786,788,598,261,789,336],"class_list":["post-1298","post","type-post","status-publish","format-standard","hentry","category-inlagg","tag-hushall","tag-kandidatfolder","tag-kommun","tag-kommunfolder","tag-kommunutskick","tag-patrik-ekwall","tag-rorstorp","tag-torbjorn-eriksson","tag-valledare","tag-valsedel"],"acf":[],"yoast_head":"<!-- This site is optimized with the Yoast SEO plugin v27.4 - https:\/\/yoast.com\/product\/yoast-seo-wordpress\/ -->\n<title>I mitt bagage... - H\u00e5kan Johansson, KD<\/title>\n<meta name=\"robots\" content=\"index, follow, max-snippet:-1, max-image-preview:large, max-video-preview:-1\" \/>\n<link rel=\"canonical\" href=\"https:\/\/wp.kristdemokraterna.se\/hakanjohansson\/2014\/08\/26\/i-mitt-bagage\/\" \/>\n<meta property=\"og:locale\" content=\"sv_SE\" \/>\n<meta property=\"og:type\" content=\"article\" \/>\n<meta property=\"og:title\" content=\"I mitt bagage... - H\u00e5kan Johansson, KD\" \/>\n<meta property=\"og:description\" content=\"I dag kom kommunutskicket, det utskick som inneh\u00e5ller v\u00e5ra kommunfoldrar (KDJK Valfolder A4 V\u00e4rnamo 140804_05) och valsedlar. Det ska delas ut till alla hush\u00e5ll i hela kommunen och jag har ansvar f\u00f6r hela R\u00f6rstorp \u2013\u00a0tv\u00e5 postnummeromr\u00e5den!\" \/>\n<meta property=\"og:url\" content=\"https:\/\/wp.kristdemokraterna.se\/hakanjohansson\/2014\/08\/26\/i-mitt-bagage\/\" \/>\n<meta property=\"og:site_name\" content=\"H\u00e5kan Johansson, KD\" \/>\n<meta property=\"article:published_time\" content=\"2014-08-26T19:50:27+00:00\" \/>\n<meta property=\"article:modified_time\" content=\"2015-07-13T17:09:48+00:00\" \/>\n<meta property=\"og:image\" content=\"https:\/\/wp.kristdemokraterna.se\/hakanjohansson\/files\/2014\/09\/20140826_valbagage.jpg\" \/>\n\t<meta property=\"og:image:width\" content=\"774\" \/>\n\t<meta property=\"og:image:height\" content=\"471\" \/>\n\t<meta property=\"og:image:type\" content=\"image\/jpeg\" \/>\n<meta name=\"author\" content=\"H\u00e5kan Johansson\" \/>\n<meta name=\"twitter:card\" content=\"summary_large_image\" \/>\n<meta name=\"twitter:label1\" content=\"Skriven av\" \/>\n\t<meta name=\"twitter:data1\" content=\"H\u00e5kan Johansson\" \/>\n\t<meta name=\"twitter:label2\" content=\"Ber\u00e4knad l\u00e4stid\" \/>\n\t<meta name=\"twitter:data2\" content=\"1 minut\" \/>\n<script type=\"application\/ld+json\" class=\"yoast-schema-graph\">{\"@context\":\"https:\\\/\\\/schema.org\",\"@graph\":[{\"@type\":\"Article\",\"@id\":\"https:\\\/\\\/wp.kristdemokraterna.se\\\/hakanjohansson\\\/2014\\\/08\\\/26\\\/i-mitt-bagage\\\/#article\",\"isPartOf\":{\"@id\":\"https:\\\/\\\/wp.kristdemokraterna.se\\\/hakanjohansson\\\/2014\\\/08\\\/26\\\/i-mitt-bagage\\\/\"},\"author\":{\"name\":\"H\u00e5kan Johansson\",\"@id\":\"https:\\\/\\\/wp.kristdemokraterna.se\\\/hakanjohansson\\\/#\\\/schema\\\/person\\\/1ebb24d2d3a4cdd92106ea18359c8b63\"},\"headline\":\"I mitt bagage&#8230;\",\"datePublished\":\"2014-08-26T19:50:27+00:00\",\"dateModified\":\"2015-07-13T17:09:48+00:00\",\"mainEntityOfPage\":{\"@id\":\"https:\\\/\\\/wp.kristdemokraterna.se\\\/hakanjohansson\\\/2014\\\/08\\\/26\\\/i-mitt-bagage\\\/\"},\"wordCount\":108,\"image\":{\"@id\":\"https:\\\/\\\/wp.kristdemokraterna.se\\\/hakanjohansson\\\/2014\\\/08\\\/26\\\/i-mitt-bagage\\\/#primaryimage\"},\"thumbnailUrl\":\"https:\\\/\\\/wp.kristdemokraterna.se\\\/hakanjohansson\\\/files\\\/2014\\\/09\\\/20140826_valbagage.jpg\",\"keywords\":[\"hush\u00e5ll\",\"kandidatfolder\",\"kommun\",\"kommunfolder\",\"kommunutskick\",\"Patrik Ekwall\",\"R\u00f6rstorp\",\"Torbj\u00f6rn Eriksson\",\"valledare\",\"valsedel\"],\"articleSection\":[\"Inl\u00e4gg\"],\"inLanguage\":\"sv-SE\"},{\"@type\":\"WebPage\",\"@id\":\"https:\\\/\\\/wp.kristdemokraterna.se\\\/hakanjohansson\\\/2014\\\/08\\\/26\\\/i-mitt-bagage\\\/\",\"url\":\"https:\\\/\\\/wp.kristdemokraterna.se\\\/hakanjohansson\\\/2014\\\/08\\\/26\\\/i-mitt-bagage\\\/\",\"name\":\"I mitt bagage... - H\u00e5kan Johansson, KD\",\"isPartOf\":{\"@id\":\"https:\\\/\\\/wp.kristdemokraterna.se\\\/hakanjohansson\\\/#website\"},\"primaryImageOfPage\":{\"@id\":\"https:\\\/\\\/wp.kristdemokraterna.se\\\/hakanjohansson\\\/2014\\\/08\\\/26\\\/i-mitt-bagage\\\/#primaryimage\"},\"image\":{\"@id\":\"https:\\\/\\\/wp.kristdemokraterna.se\\\/hakanjohansson\\\/2014\\\/08\\\/26\\\/i-mitt-bagage\\\/#primaryimage\"},\"thumbnailUrl\":\"https:\\\/\\\/wp.kristdemokraterna.se\\\/hakanjohansson\\\/files\\\/2014\\\/09\\\/20140826_valbagage.jpg\",\"datePublished\":\"2014-08-26T19:50:27+00:00\",\"dateModified\":\"2015-07-13T17:09:48+00:00\",\"author\":{\"@id\":\"https:\\\/\\\/wp.kristdemokraterna.se\\\/hakanjohansson\\\/#\\\/schema\\\/person\\\/1ebb24d2d3a4cdd92106ea18359c8b63\"},\"breadcrumb\":{\"@id\":\"https:\\\/\\\/wp.kristdemokraterna.se\\\/hakanjohansson\\\/2014\\\/08\\\/26\\\/i-mitt-bagage\\\/#breadcrumb\"},\"inLanguage\":\"sv-SE\",\"potentialAction\":[{\"@type\":\"ReadAction\",\"target\":[\"https:\\\/\\\/wp.kristdemokraterna.se\\\/hakanjohansson\\\/2014\\\/08\\\/26\\\/i-mitt-bagage\\\/\"]}]},{\"@type\":\"ImageObject\",\"inLanguage\":\"sv-SE\",\"@id\":\"https:\\\/\\\/wp.kristdemokraterna.se\\\/hakanjohansson\\\/2014\\\/08\\\/26\\\/i-mitt-bagage\\\/#primaryimage\",\"url\":\"https:\\\/\\\/wp.kristdemokraterna.se\\\/hakanjohansson\\\/files\\\/2014\\\/09\\\/20140826_valbagage.jpg\",\"contentUrl\":\"https:\\\/\\\/wp.kristdemokraterna.se\\\/hakanjohansson\\\/files\\\/2014\\\/09\\\/20140826_valbagage.jpg\",\"width\":774,\"height\":471,\"caption\":\"I sitt bagage d\u00e4r ska man ha... ...Valmaterial! (Foto: H\u00e5kan Johansson)\"},{\"@type\":\"BreadcrumbList\",\"@id\":\"https:\\\/\\\/wp.kristdemokraterna.se\\\/hakanjohansson\\\/2014\\\/08\\\/26\\\/i-mitt-bagage\\\/#breadcrumb\",\"itemListElement\":[{\"@type\":\"ListItem\",\"position\":1,\"name\":\"Hem\",\"item\":\"https:\\\/\\\/wp.kristdemokraterna.se\\\/hakanjohansson\\\/\"},{\"@type\":\"ListItem\",\"position\":2,\"name\":\"I mitt bagage&#8230;\"}]},{\"@type\":\"WebSite\",\"@id\":\"https:\\\/\\\/wp.kristdemokraterna.se\\\/hakanjohansson\\\/#website\",\"url\":\"https:\\\/\\\/wp.kristdemokraterna.se\\\/hakanjohansson\\\/\",\"name\":\"H\u00e5kan Johansson, KD\",\"description\":\"Politik, musik och teknik...\",\"inLanguage\":\"sv-SE\"},{\"@type\":\"Person\",\"@id\":\"https:\\\/\\\/wp.kristdemokraterna.se\\\/hakanjohansson\\\/#\\\/schema\\\/person\\\/1ebb24d2d3a4cdd92106ea18359c8b63\",\"name\":\"H\u00e5kan Johansson\",\"image\":{\"@type\":\"ImageObject\",\"inLanguage\":\"sv-SE\",\"@id\":\"https:\\\/\\\/secure.gravatar.com\\\/avatar\\\/2f492f08c4bdc714d7db0d433c48b51adbc8f67dd2112ac3a50d66d0d1ddd173?s=96&r=g\",\"url\":\"https:\\\/\\\/secure.gravatar.com\\\/avatar\\\/2f492f08c4bdc714d7db0d433c48b51adbc8f67dd2112ac3a50d66d0d1ddd173?s=96&r=g\",\"contentUrl\":\"https:\\\/\\\/secure.gravatar.com\\\/avatar\\\/2f492f08c4bdc714d7db0d433c48b51adbc8f67dd2112ac3a50d66d0d1ddd173?s=96&r=g\",\"caption\":\"H\u00e5kan Johansson\"},\"description\":\"Politik, musik och teknik...\",\"sameAs\":[\"https:\\\/\\\/wp.kristdemokraterna.se\\\/hakanjohansson\"],\"url\":\"https:\\\/\\\/wp.kristdemokraterna.se\\\/hakanjohansson\\\/author\\\/hakanjohansson\\\/\"}]}<\/script>\n<!-- \/ Yoast SEO plugin. -->","yoast_head_json":{"title":"I mitt bagage... - H\u00e5kan Johansson, KD","robots":{"index":"index","follow":"follow","max-snippet":"max-snippet:-1","max-image-preview":"max-image-preview:large","max-video-preview":"max-video-preview:-1"},"canonical":"https:\/\/wp.kristdemokraterna.se\/hakanjohansson\/2014\/08\/26\/i-mitt-bagage\/","og_locale":"sv_SE","og_type":"article","og_title":"I mitt bagage... - H\u00e5kan Johansson, KD","og_description":"I dag kom kommunutskicket, det utskick som inneh\u00e5ller v\u00e5ra kommunfoldrar (KDJK Valfolder A4 V\u00e4rnamo 140804_05) och valsedlar. Det ska delas ut till alla hush\u00e5ll i hela kommunen och jag har ansvar f\u00f6r hela R\u00f6rstorp \u2013\u00a0tv\u00e5 postnummeromr\u00e5den!","og_url":"https:\/\/wp.kristdemokraterna.se\/hakanjohansson\/2014\/08\/26\/i-mitt-bagage\/","og_site_name":"H\u00e5kan Johansson, KD","article_published_time":"2014-08-26T19:50:27+00:00","article_modified_time":"2015-07-13T17:09:48+00:00","og_image":[{"width":774,"height":471,"url":"https:\/\/wp.kristdemokraterna.se\/hakanjohansson\/files\/2014\/09\/20140826_valbagage.jpg","type":"image\/jpeg"}],"author":"H\u00e5kan Johansson","twitter_card":"summary_large_image","twitter_misc":{"Skriven av":"H\u00e5kan Johansson","Ber\u00e4knad l\u00e4stid":"1 minut"},"schema":{"@context":"https:\/\/schema.org","@graph":[{"@type":"Article","@id":"https:\/\/wp.kristdemokraterna.se\/hakanjohansson\/2014\/08\/26\/i-mitt-bagage\/#article","isPartOf":{"@id":"https:\/\/wp.kristdemokraterna.se\/hakanjohansson\/2014\/08\/26\/i-mitt-bagage\/"},"author":{"name":"H\u00e5kan Johansson","@id":"https:\/\/wp.kristdemokraterna.se\/hakanjohansson\/#\/schema\/person\/1ebb24d2d3a4cdd92106ea18359c8b63"},"headline":"I mitt bagage&#8230;","datePublished":"2014-08-26T19:50:27+00:00","dateModified":"2015-07-13T17:09:48+00:00","mainEntityOfPage":{"@id":"https:\/\/wp.kristdemokraterna.se\/hakanjohansson\/2014\/08\/26\/i-mitt-bagage\/"},"wordCount":108,"image":{"@id":"https:\/\/wp.kristdemokraterna.se\/hakanjohansson\/2014\/08\/26\/i-mitt-bagage\/#primaryimage"},"thumbnailUrl":"https:\/\/wp.kristdemokraterna.se\/hakanjohansson\/files\/2014\/09\/20140826_valbagage.jpg","keywords":["hush\u00e5ll","kandidatfolder","kommun","kommunfolder","kommunutskick","Patrik Ekwall","R\u00f6rstorp","Torbj\u00f6rn Eriksson","valledare","valsedel"],"articleSection":["Inl\u00e4gg"],"inLanguage":"sv-SE"},{"@type":"WebPage","@id":"https:\/\/wp.kristdemokraterna.se\/hakanjohansson\/2014\/08\/26\/i-mitt-bagage\/","url":"https:\/\/wp.kristdemokraterna.se\/hakanjohansson\/2014\/08\/26\/i-mitt-bagage\/","name":"I mitt bagage... - H\u00e5kan Johansson, KD","isPartOf":{"@id":"https:\/\/wp.kristdemokraterna.se\/hakanjohansson\/#website"},"primaryImageOfPage":{"@id":"https:\/\/wp.kristdemokraterna.se\/hakanjohansson\/2014\/08\/26\/i-mitt-bagage\/#primaryimage"},"image":{"@id":"https:\/\/wp.kristdemokraterna.se\/hakanjohansson\/2014\/08\/26\/i-mitt-bagage\/#primaryimage"},"thumbnailUrl":"https:\/\/wp.kristdemokraterna.se\/hakanjohansson\/files\/2014\/09\/20140826_valbagage.jpg","datePublished":"2014-08-26T19:50:27+00:00","dateModified":"2015-07-13T17:09:48+00:00","author":{"@id":"https:\/\/wp.kristdemokraterna.se\/hakanjohansson\/#\/schema\/person\/1ebb24d2d3a4cdd92106ea18359c8b63"},"breadcrumb":{"@id":"https:\/\/wp.kristdemokraterna.se\/hakanjohansson\/2014\/08\/26\/i-mitt-bagage\/#breadcrumb"},"inLanguage":"sv-SE","potentialAction":[{"@type":"ReadAction","target":["https:\/\/wp.kristdemokraterna.se\/hakanjohansson\/2014\/08\/26\/i-mitt-bagage\/"]}]},{"@type":"ImageObject","inLanguage":"sv-SE","@id":"https:\/\/wp.kristdemokraterna.se\/hakanjohansson\/2014\/08\/26\/i-mitt-bagage\/#primaryimage","url":"https:\/\/wp.kristdemokraterna.se\/hakanjohansson\/files\/2014\/09\/20140826_valbagage.jpg","contentUrl":"https:\/\/wp.kristdemokraterna.se\/hakanjohansson\/files\/2014\/09\/20140826_valbagage.jpg","width":774,"height":471,"caption":"I sitt bagage d\u00e4r ska man ha... ...Valmaterial! (Foto: H\u00e5kan Johansson)"},{"@type":"BreadcrumbList","@id":"https:\/\/wp.kristdemokraterna.se\/hakanjohansson\/2014\/08\/26\/i-mitt-bagage\/#breadcrumb","itemListElement":[{"@type":"ListItem","position":1,"name":"Hem","item":"https:\/\/wp.kristdemokraterna.se\/hakanjohansson\/"},{"@type":"ListItem","position":2,"name":"I mitt bagage&#8230;"}]},{"@type":"WebSite","@id":"https:\/\/wp.kristdemokraterna.se\/hakanjohansson\/#website","url":"https:\/\/wp.kristdemokraterna.se\/hakanjohansson\/","name":"H\u00e5kan Johansson, KD","description":"Politik, musik och teknik...","inLanguage":"sv-SE"},{"@type":"Person","@id":"https:\/\/wp.kristdemokraterna.se\/hakanjohansson\/#\/schema\/person\/1ebb24d2d3a4cdd92106ea18359c8b63","name":"H\u00e5kan Johansson","image":{"@type":"ImageObject","inLanguage":"sv-SE","@id":"https:\/\/secure.gravatar.com\/avatar\/2f492f08c4bdc714d7db0d433c48b51adbc8f67dd2112ac3a50d66d0d1ddd173?s=96&r=g","url":"https:\/\/secure.gravatar.com\/avatar\/2f492f08c4bdc714d7db0d433c48b51adbc8f67dd2112ac3a50d66d0d1ddd173?s=96&r=g","contentUrl":"https:\/\/secure.gravatar.com\/avatar\/2f492f08c4bdc714d7db0d433c48b51adbc8f67dd2112ac3a50d66d0d1ddd173?s=96&r=g","caption":"H\u00e5kan Johansson"},"description":"Politik, musik och teknik...","sameAs":["https:\/\/wp.kristdemokraterna.se\/hakanjohansson"],"url":"https:\/\/wp.kristdemokraterna.se\/hakanjohansson\/author\/hakanjohansson\/"}]}},"_links":{"self":[{"href":"https:\/\/wp.kristdemokraterna.se\/hakanjohansson\/wp-json\/wp\/v2\/posts\/1298","targetHints":{"allow":["GET"]}}],"collection":[{"href":"https:\/\/wp.kristdemokraterna.se\/hakanjohansson\/wp-json\/wp\/v2\/posts"}],"about":[{"href":"https:\/\/wp.kristdemokraterna.se\/hakanjohansson\/wp-json\/wp\/v2\/types\/post"}],"author":[{"embeddable":true,"href":"https:\/\/wp.kristdemokraterna.se\/hakanjohansson\/wp-json\/wp\/v2\/users\/507"}],"replies":[{"embeddable":true,"href":"https:\/\/wp.kristdemokraterna.se\/hakanjohansson\/wp-json\/wp\/v2\/comments?post=1298"}],"version-history":[{"count":3,"href":"https:\/\/wp.kristdemokraterna.se\/hakanjohansson\/wp-json\/wp\/v2\/posts\/1298\/revisions"}],"predecessor-version":[{"id":2077,"href":"https:\/\/wp.kristdemokraterna.se\/hakanjohansson\/wp-json\/wp\/v2\/posts\/1298\/revisions\/2077"}],"wp:featuredmedia":[{"embeddable":true,"href":"https:\/\/wp.kristdemokraterna.se\/hakanjohansson\/wp-json\/wp\/v2\/media\/1295"}],"wp:attachment":[{"href":"https:\/\/wp.kristdemokraterna.se\/hakanjohansson\/wp-json\/wp\/v2\/media?parent=1298"}],"wp:term":[{"taxonomy":"category","embeddable":true,"href":"https:\/\/wp.kristdemokraterna.se\/hakanjohansson\/wp-json\/wp\/v2\/categories?post=1298"},{"taxonomy":"post_tag","embeddable":true,"href":"https:\/\/wp.kristdemokraterna.se\/hakanjohansson\/wp-json\/wp\/v2\/tags?post=1298"}],"curies":[{"name":"wp","href":"https:\/\/api.w.org\/{rel}","templated":true}]}}