{"id":1482,"date":"2014-12-22T21:31:18","date_gmt":"2014-12-22T20:31:18","guid":{"rendered":"http:\/\/wp.kristdemokraterna.se\/hakanjohansson\/?p=1482"},"modified":"2015-01-15T23:14:01","modified_gmt":"2015-01-15T22:14:01","slug":"sista-sammantradet-med-upphandlingsnamnden","status":"publish","type":"post","link":"https:\/\/wp.kristdemokraterna.se\/hakanjohansson\/2014\/12\/22\/sista-sammantradet-med-upphandlingsnamnden\/","title":{"rendered":"Sista sammantr\u00e4det med Upphandlingsn\u00e4mnden"},"content":{"rendered":"<p>Upphandlingsn\u00e4mndens sista sammantr\u00e4de f\u00f6r mandatperioden var egentligen t\u00e4nkt till i onsdags. D\u00e5 gjorde vi ett studiebes\u00f6k p\u00e5 det nya avloppsreningsverket i P\u00e5lslund, f\u00f6ljt av julbord p\u00e5 hotell Tre Liljor. D\u00e4refter hade vi vad vi trodde v\u00e5rt sista sammantr\u00e4de, men eftersom f\u00f6redragande f\u00f6r en samverkansutredning som vi ville bli f\u00e4rdiga\u00a0med var f\u00f6rhindrad fick vi utlysa ett extra sammantr\u00e4de till i dag. Tyv\u00e4rr var tv\u00e5 ledam\u00f6ter f\u00f6rhindrade, men vi kunde i alla fall avsluta mandatperioden med ett rent skrivbord\u2026<\/p>\n<p><!--more--><\/p>\n<p>N\u00e4r jag ser tillbaka p\u00e5 n\u00e4mndens f\u00f6rsta mandatperiod tycker jag att vi har utr\u00e4ttat mycket bra. Vi har lyft upphandlings- och konkurrensfr\u00e5gorna till en strategisk niv\u00e5, vi har inf\u00f6rt LOV, vi har \u00f6kat medvetenheten om upphandlingsprocessen i kommunens verksamheter, vi har \u00f6kat riskmedvetenheten n\u00e4r det g\u00e4ller\u00a0korruption och vi har pr\u00f6vat nya former av kravst\u00e4llning f\u00f6r att n\u00e5 politiska m\u00e5l som mer lokalproducerad mat och b\u00e4ttre djurskydd.<\/p>\n\n\t\t<style type=\"text\/css\">\n\t\t\t#gallery-1 {\n\t\t\t\tmargin: auto;\n\t\t\t}\n\t\t\t#gallery-1 .gallery-item {\n\t\t\t\tfloat: left;\n\t\t\t\tmargin-top: 10px;\n\t\t\t\ttext-align: center;\n\t\t\t\twidth: 33%;\n\t\t\t}\n\t\t\t#gallery-1 img {\n\t\t\t\tborder: 2px solid #cfcfcf;\n\t\t\t}\n\t\t\t#gallery-1 .gallery-caption {\n\t\t\t\tmargin-left: 0;\n\t\t\t}\n\t\t\t\/* see gallery_shortcode() in wp-includes\/media.php *\/\n\t\t<\/style>\n\t\t<div id='gallery-1' class='gallery galleryid-1482 gallery-columns-3 gallery-size-thumbnail'><dl class='gallery-item'>\n\t\t\t<dt class='gallery-icon landscape'>\n\t\t\t\t<a href='https:\/\/wp.kristdemokraterna.se\/hakanjohansson\/20141222-upphandlingsnamnden-birgithof-dieterwagner-hakanjohansson\/'><img loading=\"lazy\" decoding=\"async\" width=\"150\" height=\"150\" src=\"https:\/\/wp.kristdemokraterna.se\/hakanjohansson\/files\/2015\/01\/20141222_upphandlingsnamnden_birgithof_dieterwagner_hakanjohansson-150x150.jpg\" class=\"attachment-thumbnail size-thumbnail\" alt=\"Upphandlingsn\u00e4mndens sista sammantr\u00e4de f\u00f6r mandatperioden var ett extra sammantr\u00e4de, till r\u00e5ga p\u00e5 allt med decimerat antal ledam\u00f6ter (presidiet) - Birgit Hof (S), Dieter Wagner (M) och jag. (Foto: Harrieth Forsberg)\" aria-describedby=\"gallery-1-1423\" \/><\/a>\n\t\t\t<\/dt>\n\t\t\t\t<dd class='wp-caption-text gallery-caption' id='gallery-1-1423'>\n\t\t\t\tUpphandlingsn\u00e4mndens sista sammantr\u00e4de f\u00f6r mandatperioden var ett extra sammantr\u00e4de, till r\u00e5ga p\u00e5 allt med decimerat antal ledam\u00f6ter (presidiet) &#8211; Birgit Hof (S), Dieter Wagner (M) och jag. (Foto: Harrieth Forsberg)\n\t\t\t\t<\/dd><\/dl>\n\t\t\t<br style='clear: both' \/>\n\t\t<\/div>\n\n","protected":false},"excerpt":{"rendered":"<p>Upphandlingsn\u00e4mndens sista sammantr\u00e4de f\u00f6r mandatperioden var egentligen t\u00e4nkt till i onsdags. D\u00e5 gjorde vi ett studiebes\u00f6k p\u00e5 det nya avloppsreningsverket i P\u00e5lslund, f\u00f6ljt av julbord p\u00e5 hotell Tre Liljor. D\u00e4refter hade vi vad vi trodde v\u00e5rt sista sammantr\u00e4de, men eftersom f\u00f6redragande f\u00f6r en samverkansutredning som vi ville bli f\u00e4rdiga\u00a0med var f\u00f6rhindrad fick vi utlysa ett&hellip; <a class=\"read-more-link\" href=\"https:\/\/wp.kristdemokraterna.se\/hakanjohansson\/2014\/12\/22\/sista-sammantradet-med-upphandlingsnamnden\/\">Forts\u00e4tt l\u00e4sa<\/a><\/p>\n","protected":false},"author":507,"featured_media":1423,"comment_status":"closed","ping_status":"closed","sticky":false,"template":"","format":"standard","meta":{"_acf_changed":false,"footnotes":""},"categories":[41],"tags":[202,870,475,565,563,279,917,345,328,869,638,539,350,29],"class_list":["post-1482","post","type-post","status-publish","format-standard","hentry","category-inlagg","tag-avloppsreningsverk","tag-birgit-hof","tag-dieter-wagner","tag-djurskydd","tag-hotell-tre-liljor","tag-konkurrens","tag-korruption","tag-krav","tag-lokala-producenter","tag-lov","tag-mandatperiod","tag-palslund","tag-strategisk-upphandling","tag-upphandlingsnamnden"],"acf":[],"yoast_head":"<!-- This site is optimized with the Yoast SEO plugin v27.4 - https:\/\/yoast.com\/product\/yoast-seo-wordpress\/ -->\n<title>Sista sammantr\u00e4det med Upphandlingsn\u00e4mnden - H\u00e5kan Johansson, KD<\/title>\n<meta name=\"robots\" content=\"index, follow, max-snippet:-1, max-image-preview:large, max-video-preview:-1\" \/>\n<link rel=\"canonical\" href=\"https:\/\/wp.kristdemokraterna.se\/hakanjohansson\/2014\/12\/22\/sista-sammantradet-med-upphandlingsnamnden\/\" \/>\n<meta property=\"og:locale\" content=\"sv_SE\" \/>\n<meta property=\"og:type\" content=\"article\" \/>\n<meta property=\"og:title\" content=\"Sista sammantr\u00e4det med Upphandlingsn\u00e4mnden - H\u00e5kan Johansson, KD\" \/>\n<meta property=\"og:description\" content=\"Upphandlingsn\u00e4mndens sista sammantr\u00e4de f\u00f6r mandatperioden var egentligen t\u00e4nkt till i onsdags. D\u00e5 gjorde vi ett studiebes\u00f6k p\u00e5 det nya avloppsreningsverket i P\u00e5lslund, f\u00f6ljt av julbord p\u00e5 hotell Tre Liljor. D\u00e4refter hade vi vad vi trodde v\u00e5rt sista sammantr\u00e4de, men eftersom f\u00f6redragande f\u00f6r en samverkansutredning som vi ville bli f\u00e4rdiga\u00a0med var f\u00f6rhindrad fick vi utlysa ett&hellip; Forts\u00e4tt l\u00e4sa\" \/>\n<meta property=\"og:url\" content=\"https:\/\/wp.kristdemokraterna.se\/hakanjohansson\/2014\/12\/22\/sista-sammantradet-med-upphandlingsnamnden\/\" \/>\n<meta property=\"og:site_name\" content=\"H\u00e5kan Johansson, KD\" \/>\n<meta property=\"article:published_time\" content=\"2014-12-22T20:31:18+00:00\" \/>\n<meta property=\"article:modified_time\" content=\"2015-01-15T22:14:01+00:00\" \/>\n<meta property=\"og:image\" content=\"https:\/\/wp.kristdemokraterna.se\/hakanjohansson\/files\/2015\/01\/20141222_upphandlingsnamnden_birgithof_dieterwagner_hakanjohansson.jpg\" \/>\n\t<meta property=\"og:image:width\" content=\"589\" \/>\n\t<meta property=\"og:image:height\" content=\"449\" \/>\n\t<meta property=\"og:image:type\" content=\"image\/jpeg\" \/>\n<meta name=\"author\" content=\"H\u00e5kan Johansson\" \/>\n<meta name=\"twitter:card\" content=\"summary_large_image\" \/>\n<meta name=\"twitter:label1\" content=\"Skriven av\" \/>\n\t<meta name=\"twitter:data1\" content=\"H\u00e5kan Johansson\" \/>\n\t<meta name=\"twitter:label2\" content=\"Ber\u00e4knad l\u00e4stid\" \/>\n\t<meta name=\"twitter:data2\" content=\"1 minut\" \/>\n<script type=\"application\/ld+json\" class=\"yoast-schema-graph\">{\"@context\":\"https:\\\/\\\/schema.org\",\"@graph\":[{\"@type\":\"Article\",\"@id\":\"https:\\\/\\\/wp.kristdemokraterna.se\\\/hakanjohansson\\\/2014\\\/12\\\/22\\\/sista-sammantradet-med-upphandlingsnamnden\\\/#article\",\"isPartOf\":{\"@id\":\"https:\\\/\\\/wp.kristdemokraterna.se\\\/hakanjohansson\\\/2014\\\/12\\\/22\\\/sista-sammantradet-med-upphandlingsnamnden\\\/\"},\"author\":{\"name\":\"H\u00e5kan Johansson\",\"@id\":\"https:\\\/\\\/wp.kristdemokraterna.se\\\/hakanjohansson\\\/#\\\/schema\\\/person\\\/1ebb24d2d3a4cdd92106ea18359c8b63\"},\"headline\":\"Sista sammantr\u00e4det med Upphandlingsn\u00e4mnden\",\"datePublished\":\"2014-12-22T20:31:18+00:00\",\"dateModified\":\"2015-01-15T22:14:01+00:00\",\"mainEntityOfPage\":{\"@id\":\"https:\\\/\\\/wp.kristdemokraterna.se\\\/hakanjohansson\\\/2014\\\/12\\\/22\\\/sista-sammantradet-med-upphandlingsnamnden\\\/\"},\"wordCount\":186,\"image\":{\"@id\":\"https:\\\/\\\/wp.kristdemokraterna.se\\\/hakanjohansson\\\/2014\\\/12\\\/22\\\/sista-sammantradet-med-upphandlingsnamnden\\\/#primaryimage\"},\"thumbnailUrl\":\"https:\\\/\\\/wp.kristdemokraterna.se\\\/hakanjohansson\\\/files\\\/2015\\\/01\\\/20141222_upphandlingsnamnden_birgithof_dieterwagner_hakanjohansson.jpg\",\"keywords\":[\"avloppsreningsverk\",\"Birgit Hof\",\"Dieter Wagner\",\"djurskydd\",\"hotell Tre Liljor\",\"konkurrens\",\"korruption\",\"krav\",\"lokala producenter\",\"LOV\",\"mandatperiod\",\"P\u00e5lslund\",\"strategisk upphandling\",\"Upphandlingsn\u00e4mnden\"],\"articleSection\":[\"Inl\u00e4gg\"],\"inLanguage\":\"sv-SE\"},{\"@type\":\"WebPage\",\"@id\":\"https:\\\/\\\/wp.kristdemokraterna.se\\\/hakanjohansson\\\/2014\\\/12\\\/22\\\/sista-sammantradet-med-upphandlingsnamnden\\\/\",\"url\":\"https:\\\/\\\/wp.kristdemokraterna.se\\\/hakanjohansson\\\/2014\\\/12\\\/22\\\/sista-sammantradet-med-upphandlingsnamnden\\\/\",\"name\":\"Sista sammantr\u00e4det med Upphandlingsn\u00e4mnden - H\u00e5kan Johansson, KD\",\"isPartOf\":{\"@id\":\"https:\\\/\\\/wp.kristdemokraterna.se\\\/hakanjohansson\\\/#website\"},\"primaryImageOfPage\":{\"@id\":\"https:\\\/\\\/wp.kristdemokraterna.se\\\/hakanjohansson\\\/2014\\\/12\\\/22\\\/sista-sammantradet-med-upphandlingsnamnden\\\/#primaryimage\"},\"image\":{\"@id\":\"https:\\\/\\\/wp.kristdemokraterna.se\\\/hakanjohansson\\\/2014\\\/12\\\/22\\\/sista-sammantradet-med-upphandlingsnamnden\\\/#primaryimage\"},\"thumbnailUrl\":\"https:\\\/\\\/wp.kristdemokraterna.se\\\/hakanjohansson\\\/files\\\/2015\\\/01\\\/20141222_upphandlingsnamnden_birgithof_dieterwagner_hakanjohansson.jpg\",\"datePublished\":\"2014-12-22T20:31:18+00:00\",\"dateModified\":\"2015-01-15T22:14:01+00:00\",\"author\":{\"@id\":\"https:\\\/\\\/wp.kristdemokraterna.se\\\/hakanjohansson\\\/#\\\/schema\\\/person\\\/1ebb24d2d3a4cdd92106ea18359c8b63\"},\"breadcrumb\":{\"@id\":\"https:\\\/\\\/wp.kristdemokraterna.se\\\/hakanjohansson\\\/2014\\\/12\\\/22\\\/sista-sammantradet-med-upphandlingsnamnden\\\/#breadcrumb\"},\"inLanguage\":\"sv-SE\",\"potentialAction\":[{\"@type\":\"ReadAction\",\"target\":[\"https:\\\/\\\/wp.kristdemokraterna.se\\\/hakanjohansson\\\/2014\\\/12\\\/22\\\/sista-sammantradet-med-upphandlingsnamnden\\\/\"]}]},{\"@type\":\"ImageObject\",\"inLanguage\":\"sv-SE\",\"@id\":\"https:\\\/\\\/wp.kristdemokraterna.se\\\/hakanjohansson\\\/2014\\\/12\\\/22\\\/sista-sammantradet-med-upphandlingsnamnden\\\/#primaryimage\",\"url\":\"https:\\\/\\\/wp.kristdemokraterna.se\\\/hakanjohansson\\\/files\\\/2015\\\/01\\\/20141222_upphandlingsnamnden_birgithof_dieterwagner_hakanjohansson.jpg\",\"contentUrl\":\"https:\\\/\\\/wp.kristdemokraterna.se\\\/hakanjohansson\\\/files\\\/2015\\\/01\\\/20141222_upphandlingsnamnden_birgithof_dieterwagner_hakanjohansson.jpg\",\"width\":589,\"height\":449,\"caption\":\"Upphandlingsn\u00e4mndens sista sammantr\u00e4de f\u00f6r mandatperioden var ett extra sammantr\u00e4de, till r\u00e5ga p\u00e5 allt med decimerat antal ledam\u00f6ter (presidiet) - Birgit Hof (S), Dieter Wagner (M) och jag. (Foto: Harrieth Forsberg)\"},{\"@type\":\"BreadcrumbList\",\"@id\":\"https:\\\/\\\/wp.kristdemokraterna.se\\\/hakanjohansson\\\/2014\\\/12\\\/22\\\/sista-sammantradet-med-upphandlingsnamnden\\\/#breadcrumb\",\"itemListElement\":[{\"@type\":\"ListItem\",\"position\":1,\"name\":\"Hem\",\"item\":\"https:\\\/\\\/wp.kristdemokraterna.se\\\/hakanjohansson\\\/\"},{\"@type\":\"ListItem\",\"position\":2,\"name\":\"Sista sammantr\u00e4det med Upphandlingsn\u00e4mnden\"}]},{\"@type\":\"WebSite\",\"@id\":\"https:\\\/\\\/wp.kristdemokraterna.se\\\/hakanjohansson\\\/#website\",\"url\":\"https:\\\/\\\/wp.kristdemokraterna.se\\\/hakanjohansson\\\/\",\"name\":\"H\u00e5kan Johansson, KD\",\"description\":\"Politik, musik och teknik...\",\"inLanguage\":\"sv-SE\"},{\"@type\":\"Person\",\"@id\":\"https:\\\/\\\/wp.kristdemokraterna.se\\\/hakanjohansson\\\/#\\\/schema\\\/person\\\/1ebb24d2d3a4cdd92106ea18359c8b63\",\"name\":\"H\u00e5kan Johansson\",\"image\":{\"@type\":\"ImageObject\",\"inLanguage\":\"sv-SE\",\"@id\":\"https:\\\/\\\/secure.gravatar.com\\\/avatar\\\/2f492f08c4bdc714d7db0d433c48b51adbc8f67dd2112ac3a50d66d0d1ddd173?s=96&r=g\",\"url\":\"https:\\\/\\\/secure.gravatar.com\\\/avatar\\\/2f492f08c4bdc714d7db0d433c48b51adbc8f67dd2112ac3a50d66d0d1ddd173?s=96&r=g\",\"contentUrl\":\"https:\\\/\\\/secure.gravatar.com\\\/avatar\\\/2f492f08c4bdc714d7db0d433c48b51adbc8f67dd2112ac3a50d66d0d1ddd173?s=96&r=g\",\"caption\":\"H\u00e5kan Johansson\"},\"description\":\"Politik, musik och teknik...\",\"sameAs\":[\"https:\\\/\\\/wp.kristdemokraterna.se\\\/hakanjohansson\"],\"url\":\"https:\\\/\\\/wp.kristdemokraterna.se\\\/hakanjohansson\\\/author\\\/hakanjohansson\\\/\"}]}<\/script>\n<!-- \/ Yoast SEO plugin. -->","yoast_head_json":{"title":"Sista sammantr\u00e4det med Upphandlingsn\u00e4mnden - H\u00e5kan Johansson, KD","robots":{"index":"index","follow":"follow","max-snippet":"max-snippet:-1","max-image-preview":"max-image-preview:large","max-video-preview":"max-video-preview:-1"},"canonical":"https:\/\/wp.kristdemokraterna.se\/hakanjohansson\/2014\/12\/22\/sista-sammantradet-med-upphandlingsnamnden\/","og_locale":"sv_SE","og_type":"article","og_title":"Sista sammantr\u00e4det med Upphandlingsn\u00e4mnden - H\u00e5kan Johansson, KD","og_description":"Upphandlingsn\u00e4mndens sista sammantr\u00e4de f\u00f6r mandatperioden var egentligen t\u00e4nkt till i onsdags. D\u00e5 gjorde vi ett studiebes\u00f6k p\u00e5 det nya avloppsreningsverket i P\u00e5lslund, f\u00f6ljt av julbord p\u00e5 hotell Tre Liljor. D\u00e4refter hade vi vad vi trodde v\u00e5rt sista sammantr\u00e4de, men eftersom f\u00f6redragande f\u00f6r en samverkansutredning som vi ville bli f\u00e4rdiga\u00a0med var f\u00f6rhindrad fick vi utlysa ett&hellip; Forts\u00e4tt l\u00e4sa","og_url":"https:\/\/wp.kristdemokraterna.se\/hakanjohansson\/2014\/12\/22\/sista-sammantradet-med-upphandlingsnamnden\/","og_site_name":"H\u00e5kan Johansson, KD","article_published_time":"2014-12-22T20:31:18+00:00","article_modified_time":"2015-01-15T22:14:01+00:00","og_image":[{"width":589,"height":449,"url":"https:\/\/wp.kristdemokraterna.se\/hakanjohansson\/files\/2015\/01\/20141222_upphandlingsnamnden_birgithof_dieterwagner_hakanjohansson.jpg","type":"image\/jpeg"}],"author":"H\u00e5kan Johansson","twitter_card":"summary_large_image","twitter_misc":{"Skriven av":"H\u00e5kan Johansson","Ber\u00e4knad l\u00e4stid":"1 minut"},"schema":{"@context":"https:\/\/schema.org","@graph":[{"@type":"Article","@id":"https:\/\/wp.kristdemokraterna.se\/hakanjohansson\/2014\/12\/22\/sista-sammantradet-med-upphandlingsnamnden\/#article","isPartOf":{"@id":"https:\/\/wp.kristdemokraterna.se\/hakanjohansson\/2014\/12\/22\/sista-sammantradet-med-upphandlingsnamnden\/"},"author":{"name":"H\u00e5kan Johansson","@id":"https:\/\/wp.kristdemokraterna.se\/hakanjohansson\/#\/schema\/person\/1ebb24d2d3a4cdd92106ea18359c8b63"},"headline":"Sista sammantr\u00e4det med Upphandlingsn\u00e4mnden","datePublished":"2014-12-22T20:31:18+00:00","dateModified":"2015-01-15T22:14:01+00:00","mainEntityOfPage":{"@id":"https:\/\/wp.kristdemokraterna.se\/hakanjohansson\/2014\/12\/22\/sista-sammantradet-med-upphandlingsnamnden\/"},"wordCount":186,"image":{"@id":"https:\/\/wp.kristdemokraterna.se\/hakanjohansson\/2014\/12\/22\/sista-sammantradet-med-upphandlingsnamnden\/#primaryimage"},"thumbnailUrl":"https:\/\/wp.kristdemokraterna.se\/hakanjohansson\/files\/2015\/01\/20141222_upphandlingsnamnden_birgithof_dieterwagner_hakanjohansson.jpg","keywords":["avloppsreningsverk","Birgit Hof","Dieter Wagner","djurskydd","hotell Tre Liljor","konkurrens","korruption","krav","lokala producenter","LOV","mandatperiod","P\u00e5lslund","strategisk upphandling","Upphandlingsn\u00e4mnden"],"articleSection":["Inl\u00e4gg"],"inLanguage":"sv-SE"},{"@type":"WebPage","@id":"https:\/\/wp.kristdemokraterna.se\/hakanjohansson\/2014\/12\/22\/sista-sammantradet-med-upphandlingsnamnden\/","url":"https:\/\/wp.kristdemokraterna.se\/hakanjohansson\/2014\/12\/22\/sista-sammantradet-med-upphandlingsnamnden\/","name":"Sista sammantr\u00e4det med Upphandlingsn\u00e4mnden - H\u00e5kan Johansson, KD","isPartOf":{"@id":"https:\/\/wp.kristdemokraterna.se\/hakanjohansson\/#website"},"primaryImageOfPage":{"@id":"https:\/\/wp.kristdemokraterna.se\/hakanjohansson\/2014\/12\/22\/sista-sammantradet-med-upphandlingsnamnden\/#primaryimage"},"image":{"@id":"https:\/\/wp.kristdemokraterna.se\/hakanjohansson\/2014\/12\/22\/sista-sammantradet-med-upphandlingsnamnden\/#primaryimage"},"thumbnailUrl":"https:\/\/wp.kristdemokraterna.se\/hakanjohansson\/files\/2015\/01\/20141222_upphandlingsnamnden_birgithof_dieterwagner_hakanjohansson.jpg","datePublished":"2014-12-22T20:31:18+00:00","dateModified":"2015-01-15T22:14:01+00:00","author":{"@id":"https:\/\/wp.kristdemokraterna.se\/hakanjohansson\/#\/schema\/person\/1ebb24d2d3a4cdd92106ea18359c8b63"},"breadcrumb":{"@id":"https:\/\/wp.kristdemokraterna.se\/hakanjohansson\/2014\/12\/22\/sista-sammantradet-med-upphandlingsnamnden\/#breadcrumb"},"inLanguage":"sv-SE","potentialAction":[{"@type":"ReadAction","target":["https:\/\/wp.kristdemokraterna.se\/hakanjohansson\/2014\/12\/22\/sista-sammantradet-med-upphandlingsnamnden\/"]}]},{"@type":"ImageObject","inLanguage":"sv-SE","@id":"https:\/\/wp.kristdemokraterna.se\/hakanjohansson\/2014\/12\/22\/sista-sammantradet-med-upphandlingsnamnden\/#primaryimage","url":"https:\/\/wp.kristdemokraterna.se\/hakanjohansson\/files\/2015\/01\/20141222_upphandlingsnamnden_birgithof_dieterwagner_hakanjohansson.jpg","contentUrl":"https:\/\/wp.kristdemokraterna.se\/hakanjohansson\/files\/2015\/01\/20141222_upphandlingsnamnden_birgithof_dieterwagner_hakanjohansson.jpg","width":589,"height":449,"caption":"Upphandlingsn\u00e4mndens sista sammantr\u00e4de f\u00f6r mandatperioden var ett extra sammantr\u00e4de, till r\u00e5ga p\u00e5 allt med decimerat antal ledam\u00f6ter (presidiet) - Birgit Hof (S), Dieter Wagner (M) och jag. (Foto: Harrieth Forsberg)"},{"@type":"BreadcrumbList","@id":"https:\/\/wp.kristdemokraterna.se\/hakanjohansson\/2014\/12\/22\/sista-sammantradet-med-upphandlingsnamnden\/#breadcrumb","itemListElement":[{"@type":"ListItem","position":1,"name":"Hem","item":"https:\/\/wp.kristdemokraterna.se\/hakanjohansson\/"},{"@type":"ListItem","position":2,"name":"Sista sammantr\u00e4det med Upphandlingsn\u00e4mnden"}]},{"@type":"WebSite","@id":"https:\/\/wp.kristdemokraterna.se\/hakanjohansson\/#website","url":"https:\/\/wp.kristdemokraterna.se\/hakanjohansson\/","name":"H\u00e5kan Johansson, KD","description":"Politik, musik och teknik...","inLanguage":"sv-SE"},{"@type":"Person","@id":"https:\/\/wp.kristdemokraterna.se\/hakanjohansson\/#\/schema\/person\/1ebb24d2d3a4cdd92106ea18359c8b63","name":"H\u00e5kan Johansson","image":{"@type":"ImageObject","inLanguage":"sv-SE","@id":"https:\/\/secure.gravatar.com\/avatar\/2f492f08c4bdc714d7db0d433c48b51adbc8f67dd2112ac3a50d66d0d1ddd173?s=96&r=g","url":"https:\/\/secure.gravatar.com\/avatar\/2f492f08c4bdc714d7db0d433c48b51adbc8f67dd2112ac3a50d66d0d1ddd173?s=96&r=g","contentUrl":"https:\/\/secure.gravatar.com\/avatar\/2f492f08c4bdc714d7db0d433c48b51adbc8f67dd2112ac3a50d66d0d1ddd173?s=96&r=g","caption":"H\u00e5kan Johansson"},"description":"Politik, musik och teknik...","sameAs":["https:\/\/wp.kristdemokraterna.se\/hakanjohansson"],"url":"https:\/\/wp.kristdemokraterna.se\/hakanjohansson\/author\/hakanjohansson\/"}]}},"_links":{"self":[{"href":"https:\/\/wp.kristdemokraterna.se\/hakanjohansson\/wp-json\/wp\/v2\/posts\/1482","targetHints":{"allow":["GET"]}}],"collection":[{"href":"https:\/\/wp.kristdemokraterna.se\/hakanjohansson\/wp-json\/wp\/v2\/posts"}],"about":[{"href":"https:\/\/wp.kristdemokraterna.se\/hakanjohansson\/wp-json\/wp\/v2\/types\/post"}],"author":[{"embeddable":true,"href":"https:\/\/wp.kristdemokraterna.se\/hakanjohansson\/wp-json\/wp\/v2\/users\/507"}],"replies":[{"embeddable":true,"href":"https:\/\/wp.kristdemokraterna.se\/hakanjohansson\/wp-json\/wp\/v2\/comments?post=1482"}],"version-history":[{"count":8,"href":"https:\/\/wp.kristdemokraterna.se\/hakanjohansson\/wp-json\/wp\/v2\/posts\/1482\/revisions"}],"predecessor-version":[{"id":1568,"href":"https:\/\/wp.kristdemokraterna.se\/hakanjohansson\/wp-json\/wp\/v2\/posts\/1482\/revisions\/1568"}],"wp:featuredmedia":[{"embeddable":true,"href":"https:\/\/wp.kristdemokraterna.se\/hakanjohansson\/wp-json\/wp\/v2\/media\/1423"}],"wp:attachment":[{"href":"https:\/\/wp.kristdemokraterna.se\/hakanjohansson\/wp-json\/wp\/v2\/media?parent=1482"}],"wp:term":[{"taxonomy":"category","embeddable":true,"href":"https:\/\/wp.kristdemokraterna.se\/hakanjohansson\/wp-json\/wp\/v2\/categories?post=1482"},{"taxonomy":"post_tag","embeddable":true,"href":"https:\/\/wp.kristdemokraterna.se\/hakanjohansson\/wp-json\/wp\/v2\/tags?post=1482"}],"curies":[{"name":"wp","href":"https:\/\/api.w.org\/{rel}","templated":true}]}}